{"id":979,"date":"2020-12-04T21:47:36","date_gmt":"2020-12-04T20:47:36","guid":{"rendered":"https:\/\/concertience.fr\/leblog\/?p=979"},"modified":"2023-07-12T19:20:38","modified_gmt":"2023-07-12T17:20:38","slug":"les-livres-de-francoise-keller","status":"publish","type":"post","link":"https:\/\/concertience.fr\/leblog\/les-livres-de-francoise-keller\/","title":{"rendered":"Les livres de Fran\u00e7oise Keller"},"content":{"rendered":"\n<p><\/p>\n\n\n\n<figure class=\"wp-block-gallery columns-2 is-cropped wp-block-gallery-2 is-layout-flex wp-block-gallery-is-layout-flex\"><ul class=\"blocks-gallery-grid\"><li class=\"blocks-gallery-item\"><figure><img data-opt-id=130678188  fetchpriority=\"high\" decoding=\"async\" width=\"250\" height=\"386\" src=\"https:\/\/mlkqhmyobbaq.i.optimole.com\/w:auto\/h:auto\/q:mauto\/ig:avif\/https:\/\/concertience.fr\/leblog\/wp-content\/uploads\/sites\/2\/2020\/03\/CNV-travail.gif\" alt=\"\" data-id=\"675\" data-link=\"https:\/\/concertience.fr\/leblog\/pratiquer-la-cnv-au-travail\/cnv-travail\/\" class=\"wp-image-675\"\/><figcaption class=\"blocks-gallery-item__caption\">Pratiquer la CNV au travail<\/figcaption><\/figure><\/li><li class=\"blocks-gallery-item\"><figure><img data-opt-id=1313430809  fetchpriority=\"high\" decoding=\"async\" width=\"400\" height=\"647\" src=\"https:\/\/mlkqhmyobbaq.i.optimole.com\/w:auto\/h:auto\/q:mauto\/ig:avif\/https:\/\/concertience.fr\/leblog\/wp-content\/uploads\/sites\/2\/2020\/12\/La-Communication-NonViolente-Et-si-on-s-ecoutait-pour-de-vrai.jpg\" alt=\"\" data-id=\"980\" data-link=\"https:\/\/concertience.fr\/leblog\/?attachment_id=980\" class=\"wp-image-980\" srcset=\"https:\/\/mlkqhmyobbaq.i.optimole.com\/w:400\/h:647\/q:mauto\/ig:avif\/https:\/\/concertience.fr\/leblog\/wp-content\/uploads\/sites\/2\/2020\/12\/La-Communication-NonViolente-Et-si-on-s-ecoutait-pour-de-vrai.jpg 400w, https:\/\/mlkqhmyobbaq.i.optimole.com\/w:185\/h:300\/q:mauto\/ig:avif\/https:\/\/concertience.fr\/leblog\/wp-content\/uploads\/sites\/2\/2020\/12\/La-Communication-NonViolente-Et-si-on-s-ecoutait-pour-de-vrai.jpg 185w\" sizes=\"(max-width: 400px) 100vw, 400px\" \/><\/figure><\/li><li class=\"blocks-gallery-item\"><figure><img data-opt-id=1172935041  data-opt-src=\"https:\/\/mlkqhmyobbaq.i.optimole.com\/w:auto\/h:auto\/q:mauto\/ig:avif\/https:\/\/concertience.fr\/leblog\/wp-content\/uploads\/sites\/2\/2020\/03\/Livre-Decouvrir-F-Keller.gif\"  decoding=\"async\" width=\"200\" height=\"288\" src=\"data:image/svg+xml,%3Csvg%20viewBox%3D%220%200%20100%%20100%%22%20width%3D%22100%%22%20height%3D%22100%%22%20xmlns%3D%22http%3A%2F%2Fwww.w3.org%2F2000%2Fsvg%22%3E%3Crect%20width%3D%22100%%22%20height%3D%22100%%22%20fill%3D%22transparent%22%2F%3E%3C%2Fsvg%3E\" alt=\"\" data-id=\"509\" data-link=\"https:\/\/concertience.fr\/leblog\/decouvrir-la-communication-nonviolente\/livre-decouvrir-f-keller\/\" class=\"optimole-lazy-only  wp-image-509\"\/><\/figure><\/li><li class=\"blocks-gallery-item\"><figure><img data-opt-id=1800351950  data-opt-src=\"https:\/\/mlkqhmyobbaq.i.optimole.com\/w:auto\/h:auto\/q:mauto\/ig:avif\/https:\/\/concertience.fr\/leblog\/wp-content\/uploads\/sites\/2\/2020\/12\/Pratiquer-CNV-F-Keller-1.jpg\"  decoding=\"async\" width=\"323\" height=\"499\" src=\"data:image/svg+xml,%3Csvg%20viewBox%3D%220%200%20100%%20100%%22%20width%3D%22100%%22%20height%3D%22100%%22%20xmlns%3D%22http%3A%2F%2Fwww.w3.org%2F2000%2Fsvg%22%3E%3Crect%20width%3D%22100%%22%20height%3D%22100%%22%20fill%3D%22transparent%22%2F%3E%3C%2Fsvg%3E\" alt=\"\" data-id=\"983\" data-full-url=\"https:\/\/mlkqhmyobbaq.i.optimole.com\/w:auto\/h:auto\/q:mauto\/ig:avif\/https:\/\/concertience.fr\/leblog\/wp-content\/uploads\/sites\/2\/2020\/12\/Pratiquer-CNV-F-Keller-1.jpg\" data-link=\"https:\/\/concertience.fr\/leblog\/?attachment_id=983\" class=\"wp-image-983\" old-srcset=\"https:\/\/mlkqhmyobbaq.i.optimole.com\/w:323\/h:499\/q:mauto\/ig:avif\/https:\/\/concertience.fr\/leblog\/wp-content\/uploads\/sites\/2\/2020\/12\/Pratiquer-CNV-F-Keller-1.jpg 323w, https:\/\/mlkqhmyobbaq.i.optimole.com\/w:194\/h:300\/q:mauto\/ig:avif\/https:\/\/concertience.fr\/leblog\/wp-content\/uploads\/sites\/2\/2020\/12\/Pratiquer-CNV-F-Keller-1.jpg 194w\" \/><\/figure><\/li><\/ul><figcaption class=\"blocks-gallery-caption\">Livres publi\u00e9s par Fran\u00e7oise Keller<\/figcaption><\/figure>\n\n\n\n<h2 class=\"wp-block-heading\">Quel livre choisir ?<\/h2>\n\n\n\n<p>Fr\u00e9d\u00e9rique me demande aujourd&rsquo;hui que je pr\u00e9sente mes livres. Alors je fais le pas de les pr\u00e9senter et de vous dire ce qui m&rsquo;a conduite \u00e0 \u00e9crire&#8230;<\/p>\n\n\n\n<p>D&rsquo;abord l&rsquo;histoire de ces livres c&rsquo;est une histoire de rencontres : Chine Lanzman, H\u00e9l\u00e8ne de Castilla, Marguerite-France Brun Cottan, Alix de la Tour du Pin, Thomas d&rsquo;Ansembourg, Fran\u00e7ois Delivr\u00e9 et Genevi\u00e8ve Ancel et bien d&rsquo;autres &#8211; celles et ceux qui m&rsquo;ont encourag\u00e9e, qui ont relu mes livres, et m\u00eame ma professeur de fran\u00e7ais de classe de 6\u00e8me !<\/p>\n\n\n\n<p>Je voudrais vous les pr\u00e9senter pour que vous puissiez choisir celui qui vous convient&#8230;<\/p>\n\n\n\n<h3 class=\"wp-block-heading\">D\u00e9couvrir&#8230;<\/h3>\n\n\n\n<p>Si vous avez peu de temps, que vous voulez en quelques heures, conna\u00eetre les origines de la Communication NonViolente (j&rsquo;ai repris toutes les sources cit\u00e9es par Marshall B Rosenberg dont il nous avait parl\u00e9), les principes de la CNV (\u00e0 travers des explications, des exemples concrets, et quelques pratiques) et ses diff\u00e9rentes applications&#8230;<\/p>\n\n\n\n<p>Si vous voulez faire d\u00e9couvrir la CNV \u00e0 des personnes qui ne connaissent pas, alors les deux ouvrages que je vous recommande sont :<\/p>\n\n\n\n<ul class=\"wp-block-list\"><li>D\u00e9couvrir la Communication NonViolente<\/li><li>Et si on s&rsquo;\u00e9coutait pour de vrai ? (une \u00e9dition r\u00e9actualis\u00e9e en version poche)<\/li><\/ul>\n\n\n\n<h3 class=\"wp-block-heading\">Pratiquer&#8230;<\/h3>\n\n\n\n<p>Si vous \u00eates pr\u00eat-e \u00e0 vous offrir du temps pour pratiquer alors je vous recommande les livres \u00ab\u00a0pratiquer\u00a0\u00bb. Je les ai \u00e9crit pour ceux qui veulent se former mais n&rsquo;ont pas encore eu l&rsquo;opportunit\u00e9 de le faire, ceux qui se sont form\u00e9s et qui veulent mettre en pratique et int\u00e9grer leurs apprentissages, ceux qui aiment apprendre par eux-m\u00eames&#8230;<\/p>\n\n\n\n<p>Ecrire apr\u00e8s Marshall B Rosenberg et Thomas d&rsquo;Ansembourg \u00e7a n&rsquo;a pas \u00e9t\u00e9 si simple pour moi et j&rsquo;\u00e9cris r\u00e9guli\u00e8rement, avec une petite voix int\u00e9rieure qui me dit que tout est d\u00e9j\u00e0 \u00e9crit. Je l&rsquo;aime cette petite voix qui m&rsquo;invite \u00e0 l&rsquo;humilit\u00e9 et aussi \u00e0 reconna\u00eetre ce que mon \u00e9criture a de sp\u00e9cifique. Alors j&rsquo;ose aujourd&rsquo;hui vous dire ce que j&rsquo;offre dans mes livres&#8230;<\/p>\n\n\n\n<p>J&rsquo;ai choisi dans ces deux ouvrages de d\u00e9velopper largement l&rsquo;auto-empathie, et en particulier, l&rsquo;accueil et la transformation des jugements ainsi que l&rsquo;intention. J&rsquo;ai fait ce choix car j&rsquo;ai rencontr\u00e9 beaucoup de personnes d\u00e9couvrir \u00e7a : \u00ab\u00a0je n&rsquo;avais pas per\u00e7u l&rsquo;importance d&rsquo;accueillir les jugements\u00a0\u00bb, \u00ab\u00a0l&rsquo;importance de l&rsquo;intention est une d\u00e9couverte pour moi\u00a0\u00bb. J&rsquo;ai eu envie de partager ce qui me fait vivre.<\/p>\n\n\n\n<p>J&rsquo;ai fait le lien avec les pistes de danse CNV de Bridget Belgrave. Je me suis form\u00e9e avec elle et j&rsquo;aime la puissance des outils qu&rsquo;elle a cr\u00e9\u00e9 et je la remercie d&rsquo;avoir accept\u00e9 que je m&rsquo;en inspire, malgr\u00e9 l&rsquo;absence des couleurs qui ont du sens.<\/p>\n\n\n\n<p>J&rsquo;ai aussi entendu des personnes dire : j&rsquo;ai beaucoup aim\u00e9 le livre de Marshall B Rosenberg mais les exemples m&rsquo;ont sembl\u00e9 trop loin de ma r\u00e9alit\u00e9. Alors j&rsquo;ai choisi de donner dans ces livres de nombreux exemples de la vie quotidienne, dans l&rsquo;espoir d&rsquo;inspirer chacune, chacun \u00e0 pratiquer la CNV dans son quotidien.<\/p>\n\n\n\n<p>Les dessins d&rsquo;Alix de la Tour du Pin am\u00e8nent \u00e0 r\u00e9fl\u00e9chir et \u00e0 approfondir la pratique.<\/p>\n\n\n\n<p>Et puis tout simplement c&rsquo;est un livre \u00e9crit par une femme, par moi, avec ma sensibilit\u00e9, ma passion de faire des liens entre ce que j&rsquo;observe et ce que j&rsquo;apprends et comprends, mon amour des humains et des relations&#8230;<\/p>\n\n\n\n<p>Et enfin ces livres offrent de nombreux exercices pratiques.<\/p>\n\n\n\n<p>Ce sont des livres \u00e0 picorer et \u00e0 savourer, au rythme de son chemin int\u00e9rieur&#8230;<\/p>\n\n\n\n<figure class=\"wp-block-gallery columns-2 wp-block-gallery-3 is-layout-flex wp-block-gallery-is-layout-flex\"><ul class=\"blocks-gallery-grid\"><li class=\"blocks-gallery-item\"><figure><img data-opt-id=70958233  data-opt-src=\"https:\/\/mlkqhmyobbaq.i.optimole.com\/w:1024\/h:857\/q:mauto\/ig:avif\/https:\/\/concertience.fr\/leblog\/wp-content\/uploads\/sites\/2\/2020\/12\/JE-TE-CONNAIS-1-ok.jpg\"  decoding=\"async\" width=\"1024\" height=\"857\" src=\"data:image/svg+xml,%3Csvg%20viewBox%3D%220%200%201024%20857%22%20width%3D%221024%22%20height%3D%22857%22%20xmlns%3D%22http%3A%2F%2Fwww.w3.org%2F2000%2Fsvg%22%3E%3Crect%20width%3D%221024%22%20height%3D%22857%22%20fill%3D%22transparent%22%2F%3E%3C%2Fsvg%3E\" alt=\"\" data-id=\"987\" data-link=\"https:\/\/concertience.fr\/leblog\/?attachment_id=987\" class=\"wp-image-987\" old-srcset=\"https:\/\/mlkqhmyobbaq.i.optimole.com\/w:1024\/h:857\/q:mauto\/ig:avif\/https:\/\/concertience.fr\/leblog\/wp-content\/uploads\/sites\/2\/2020\/12\/JE-TE-CONNAIS-1-ok.jpg 1024w, https:\/\/mlkqhmyobbaq.i.optimole.com\/w:300\/h:251\/q:mauto\/ig:avif\/https:\/\/concertience.fr\/leblog\/wp-content\/uploads\/sites\/2\/2020\/12\/JE-TE-CONNAIS-1-ok.jpg 300w, https:\/\/mlkqhmyobbaq.i.optimole.com\/w:768\/h:643\/q:mauto\/ig:avif\/https:\/\/concertience.fr\/leblog\/wp-content\/uploads\/sites\/2\/2020\/12\/JE-TE-CONNAIS-1-ok.jpg 768w, https:\/\/mlkqhmyobbaq.i.optimole.com\/w:1290\/h:1080\/q:mauto\/ig:avif\/https:\/\/concertience.fr\/leblog\/wp-content\/uploads\/sites\/2\/2020\/12\/JE-TE-CONNAIS-1-ok.jpg 1374w\" \/><\/figure><\/li><li class=\"blocks-gallery-item\"><figure><img data-opt-id=2066156015  data-opt-src=\"https:\/\/mlkqhmyobbaq.i.optimole.com\/w:1024\/h:680\/q:mauto\/ig:avif\/https:\/\/concertience.fr\/leblog\/wp-content\/uploads\/sites\/2\/2020\/12\/JE-TE-CONNAIS-2-ok.jpg\"  decoding=\"async\" width=\"1024\" height=\"680\" src=\"data:image/svg+xml,%3Csvg%20viewBox%3D%220%200%201024%20680%22%20width%3D%221024%22%20height%3D%22680%22%20xmlns%3D%22http%3A%2F%2Fwww.w3.org%2F2000%2Fsvg%22%3E%3Crect%20width%3D%221024%22%20height%3D%22680%22%20fill%3D%22transparent%22%2F%3E%3C%2Fsvg%3E\" alt=\"\" data-id=\"988\" data-full-url=\"https:\/\/mlkqhmyobbaq.i.optimole.com\/w:auto\/h:auto\/q:mauto\/ig:avif\/https:\/\/concertience.fr\/leblog\/wp-content\/uploads\/sites\/2\/2020\/12\/JE-TE-CONNAIS-2-ok.jpg\" data-link=\"https:\/\/concertience.fr\/leblog\/?attachment_id=988\" class=\"wp-image-988\" old-srcset=\"https:\/\/mlkqhmyobbaq.i.optimole.com\/w:1024\/h:680\/q:mauto\/ig:avif\/https:\/\/concertience.fr\/leblog\/wp-content\/uploads\/sites\/2\/2020\/12\/JE-TE-CONNAIS-2-ok.jpg 1024w, https:\/\/mlkqhmyobbaq.i.optimole.com\/w:300\/h:199\/q:mauto\/ig:avif\/https:\/\/concertience.fr\/leblog\/wp-content\/uploads\/sites\/2\/2020\/12\/JE-TE-CONNAIS-2-ok.jpg 300w, https:\/\/mlkqhmyobbaq.i.optimole.com\/w:768\/h:510\/q:mauto\/ig:avif\/https:\/\/concertience.fr\/leblog\/wp-content\/uploads\/sites\/2\/2020\/12\/JE-TE-CONNAIS-2-ok.jpg 768w, https:\/\/mlkqhmyobbaq.i.optimole.com\/w:1536\/h:1020\/q:mauto\/ig:avif\/https:\/\/concertience.fr\/leblog\/wp-content\/uploads\/sites\/2\/2020\/12\/JE-TE-CONNAIS-2-ok.jpg 1536w, https:\/\/mlkqhmyobbaq.i.optimole.com\/w:1574\/h:1045\/q:mauto\/ig:avif\/https:\/\/concertience.fr\/leblog\/wp-content\/uploads\/sites\/2\/2020\/12\/JE-TE-CONNAIS-2-ok.jpg 1574w\" \/><\/figure><\/li><\/ul><figcaption class=\"blocks-gallery-caption\">Les dessins d&rsquo;Alix de la Tour du Pin, une autre mani\u00e8re d&rsquo;apprendre&#8230;<\/figcaption><\/figure>\n\n\n\n<p><br><br><\/p>\n","protected":false},"excerpt":{"rendered":"<p>Quel livre choisir ? Fr\u00e9d\u00e9rique me demande aujourd&rsquo;hui que je pr\u00e9sente mes livres. Alors je fais le pas de les pr\u00e9senter et de vous dire ce qui m&rsquo;a conduite \u00e0 \u00e9crire&#8230; D&rsquo;abord l&rsquo;histoire de ces livres c&rsquo;est une histoire de rencontres : Chine Lanzman, H\u00e9l\u00e8ne de Castilla, Marguerite-France Brun Cottan, Alix de la Tour du<a class=\"excerpt-read-more\" href=\"https:\/\/concertience.fr\/leblog\/les-livres-de-francoise-keller\/\" title=\"ReadLes livres de Fran\u00e7oise Keller\">&#8230; Lire plus &raquo;<\/a><\/p>\n","protected":false},"author":2,"featured_media":0,"comment_status":"open","ping_status":"closed","sticky":false,"template":"","format":"standard","meta":{"footnotes":""},"categories":[84,56,9],"tags":[7,10,74],"class_list":["post-979","post","type-post","status-publish","format-standard","hentry","category-articles-emissions-f-keller","category-boutique-concertience","category-communication-nonviolente-cnv","tag-cnv","tag-communication-nonviolente","tag-francoise-keller"],"yoast_head":"<!-- This site is optimized with the Yoast SEO plugin v27.5 - https:\/\/yoast.com\/product\/yoast-seo-wordpress\/ -->\n<title>Les livres de Fran\u00e7oise Keller - Le blog de Fran\u00e7oise Keller<\/title>\n<meta name=\"robots\" content=\"index, follow, max-snippet:-1, max-image-preview:large, max-video-preview:-1\" \/>\n<link rel=\"canonical\" href=\"https:\/\/concertience.fr\/leblog\/les-livres-de-francoise-keller\/\" \/>\n<meta property=\"og:locale\" content=\"fr_FR\" \/>\n<meta property=\"og:type\" content=\"article\" \/>\n<meta property=\"og:title\" content=\"Les livres de Fran\u00e7oise Keller - Le blog de Fran\u00e7oise Keller\" \/>\n<meta property=\"og:description\" content=\"Quel livre choisir ? Fr\u00e9d\u00e9rique me demande aujourd&rsquo;hui que je pr\u00e9sente mes livres. Alors je fais le pas de les pr\u00e9senter et de vous dire ce qui m&rsquo;a conduite \u00e0 \u00e9crire&#8230; D&rsquo;abord l&rsquo;histoire de ces livres c&rsquo;est une histoire de rencontres : Chine Lanzman, H\u00e9l\u00e8ne de Castilla, Marguerite-France Brun Cottan, Alix de la Tour du... Lire plus &raquo;\" \/>\n<meta property=\"og:url\" content=\"https:\/\/concertience.fr\/leblog\/les-livres-de-francoise-keller\/\" \/>\n<meta property=\"og:site_name\" content=\"Le blog de Fran\u00e7oise Keller\" \/>\n<meta property=\"article:published_time\" content=\"2020-12-04T20:47:36+00:00\" \/>\n<meta property=\"article:modified_time\" content=\"2023-07-12T17:20:38+00:00\" \/>\n<meta property=\"og:image\" content=\"https:\/\/mlkqhmyobbaq.i.optimole.com\/w:auto\/h:auto\/q:mauto\/ig:avif\/https:\/\/concertience.fr\/leblog\/wp-content\/uploads\/sites\/2\/2020\/03\/CNV-travail.gif\" \/>\n<meta name=\"author\" content=\"francoisesiteweb\" \/>\n<meta name=\"twitter:card\" content=\"summary_large_image\" \/>\n<meta name=\"twitter:label1\" content=\"\u00c9crit par\" \/>\n\t<meta name=\"twitter:data1\" content=\"francoisesiteweb\" \/>\n\t<meta name=\"twitter:label2\" content=\"Dur\u00e9e de lecture estim\u00e9e\" \/>\n\t<meta name=\"twitter:data2\" content=\"3 minutes\" \/>\n<script type=\"application\/ld+json\" class=\"yoast-schema-graph\">{\"@context\":\"https:\\\/\\\/schema.org\",\"@graph\":[{\"@type\":\"Article\",\"@id\":\"https:\\\/\\\/concertience.fr\\\/leblog\\\/les-livres-de-francoise-keller\\\/#article\",\"isPartOf\":{\"@id\":\"https:\\\/\\\/concertience.fr\\\/leblog\\\/les-livres-de-francoise-keller\\\/\"},\"author\":{\"name\":\"francoisesiteweb\",\"@id\":\"https:\\\/\\\/concertience.fr\\\/leblog\\\/#\\\/schema\\\/person\\\/a8a3ffb4a05b55c3e77e954cd93c49d8\"},\"headline\":\"Les livres de Fran\u00e7oise Keller\",\"datePublished\":\"2020-12-04T20:47:36+00:00\",\"dateModified\":\"2023-07-12T17:20:38+00:00\",\"mainEntityOfPage\":{\"@id\":\"https:\\\/\\\/concertience.fr\\\/leblog\\\/les-livres-de-francoise-keller\\\/\"},\"wordCount\":665,\"commentCount\":0,\"image\":{\"@id\":\"https:\\\/\\\/concertience.fr\\\/leblog\\\/les-livres-de-francoise-keller\\\/#primaryimage\"},\"thumbnailUrl\":\"https:\\/\\/concertience.fr\\/leblog\\/wp-content\\/uploads\\/sites\\/2\\/2020\\/03\\/CNV-travail.gif\",\"keywords\":[\"CNV\",\"Communication NonViolente\",\"Fran\u00e7oise Keller\"],\"articleSection\":[\"Articles, \u00e9missions F Keller\",\"Boutique Concertience\",\"Communication NonViolente (CNV)\"],\"inLanguage\":\"fr-FR\",\"potentialAction\":[{\"@type\":\"CommentAction\",\"name\":\"Comment\",\"target\":[\"https:\\\/\\\/concertience.fr\\\/leblog\\\/les-livres-de-francoise-keller\\\/#respond\"]}]},{\"@type\":\"WebPage\",\"@id\":\"https:\\\/\\\/concertience.fr\\\/leblog\\\/les-livres-de-francoise-keller\\\/\",\"url\":\"https:\\\/\\\/concertience.fr\\\/leblog\\\/les-livres-de-francoise-keller\\\/\",\"name\":\"Les livres de Fran\u00e7oise Keller - Le blog de Fran\u00e7oise Keller\",\"isPartOf\":{\"@id\":\"https:\\\/\\\/concertience.fr\\\/leblog\\\/#website\"},\"primaryImageOfPage\":{\"@id\":\"https:\\\/\\\/concertience.fr\\\/leblog\\\/les-livres-de-francoise-keller\\\/#primaryimage\"},\"image\":{\"@id\":\"https:\\\/\\\/concertience.fr\\\/leblog\\\/les-livres-de-francoise-keller\\\/#primaryimage\"},\"thumbnailUrl\":\"https:\\/\\/concertience.fr\\/leblog\\/wp-content\\/uploads\\/sites\\/2\\/2020\\/03\\/CNV-travail.gif\",\"datePublished\":\"2020-12-04T20:47:36+00:00\",\"dateModified\":\"2023-07-12T17:20:38+00:00\",\"author\":{\"@id\":\"https:\\\/\\\/concertience.fr\\\/leblog\\\/#\\\/schema\\\/person\\\/a8a3ffb4a05b55c3e77e954cd93c49d8\"},\"breadcrumb\":{\"@id\":\"https:\\\/\\\/concertience.fr\\\/leblog\\\/les-livres-de-francoise-keller\\\/#breadcrumb\"},\"inLanguage\":\"fr-FR\",\"potentialAction\":[{\"@type\":\"ReadAction\",\"target\":[\"https:\\\/\\\/concertience.fr\\\/leblog\\\/les-livres-de-francoise-keller\\\/\"]}]},{\"@type\":\"ImageObject\",\"inLanguage\":\"fr-FR\",\"@id\":\"https:\\\/\\\/concertience.fr\\\/leblog\\\/les-livres-de-francoise-keller\\\/#primaryimage\",\"url\":\"https:\\/\\/concertience.fr\\/leblog\\/wp-content\\/uploads\\/sites\\/2\\/2020\\/03\\/CNV-travail.gif\",\"contentUrl\":\"https:\\/\\/concertience.fr\\/leblog\\/wp-content\\/uploads\\/sites\\/2\\/2020\\/03\\/CNV-travail.gif\",\"width\":250,\"height\":386,\"caption\":\"Pratiquer la CNV au travail\"},{\"@type\":\"BreadcrumbList\",\"@id\":\"https:\\\/\\\/concertience.fr\\\/leblog\\\/les-livres-de-francoise-keller\\\/#breadcrumb\",\"itemListElement\":[{\"@type\":\"ListItem\",\"position\":1,\"name\":\"Accueil\",\"item\":\"https:\\\/\\\/concertience.fr\\\/leblog\\\/\"},{\"@type\":\"ListItem\",\"position\":2,\"name\":\"Communication NonViolente (CNV)\",\"item\":\"https:\\\/\\\/concertience.fr\\\/leblog\\\/communication-nonviolente-cnv\\\/\"},{\"@type\":\"ListItem\",\"position\":3,\"name\":\"Les livres de Fran\u00e7oise Keller\"}]},{\"@type\":\"WebSite\",\"@id\":\"https:\\\/\\\/concertience.fr\\\/leblog\\\/#website\",\"url\":\"https:\\\/\\\/concertience.fr\\\/leblog\\\/\",\"name\":\"Le blog de Fran\u00e7oise Keller\",\"description\":\"Le blog de Fran\u00e7oise Keller, Concertience\",\"potentialAction\":[{\"@type\":\"SearchAction\",\"target\":{\"@type\":\"EntryPoint\",\"urlTemplate\":\"https:\\\/\\\/concertience.fr\\\/leblog\\\/?s={search_term_string}\"},\"query-input\":{\"@type\":\"PropertyValueSpecification\",\"valueRequired\":true,\"valueName\":\"search_term_string\"}}],\"inLanguage\":\"fr-FR\"},{\"@type\":\"Person\",\"@id\":\"https:\\\/\\\/concertience.fr\\\/leblog\\\/#\\\/schema\\\/person\\\/a8a3ffb4a05b55c3e77e954cd93c49d8\",\"name\":\"francoisesiteweb\"}]}<\/script>\n<!-- \/ Yoast SEO plugin. -->","yoast_head_json":{"title":"Les livres de Fran\u00e7oise Keller - Le blog de Fran\u00e7oise Keller","robots":{"index":"index","follow":"follow","max-snippet":"max-snippet:-1","max-image-preview":"max-image-preview:large","max-video-preview":"max-video-preview:-1"},"canonical":"https:\/\/concertience.fr\/leblog\/les-livres-de-francoise-keller\/","og_locale":"fr_FR","og_type":"article","og_title":"Les livres de Fran\u00e7oise Keller - Le blog de Fran\u00e7oise Keller","og_description":"Quel livre choisir ? Fr\u00e9d\u00e9rique me demande aujourd&rsquo;hui que je pr\u00e9sente mes livres. Alors je fais le pas de les pr\u00e9senter et de vous dire ce qui m&rsquo;a conduite \u00e0 \u00e9crire&#8230; D&rsquo;abord l&rsquo;histoire de ces livres c&rsquo;est une histoire de rencontres : Chine Lanzman, H\u00e9l\u00e8ne de Castilla, Marguerite-France Brun Cottan, Alix de la Tour du... Lire plus &raquo;","og_url":"https:\/\/concertience.fr\/leblog\/les-livres-de-francoise-keller\/","og_site_name":"Le blog de Fran\u00e7oise Keller","article_published_time":"2020-12-04T20:47:36+00:00","article_modified_time":"2023-07-12T17:20:38+00:00","og_image":[{"url":"https:\/\/mlkqhmyobbaq.i.optimole.com\/w:auto\/h:auto\/q:mauto\/ig:avif\/https:\/\/concertience.fr\/leblog\/wp-content\/uploads\/sites\/2\/2020\/03\/CNV-travail.gif","type":"","width":"","height":""}],"author":"francoisesiteweb","twitter_card":"summary_large_image","twitter_misc":{"\u00c9crit par":"francoisesiteweb","Dur\u00e9e de lecture estim\u00e9e":"3 minutes"},"schema":{"@context":"https:\/\/schema.org","@graph":[{"@type":"Article","@id":"https:\/\/concertience.fr\/leblog\/les-livres-de-francoise-keller\/#article","isPartOf":{"@id":"https:\/\/concertience.fr\/leblog\/les-livres-de-francoise-keller\/"},"author":{"name":"francoisesiteweb","@id":"https:\/\/concertience.fr\/leblog\/#\/schema\/person\/a8a3ffb4a05b55c3e77e954cd93c49d8"},"headline":"Les livres de Fran\u00e7oise Keller","datePublished":"2020-12-04T20:47:36+00:00","dateModified":"2023-07-12T17:20:38+00:00","mainEntityOfPage":{"@id":"https:\/\/concertience.fr\/leblog\/les-livres-de-francoise-keller\/"},"wordCount":665,"commentCount":0,"image":{"@id":"https:\/\/concertience.fr\/leblog\/les-livres-de-francoise-keller\/#primaryimage"},"thumbnailUrl":"https:\/\/mlkqhmyobbaq.i.optimole.com\/w:auto\/h:auto\/q:mauto\/ig:avif\/https:\/\/concertience.fr\/leblog\/wp-content\/uploads\/sites\/2\/2020\/03\/CNV-travail.gif","keywords":["CNV","Communication NonViolente","Fran\u00e7oise Keller"],"articleSection":["Articles, \u00e9missions F Keller","Boutique Concertience","Communication NonViolente (CNV)"],"inLanguage":"fr-FR","potentialAction":[{"@type":"CommentAction","name":"Comment","target":["https:\/\/concertience.fr\/leblog\/les-livres-de-francoise-keller\/#respond"]}]},{"@type":"WebPage","@id":"https:\/\/concertience.fr\/leblog\/les-livres-de-francoise-keller\/","url":"https:\/\/concertience.fr\/leblog\/les-livres-de-francoise-keller\/","name":"Les livres de Fran\u00e7oise Keller - Le blog de Fran\u00e7oise Keller","isPartOf":{"@id":"https:\/\/concertience.fr\/leblog\/#website"},"primaryImageOfPage":{"@id":"https:\/\/concertience.fr\/leblog\/les-livres-de-francoise-keller\/#primaryimage"},"image":{"@id":"https:\/\/concertience.fr\/leblog\/les-livres-de-francoise-keller\/#primaryimage"},"thumbnailUrl":"https:\/\/mlkqhmyobbaq.i.optimole.com\/w:auto\/h:auto\/q:mauto\/ig:avif\/https:\/\/concertience.fr\/leblog\/wp-content\/uploads\/sites\/2\/2020\/03\/CNV-travail.gif","datePublished":"2020-12-04T20:47:36+00:00","dateModified":"2023-07-12T17:20:38+00:00","author":{"@id":"https:\/\/concertience.fr\/leblog\/#\/schema\/person\/a8a3ffb4a05b55c3e77e954cd93c49d8"},"breadcrumb":{"@id":"https:\/\/concertience.fr\/leblog\/les-livres-de-francoise-keller\/#breadcrumb"},"inLanguage":"fr-FR","potentialAction":[{"@type":"ReadAction","target":["https:\/\/concertience.fr\/leblog\/les-livres-de-francoise-keller\/"]}]},{"@type":"ImageObject","inLanguage":"fr-FR","@id":"https:\/\/concertience.fr\/leblog\/les-livres-de-francoise-keller\/#primaryimage","url":"https:\/\/mlkqhmyobbaq.i.optimole.com\/w:auto\/h:auto\/q:mauto\/ig:avif\/https:\/\/concertience.fr\/leblog\/wp-content\/uploads\/sites\/2\/2020\/03\/CNV-travail.gif","contentUrl":"https:\/\/mlkqhmyobbaq.i.optimole.com\/w:auto\/h:auto\/q:mauto\/ig:avif\/https:\/\/concertience.fr\/leblog\/wp-content\/uploads\/sites\/2\/2020\/03\/CNV-travail.gif","width":250,"height":386,"caption":"Pratiquer la CNV au travail"},{"@type":"BreadcrumbList","@id":"https:\/\/concertience.fr\/leblog\/les-livres-de-francoise-keller\/#breadcrumb","itemListElement":[{"@type":"ListItem","position":1,"name":"Accueil","item":"https:\/\/concertience.fr\/leblog\/"},{"@type":"ListItem","position":2,"name":"Communication NonViolente (CNV)","item":"https:\/\/concertience.fr\/leblog\/communication-nonviolente-cnv\/"},{"@type":"ListItem","position":3,"name":"Les livres de Fran\u00e7oise Keller"}]},{"@type":"WebSite","@id":"https:\/\/concertience.fr\/leblog\/#website","url":"https:\/\/concertience.fr\/leblog\/","name":"Le blog de Fran\u00e7oise Keller","description":"Le blog de Fran\u00e7oise Keller, Concertience","potentialAction":[{"@type":"SearchAction","target":{"@type":"EntryPoint","urlTemplate":"https:\/\/concertience.fr\/leblog\/?s={search_term_string}"},"query-input":{"@type":"PropertyValueSpecification","valueRequired":true,"valueName":"search_term_string"}}],"inLanguage":"fr-FR"},{"@type":"Person","@id":"https:\/\/concertience.fr\/leblog\/#\/schema\/person\/a8a3ffb4a05b55c3e77e954cd93c49d8","name":"francoisesiteweb"}]}},"_links":{"self":[{"href":"https:\/\/concertience.fr\/leblog\/wp-json\/wp\/v2\/posts\/979","targetHints":{"allow":["GET"]}}],"collection":[{"href":"https:\/\/concertience.fr\/leblog\/wp-json\/wp\/v2\/posts"}],"about":[{"href":"https:\/\/concertience.fr\/leblog\/wp-json\/wp\/v2\/types\/post"}],"author":[{"embeddable":true,"href":"https:\/\/concertience.fr\/leblog\/wp-json\/wp\/v2\/users\/2"}],"replies":[{"embeddable":true,"href":"https:\/\/concertience.fr\/leblog\/wp-json\/wp\/v2\/comments?post=979"}],"version-history":[{"count":4,"href":"https:\/\/concertience.fr\/leblog\/wp-json\/wp\/v2\/posts\/979\/revisions"}],"predecessor-version":[{"id":992,"href":"https:\/\/concertience.fr\/leblog\/wp-json\/wp\/v2\/posts\/979\/revisions\/992"}],"wp:attachment":[{"href":"https:\/\/concertience.fr\/leblog\/wp-json\/wp\/v2\/media?parent=979"}],"wp:term":[{"taxonomy":"category","embeddable":true,"href":"https:\/\/concertience.fr\/leblog\/wp-json\/wp\/v2\/categories?post=979"},{"taxonomy":"post_tag","embeddable":true,"href":"https:\/\/concertience.fr\/leblog\/wp-json\/wp\/v2\/tags?post=979"}],"curies":[{"name":"wp","href":"https:\/\/api.w.org\/{rel}","templated":true}]}}