{"id":96,"date":"2013-11-19T22:20:04","date_gmt":"2013-11-19T21:20:04","guid":{"rendered":"https:\/\/concertience.fr\/leblog\/2013\/11\/19\/management-innovant-et-performance-economique\/"},"modified":"2020-03-28T19:54:03","modified_gmt":"2020-03-28T18:54:03","slug":"management-innovant-et-performance-economique","status":"publish","type":"post","link":"https:\/\/concertience.fr\/leblog\/management-innovant-et-performance-economique\/","title":{"rendered":"Management innovant et performance \u00e9conomique"},"content":{"rendered":"<p>Merci \u00e0 Laure Brahami d&rsquo;avoir rassembl\u00e9 ces t\u00e9moignages qui font du bien, qui donnent de l&rsquo;\u00e9nergie, qui encouragent les pionniers que nous sommes, que j&rsquo;accompagne et que je rencontre. Merci d&rsquo;avoir reccueilli avec enthousiasme et pr\u00e9cision les clefs qui permettent de concilier bien-\u00eatre et performance&#8230;<\/p>\n<p>Oui, nous sommes nombreux aujourd&rsquo;hui \u00e0 remettre la personne humaine au centre. Et, oui, cela produit \u00e0 la fois du bien-\u00eatre, de la joie, de l&rsquo;\u00e9nergie, de l&rsquo;enthousiasme et, oui, cela produit aussi de l&rsquo;intelligence collective, de la performance, de l&rsquo;innovation&#8230;<\/p>\n<p>Comment pouvons-nous esp\u00e9rer relever les d\u00e9fis qui sont les notres aujourd&rsquo;hui sans miser sur le potentiel, les capacit\u00e9s de chacun d&rsquo;entre nous ?<\/p>\n<p>En tant de crise, cela demande du courage, une conscience citoyenne, pour prendre le temps de se former, de chercher, d&rsquo;exp\u00e9rimenter, de se planter et d&rsquo;avancer&#8230; Mais cela me semble tellement n\u00e9cessaire et tellement joyeux !<\/p>\n<p>Car c&rsquo;est cela que nous voulons vivre et que nous voulons transmettre \u00e0 nos enfants&#8230;<\/p>\n<p>Bonne lecture !<\/p>\n<p><a href=\"https:\/\/concertience.fr\/wp-content\/uploads\/2020\/03\/brochure_bien-etre_au_travail-3.pdf\">T\u00e9l\u00e9charger le document<\/a><\/p>\n","protected":false},"excerpt":{"rendered":"<p>Merci \u00e0 Laure Brahami d&rsquo;avoir rassembl\u00e9 ces t\u00e9moignages qui font du bien, qui donnent de l&rsquo;\u00e9nergie, qui encouragent les pionniers que nous sommes, que j&rsquo;accompagne et que je rencontre. Merci d&rsquo;avoir reccueilli avec enthousiasme et pr\u00e9cision les clefs qui permettent de concilier bien-\u00eatre et performance&#8230; Oui, nous sommes nombreux aujourd&rsquo;hui \u00e0 remettre la personne humaine<a class=\"excerpt-read-more\" href=\"https:\/\/concertience.fr\/leblog\/management-innovant-et-performance-economique\/\" title=\"ReadManagement innovant et performance \u00e9conomique\">&#8230; Lire plus &raquo;<\/a><\/p>\n","protected":false},"author":1,"featured_media":0,"comment_status":"open","ping_status":"open","sticky":false,"template":"","format":"standard","meta":{"footnotes":""},"categories":[5],"tags":[],"class_list":["post-96","post","type-post","status-publish","format-standard","hentry","category-regards-croises"],"yoast_head":"<!-- This site is optimized with the Yoast SEO plugin v27.4 - https:\/\/yoast.com\/product\/yoast-seo-wordpress\/ -->\n<title>Management innovant et performance \u00e9conomique - Le blog de Fran\u00e7oise Keller<\/title>\n<meta name=\"robots\" content=\"index, follow, max-snippet:-1, max-image-preview:large, max-video-preview:-1\" \/>\n<link rel=\"canonical\" href=\"https:\/\/concertience.fr\/leblog\/management-innovant-et-performance-economique\/\" \/>\n<meta property=\"og:locale\" content=\"fr_FR\" \/>\n<meta property=\"og:type\" content=\"article\" \/>\n<meta property=\"og:title\" content=\"Management innovant et performance \u00e9conomique - Le blog de Fran\u00e7oise Keller\" \/>\n<meta property=\"og:description\" content=\"Merci \u00e0 Laure Brahami d&rsquo;avoir rassembl\u00e9 ces t\u00e9moignages qui font du bien, qui donnent de l&rsquo;\u00e9nergie, qui encouragent les pionniers que nous sommes, que j&rsquo;accompagne et que je rencontre. Merci d&rsquo;avoir reccueilli avec enthousiasme et pr\u00e9cision les clefs qui permettent de concilier bien-\u00eatre et performance&#8230; Oui, nous sommes nombreux aujourd&rsquo;hui \u00e0 remettre la personne humaine... Lire plus &raquo;\" \/>\n<meta property=\"og:url\" content=\"https:\/\/concertience.fr\/leblog\/management-innovant-et-performance-economique\/\" \/>\n<meta property=\"og:site_name\" content=\"Le blog de Fran\u00e7oise Keller\" \/>\n<meta property=\"article:published_time\" content=\"2013-11-19T21:20:04+00:00\" \/>\n<meta property=\"article:modified_time\" content=\"2020-03-28T18:54:03+00:00\" \/>\n<meta name=\"author\" content=\"Pierrick\" \/>\n<meta name=\"twitter:card\" content=\"summary_large_image\" \/>\n<meta name=\"twitter:label1\" content=\"\u00c9crit par\" \/>\n\t<meta name=\"twitter:data1\" content=\"Pierrick\" \/>\n\t<meta name=\"twitter:label2\" content=\"Dur\u00e9e de lecture estim\u00e9e\" \/>\n\t<meta name=\"twitter:data2\" content=\"1 minute\" \/>\n<script type=\"application\/ld+json\" class=\"yoast-schema-graph\">{\"@context\":\"https:\\\/\\\/schema.org\",\"@graph\":[{\"@type\":\"Article\",\"@id\":\"https:\\\/\\\/concertience.fr\\\/leblog\\\/management-innovant-et-performance-economique\\\/#article\",\"isPartOf\":{\"@id\":\"https:\\\/\\\/concertience.fr\\\/leblog\\\/management-innovant-et-performance-economique\\\/\"},\"author\":{\"name\":\"Pierrick\",\"@id\":\"https:\\\/\\\/concertience.fr\\\/leblog\\\/#\\\/schema\\\/person\\\/a01b04493c0cb1de0b2030c8b8d5676f\"},\"headline\":\"Management innovant et performance \u00e9conomique\",\"datePublished\":\"2013-11-19T21:20:04+00:00\",\"dateModified\":\"2020-03-28T18:54:03+00:00\",\"mainEntityOfPage\":{\"@id\":\"https:\\\/\\\/concertience.fr\\\/leblog\\\/management-innovant-et-performance-economique\\\/\"},\"wordCount\":189,\"commentCount\":0,\"articleSection\":[\"Regards crois\u00e9s\"],\"inLanguage\":\"fr-FR\",\"potentialAction\":[{\"@type\":\"CommentAction\",\"name\":\"Comment\",\"target\":[\"https:\\\/\\\/concertience.fr\\\/leblog\\\/management-innovant-et-performance-economique\\\/#respond\"]}]},{\"@type\":\"WebPage\",\"@id\":\"https:\\\/\\\/concertience.fr\\\/leblog\\\/management-innovant-et-performance-economique\\\/\",\"url\":\"https:\\\/\\\/concertience.fr\\\/leblog\\\/management-innovant-et-performance-economique\\\/\",\"name\":\"Management innovant et performance \u00e9conomique - Le blog de Fran\u00e7oise Keller\",\"isPartOf\":{\"@id\":\"https:\\\/\\\/concertience.fr\\\/leblog\\\/#website\"},\"datePublished\":\"2013-11-19T21:20:04+00:00\",\"dateModified\":\"2020-03-28T18:54:03+00:00\",\"author\":{\"@id\":\"https:\\\/\\\/concertience.fr\\\/leblog\\\/#\\\/schema\\\/person\\\/a01b04493c0cb1de0b2030c8b8d5676f\"},\"breadcrumb\":{\"@id\":\"https:\\\/\\\/concertience.fr\\\/leblog\\\/management-innovant-et-performance-economique\\\/#breadcrumb\"},\"inLanguage\":\"fr-FR\",\"potentialAction\":[{\"@type\":\"ReadAction\",\"target\":[\"https:\\\/\\\/concertience.fr\\\/leblog\\\/management-innovant-et-performance-economique\\\/\"]}]},{\"@type\":\"BreadcrumbList\",\"@id\":\"https:\\\/\\\/concertience.fr\\\/leblog\\\/management-innovant-et-performance-economique\\\/#breadcrumb\",\"itemListElement\":[{\"@type\":\"ListItem\",\"position\":1,\"name\":\"Accueil\",\"item\":\"https:\\\/\\\/concertience.fr\\\/leblog\\\/\"},{\"@type\":\"ListItem\",\"position\":2,\"name\":\"Regards crois\u00e9s\",\"item\":\"https:\\\/\\\/concertience.fr\\\/leblog\\\/regards-croises\\\/\"},{\"@type\":\"ListItem\",\"position\":3,\"name\":\"Management innovant et performance \u00e9conomique\"}]},{\"@type\":\"WebSite\",\"@id\":\"https:\\\/\\\/concertience.fr\\\/leblog\\\/#website\",\"url\":\"https:\\\/\\\/concertience.fr\\\/leblog\\\/\",\"name\":\"Le blog de Fran\u00e7oise Keller\",\"description\":\"Le blog de Fran\u00e7oise Keller, Concertience\",\"potentialAction\":[{\"@type\":\"SearchAction\",\"target\":{\"@type\":\"EntryPoint\",\"urlTemplate\":\"https:\\\/\\\/concertience.fr\\\/leblog\\\/?s={search_term_string}\"},\"query-input\":{\"@type\":\"PropertyValueSpecification\",\"valueRequired\":true,\"valueName\":\"search_term_string\"}}],\"inLanguage\":\"fr-FR\"},{\"@type\":\"Person\",\"@id\":\"https:\\\/\\\/concertience.fr\\\/leblog\\\/#\\\/schema\\\/person\\\/a01b04493c0cb1de0b2030c8b8d5676f\",\"name\":\"Pierrick\"}]}<\/script>\n<!-- \/ Yoast SEO plugin. -->","yoast_head_json":{"title":"Management innovant et performance \u00e9conomique - Le blog de Fran\u00e7oise Keller","robots":{"index":"index","follow":"follow","max-snippet":"max-snippet:-1","max-image-preview":"max-image-preview:large","max-video-preview":"max-video-preview:-1"},"canonical":"https:\/\/concertience.fr\/leblog\/management-innovant-et-performance-economique\/","og_locale":"fr_FR","og_type":"article","og_title":"Management innovant et performance \u00e9conomique - Le blog de Fran\u00e7oise Keller","og_description":"Merci \u00e0 Laure Brahami d&rsquo;avoir rassembl\u00e9 ces t\u00e9moignages qui font du bien, qui donnent de l&rsquo;\u00e9nergie, qui encouragent les pionniers que nous sommes, que j&rsquo;accompagne et que je rencontre. Merci d&rsquo;avoir reccueilli avec enthousiasme et pr\u00e9cision les clefs qui permettent de concilier bien-\u00eatre et performance&#8230; Oui, nous sommes nombreux aujourd&rsquo;hui \u00e0 remettre la personne humaine... Lire plus &raquo;","og_url":"https:\/\/concertience.fr\/leblog\/management-innovant-et-performance-economique\/","og_site_name":"Le blog de Fran\u00e7oise Keller","article_published_time":"2013-11-19T21:20:04+00:00","article_modified_time":"2020-03-28T18:54:03+00:00","author":"Pierrick","twitter_card":"summary_large_image","twitter_misc":{"\u00c9crit par":"Pierrick","Dur\u00e9e de lecture estim\u00e9e":"1 minute"},"schema":{"@context":"https:\/\/schema.org","@graph":[{"@type":"Article","@id":"https:\/\/concertience.fr\/leblog\/management-innovant-et-performance-economique\/#article","isPartOf":{"@id":"https:\/\/concertience.fr\/leblog\/management-innovant-et-performance-economique\/"},"author":{"name":"Pierrick","@id":"https:\/\/concertience.fr\/leblog\/#\/schema\/person\/a01b04493c0cb1de0b2030c8b8d5676f"},"headline":"Management innovant et performance \u00e9conomique","datePublished":"2013-11-19T21:20:04+00:00","dateModified":"2020-03-28T18:54:03+00:00","mainEntityOfPage":{"@id":"https:\/\/concertience.fr\/leblog\/management-innovant-et-performance-economique\/"},"wordCount":189,"commentCount":0,"articleSection":["Regards crois\u00e9s"],"inLanguage":"fr-FR","potentialAction":[{"@type":"CommentAction","name":"Comment","target":["https:\/\/concertience.fr\/leblog\/management-innovant-et-performance-economique\/#respond"]}]},{"@type":"WebPage","@id":"https:\/\/concertience.fr\/leblog\/management-innovant-et-performance-economique\/","url":"https:\/\/concertience.fr\/leblog\/management-innovant-et-performance-economique\/","name":"Management innovant et performance \u00e9conomique - Le blog de Fran\u00e7oise Keller","isPartOf":{"@id":"https:\/\/concertience.fr\/leblog\/#website"},"datePublished":"2013-11-19T21:20:04+00:00","dateModified":"2020-03-28T18:54:03+00:00","author":{"@id":"https:\/\/concertience.fr\/leblog\/#\/schema\/person\/a01b04493c0cb1de0b2030c8b8d5676f"},"breadcrumb":{"@id":"https:\/\/concertience.fr\/leblog\/management-innovant-et-performance-economique\/#breadcrumb"},"inLanguage":"fr-FR","potentialAction":[{"@type":"ReadAction","target":["https:\/\/concertience.fr\/leblog\/management-innovant-et-performance-economique\/"]}]},{"@type":"BreadcrumbList","@id":"https:\/\/concertience.fr\/leblog\/management-innovant-et-performance-economique\/#breadcrumb","itemListElement":[{"@type":"ListItem","position":1,"name":"Accueil","item":"https:\/\/concertience.fr\/leblog\/"},{"@type":"ListItem","position":2,"name":"Regards crois\u00e9s","item":"https:\/\/concertience.fr\/leblog\/regards-croises\/"},{"@type":"ListItem","position":3,"name":"Management innovant et performance \u00e9conomique"}]},{"@type":"WebSite","@id":"https:\/\/concertience.fr\/leblog\/#website","url":"https:\/\/concertience.fr\/leblog\/","name":"Le blog de Fran\u00e7oise Keller","description":"Le blog de Fran\u00e7oise Keller, Concertience","potentialAction":[{"@type":"SearchAction","target":{"@type":"EntryPoint","urlTemplate":"https:\/\/concertience.fr\/leblog\/?s={search_term_string}"},"query-input":{"@type":"PropertyValueSpecification","valueRequired":true,"valueName":"search_term_string"}}],"inLanguage":"fr-FR"},{"@type":"Person","@id":"https:\/\/concertience.fr\/leblog\/#\/schema\/person\/a01b04493c0cb1de0b2030c8b8d5676f","name":"Pierrick"}]}},"_links":{"self":[{"href":"https:\/\/concertience.fr\/leblog\/wp-json\/wp\/v2\/posts\/96","targetHints":{"allow":["GET"]}}],"collection":[{"href":"https:\/\/concertience.fr\/leblog\/wp-json\/wp\/v2\/posts"}],"about":[{"href":"https:\/\/concertience.fr\/leblog\/wp-json\/wp\/v2\/types\/post"}],"author":[{"embeddable":true,"href":"https:\/\/concertience.fr\/leblog\/wp-json\/wp\/v2\/users\/1"}],"replies":[{"embeddable":true,"href":"https:\/\/concertience.fr\/leblog\/wp-json\/wp\/v2\/comments?post=96"}],"version-history":[{"count":1,"href":"https:\/\/concertience.fr\/leblog\/wp-json\/wp\/v2\/posts\/96\/revisions"}],"predecessor-version":[{"id":647,"href":"https:\/\/concertience.fr\/leblog\/wp-json\/wp\/v2\/posts\/96\/revisions\/647"}],"wp:attachment":[{"href":"https:\/\/concertience.fr\/leblog\/wp-json\/wp\/v2\/media?parent=96"}],"wp:term":[{"taxonomy":"category","embeddable":true,"href":"https:\/\/concertience.fr\/leblog\/wp-json\/wp\/v2\/categories?post=96"},{"taxonomy":"post_tag","embeddable":true,"href":"https:\/\/concertience.fr\/leblog\/wp-json\/wp\/v2\/tags?post=96"}],"curies":[{"name":"wp","href":"https:\/\/api.w.org\/{rel}","templated":true}]}}