{"id":931,"date":"2020-10-20T17:43:37","date_gmt":"2020-10-20T15:43:37","guid":{"rendered":"https:\/\/concertience.fr\/leblog\/?p=931"},"modified":"2023-07-12T18:27:10","modified_gmt":"2023-07-12T16:27:10","slug":"lart-de-converser","status":"publish","type":"post","link":"https:\/\/concertience.fr\/leblog\/lart-de-converser\/","title":{"rendered":"L&rsquo;art de converser"},"content":{"rendered":"\n<p>Contribution de Fran\u00e7oise Keller \u00e0 un article du P\u00e8lerin \u00ab\u00a0La conversation, un plaisir, une asc\u00e8se\u00a0\u00bb, octobre 2020<\/p>\n\n\n\n<h2 class=\"wp-block-heading\">La conversation, un plaisir, une asc\u00e8se<\/h2>\n\n\n\n<p>J&rsquo;ai eu de la joie \u00e0 contribuer \u00e0 un article paru dans le magazine Le p\u00e9lerin le 1er octobre 2020. Joie de vivre une conversation enrichissante avec Pierre Wolf-Mandroux, journaliste qui a coordonn\u00e9 cet article. Joie de partager, dans des mots simples et des exp\u00e9riences du quotidien quatre clefs pour vivre des conversations satisfaisantes et fructueuses :<\/p>\n\n\n\n<figure class=\"wp-block-image size-large is-style-default\"><img data-opt-id=210437870  fetchpriority=\"high\" decoding=\"async\" width=\"788\" height=\"1024\" src=\"https:\/\/mlkqhmyobbaq.i.optimole.com\/w:788\/h:1024\/q:mauto\/ig:avif\/https:\/\/concertience.fr\/leblog\/wp-content\/uploads\/sites\/2\/2020\/10\/Conversation-Pelerin.jpg\" alt=\"\" class=\"wp-image-936\" srcset=\"https:\/\/mlkqhmyobbaq.i.optimole.com\/w:788\/h:1024\/q:mauto\/ig:avif\/https:\/\/concertience.fr\/leblog\/wp-content\/uploads\/sites\/2\/2020\/10\/Conversation-Pelerin.jpg 788w, https:\/\/mlkqhmyobbaq.i.optimole.com\/w:231\/h:300\/q:mauto\/ig:avif\/https:\/\/concertience.fr\/leblog\/wp-content\/uploads\/sites\/2\/2020\/10\/Conversation-Pelerin.jpg 231w, https:\/\/mlkqhmyobbaq.i.optimole.com\/w:768\/h:998\/q:mauto\/ig:avif\/https:\/\/concertience.fr\/leblog\/wp-content\/uploads\/sites\/2\/2020\/10\/Conversation-Pelerin.jpg 768w, https:\/\/mlkqhmyobbaq.i.optimole.com\/w:830\/h:1080\/q:mauto\/ig:avif\/https:\/\/concertience.fr\/leblog\/wp-content\/uploads\/sites\/2\/2020\/10\/Conversation-Pelerin.jpg 1181w\" sizes=\"(max-width: 788px) 100vw, 788px\" \/><\/figure>\n\n\n\n<h3 class=\"wp-block-heading\">L&rsquo;art de discerner son intention<\/h3>\n\n\n\n<p>Quelques questions que je peux me poser lors que je discute avec quelqu&rsquo;un :<\/p>\n\n\n\n<ul class=\"wp-block-list\">\n<li>Qu&rsquo;est-ce que je veux vivre ici et maintenant dans cette conversation ? O\u00f9 est-ce que je souhaite mettre mon \u00e9nergie ?<\/li>\n\n\n\n<li>Est-ce que j&rsquo;ai de la joie \u00e0 vivre cette conversation, \u00e0 donner de mon temps et donc de ma vie pour vivre cette conversation ? Si non qu&rsquo;est-ce que je pourrai faire pour que cette conversation soit plus vivante pour moi ?<\/li>\n\n\n\n<li>Est-ce qu&rsquo;autrui a de la joie \u00e0 vivre cette conversation, \u00e0 m&rsquo;offrir sa pr\u00e9sence et donc de sa vie dans cette discussion ? Si non qu&rsquo;est-ce que je pourrai faire ou demander pour que cet \u00e9change soit plus satisfaisant pour nous deux ?<\/li>\n<\/ul>\n\n\n\n<p>M\u00eame si, jusqu&rsquo;\u00e0 cet instant, la conversation a \u00e9t\u00e9 r\u00e9p\u00e9titive, ennuyeuse, infructueuse j&rsquo;aime \u00e0 penser qu&rsquo;\u00e0 partir de maintenant nous avons suffisamment de ressources cr\u00e9atives pour qu&rsquo;elle soit davantage satisfaisante pour chacun.<\/p>\n\n\n\n<p>Et j&rsquo;aime exp\u00e9rimenter que cette croyance se r\u00e9alise quand je pr\u00eate attention \u00e0 mon intention et \u00e0 celle de l&rsquo;autre.<\/p>\n\n\n\n<h3 class=\"wp-block-heading\">M&rsquo;exprimer avec authenticit\u00e9<\/h3>\n\n\n\n<p>La Communication NonViolente (CNV) me donne des ressources int\u00e9rieures pour oser exprimer ce que je vis dans cette conversation, en prenant la responsabilit\u00e9 de mes sentiments et besoins, et en offrant \u00e0 l&rsquo;autre mon authenticit\u00e9. Quelle joie pour moi quand j&rsquo;ose exprimer ce qui me donne de la joie et ce qui m&rsquo;ennuie et quand j&rsquo;exp\u00e9rimente que cette parole, qui me demande parfois du courage, nous permet d&rsquo;inventer une suite plus satisfaisante, parfois surprenante et toujours cr\u00e9atrice de liens de vie.<\/p>\n\n\n\n<h3 class=\"wp-block-heading\">Ecouter avec empathie<\/h3>\n\n\n\n<p>L&rsquo;art de l&#8217;empathie &#8211; empathie vers soi et vers l&rsquo;autre &#8211; est une mani\u00e8re d&rsquo;\u00e9couter ce qui se dit derri\u00e8re les mots et les silences, d&rsquo;\u00e9couter le subtil de la Vie qui cherche \u00e0 se faire un chemin \u00e0 travers le langage. La CNV donne des clefs pr\u00e9cieuses pour mieux comprendre comment fonctionne l&#8217;empathie, en quoi l&#8217;empathie est diff\u00e9rente d&rsquo;autres formes d&rsquo;\u00e9coutes, et comment d\u00e9velopper ses ressources emphatiques. L&#8217;empathie s&rsquo;apprend comme la musique, la danse et la conduite.<\/p>\n\n\n\n<p><a href=\"https:\/\/concertience.fr\/conversation-pelerin\/\">T\u00e9l\u00e9charger l&rsquo;article du P\u00e8lerin Magazine<\/a><\/p>\n","protected":false},"excerpt":{"rendered":"<p>Contribution de Fran\u00e7oise Keller \u00e0 un article du P\u00e8lerin \u00ab\u00a0La conversation, un plaisir, une asc\u00e8se\u00a0\u00bb, octobre 2020 La conversation, un plaisir, une asc\u00e8se J&rsquo;ai eu de la joie \u00e0 contribuer \u00e0 un article paru dans le magazine Le p\u00e9lerin le 1er octobre 2020. Joie de vivre une conversation enrichissante avec Pierre Wolf-Mandroux, journaliste qui a<a class=\"excerpt-read-more\" href=\"https:\/\/concertience.fr\/leblog\/lart-de-converser\/\" title=\"ReadL&rsquo;art de converser\">&#8230; Lire plus &raquo;<\/a><\/p>\n","protected":false},"author":2,"featured_media":936,"comment_status":"open","ping_status":"closed","sticky":false,"template":"","format":"standard","meta":{"footnotes":""},"categories":[84],"tags":[7,94,95],"class_list":["post-931","post","type-post","status-publish","format-standard","has-post-thumbnail","hentry","category-articles-emissions-f-keller","tag-cnv","tag-conversation","tag-dialogue"],"yoast_head":"<!-- This site is optimized with the Yoast SEO plugin v27.5 - https:\/\/yoast.com\/product\/yoast-seo-wordpress\/ -->\n<title>L&#039;art de converser - Le blog de Fran\u00e7oise Keller<\/title>\n<meta name=\"description\" content=\"Contribution de Fran\u00e7oise Keller \u00e0 un article du P\u00e8lerin &quot;La conversation, un plaisir, une asc\u00e8se&quot;\" \/>\n<meta name=\"robots\" content=\"index, follow, max-snippet:-1, max-image-preview:large, max-video-preview:-1\" \/>\n<link rel=\"canonical\" href=\"https:\/\/concertience.fr\/leblog\/lart-de-converser\/\" \/>\n<meta property=\"og:locale\" content=\"fr_FR\" \/>\n<meta property=\"og:type\" content=\"article\" \/>\n<meta property=\"og:title\" content=\"L&#039;art de converser - Le blog de Fran\u00e7oise Keller\" \/>\n<meta property=\"og:description\" content=\"Contribution de Fran\u00e7oise Keller \u00e0 un article du P\u00e8lerin &quot;La conversation, un plaisir, une asc\u00e8se&quot;\" \/>\n<meta property=\"og:url\" content=\"https:\/\/concertience.fr\/leblog\/lart-de-converser\/\" \/>\n<meta property=\"og:site_name\" content=\"Le blog de Fran\u00e7oise Keller\" \/>\n<meta property=\"article:published_time\" content=\"2020-10-20T15:43:37+00:00\" \/>\n<meta property=\"article:modified_time\" content=\"2023-07-12T16:27:10+00:00\" \/>\n<meta property=\"og:image\" content=\"https:\/\/mlkqhmyobbaq.i.optimole.com\/w:auto\/h:auto\/q:mauto\/ig:avif\/https:\/\/concertience.fr\/leblog\/wp-content\/uploads\/sites\/2\/2020\/10\/Conversation-Pelerin.jpg\" \/>\n\t<meta property=\"og:image:width\" content=\"1181\" \/>\n\t<meta property=\"og:image:height\" content=\"1535\" \/>\n\t<meta property=\"og:image:type\" content=\"image\/jpeg\" \/>\n<meta name=\"author\" content=\"francoisesiteweb\" \/>\n<meta name=\"twitter:card\" content=\"summary_large_image\" \/>\n<meta name=\"twitter:label1\" content=\"\u00c9crit par\" \/>\n\t<meta name=\"twitter:data1\" content=\"francoisesiteweb\" \/>\n\t<meta name=\"twitter:label2\" content=\"Dur\u00e9e de lecture estim\u00e9e\" \/>\n\t<meta name=\"twitter:data2\" content=\"3 minutes\" \/>\n<script type=\"application\/ld+json\" class=\"yoast-schema-graph\">{\"@context\":\"https:\\\/\\\/schema.org\",\"@graph\":[{\"@type\":\"Article\",\"@id\":\"https:\\\/\\\/concertience.fr\\\/leblog\\\/lart-de-converser\\\/#article\",\"isPartOf\":{\"@id\":\"https:\\\/\\\/concertience.fr\\\/leblog\\\/lart-de-converser\\\/\"},\"author\":{\"name\":\"francoisesiteweb\",\"@id\":\"https:\\\/\\\/concertience.fr\\\/leblog\\\/#\\\/schema\\\/person\\\/a8a3ffb4a05b55c3e77e954cd93c49d8\"},\"headline\":\"L&rsquo;art de converser\",\"datePublished\":\"2020-10-20T15:43:37+00:00\",\"dateModified\":\"2023-07-12T16:27:10+00:00\",\"mainEntityOfPage\":{\"@id\":\"https:\\\/\\\/concertience.fr\\\/leblog\\\/lart-de-converser\\\/\"},\"wordCount\":464,\"commentCount\":0,\"image\":{\"@id\":\"https:\\\/\\\/concertience.fr\\\/leblog\\\/lart-de-converser\\\/#primaryimage\"},\"thumbnailUrl\":\"https:\\/\\/concertience.fr\\/leblog\\/wp-content\\/uploads\\/sites\\/2\\/2020\\/10\\/Conversation-Pelerin.jpg\",\"keywords\":[\"CNV\",\"Conversation\",\"Dialogue\"],\"articleSection\":[\"Articles, \u00e9missions F Keller\"],\"inLanguage\":\"fr-FR\",\"potentialAction\":[{\"@type\":\"CommentAction\",\"name\":\"Comment\",\"target\":[\"https:\\\/\\\/concertience.fr\\\/leblog\\\/lart-de-converser\\\/#respond\"]}]},{\"@type\":\"WebPage\",\"@id\":\"https:\\\/\\\/concertience.fr\\\/leblog\\\/lart-de-converser\\\/\",\"url\":\"https:\\\/\\\/concertience.fr\\\/leblog\\\/lart-de-converser\\\/\",\"name\":\"L'art de converser - Le blog de Fran\u00e7oise Keller\",\"isPartOf\":{\"@id\":\"https:\\\/\\\/concertience.fr\\\/leblog\\\/#website\"},\"primaryImageOfPage\":{\"@id\":\"https:\\\/\\\/concertience.fr\\\/leblog\\\/lart-de-converser\\\/#primaryimage\"},\"image\":{\"@id\":\"https:\\\/\\\/concertience.fr\\\/leblog\\\/lart-de-converser\\\/#primaryimage\"},\"thumbnailUrl\":\"https:\\/\\/concertience.fr\\/leblog\\/wp-content\\/uploads\\/sites\\/2\\/2020\\/10\\/Conversation-Pelerin.jpg\",\"datePublished\":\"2020-10-20T15:43:37+00:00\",\"dateModified\":\"2023-07-12T16:27:10+00:00\",\"author\":{\"@id\":\"https:\\\/\\\/concertience.fr\\\/leblog\\\/#\\\/schema\\\/person\\\/a8a3ffb4a05b55c3e77e954cd93c49d8\"},\"description\":\"Contribution de Fran\u00e7oise Keller \u00e0 un article du P\u00e8lerin \\\"La conversation, un plaisir, une asc\u00e8se\\\"\",\"breadcrumb\":{\"@id\":\"https:\\\/\\\/concertience.fr\\\/leblog\\\/lart-de-converser\\\/#breadcrumb\"},\"inLanguage\":\"fr-FR\",\"potentialAction\":[{\"@type\":\"ReadAction\",\"target\":[\"https:\\\/\\\/concertience.fr\\\/leblog\\\/lart-de-converser\\\/\"]}]},{\"@type\":\"ImageObject\",\"inLanguage\":\"fr-FR\",\"@id\":\"https:\\\/\\\/concertience.fr\\\/leblog\\\/lart-de-converser\\\/#primaryimage\",\"url\":\"https:\\/\\/concertience.fr\\/leblog\\/wp-content\\/uploads\\/sites\\/2\\/2020\\/10\\/Conversation-Pelerin.jpg\",\"contentUrl\":\"https:\\/\\/concertience.fr\\/leblog\\/wp-content\\/uploads\\/sites\\/2\\/2020\\/10\\/Conversation-Pelerin.jpg\",\"width\":1181,\"height\":1535},{\"@type\":\"BreadcrumbList\",\"@id\":\"https:\\\/\\\/concertience.fr\\\/leblog\\\/lart-de-converser\\\/#breadcrumb\",\"itemListElement\":[{\"@type\":\"ListItem\",\"position\":1,\"name\":\"Accueil\",\"item\":\"https:\\\/\\\/concertience.fr\\\/leblog\\\/\"},{\"@type\":\"ListItem\",\"position\":2,\"name\":\"Articles, \u00e9missions F Keller\",\"item\":\"https:\\\/\\\/concertience.fr\\\/leblog\\\/articles-emissions-f-keller\\\/\"},{\"@type\":\"ListItem\",\"position\":3,\"name\":\"L&rsquo;art de converser\"}]},{\"@type\":\"WebSite\",\"@id\":\"https:\\\/\\\/concertience.fr\\\/leblog\\\/#website\",\"url\":\"https:\\\/\\\/concertience.fr\\\/leblog\\\/\",\"name\":\"Le blog de Fran\u00e7oise Keller\",\"description\":\"Le blog de Fran\u00e7oise Keller, Concertience\",\"potentialAction\":[{\"@type\":\"SearchAction\",\"target\":{\"@type\":\"EntryPoint\",\"urlTemplate\":\"https:\\\/\\\/concertience.fr\\\/leblog\\\/?s={search_term_string}\"},\"query-input\":{\"@type\":\"PropertyValueSpecification\",\"valueRequired\":true,\"valueName\":\"search_term_string\"}}],\"inLanguage\":\"fr-FR\"},{\"@type\":\"Person\",\"@id\":\"https:\\\/\\\/concertience.fr\\\/leblog\\\/#\\\/schema\\\/person\\\/a8a3ffb4a05b55c3e77e954cd93c49d8\",\"name\":\"francoisesiteweb\"}]}<\/script>\n<!-- \/ Yoast SEO plugin. -->","yoast_head_json":{"title":"L'art de converser - Le blog de Fran\u00e7oise Keller","description":"Contribution de Fran\u00e7oise Keller \u00e0 un article du P\u00e8lerin \"La conversation, un plaisir, une asc\u00e8se\"","robots":{"index":"index","follow":"follow","max-snippet":"max-snippet:-1","max-image-preview":"max-image-preview:large","max-video-preview":"max-video-preview:-1"},"canonical":"https:\/\/concertience.fr\/leblog\/lart-de-converser\/","og_locale":"fr_FR","og_type":"article","og_title":"L'art de converser - Le blog de Fran\u00e7oise Keller","og_description":"Contribution de Fran\u00e7oise Keller \u00e0 un article du P\u00e8lerin \"La conversation, un plaisir, une asc\u00e8se\"","og_url":"https:\/\/concertience.fr\/leblog\/lart-de-converser\/","og_site_name":"Le blog de Fran\u00e7oise Keller","article_published_time":"2020-10-20T15:43:37+00:00","article_modified_time":"2023-07-12T16:27:10+00:00","og_image":[{"width":1181,"height":1535,"url":"https:\/\/mlkqhmyobbaq.i.optimole.com\/w:auto\/h:auto\/q:mauto\/ig:avif\/https:\/\/concertience.fr\/leblog\/wp-content\/uploads\/sites\/2\/2020\/10\/Conversation-Pelerin.jpg","type":"image\/jpeg"}],"author":"francoisesiteweb","twitter_card":"summary_large_image","twitter_misc":{"\u00c9crit par":"francoisesiteweb","Dur\u00e9e de lecture estim\u00e9e":"3 minutes"},"schema":{"@context":"https:\/\/schema.org","@graph":[{"@type":"Article","@id":"https:\/\/concertience.fr\/leblog\/lart-de-converser\/#article","isPartOf":{"@id":"https:\/\/concertience.fr\/leblog\/lart-de-converser\/"},"author":{"name":"francoisesiteweb","@id":"https:\/\/concertience.fr\/leblog\/#\/schema\/person\/a8a3ffb4a05b55c3e77e954cd93c49d8"},"headline":"L&rsquo;art de converser","datePublished":"2020-10-20T15:43:37+00:00","dateModified":"2023-07-12T16:27:10+00:00","mainEntityOfPage":{"@id":"https:\/\/concertience.fr\/leblog\/lart-de-converser\/"},"wordCount":464,"commentCount":0,"image":{"@id":"https:\/\/concertience.fr\/leblog\/lart-de-converser\/#primaryimage"},"thumbnailUrl":"https:\/\/mlkqhmyobbaq.i.optimole.com\/w:auto\/h:auto\/q:mauto\/ig:avif\/https:\/\/concertience.fr\/leblog\/wp-content\/uploads\/sites\/2\/2020\/10\/Conversation-Pelerin.jpg","keywords":["CNV","Conversation","Dialogue"],"articleSection":["Articles, \u00e9missions F Keller"],"inLanguage":"fr-FR","potentialAction":[{"@type":"CommentAction","name":"Comment","target":["https:\/\/concertience.fr\/leblog\/lart-de-converser\/#respond"]}]},{"@type":"WebPage","@id":"https:\/\/concertience.fr\/leblog\/lart-de-converser\/","url":"https:\/\/concertience.fr\/leblog\/lart-de-converser\/","name":"L'art de converser - Le blog de Fran\u00e7oise Keller","isPartOf":{"@id":"https:\/\/concertience.fr\/leblog\/#website"},"primaryImageOfPage":{"@id":"https:\/\/concertience.fr\/leblog\/lart-de-converser\/#primaryimage"},"image":{"@id":"https:\/\/concertience.fr\/leblog\/lart-de-converser\/#primaryimage"},"thumbnailUrl":"https:\/\/mlkqhmyobbaq.i.optimole.com\/w:auto\/h:auto\/q:mauto\/ig:avif\/https:\/\/concertience.fr\/leblog\/wp-content\/uploads\/sites\/2\/2020\/10\/Conversation-Pelerin.jpg","datePublished":"2020-10-20T15:43:37+00:00","dateModified":"2023-07-12T16:27:10+00:00","author":{"@id":"https:\/\/concertience.fr\/leblog\/#\/schema\/person\/a8a3ffb4a05b55c3e77e954cd93c49d8"},"description":"Contribution de Fran\u00e7oise Keller \u00e0 un article du P\u00e8lerin \"La conversation, un plaisir, une asc\u00e8se\"","breadcrumb":{"@id":"https:\/\/concertience.fr\/leblog\/lart-de-converser\/#breadcrumb"},"inLanguage":"fr-FR","potentialAction":[{"@type":"ReadAction","target":["https:\/\/concertience.fr\/leblog\/lart-de-converser\/"]}]},{"@type":"ImageObject","inLanguage":"fr-FR","@id":"https:\/\/concertience.fr\/leblog\/lart-de-converser\/#primaryimage","url":"https:\/\/mlkqhmyobbaq.i.optimole.com\/w:auto\/h:auto\/q:mauto\/ig:avif\/https:\/\/concertience.fr\/leblog\/wp-content\/uploads\/sites\/2\/2020\/10\/Conversation-Pelerin.jpg","contentUrl":"https:\/\/mlkqhmyobbaq.i.optimole.com\/w:auto\/h:auto\/q:mauto\/ig:avif\/https:\/\/concertience.fr\/leblog\/wp-content\/uploads\/sites\/2\/2020\/10\/Conversation-Pelerin.jpg","width":1181,"height":1535},{"@type":"BreadcrumbList","@id":"https:\/\/concertience.fr\/leblog\/lart-de-converser\/#breadcrumb","itemListElement":[{"@type":"ListItem","position":1,"name":"Accueil","item":"https:\/\/concertience.fr\/leblog\/"},{"@type":"ListItem","position":2,"name":"Articles, \u00e9missions F Keller","item":"https:\/\/concertience.fr\/leblog\/articles-emissions-f-keller\/"},{"@type":"ListItem","position":3,"name":"L&rsquo;art de converser"}]},{"@type":"WebSite","@id":"https:\/\/concertience.fr\/leblog\/#website","url":"https:\/\/concertience.fr\/leblog\/","name":"Le blog de Fran\u00e7oise Keller","description":"Le blog de Fran\u00e7oise Keller, Concertience","potentialAction":[{"@type":"SearchAction","target":{"@type":"EntryPoint","urlTemplate":"https:\/\/concertience.fr\/leblog\/?s={search_term_string}"},"query-input":{"@type":"PropertyValueSpecification","valueRequired":true,"valueName":"search_term_string"}}],"inLanguage":"fr-FR"},{"@type":"Person","@id":"https:\/\/concertience.fr\/leblog\/#\/schema\/person\/a8a3ffb4a05b55c3e77e954cd93c49d8","name":"francoisesiteweb"}]}},"_links":{"self":[{"href":"https:\/\/concertience.fr\/leblog\/wp-json\/wp\/v2\/posts\/931","targetHints":{"allow":["GET"]}}],"collection":[{"href":"https:\/\/concertience.fr\/leblog\/wp-json\/wp\/v2\/posts"}],"about":[{"href":"https:\/\/concertience.fr\/leblog\/wp-json\/wp\/v2\/types\/post"}],"author":[{"embeddable":true,"href":"https:\/\/concertience.fr\/leblog\/wp-json\/wp\/v2\/users\/2"}],"replies":[{"embeddable":true,"href":"https:\/\/concertience.fr\/leblog\/wp-json\/wp\/v2\/comments?post=931"}],"version-history":[{"count":6,"href":"https:\/\/concertience.fr\/leblog\/wp-json\/wp\/v2\/posts\/931\/revisions"}],"predecessor-version":[{"id":1262,"href":"https:\/\/concertience.fr\/leblog\/wp-json\/wp\/v2\/posts\/931\/revisions\/1262"}],"wp:featuredmedia":[{"embeddable":true,"href":"https:\/\/concertience.fr\/leblog\/wp-json\/wp\/v2\/media\/936"}],"wp:attachment":[{"href":"https:\/\/concertience.fr\/leblog\/wp-json\/wp\/v2\/media?parent=931"}],"wp:term":[{"taxonomy":"category","embeddable":true,"href":"https:\/\/concertience.fr\/leblog\/wp-json\/wp\/v2\/categories?post=931"},{"taxonomy":"post_tag","embeddable":true,"href":"https:\/\/concertience.fr\/leblog\/wp-json\/wp\/v2\/tags?post=931"}],"curies":[{"name":"wp","href":"https:\/\/api.w.org\/{rel}","templated":true}]}}