{"id":9,"date":"2019-09-29T19:49:33","date_gmt":"2019-09-29T17:49:33","guid":{"rendered":"https:\/\/concertience.fr\/leblog\/2019\/09\/29\/le-pouvoir-des-marches-non-violentes\/"},"modified":"2020-03-27T17:51:42","modified_gmt":"2020-03-27T16:51:42","slug":"le-pouvoir-des-marches-non-violentes","status":"publish","type":"post","link":"https:\/\/concertience.fr\/leblog\/le-pouvoir-des-marches-non-violentes\/","title":{"rendered":"Le pouvoir des marches non-violentes"},"content":{"rendered":"\n<figure class=\"wp-block-gallery columns-3 is-cropped wp-block-gallery-2 is-layout-flex wp-block-gallery-is-layout-flex\"><ul class=\"blocks-gallery-grid\"><li class=\"blocks-gallery-item\"><figure><img data-opt-id=1164420606  fetchpriority=\"high\" decoding=\"async\" width=\"474\" height=\"250\" src=\"https:\/\/mlkqhmyobbaq.i.optimole.com\/w:auto\/h:auto\/q:mauto\/ig:avif\/https:\/\/concertience.fr\/leblog\/wp-content\/uploads\/sites\/2\/2020\/03\/Marche-NonViolente.jpg\" alt=\"\" data-id=\"469\" class=\"wp-image-469\" srcset=\"https:\/\/mlkqhmyobbaq.i.optimole.com\/w:474\/h:250\/q:mauto\/ig:avif\/https:\/\/concertience.fr\/leblog\/wp-content\/uploads\/sites\/2\/2020\/03\/Marche-NonViolente.jpg 474w, https:\/\/mlkqhmyobbaq.i.optimole.com\/w:300\/h:158\/q:mauto\/ig:avif\/https:\/\/concertience.fr\/leblog\/wp-content\/uploads\/sites\/2\/2020\/03\/Marche-NonViolente.jpg 300w\" sizes=\"(max-width: 474px) 100vw, 474px\" \/><\/figure><\/li><li class=\"blocks-gallery-item\"><figure><img data-opt-id=2014679862  fetchpriority=\"high\" decoding=\"async\" width=\"540\" height=\"720\" src=\"https:\/\/mlkqhmyobbaq.i.optimole.com\/w:auto\/h:auto\/q:mauto\/ig:avif\/https:\/\/concertience.fr\/leblog\/wp-content\/uploads\/sites\/2\/2020\/03\/Françoise-Keller-Inde.jpg\" alt=\"\" data-id=\"470\" data-link=\"https:\/\/concertience.fr\/leblog\/le-pouvoir-des-marches-non-violentes\/francoise-keller-inde\/\" class=\"wp-image-470\" srcset=\"https:\/\/mlkqhmyobbaq.i.optimole.com\/w:540\/h:720\/q:mauto\/ig:avif\/https:\/\/concertience.fr\/leblog\/wp-content\/uploads\/sites\/2\/2020\/03\/Fran\u00e7oise-Keller-Inde.jpg 540w, https:\/\/mlkqhmyobbaq.i.optimole.com\/w:225\/h:300\/q:mauto\/ig:avif\/https:\/\/concertience.fr\/leblog\/wp-content\/uploads\/sites\/2\/2020\/03\/Fran\u00e7oise-Keller-Inde.jpg 225w\" sizes=\"(max-width: 540px) 100vw, 540px\" \/><\/figure><\/li><li class=\"blocks-gallery-item\"><figure><img data-opt-id=1998279394  data-opt-src=\"https:\/\/mlkqhmyobbaq.i.optimole.com\/w:auto\/h:auto\/q:mauto\/ig:avif\/https:\/\/concertience.fr\/leblog\/wp-content\/uploads\/sites\/2\/2020\/03\/NonViolence-Inde.jpg\"  decoding=\"async\" width=\"474\" height=\"364\" src=\"data:image/svg+xml,%3Csvg%20viewBox%3D%220%200%20100%%20100%%22%20width%3D%22100%%22%20height%3D%22100%%22%20xmlns%3D%22http%3A%2F%2Fwww.w3.org%2F2000%2Fsvg%22%3E%3Crect%20width%3D%22100%%22%20height%3D%22100%%22%20fill%3D%22transparent%22%2F%3E%3C%2Fsvg%3E\" alt=\"\" data-id=\"471\" data-full-url=\"https:\/\/mlkqhmyobbaq.i.optimole.com\/w:auto\/h:auto\/q:mauto\/ig:avif\/https:\/\/concertience.fr\/leblog\/wp-content\/uploads\/sites\/2\/2020\/03\/NonViolence-Inde.jpg\" data-link=\"https:\/\/concertience.fr\/leblog\/le-pouvoir-des-marches-non-violentes\/nonviolence-inde\/\" class=\"wp-image-471\" old-srcset=\"https:\/\/mlkqhmyobbaq.i.optimole.com\/w:474\/h:364\/q:mauto\/ig:avif\/https:\/\/concertience.fr\/leblog\/wp-content\/uploads\/sites\/2\/2020\/03\/NonViolence-Inde.jpg 474w, https:\/\/mlkqhmyobbaq.i.optimole.com\/w:300\/h:230\/q:mauto\/ig:avif\/https:\/\/concertience.fr\/leblog\/wp-content\/uploads\/sites\/2\/2020\/03\/NonViolence-Inde.jpg 300w\" \/><\/figure><\/li><\/ul><\/figure>\n\n\n<p>En 2011, je d\u00e9couvrais en Inde le mouvement <strong>Ekta Parishad<\/strong>, pendant l&rsquo;\u00e9criture de mon premier livre sur la Communication NonViolente (CNV). Je rencontrais des hommes et des femmes &#8211; les \u00ab\u00a0adivasis\u00a0\u00bb (les populations tribales de l&rsquo;Inde qui ont \u00e9t\u00e9 expropri\u00e9es de leurs terres et qui sont consid\u00e9r\u00e9es comme en dessous de la caste des intouchables) &#8211; qui ont fait le choix de la non-violence et qui s&rsquo;inspirent de Gandhi et de Rajagopal.<br \/>Des femmes et des hommes qui n&rsquo;avaient rien &#8211; ni terre, ni pouvoir. Des femmes et des hommes qui ont fait le choix de se lever et de marcher pour demander que tous les indiens puissent avoir le droit \u00e0 la terre, \u00e0 l&rsquo;eau et \u00e0 la for\u00eat. Ils ont march\u00e9 un mois \u00e0 25000 personnes, de Gwalior \u00e0 New Delhi, pour demander le changement de la loi indienne&#8230; et ils l&rsquo;ont obtenu (si vous n&rsquo;avez jamais vu le film \u00ab\u00a0La marche des gueux\u00a0\u00bb regardez le !!!).<br \/>Je d\u00e9couvrais ce que veut dire \u00ab\u00a0La force de la non-violence\u00a0\u00bb en rencontrant des femmes et des hommes d&rsquo;une force incroyable, debouts et dignes qui se l\u00e8vent et marchent pour que les besoins de tous soient pris en compte.<\/p>\n<p>Cette rencontre a boulevers\u00e9 ma vie et m&rsquo;a fait comprendre le sens de la \u00ab\u00a0non-violence\u00a0\u00bb. La CNV ce n&rsquo;est pas seulement de la communication authentique, bienveillante, consciente&#8230; C&rsquo;est de la communication non-violente&#8230;<\/p>\n<p>Ce que j&rsquo;ai compris c&rsquo;est trois choses :<\/p>\n<ul>\n<li>La posture de non-violence se positionne pour des valeurs, la prise en compte des besoins de tous, la r\u00e9alisation de notre r\u00eave,<\/li>\n<li>La posture de non-violence ne voit pas comme des ennemis ceux dont elle demande un changement de comportement ; elle demande fermement des changements de comportement et dans le m\u00eame estime profond\u00e9ment les personnes, cherche \u00e0 rencontrer le coeur des gens,<\/li>\n<li>La non-violence est la strat\u00e9gie la plus efficace pour obtenir durablement des changements qui prennent en compte les besoins de tous.<\/li>\n<\/ul>\n<p>Le 2 octobre 2019 commence une marche historique qui va durer un an, de New Delhi \u00e0 Gen\u00e8ve, pour demander aux gouvernements que les besoins de tous soient pris en compte. Incroyable ! Des femmes et des hommes font le choix de donner un an de leur vie, en marchant, pour moi, pour toi, pour tous les \u00eatres humains de la plan\u00e8te ! Cette marche s&rsquo;appelle \u00ab\u00a0<a href=\"https:\/\/www.jaijagat2020.org\">Jaijagat 2020<\/a>\u00ab\u00a0.<\/p>\n<p>Un peu partout des marches s&rsquo;organisent pour soutenir, s&rsquo;associer \u00e0 cette marche non-violente historique.<\/p>\n<p>Je serai pr\u00e9sente aux marches de Lyon. La premi\u00e8re marche aura lieu le mercredi 2 octobre 2019 : <a href=\"https:\/\/nonviolence.fr\/IMG\/pdf\/flyer_2_octobre_rv.pdf\">Informations sur la marche du 2 octobre 2019 \u00e0 Lyon<\/a><\/p>\n<p>Plusieurs mani\u00e8res de soutenir ce mouvement :<\/p>\n<ul>\n<li>s&rsquo;informer et relayer les informations autour de soi,<\/li>\n<li>relayer les informations aupr\u00e8s des contacts presse de son entourage,<\/li>\n<li>participer \u00e0 des marches locales,<\/li>\n<li>organiser des marches locales,<\/li>\n<li>se former \u00e0 la non-violence pour participer \u00e0 des marches de mani\u00e8re non-violente,<\/li>\n<li>soutenir celles et ceux qui marchent financi\u00e8rement et\/ou par le coeur,<\/li>\n<li>etc&#8230;<\/li>\n<\/ul>\n<p>Fran\u00e7oise Keller, formatrice certifi\u00e9e du CNVC, auteure et conf\u00e9renci\u00e8re<\/p>","protected":false},"excerpt":{"rendered":"<p>En 2011, je d\u00e9couvrais en Inde le mouvement Ekta Parishad, pendant l&rsquo;\u00e9criture de mon premier livre sur la Communication NonViolente (CNV). Je rencontrais des hommes et des femmes &#8211; les \u00ab\u00a0adivasis\u00a0\u00bb (les populations tribales de l&rsquo;Inde qui ont \u00e9t\u00e9 expropri\u00e9es de leurs terres et qui sont consid\u00e9r\u00e9es comme en dessous de la caste des intouchables)<a class=\"excerpt-read-more\" href=\"https:\/\/concertience.fr\/leblog\/le-pouvoir-des-marches-non-violentes\/\" title=\"ReadLe pouvoir des marches non-violentes\">&#8230; Lire plus &raquo;<\/a><\/p>\n","protected":false},"author":2,"featured_media":0,"comment_status":"open","ping_status":"closed","sticky":false,"template":"","format":"standard","meta":{"footnotes":""},"categories":[3,5],"tags":[7,6,8],"class_list":["post-9","post","type-post","status-publish","format-standard","hentry","category-actualites","category-regards-croises","tag-cnv","tag-jaijagat2020","tag-non-violence"],"yoast_head":"<!-- This site is optimized with the Yoast SEO plugin v27.4 - https:\/\/yoast.com\/product\/yoast-seo-wordpress\/ -->\n<title>Le pouvoir des marches non-violentes - Le blog de Fran\u00e7oise Keller<\/title>\n<meta name=\"robots\" content=\"index, follow, max-snippet:-1, max-image-preview:large, max-video-preview:-1\" \/>\n<link rel=\"canonical\" href=\"https:\/\/concertience.fr\/leblog\/le-pouvoir-des-marches-non-violentes\/\" \/>\n<meta property=\"og:locale\" content=\"fr_FR\" \/>\n<meta property=\"og:type\" content=\"article\" \/>\n<meta property=\"og:title\" content=\"Le pouvoir des marches non-violentes - Le blog de Fran\u00e7oise Keller\" \/>\n<meta property=\"og:description\" content=\"En 2011, je d\u00e9couvrais en Inde le mouvement Ekta Parishad, pendant l&rsquo;\u00e9criture de mon premier livre sur la Communication NonViolente (CNV). Je rencontrais des hommes et des femmes &#8211; les \u00ab\u00a0adivasis\u00a0\u00bb (les populations tribales de l&rsquo;Inde qui ont \u00e9t\u00e9 expropri\u00e9es de leurs terres et qui sont consid\u00e9r\u00e9es comme en dessous de la caste des intouchables)... Lire plus &raquo;\" \/>\n<meta property=\"og:url\" content=\"https:\/\/concertience.fr\/leblog\/le-pouvoir-des-marches-non-violentes\/\" \/>\n<meta property=\"og:site_name\" content=\"Le blog de Fran\u00e7oise Keller\" \/>\n<meta property=\"article:published_time\" content=\"2019-09-29T17:49:33+00:00\" \/>\n<meta property=\"article:modified_time\" content=\"2020-03-27T16:51:42+00:00\" \/>\n<meta property=\"og:image\" content=\"https:\/\/mlkqhmyobbaq.i.optimole.com\/w:auto\/h:auto\/q:mauto\/ig:avif\/https:\/\/concertience.fr\/leblog\/wp-content\/uploads\/sites\/2\/2020\/03\/Marche-NonViolente.jpg\" \/>\n<meta name=\"author\" content=\"francoisesiteweb\" \/>\n<meta name=\"twitter:card\" content=\"summary_large_image\" \/>\n<meta name=\"twitter:label1\" content=\"\u00c9crit par\" \/>\n\t<meta name=\"twitter:data1\" content=\"francoisesiteweb\" \/>\n\t<meta name=\"twitter:label2\" content=\"Dur\u00e9e de lecture estim\u00e9e\" \/>\n\t<meta name=\"twitter:data2\" content=\"2 minutes\" \/>\n<script type=\"application\/ld+json\" class=\"yoast-schema-graph\">{\"@context\":\"https:\\\/\\\/schema.org\",\"@graph\":[{\"@type\":\"Article\",\"@id\":\"https:\\\/\\\/concertience.fr\\\/leblog\\\/le-pouvoir-des-marches-non-violentes\\\/#article\",\"isPartOf\":{\"@id\":\"https:\\\/\\\/concertience.fr\\\/leblog\\\/le-pouvoir-des-marches-non-violentes\\\/\"},\"author\":{\"name\":\"francoisesiteweb\",\"@id\":\"https:\\\/\\\/concertience.fr\\\/leblog\\\/#\\\/schema\\\/person\\\/a8a3ffb4a05b55c3e77e954cd93c49d8\"},\"headline\":\"Le pouvoir des marches non-violentes\",\"datePublished\":\"2019-09-29T17:49:33+00:00\",\"dateModified\":\"2020-03-27T16:51:42+00:00\",\"mainEntityOfPage\":{\"@id\":\"https:\\\/\\\/concertience.fr\\\/leblog\\\/le-pouvoir-des-marches-non-violentes\\\/\"},\"wordCount\":519,\"commentCount\":0,\"image\":{\"@id\":\"https:\\\/\\\/concertience.fr\\\/leblog\\\/le-pouvoir-des-marches-non-violentes\\\/#primaryimage\"},\"thumbnailUrl\":\"https:\\/\\/concertience.fr\\/leblog\\/wp-content\\/uploads\\/sites\\/2\\/2020\\/03\\/Marche-NonViolente.jpg\",\"keywords\":[\"CNV\",\"Jaijagat2020\",\"Non-violence\"],\"articleSection\":[\"Actualit\u00e9s\",\"Regards crois\u00e9s\"],\"inLanguage\":\"fr-FR\",\"potentialAction\":[{\"@type\":\"CommentAction\",\"name\":\"Comment\",\"target\":[\"https:\\\/\\\/concertience.fr\\\/leblog\\\/le-pouvoir-des-marches-non-violentes\\\/#respond\"]}]},{\"@type\":\"WebPage\",\"@id\":\"https:\\\/\\\/concertience.fr\\\/leblog\\\/le-pouvoir-des-marches-non-violentes\\\/\",\"url\":\"https:\\\/\\\/concertience.fr\\\/leblog\\\/le-pouvoir-des-marches-non-violentes\\\/\",\"name\":\"Le pouvoir des marches non-violentes - Le blog de Fran\u00e7oise Keller\",\"isPartOf\":{\"@id\":\"https:\\\/\\\/concertience.fr\\\/leblog\\\/#website\"},\"primaryImageOfPage\":{\"@id\":\"https:\\\/\\\/concertience.fr\\\/leblog\\\/le-pouvoir-des-marches-non-violentes\\\/#primaryimage\"},\"image\":{\"@id\":\"https:\\\/\\\/concertience.fr\\\/leblog\\\/le-pouvoir-des-marches-non-violentes\\\/#primaryimage\"},\"thumbnailUrl\":\"https:\\/\\/concertience.fr\\/leblog\\/wp-content\\/uploads\\/sites\\/2\\/2020\\/03\\/Marche-NonViolente.jpg\",\"datePublished\":\"2019-09-29T17:49:33+00:00\",\"dateModified\":\"2020-03-27T16:51:42+00:00\",\"author\":{\"@id\":\"https:\\\/\\\/concertience.fr\\\/leblog\\\/#\\\/schema\\\/person\\\/a8a3ffb4a05b55c3e77e954cd93c49d8\"},\"breadcrumb\":{\"@id\":\"https:\\\/\\\/concertience.fr\\\/leblog\\\/le-pouvoir-des-marches-non-violentes\\\/#breadcrumb\"},\"inLanguage\":\"fr-FR\",\"potentialAction\":[{\"@type\":\"ReadAction\",\"target\":[\"https:\\\/\\\/concertience.fr\\\/leblog\\\/le-pouvoir-des-marches-non-violentes\\\/\"]}]},{\"@type\":\"ImageObject\",\"inLanguage\":\"fr-FR\",\"@id\":\"https:\\\/\\\/concertience.fr\\\/leblog\\\/le-pouvoir-des-marches-non-violentes\\\/#primaryimage\",\"url\":\"https:\\/\\/concertience.fr\\/leblog\\/wp-content\\/uploads\\/sites\\/2\\/2020\\/03\\/Marche-NonViolente.jpg\",\"contentUrl\":\"https:\\/\\/concertience.fr\\/leblog\\/wp-content\\/uploads\\/sites\\/2\\/2020\\/03\\/Marche-NonViolente.jpg\",\"width\":474,\"height\":250},{\"@type\":\"BreadcrumbList\",\"@id\":\"https:\\\/\\\/concertience.fr\\\/leblog\\\/le-pouvoir-des-marches-non-violentes\\\/#breadcrumb\",\"itemListElement\":[{\"@type\":\"ListItem\",\"position\":1,\"name\":\"Accueil\",\"item\":\"https:\\\/\\\/concertience.fr\\\/leblog\\\/\"},{\"@type\":\"ListItem\",\"position\":2,\"name\":\"Actualit\u00e9s\",\"item\":\"https:\\\/\\\/concertience.fr\\\/leblog\\\/actualites\\\/\"},{\"@type\":\"ListItem\",\"position\":3,\"name\":\"Le pouvoir des marches non-violentes\"}]},{\"@type\":\"WebSite\",\"@id\":\"https:\\\/\\\/concertience.fr\\\/leblog\\\/#website\",\"url\":\"https:\\\/\\\/concertience.fr\\\/leblog\\\/\",\"name\":\"Le blog de Fran\u00e7oise Keller\",\"description\":\"Le blog de Fran\u00e7oise Keller, Concertience\",\"potentialAction\":[{\"@type\":\"SearchAction\",\"target\":{\"@type\":\"EntryPoint\",\"urlTemplate\":\"https:\\\/\\\/concertience.fr\\\/leblog\\\/?s={search_term_string}\"},\"query-input\":{\"@type\":\"PropertyValueSpecification\",\"valueRequired\":true,\"valueName\":\"search_term_string\"}}],\"inLanguage\":\"fr-FR\"},{\"@type\":\"Person\",\"@id\":\"https:\\\/\\\/concertience.fr\\\/leblog\\\/#\\\/schema\\\/person\\\/a8a3ffb4a05b55c3e77e954cd93c49d8\",\"name\":\"francoisesiteweb\"}]}<\/script>\n<!-- \/ Yoast SEO plugin. -->","yoast_head_json":{"title":"Le pouvoir des marches non-violentes - Le blog de Fran\u00e7oise Keller","robots":{"index":"index","follow":"follow","max-snippet":"max-snippet:-1","max-image-preview":"max-image-preview:large","max-video-preview":"max-video-preview:-1"},"canonical":"https:\/\/concertience.fr\/leblog\/le-pouvoir-des-marches-non-violentes\/","og_locale":"fr_FR","og_type":"article","og_title":"Le pouvoir des marches non-violentes - Le blog de Fran\u00e7oise Keller","og_description":"En 2011, je d\u00e9couvrais en Inde le mouvement Ekta Parishad, pendant l&rsquo;\u00e9criture de mon premier livre sur la Communication NonViolente (CNV). Je rencontrais des hommes et des femmes &#8211; les \u00ab\u00a0adivasis\u00a0\u00bb (les populations tribales de l&rsquo;Inde qui ont \u00e9t\u00e9 expropri\u00e9es de leurs terres et qui sont consid\u00e9r\u00e9es comme en dessous de la caste des intouchables)... Lire plus &raquo;","og_url":"https:\/\/concertience.fr\/leblog\/le-pouvoir-des-marches-non-violentes\/","og_site_name":"Le blog de Fran\u00e7oise Keller","article_published_time":"2019-09-29T17:49:33+00:00","article_modified_time":"2020-03-27T16:51:42+00:00","og_image":[{"url":"https:\/\/mlkqhmyobbaq.i.optimole.com\/w:auto\/h:auto\/q:mauto\/ig:avif\/https:\/\/concertience.fr\/leblog\/wp-content\/uploads\/sites\/2\/2020\/03\/Marche-NonViolente.jpg","type":"","width":"","height":""}],"author":"francoisesiteweb","twitter_card":"summary_large_image","twitter_misc":{"\u00c9crit par":"francoisesiteweb","Dur\u00e9e de lecture estim\u00e9e":"2 minutes"},"schema":{"@context":"https:\/\/schema.org","@graph":[{"@type":"Article","@id":"https:\/\/concertience.fr\/leblog\/le-pouvoir-des-marches-non-violentes\/#article","isPartOf":{"@id":"https:\/\/concertience.fr\/leblog\/le-pouvoir-des-marches-non-violentes\/"},"author":{"name":"francoisesiteweb","@id":"https:\/\/concertience.fr\/leblog\/#\/schema\/person\/a8a3ffb4a05b55c3e77e954cd93c49d8"},"headline":"Le pouvoir des marches non-violentes","datePublished":"2019-09-29T17:49:33+00:00","dateModified":"2020-03-27T16:51:42+00:00","mainEntityOfPage":{"@id":"https:\/\/concertience.fr\/leblog\/le-pouvoir-des-marches-non-violentes\/"},"wordCount":519,"commentCount":0,"image":{"@id":"https:\/\/concertience.fr\/leblog\/le-pouvoir-des-marches-non-violentes\/#primaryimage"},"thumbnailUrl":"https:\/\/mlkqhmyobbaq.i.optimole.com\/w:auto\/h:auto\/q:mauto\/ig:avif\/https:\/\/concertience.fr\/leblog\/wp-content\/uploads\/sites\/2\/2020\/03\/Marche-NonViolente.jpg","keywords":["CNV","Jaijagat2020","Non-violence"],"articleSection":["Actualit\u00e9s","Regards crois\u00e9s"],"inLanguage":"fr-FR","potentialAction":[{"@type":"CommentAction","name":"Comment","target":["https:\/\/concertience.fr\/leblog\/le-pouvoir-des-marches-non-violentes\/#respond"]}]},{"@type":"WebPage","@id":"https:\/\/concertience.fr\/leblog\/le-pouvoir-des-marches-non-violentes\/","url":"https:\/\/concertience.fr\/leblog\/le-pouvoir-des-marches-non-violentes\/","name":"Le pouvoir des marches non-violentes - Le blog de Fran\u00e7oise Keller","isPartOf":{"@id":"https:\/\/concertience.fr\/leblog\/#website"},"primaryImageOfPage":{"@id":"https:\/\/concertience.fr\/leblog\/le-pouvoir-des-marches-non-violentes\/#primaryimage"},"image":{"@id":"https:\/\/concertience.fr\/leblog\/le-pouvoir-des-marches-non-violentes\/#primaryimage"},"thumbnailUrl":"https:\/\/mlkqhmyobbaq.i.optimole.com\/w:auto\/h:auto\/q:mauto\/ig:avif\/https:\/\/concertience.fr\/leblog\/wp-content\/uploads\/sites\/2\/2020\/03\/Marche-NonViolente.jpg","datePublished":"2019-09-29T17:49:33+00:00","dateModified":"2020-03-27T16:51:42+00:00","author":{"@id":"https:\/\/concertience.fr\/leblog\/#\/schema\/person\/a8a3ffb4a05b55c3e77e954cd93c49d8"},"breadcrumb":{"@id":"https:\/\/concertience.fr\/leblog\/le-pouvoir-des-marches-non-violentes\/#breadcrumb"},"inLanguage":"fr-FR","potentialAction":[{"@type":"ReadAction","target":["https:\/\/concertience.fr\/leblog\/le-pouvoir-des-marches-non-violentes\/"]}]},{"@type":"ImageObject","inLanguage":"fr-FR","@id":"https:\/\/concertience.fr\/leblog\/le-pouvoir-des-marches-non-violentes\/#primaryimage","url":"https:\/\/mlkqhmyobbaq.i.optimole.com\/w:auto\/h:auto\/q:mauto\/ig:avif\/https:\/\/concertience.fr\/leblog\/wp-content\/uploads\/sites\/2\/2020\/03\/Marche-NonViolente.jpg","contentUrl":"https:\/\/mlkqhmyobbaq.i.optimole.com\/w:auto\/h:auto\/q:mauto\/ig:avif\/https:\/\/concertience.fr\/leblog\/wp-content\/uploads\/sites\/2\/2020\/03\/Marche-NonViolente.jpg","width":474,"height":250},{"@type":"BreadcrumbList","@id":"https:\/\/concertience.fr\/leblog\/le-pouvoir-des-marches-non-violentes\/#breadcrumb","itemListElement":[{"@type":"ListItem","position":1,"name":"Accueil","item":"https:\/\/concertience.fr\/leblog\/"},{"@type":"ListItem","position":2,"name":"Actualit\u00e9s","item":"https:\/\/concertience.fr\/leblog\/actualites\/"},{"@type":"ListItem","position":3,"name":"Le pouvoir des marches non-violentes"}]},{"@type":"WebSite","@id":"https:\/\/concertience.fr\/leblog\/#website","url":"https:\/\/concertience.fr\/leblog\/","name":"Le blog de Fran\u00e7oise Keller","description":"Le blog de Fran\u00e7oise Keller, Concertience","potentialAction":[{"@type":"SearchAction","target":{"@type":"EntryPoint","urlTemplate":"https:\/\/concertience.fr\/leblog\/?s={search_term_string}"},"query-input":{"@type":"PropertyValueSpecification","valueRequired":true,"valueName":"search_term_string"}}],"inLanguage":"fr-FR"},{"@type":"Person","@id":"https:\/\/concertience.fr\/leblog\/#\/schema\/person\/a8a3ffb4a05b55c3e77e954cd93c49d8","name":"francoisesiteweb"}]}},"_links":{"self":[{"href":"https:\/\/concertience.fr\/leblog\/wp-json\/wp\/v2\/posts\/9","targetHints":{"allow":["GET"]}}],"collection":[{"href":"https:\/\/concertience.fr\/leblog\/wp-json\/wp\/v2\/posts"}],"about":[{"href":"https:\/\/concertience.fr\/leblog\/wp-json\/wp\/v2\/types\/post"}],"author":[{"embeddable":true,"href":"https:\/\/concertience.fr\/leblog\/wp-json\/wp\/v2\/users\/2"}],"replies":[{"embeddable":true,"href":"https:\/\/concertience.fr\/leblog\/wp-json\/wp\/v2\/comments?post=9"}],"version-history":[{"count":2,"href":"https:\/\/concertience.fr\/leblog\/wp-json\/wp\/v2\/posts\/9\/revisions"}],"predecessor-version":[{"id":472,"href":"https:\/\/concertience.fr\/leblog\/wp-json\/wp\/v2\/posts\/9\/revisions\/472"}],"wp:attachment":[{"href":"https:\/\/concertience.fr\/leblog\/wp-json\/wp\/v2\/media?parent=9"}],"wp:term":[{"taxonomy":"category","embeddable":true,"href":"https:\/\/concertience.fr\/leblog\/wp-json\/wp\/v2\/categories?post=9"},{"taxonomy":"post_tag","embeddable":true,"href":"https:\/\/concertience.fr\/leblog\/wp-json\/wp\/v2\/tags?post=9"}],"curies":[{"name":"wp","href":"https:\/\/api.w.org\/{rel}","templated":true}]}}