{"id":85,"date":"2014-05-15T14:47:09","date_gmt":"2014-05-15T12:47:09","guid":{"rendered":"https:\/\/concertience.fr\/leblog\/2014\/05\/15\/les-conferences-du-mois-de-mai-2014\/"},"modified":"2020-03-30T12:26:22","modified_gmt":"2020-03-30T10:26:22","slug":"les-conferences-du-mois-de-mai-2014","status":"publish","type":"post","link":"https:\/\/concertience.fr\/leblog\/les-conferences-du-mois-de-mai-2014\/","title":{"rendered":"Les conf\u00e9rences du mois de mai 2014"},"content":{"rendered":"\n<div class=\"wp-block-image\"><figure class=\"aligncenter size-thumbnail\"><img data-opt-id=2117662283  fetchpriority=\"high\" decoding=\"async\" width=\"150\" height=\"150\" src=\"https:\/\/mlkqhmyobbaq.i.optimole.com\/w:150\/h:150\/q:mauto\/rt:fill\/g:ce\/ig:avif\/https:\/\/concertience.fr\/leblog\/wp-content\/uploads\/sites\/2\/2020\/03\/Pratiquer-CNV-Travail-F-Keller.jpg\" alt=\"\" class=\"wp-image-622\" srcset=\"https:\/\/mlkqhmyobbaq.i.optimole.com\/w:150\/h:150\/q:mauto\/rt:fill\/g:ce\/ig:avif\/https:\/\/concertience.fr\/leblog\/wp-content\/uploads\/sites\/2\/2020\/03\/Pratiquer-CNV-Travail-F-Keller.jpg 150w, https:\/\/mlkqhmyobbaq.i.optimole.com\/w:125\/h:125\/q:mauto\/rt:fill\/g:ce\/ig:avif\/dpr:2\/https:\/\/concertience.fr\/leblog\/wp-content\/uploads\/sites\/2\/2020\/03\/Pratiquer-CNV-Travail-F-Keller.jpg 125w\" sizes=\"(max-width: 150px) 100vw, 150px\" \/><\/figure><\/div>\n\n\n<p>Fran\u00e7oise Keller anime deux conf\u00e9rences sur le th\u00e8me \u00ab\u00a0<span style=\"color: #6000bf;\"><strong>Pratiquer la CNV au travail<\/strong><\/span>\u00a0\u00bb au mois de mai sur deux salons :<\/p>\n<ul style=\"padding-left: 30px;\">\n<li style=\"list-style-type: none;\">\n<ul>\n<li style=\"list-style-type: none;\">\n<ul>\n<li style=\"list-style-type: none;\">\n<ul>\n<li>Dans le cadre du Festival des Auteurs Psy \u00e0 N\u00eemes, conf\u00e9rence le samedi 24 mai \u00e0 11 heures.<\/li>\n<li>Dans le cadre du <a href=\"http:\/\/www.vitaelia.fr\">premier salon d\u00e9di\u00e9 au bien-\u00eatre en entreprise<\/a>, \u00e0 Paris, conf\u00e9rence le mercredi 28 mai, \u00e0 15h 15, suivie d&rsquo;une d\u00e9dicace entre 16h et 18h.<\/li>\n<\/ul>\n<\/li>\n<\/ul>\n<\/li>\n<\/ul>\n<\/li>\n<\/ul>\n<p style=\"padding-left: 30px;\">Ces deux conf\u00e9rences donneront des rep\u00e8res concrets pour concilier bien-\u00eatre et performance collective. Bienvenue !<\/p>\n<p style=\"padding-left: 30px;\">\u00a0<\/p>","protected":false},"excerpt":{"rendered":"<p>Fran\u00e7oise Keller anime deux conf\u00e9rences sur le th\u00e8me \u00ab\u00a0Pratiquer la CNV au travail\u00a0\u00bb au mois de mai sur deux salons : Dans le cadre du Festival des Auteurs Psy \u00e0 N\u00eemes, conf\u00e9rence le samedi 24 mai \u00e0 11 heures. Dans le cadre du premier salon d\u00e9di\u00e9 au bien-\u00eatre en entreprise, \u00e0 Paris, conf\u00e9rence le mercredi<a class=\"excerpt-read-more\" href=\"https:\/\/concertience.fr\/leblog\/les-conferences-du-mois-de-mai-2014\/\" title=\"ReadLes conf\u00e9rences du mois de mai 2014\">&#8230; Lire plus &raquo;<\/a><\/p>\n","protected":false},"author":1,"featured_media":0,"comment_status":"open","ping_status":"open","sticky":false,"template":"","format":"standard","meta":{"footnotes":""},"categories":[12],"tags":[73],"class_list":["post-85","post","type-post","status-publish","format-standard","hentry","category-notre-offre-de-conferences","tag-conference-active-cnv"],"yoast_head":"<!-- This site is optimized with the Yoast SEO plugin v27.5 - https:\/\/yoast.com\/product\/yoast-seo-wordpress\/ -->\n<title>Les conf\u00e9rences du mois de mai 2014 - Le blog de Fran\u00e7oise Keller<\/title>\n<meta name=\"robots\" content=\"index, follow, max-snippet:-1, max-image-preview:large, max-video-preview:-1\" \/>\n<link rel=\"canonical\" href=\"https:\/\/concertience.fr\/leblog\/les-conferences-du-mois-de-mai-2014\/\" \/>\n<meta property=\"og:locale\" content=\"fr_FR\" \/>\n<meta property=\"og:type\" content=\"article\" \/>\n<meta property=\"og:title\" content=\"Les conf\u00e9rences du mois de mai 2014 - Le blog de Fran\u00e7oise Keller\" \/>\n<meta property=\"og:description\" content=\"Fran\u00e7oise Keller anime deux conf\u00e9rences sur le th\u00e8me \u00ab\u00a0Pratiquer la CNV au travail\u00a0\u00bb au mois de mai sur deux salons : Dans le cadre du Festival des Auteurs Psy \u00e0 N\u00eemes, conf\u00e9rence le samedi 24 mai \u00e0 11 heures. Dans le cadre du premier salon d\u00e9di\u00e9 au bien-\u00eatre en entreprise, \u00e0 Paris, conf\u00e9rence le mercredi... Lire plus &raquo;\" \/>\n<meta property=\"og:url\" content=\"https:\/\/concertience.fr\/leblog\/les-conferences-du-mois-de-mai-2014\/\" \/>\n<meta property=\"og:site_name\" content=\"Le blog de Fran\u00e7oise Keller\" \/>\n<meta property=\"article:published_time\" content=\"2014-05-15T12:47:09+00:00\" \/>\n<meta property=\"article:modified_time\" content=\"2020-03-30T10:26:22+00:00\" \/>\n<meta property=\"og:image\" content=\"https:\/\/mlkqhmyobbaq.i.optimole.com\/w:150\/h:150\/q:mauto\/rt:fill\/g:ce\/ig:avif\/https:\/\/concertience.fr\/leblog\/wp-content\/uploads\/sites\/2\/2020\/03\/Pratiquer-CNV-Travail-F-Keller.jpg\" \/>\n<meta name=\"author\" content=\"Pierrick\" \/>\n<meta name=\"twitter:card\" content=\"summary_large_image\" \/>\n<meta name=\"twitter:label1\" content=\"\u00c9crit par\" \/>\n\t<meta name=\"twitter:data1\" content=\"Pierrick\" \/>\n<script type=\"application\/ld+json\" class=\"yoast-schema-graph\">{\"@context\":\"https:\\\/\\\/schema.org\",\"@graph\":[{\"@type\":\"Article\",\"@id\":\"https:\\\/\\\/concertience.fr\\\/leblog\\\/les-conferences-du-mois-de-mai-2014\\\/#article\",\"isPartOf\":{\"@id\":\"https:\\\/\\\/concertience.fr\\\/leblog\\\/les-conferences-du-mois-de-mai-2014\\\/\"},\"author\":{\"name\":\"Pierrick\",\"@id\":\"https:\\\/\\\/concertience.fr\\\/leblog\\\/#\\\/schema\\\/person\\\/a01b04493c0cb1de0b2030c8b8d5676f\"},\"headline\":\"Les conf\u00e9rences du mois de mai 2014\",\"datePublished\":\"2014-05-15T12:47:09+00:00\",\"dateModified\":\"2020-03-30T10:26:22+00:00\",\"mainEntityOfPage\":{\"@id\":\"https:\\\/\\\/concertience.fr\\\/leblog\\\/les-conferences-du-mois-de-mai-2014\\\/\"},\"wordCount\":92,\"commentCount\":0,\"image\":{\"@id\":\"https:\\\/\\\/concertience.fr\\\/leblog\\\/les-conferences-du-mois-de-mai-2014\\\/#primaryimage\"},\"thumbnailUrl\":\"https:\\/\\/concertience.fr\\/leblog\\/wp-content\\/uploads\\/sites\\/2\\/2020\\/03\\/Pratiquer-CNV-Travail-F-Keller-150x150.jpg\",\"keywords\":[\"Conf\u00e9rence active CNV\"],\"articleSection\":[\"Notre offre de conf\u00e9rences\"],\"inLanguage\":\"fr-FR\",\"potentialAction\":[{\"@type\":\"CommentAction\",\"name\":\"Comment\",\"target\":[\"https:\\\/\\\/concertience.fr\\\/leblog\\\/les-conferences-du-mois-de-mai-2014\\\/#respond\"]}]},{\"@type\":\"WebPage\",\"@id\":\"https:\\\/\\\/concertience.fr\\\/leblog\\\/les-conferences-du-mois-de-mai-2014\\\/\",\"url\":\"https:\\\/\\\/concertience.fr\\\/leblog\\\/les-conferences-du-mois-de-mai-2014\\\/\",\"name\":\"Les conf\u00e9rences du mois de mai 2014 - Le blog de Fran\u00e7oise Keller\",\"isPartOf\":{\"@id\":\"https:\\\/\\\/concertience.fr\\\/leblog\\\/#website\"},\"primaryImageOfPage\":{\"@id\":\"https:\\\/\\\/concertience.fr\\\/leblog\\\/les-conferences-du-mois-de-mai-2014\\\/#primaryimage\"},\"image\":{\"@id\":\"https:\\\/\\\/concertience.fr\\\/leblog\\\/les-conferences-du-mois-de-mai-2014\\\/#primaryimage\"},\"thumbnailUrl\":\"https:\\/\\/concertience.fr\\/leblog\\/wp-content\\/uploads\\/sites\\/2\\/2020\\/03\\/Pratiquer-CNV-Travail-F-Keller-150x150.jpg\",\"datePublished\":\"2014-05-15T12:47:09+00:00\",\"dateModified\":\"2020-03-30T10:26:22+00:00\",\"author\":{\"@id\":\"https:\\\/\\\/concertience.fr\\\/leblog\\\/#\\\/schema\\\/person\\\/a01b04493c0cb1de0b2030c8b8d5676f\"},\"breadcrumb\":{\"@id\":\"https:\\\/\\\/concertience.fr\\\/leblog\\\/les-conferences-du-mois-de-mai-2014\\\/#breadcrumb\"},\"inLanguage\":\"fr-FR\",\"potentialAction\":[{\"@type\":\"ReadAction\",\"target\":[\"https:\\\/\\\/concertience.fr\\\/leblog\\\/les-conferences-du-mois-de-mai-2014\\\/\"]}]},{\"@type\":\"ImageObject\",\"inLanguage\":\"fr-FR\",\"@id\":\"https:\\\/\\\/concertience.fr\\\/leblog\\\/les-conferences-du-mois-de-mai-2014\\\/#primaryimage\",\"url\":\"https:\\/\\/concertience.fr\\/leblog\\/wp-content\\/uploads\\/sites\\/2\\/2020\\/03\\/Pratiquer-CNV-Travail-F-Keller.jpg\",\"contentUrl\":\"https:\\/\\/concertience.fr\\/leblog\\/wp-content\\/uploads\\/sites\\/2\\/2020\\/03\\/Pratiquer-CNV-Travail-F-Keller.jpg\",\"width\":400,\"height\":628},{\"@type\":\"BreadcrumbList\",\"@id\":\"https:\\\/\\\/concertience.fr\\\/leblog\\\/les-conferences-du-mois-de-mai-2014\\\/#breadcrumb\",\"itemListElement\":[{\"@type\":\"ListItem\",\"position\":1,\"name\":\"Accueil\",\"item\":\"https:\\\/\\\/concertience.fr\\\/leblog\\\/\"},{\"@type\":\"ListItem\",\"position\":2,\"name\":\"Notre offre de conf\u00e9rences\",\"item\":\"https:\\\/\\\/concertience.fr\\\/leblog\\\/notre-offre-de-conferences\\\/\"},{\"@type\":\"ListItem\",\"position\":3,\"name\":\"Les conf\u00e9rences du mois de mai 2014\"}]},{\"@type\":\"WebSite\",\"@id\":\"https:\\\/\\\/concertience.fr\\\/leblog\\\/#website\",\"url\":\"https:\\\/\\\/concertience.fr\\\/leblog\\\/\",\"name\":\"Le blog de Fran\u00e7oise Keller\",\"description\":\"Le blog de Fran\u00e7oise Keller, Concertience\",\"potentialAction\":[{\"@type\":\"SearchAction\",\"target\":{\"@type\":\"EntryPoint\",\"urlTemplate\":\"https:\\\/\\\/concertience.fr\\\/leblog\\\/?s={search_term_string}\"},\"query-input\":{\"@type\":\"PropertyValueSpecification\",\"valueRequired\":true,\"valueName\":\"search_term_string\"}}],\"inLanguage\":\"fr-FR\"},{\"@type\":\"Person\",\"@id\":\"https:\\\/\\\/concertience.fr\\\/leblog\\\/#\\\/schema\\\/person\\\/a01b04493c0cb1de0b2030c8b8d5676f\",\"name\":\"Pierrick\"}]}<\/script>\n<!-- \/ Yoast SEO plugin. -->","yoast_head_json":{"title":"Les conf\u00e9rences du mois de mai 2014 - Le blog de Fran\u00e7oise Keller","robots":{"index":"index","follow":"follow","max-snippet":"max-snippet:-1","max-image-preview":"max-image-preview:large","max-video-preview":"max-video-preview:-1"},"canonical":"https:\/\/concertience.fr\/leblog\/les-conferences-du-mois-de-mai-2014\/","og_locale":"fr_FR","og_type":"article","og_title":"Les conf\u00e9rences du mois de mai 2014 - Le blog de Fran\u00e7oise Keller","og_description":"Fran\u00e7oise Keller anime deux conf\u00e9rences sur le th\u00e8me \u00ab\u00a0Pratiquer la CNV au travail\u00a0\u00bb au mois de mai sur deux salons : Dans le cadre du Festival des Auteurs Psy \u00e0 N\u00eemes, conf\u00e9rence le samedi 24 mai \u00e0 11 heures. Dans le cadre du premier salon d\u00e9di\u00e9 au bien-\u00eatre en entreprise, \u00e0 Paris, conf\u00e9rence le mercredi... Lire plus &raquo;","og_url":"https:\/\/concertience.fr\/leblog\/les-conferences-du-mois-de-mai-2014\/","og_site_name":"Le blog de Fran\u00e7oise Keller","article_published_time":"2014-05-15T12:47:09+00:00","article_modified_time":"2020-03-30T10:26:22+00:00","og_image":[{"url":"https:\/\/mlkqhmyobbaq.i.optimole.com\/w:150\/h:150\/q:mauto\/rt:fill\/g:ce\/ig:avif\/https:\/\/concertience.fr\/leblog\/wp-content\/uploads\/sites\/2\/2020\/03\/Pratiquer-CNV-Travail-F-Keller.jpg","type":"","width":"","height":""}],"author":"Pierrick","twitter_card":"summary_large_image","twitter_misc":{"\u00c9crit par":"Pierrick"},"schema":{"@context":"https:\/\/schema.org","@graph":[{"@type":"Article","@id":"https:\/\/concertience.fr\/leblog\/les-conferences-du-mois-de-mai-2014\/#article","isPartOf":{"@id":"https:\/\/concertience.fr\/leblog\/les-conferences-du-mois-de-mai-2014\/"},"author":{"name":"Pierrick","@id":"https:\/\/concertience.fr\/leblog\/#\/schema\/person\/a01b04493c0cb1de0b2030c8b8d5676f"},"headline":"Les conf\u00e9rences du mois de mai 2014","datePublished":"2014-05-15T12:47:09+00:00","dateModified":"2020-03-30T10:26:22+00:00","mainEntityOfPage":{"@id":"https:\/\/concertience.fr\/leblog\/les-conferences-du-mois-de-mai-2014\/"},"wordCount":92,"commentCount":0,"image":{"@id":"https:\/\/concertience.fr\/leblog\/les-conferences-du-mois-de-mai-2014\/#primaryimage"},"thumbnailUrl":"https:\/\/mlkqhmyobbaq.i.optimole.com\/w:150\/h:150\/q:mauto\/rt:fill\/g:ce\/ig:avif\/https:\/\/concertience.fr\/leblog\/wp-content\/uploads\/sites\/2\/2020\/03\/Pratiquer-CNV-Travail-F-Keller.jpg","keywords":["Conf\u00e9rence active CNV"],"articleSection":["Notre offre de conf\u00e9rences"],"inLanguage":"fr-FR","potentialAction":[{"@type":"CommentAction","name":"Comment","target":["https:\/\/concertience.fr\/leblog\/les-conferences-du-mois-de-mai-2014\/#respond"]}]},{"@type":"WebPage","@id":"https:\/\/concertience.fr\/leblog\/les-conferences-du-mois-de-mai-2014\/","url":"https:\/\/concertience.fr\/leblog\/les-conferences-du-mois-de-mai-2014\/","name":"Les conf\u00e9rences du mois de mai 2014 - Le blog de Fran\u00e7oise Keller","isPartOf":{"@id":"https:\/\/concertience.fr\/leblog\/#website"},"primaryImageOfPage":{"@id":"https:\/\/concertience.fr\/leblog\/les-conferences-du-mois-de-mai-2014\/#primaryimage"},"image":{"@id":"https:\/\/concertience.fr\/leblog\/les-conferences-du-mois-de-mai-2014\/#primaryimage"},"thumbnailUrl":"https:\/\/mlkqhmyobbaq.i.optimole.com\/w:150\/h:150\/q:mauto\/rt:fill\/g:ce\/ig:avif\/https:\/\/concertience.fr\/leblog\/wp-content\/uploads\/sites\/2\/2020\/03\/Pratiquer-CNV-Travail-F-Keller.jpg","datePublished":"2014-05-15T12:47:09+00:00","dateModified":"2020-03-30T10:26:22+00:00","author":{"@id":"https:\/\/concertience.fr\/leblog\/#\/schema\/person\/a01b04493c0cb1de0b2030c8b8d5676f"},"breadcrumb":{"@id":"https:\/\/concertience.fr\/leblog\/les-conferences-du-mois-de-mai-2014\/#breadcrumb"},"inLanguage":"fr-FR","potentialAction":[{"@type":"ReadAction","target":["https:\/\/concertience.fr\/leblog\/les-conferences-du-mois-de-mai-2014\/"]}]},{"@type":"ImageObject","inLanguage":"fr-FR","@id":"https:\/\/concertience.fr\/leblog\/les-conferences-du-mois-de-mai-2014\/#primaryimage","url":"https:\/\/mlkqhmyobbaq.i.optimole.com\/w:auto\/h:auto\/q:mauto\/ig:avif\/https:\/\/concertience.fr\/leblog\/wp-content\/uploads\/sites\/2\/2020\/03\/Pratiquer-CNV-Travail-F-Keller.jpg","contentUrl":"https:\/\/mlkqhmyobbaq.i.optimole.com\/w:auto\/h:auto\/q:mauto\/ig:avif\/https:\/\/concertience.fr\/leblog\/wp-content\/uploads\/sites\/2\/2020\/03\/Pratiquer-CNV-Travail-F-Keller.jpg","width":400,"height":628},{"@type":"BreadcrumbList","@id":"https:\/\/concertience.fr\/leblog\/les-conferences-du-mois-de-mai-2014\/#breadcrumb","itemListElement":[{"@type":"ListItem","position":1,"name":"Accueil","item":"https:\/\/concertience.fr\/leblog\/"},{"@type":"ListItem","position":2,"name":"Notre offre de conf\u00e9rences","item":"https:\/\/concertience.fr\/leblog\/notre-offre-de-conferences\/"},{"@type":"ListItem","position":3,"name":"Les conf\u00e9rences du mois de mai 2014"}]},{"@type":"WebSite","@id":"https:\/\/concertience.fr\/leblog\/#website","url":"https:\/\/concertience.fr\/leblog\/","name":"Le blog de Fran\u00e7oise Keller","description":"Le blog de Fran\u00e7oise Keller, Concertience","potentialAction":[{"@type":"SearchAction","target":{"@type":"EntryPoint","urlTemplate":"https:\/\/concertience.fr\/leblog\/?s={search_term_string}"},"query-input":{"@type":"PropertyValueSpecification","valueRequired":true,"valueName":"search_term_string"}}],"inLanguage":"fr-FR"},{"@type":"Person","@id":"https:\/\/concertience.fr\/leblog\/#\/schema\/person\/a01b04493c0cb1de0b2030c8b8d5676f","name":"Pierrick"}]}},"_links":{"self":[{"href":"https:\/\/concertience.fr\/leblog\/wp-json\/wp\/v2\/posts\/85","targetHints":{"allow":["GET"]}}],"collection":[{"href":"https:\/\/concertience.fr\/leblog\/wp-json\/wp\/v2\/posts"}],"about":[{"href":"https:\/\/concertience.fr\/leblog\/wp-json\/wp\/v2\/types\/post"}],"author":[{"embeddable":true,"href":"https:\/\/concertience.fr\/leblog\/wp-json\/wp\/v2\/users\/1"}],"replies":[{"embeddable":true,"href":"https:\/\/concertience.fr\/leblog\/wp-json\/wp\/v2\/comments?post=85"}],"version-history":[{"count":2,"href":"https:\/\/concertience.fr\/leblog\/wp-json\/wp\/v2\/posts\/85\/revisions"}],"predecessor-version":[{"id":624,"href":"https:\/\/concertience.fr\/leblog\/wp-json\/wp\/v2\/posts\/85\/revisions\/624"}],"wp:attachment":[{"href":"https:\/\/concertience.fr\/leblog\/wp-json\/wp\/v2\/media?parent=85"}],"wp:term":[{"taxonomy":"category","embeddable":true,"href":"https:\/\/concertience.fr\/leblog\/wp-json\/wp\/v2\/categories?post=85"},{"taxonomy":"post_tag","embeddable":true,"href":"https:\/\/concertience.fr\/leblog\/wp-json\/wp\/v2\/tags?post=85"}],"curies":[{"name":"wp","href":"https:\/\/api.w.org\/{rel}","templated":true}]}}