{"id":79,"date":"2014-10-23T07:50:26","date_gmt":"2014-10-23T05:50:26","guid":{"rendered":"https:\/\/concertience.fr\/leblog\/2014\/10\/23\/j-1\/"},"modified":"2020-03-30T22:32:10","modified_gmt":"2020-03-30T20:32:10","slug":"j-1","status":"publish","type":"post","link":"https:\/\/concertience.fr\/leblog\/j-1\/","title":{"rendered":"J-1 !"},"content":{"rendered":"<p>Le Forum Concertience c&#039;est demain ! Pour celles et ceux qui sont inscrits, vous trouverez toutes les informations (plan d&#039;acc\u00e8s&#8230;) sur <a href=\"http:\/\/concertience2014.jimdo.com\" target=\"_self\" rel=\"noopener noreferrer\">le site de l&#039;\u00e9v\u00e9nement<\/a>.<\/p>\n<p>Le Forum Concertience c&#039;est&#8230;<\/p>\n<p><span style=\"font-size: 13pt\"><strong>1<\/strong> <\/span>\u00e9v\u00e9nement<\/p>\n<p><span style=\"font-size: 13pt\"><strong>2<\/strong><\/span> surprises (au moins !)<\/p>\n<p><span style=\"font-size: 13pt\"><strong>3<\/strong><\/span> facilitatrices du cabinet<a href=\"http:\/\/www.awarenessconsulting.com\" target=\"_self\" rel=\"noopener noreferrer\"> Awareness<\/a><\/p>\n<p><span style=\"font-size: 17px\"><strong>3<\/strong><\/span> t\u00e9moins<\/p>\n<p><strong><span style=\"font-size: 13pt\">8<\/span><\/strong> membres de l&#039;\u00e9quipe de coordination<\/p>\n<p><span style=\"font-size: 13pt\"><strong>15<\/strong><\/span> b\u00e9n\u00e9voles (au moins !)<\/p>\n<p><span style=\"font-size: 13pt\"><strong>91<\/strong><\/span> participants<\/p>\n<p><span style=\"font-size: 13pt\"><strong>1001<\/strong><\/span> occasions d&#039;inspiration, d&#039;apprentissage, d&#039;encouragement et d&#039;espoir !<\/p>\n<p>A demain pour celles et ceux qui sont inscrits. A une prochaine fois pour les autres (et nous vous partagerons quelques images)&#8230;<\/p>\n","protected":false},"excerpt":{"rendered":"<p>Le Forum Concertience c&#039;est demain ! Pour celles et ceux qui sont inscrits, vous trouverez toutes les informations (plan d&#039;acc\u00e8s&#8230;) sur le site de l&#039;\u00e9v\u00e9nement. Le Forum Concertience c&#039;est&#8230; 1 \u00e9v\u00e9nement 2 surprises (au moins !) 3 facilitatrices du cabinet Awareness 3 t\u00e9moins 8 membres de l&#039;\u00e9quipe de coordination 15 b\u00e9n\u00e9voles (au moins !) 91<a class=\"excerpt-read-more\" href=\"https:\/\/concertience.fr\/leblog\/j-1\/\" title=\"ReadJ-1 !\">&#8230; Lire plus &raquo;<\/a><\/p>\n","protected":false},"author":1,"featured_media":0,"comment_status":"open","ping_status":"open","sticky":false,"template":"","format":"standard","meta":{"footnotes":""},"categories":[3],"tags":[40],"class_list":["post-79","post","type-post","status-publish","format-standard","hentry","category-actualites","tag-forum-ouvert"],"yoast_head":"<!-- This site is optimized with the Yoast SEO plugin v27.4 - https:\/\/yoast.com\/product\/yoast-seo-wordpress\/ -->\n<title>J-1 ! - Le blog de Fran\u00e7oise Keller<\/title>\n<meta name=\"robots\" content=\"index, follow, max-snippet:-1, max-image-preview:large, max-video-preview:-1\" \/>\n<link rel=\"canonical\" href=\"https:\/\/concertience.fr\/leblog\/j-1\/\" \/>\n<meta property=\"og:locale\" content=\"fr_FR\" \/>\n<meta property=\"og:type\" content=\"article\" \/>\n<meta property=\"og:title\" content=\"J-1 ! - Le blog de Fran\u00e7oise Keller\" \/>\n<meta property=\"og:description\" content=\"Le Forum Concertience c&#039;est demain ! Pour celles et ceux qui sont inscrits, vous trouverez toutes les informations (plan d&#039;acc\u00e8s&#8230;) sur le site de l&#039;\u00e9v\u00e9nement. Le Forum Concertience c&#039;est&#8230; 1 \u00e9v\u00e9nement 2 surprises (au moins !) 3 facilitatrices du cabinet Awareness 3 t\u00e9moins 8 membres de l&#039;\u00e9quipe de coordination 15 b\u00e9n\u00e9voles (au moins !) 91... Lire plus &raquo;\" \/>\n<meta property=\"og:url\" content=\"https:\/\/concertience.fr\/leblog\/j-1\/\" \/>\n<meta property=\"og:site_name\" content=\"Le blog de Fran\u00e7oise Keller\" \/>\n<meta property=\"article:published_time\" content=\"2014-10-23T05:50:26+00:00\" \/>\n<meta property=\"article:modified_time\" content=\"2020-03-30T20:32:10+00:00\" \/>\n<meta name=\"author\" content=\"Pierrick\" \/>\n<meta name=\"twitter:card\" content=\"summary_large_image\" \/>\n<meta name=\"twitter:label1\" content=\"\u00c9crit par\" \/>\n\t<meta name=\"twitter:data1\" content=\"Pierrick\" \/>\n<script type=\"application\/ld+json\" class=\"yoast-schema-graph\">{\"@context\":\"https:\\\/\\\/schema.org\",\"@graph\":[{\"@type\":\"Article\",\"@id\":\"https:\\\/\\\/concertience.fr\\\/leblog\\\/j-1\\\/#article\",\"isPartOf\":{\"@id\":\"https:\\\/\\\/concertience.fr\\\/leblog\\\/j-1\\\/\"},\"author\":{\"name\":\"Pierrick\",\"@id\":\"https:\\\/\\\/concertience.fr\\\/leblog\\\/#\\\/schema\\\/person\\\/a01b04493c0cb1de0b2030c8b8d5676f\"},\"headline\":\"J-1 !\",\"datePublished\":\"2014-10-23T05:50:26+00:00\",\"dateModified\":\"2020-03-30T20:32:10+00:00\",\"mainEntityOfPage\":{\"@id\":\"https:\\\/\\\/concertience.fr\\\/leblog\\\/j-1\\\/\"},\"wordCount\":90,\"commentCount\":0,\"keywords\":[\"Forum ouvert\"],\"articleSection\":[\"Actualit\u00e9s\"],\"inLanguage\":\"fr-FR\",\"potentialAction\":[{\"@type\":\"CommentAction\",\"name\":\"Comment\",\"target\":[\"https:\\\/\\\/concertience.fr\\\/leblog\\\/j-1\\\/#respond\"]}]},{\"@type\":\"WebPage\",\"@id\":\"https:\\\/\\\/concertience.fr\\\/leblog\\\/j-1\\\/\",\"url\":\"https:\\\/\\\/concertience.fr\\\/leblog\\\/j-1\\\/\",\"name\":\"J-1 ! - Le blog de Fran\u00e7oise Keller\",\"isPartOf\":{\"@id\":\"https:\\\/\\\/concertience.fr\\\/leblog\\\/#website\"},\"datePublished\":\"2014-10-23T05:50:26+00:00\",\"dateModified\":\"2020-03-30T20:32:10+00:00\",\"author\":{\"@id\":\"https:\\\/\\\/concertience.fr\\\/leblog\\\/#\\\/schema\\\/person\\\/a01b04493c0cb1de0b2030c8b8d5676f\"},\"breadcrumb\":{\"@id\":\"https:\\\/\\\/concertience.fr\\\/leblog\\\/j-1\\\/#breadcrumb\"},\"inLanguage\":\"fr-FR\",\"potentialAction\":[{\"@type\":\"ReadAction\",\"target\":[\"https:\\\/\\\/concertience.fr\\\/leblog\\\/j-1\\\/\"]}]},{\"@type\":\"BreadcrumbList\",\"@id\":\"https:\\\/\\\/concertience.fr\\\/leblog\\\/j-1\\\/#breadcrumb\",\"itemListElement\":[{\"@type\":\"ListItem\",\"position\":1,\"name\":\"Accueil\",\"item\":\"https:\\\/\\\/concertience.fr\\\/leblog\\\/\"},{\"@type\":\"ListItem\",\"position\":2,\"name\":\"Actualit\u00e9s\",\"item\":\"https:\\\/\\\/concertience.fr\\\/leblog\\\/actualites\\\/\"},{\"@type\":\"ListItem\",\"position\":3,\"name\":\"J-1 !\"}]},{\"@type\":\"WebSite\",\"@id\":\"https:\\\/\\\/concertience.fr\\\/leblog\\\/#website\",\"url\":\"https:\\\/\\\/concertience.fr\\\/leblog\\\/\",\"name\":\"Le blog de Fran\u00e7oise Keller\",\"description\":\"Le blog de Fran\u00e7oise Keller, Concertience\",\"potentialAction\":[{\"@type\":\"SearchAction\",\"target\":{\"@type\":\"EntryPoint\",\"urlTemplate\":\"https:\\\/\\\/concertience.fr\\\/leblog\\\/?s={search_term_string}\"},\"query-input\":{\"@type\":\"PropertyValueSpecification\",\"valueRequired\":true,\"valueName\":\"search_term_string\"}}],\"inLanguage\":\"fr-FR\"},{\"@type\":\"Person\",\"@id\":\"https:\\\/\\\/concertience.fr\\\/leblog\\\/#\\\/schema\\\/person\\\/a01b04493c0cb1de0b2030c8b8d5676f\",\"name\":\"Pierrick\"}]}<\/script>\n<!-- \/ Yoast SEO plugin. -->","yoast_head_json":{"title":"J-1 ! - Le blog de Fran\u00e7oise Keller","robots":{"index":"index","follow":"follow","max-snippet":"max-snippet:-1","max-image-preview":"max-image-preview:large","max-video-preview":"max-video-preview:-1"},"canonical":"https:\/\/concertience.fr\/leblog\/j-1\/","og_locale":"fr_FR","og_type":"article","og_title":"J-1 ! - Le blog de Fran\u00e7oise Keller","og_description":"Le Forum Concertience c&#039;est demain ! Pour celles et ceux qui sont inscrits, vous trouverez toutes les informations (plan d&#039;acc\u00e8s&#8230;) sur le site de l&#039;\u00e9v\u00e9nement. Le Forum Concertience c&#039;est&#8230; 1 \u00e9v\u00e9nement 2 surprises (au moins !) 3 facilitatrices du cabinet Awareness 3 t\u00e9moins 8 membres de l&#039;\u00e9quipe de coordination 15 b\u00e9n\u00e9voles (au moins !) 91... Lire plus &raquo;","og_url":"https:\/\/concertience.fr\/leblog\/j-1\/","og_site_name":"Le blog de Fran\u00e7oise Keller","article_published_time":"2014-10-23T05:50:26+00:00","article_modified_time":"2020-03-30T20:32:10+00:00","author":"Pierrick","twitter_card":"summary_large_image","twitter_misc":{"\u00c9crit par":"Pierrick"},"schema":{"@context":"https:\/\/schema.org","@graph":[{"@type":"Article","@id":"https:\/\/concertience.fr\/leblog\/j-1\/#article","isPartOf":{"@id":"https:\/\/concertience.fr\/leblog\/j-1\/"},"author":{"name":"Pierrick","@id":"https:\/\/concertience.fr\/leblog\/#\/schema\/person\/a01b04493c0cb1de0b2030c8b8d5676f"},"headline":"J-1 !","datePublished":"2014-10-23T05:50:26+00:00","dateModified":"2020-03-30T20:32:10+00:00","mainEntityOfPage":{"@id":"https:\/\/concertience.fr\/leblog\/j-1\/"},"wordCount":90,"commentCount":0,"keywords":["Forum ouvert"],"articleSection":["Actualit\u00e9s"],"inLanguage":"fr-FR","potentialAction":[{"@type":"CommentAction","name":"Comment","target":["https:\/\/concertience.fr\/leblog\/j-1\/#respond"]}]},{"@type":"WebPage","@id":"https:\/\/concertience.fr\/leblog\/j-1\/","url":"https:\/\/concertience.fr\/leblog\/j-1\/","name":"J-1 ! - Le blog de Fran\u00e7oise Keller","isPartOf":{"@id":"https:\/\/concertience.fr\/leblog\/#website"},"datePublished":"2014-10-23T05:50:26+00:00","dateModified":"2020-03-30T20:32:10+00:00","author":{"@id":"https:\/\/concertience.fr\/leblog\/#\/schema\/person\/a01b04493c0cb1de0b2030c8b8d5676f"},"breadcrumb":{"@id":"https:\/\/concertience.fr\/leblog\/j-1\/#breadcrumb"},"inLanguage":"fr-FR","potentialAction":[{"@type":"ReadAction","target":["https:\/\/concertience.fr\/leblog\/j-1\/"]}]},{"@type":"BreadcrumbList","@id":"https:\/\/concertience.fr\/leblog\/j-1\/#breadcrumb","itemListElement":[{"@type":"ListItem","position":1,"name":"Accueil","item":"https:\/\/concertience.fr\/leblog\/"},{"@type":"ListItem","position":2,"name":"Actualit\u00e9s","item":"https:\/\/concertience.fr\/leblog\/actualites\/"},{"@type":"ListItem","position":3,"name":"J-1 !"}]},{"@type":"WebSite","@id":"https:\/\/concertience.fr\/leblog\/#website","url":"https:\/\/concertience.fr\/leblog\/","name":"Le blog de Fran\u00e7oise Keller","description":"Le blog de Fran\u00e7oise Keller, Concertience","potentialAction":[{"@type":"SearchAction","target":{"@type":"EntryPoint","urlTemplate":"https:\/\/concertience.fr\/leblog\/?s={search_term_string}"},"query-input":{"@type":"PropertyValueSpecification","valueRequired":true,"valueName":"search_term_string"}}],"inLanguage":"fr-FR"},{"@type":"Person","@id":"https:\/\/concertience.fr\/leblog\/#\/schema\/person\/a01b04493c0cb1de0b2030c8b8d5676f","name":"Pierrick"}]}},"_links":{"self":[{"href":"https:\/\/concertience.fr\/leblog\/wp-json\/wp\/v2\/posts\/79","targetHints":{"allow":["GET"]}}],"collection":[{"href":"https:\/\/concertience.fr\/leblog\/wp-json\/wp\/v2\/posts"}],"about":[{"href":"https:\/\/concertience.fr\/leblog\/wp-json\/wp\/v2\/types\/post"}],"author":[{"embeddable":true,"href":"https:\/\/concertience.fr\/leblog\/wp-json\/wp\/v2\/users\/1"}],"replies":[{"embeddable":true,"href":"https:\/\/concertience.fr\/leblog\/wp-json\/wp\/v2\/comments?post=79"}],"version-history":[{"count":1,"href":"https:\/\/concertience.fr\/leblog\/wp-json\/wp\/v2\/posts\/79\/revisions"}],"predecessor-version":[{"id":803,"href":"https:\/\/concertience.fr\/leblog\/wp-json\/wp\/v2\/posts\/79\/revisions\/803"}],"wp:attachment":[{"href":"https:\/\/concertience.fr\/leblog\/wp-json\/wp\/v2\/media?parent=79"}],"wp:term":[{"taxonomy":"category","embeddable":true,"href":"https:\/\/concertience.fr\/leblog\/wp-json\/wp\/v2\/categories?post=79"},{"taxonomy":"post_tag","embeddable":true,"href":"https:\/\/concertience.fr\/leblog\/wp-json\/wp\/v2\/tags?post=79"}],"curies":[{"name":"wp","href":"https:\/\/api.w.org\/{rel}","templated":true}]}}