{"id":78,"date":"2014-11-16T16:04:00","date_gmt":"2014-11-16T15:04:00","guid":{"rendered":"https:\/\/concertience.fr\/leblog\/2014\/11\/16\/premier-bilan-du-forum-concertience-2014\/"},"modified":"2020-03-27T22:41:51","modified_gmt":"2020-03-27T21:41:51","slug":"premier-bilan-du-forum-concertience-2014","status":"publish","type":"post","link":"https:\/\/concertience.fr\/leblog\/premier-bilan-du-forum-concertience-2014\/","title":{"rendered":"Premier bilan du Forum Concertience 2014"},"content":{"rendered":"\n<figure class=\"wp-block-image size-large\"><img data-opt-id=2050203516  fetchpriority=\"high\" decoding=\"async\" width=\"1024\" height=\"683\" src=\"https:\/\/mlkqhmyobbaq.i.optimole.com\/w:1024\/h:683\/q:mauto\/ig:avif\/https:\/\/concertience.fr\/leblog\/wp-content\/uploads\/sites\/2\/2020\/03\/Forum-Ouvert-Concertience-1.jpg\" alt=\"\" class=\"wp-image-610\" srcset=\"https:\/\/mlkqhmyobbaq.i.optimole.com\/w:1024\/h:683\/q:mauto\/ig:avif\/https:\/\/concertience.fr\/leblog\/wp-content\/uploads\/sites\/2\/2020\/03\/Forum-Ouvert-Concertience-1-scaled.jpg 1024w, https:\/\/mlkqhmyobbaq.i.optimole.com\/w:300\/h:200\/q:mauto\/ig:avif\/https:\/\/concertience.fr\/leblog\/wp-content\/uploads\/sites\/2\/2020\/03\/Forum-Ouvert-Concertience-1-scaled.jpg 300w, https:\/\/mlkqhmyobbaq.i.optimole.com\/w:768\/h:512\/q:mauto\/ig:avif\/https:\/\/concertience.fr\/leblog\/wp-content\/uploads\/sites\/2\/2020\/03\/Forum-Ouvert-Concertience-1-scaled.jpg 768w, https:\/\/mlkqhmyobbaq.i.optimole.com\/w:1536\/h:1024\/q:mauto\/ig:avif\/https:\/\/concertience.fr\/leblog\/wp-content\/uploads\/sites\/2\/2020\/03\/Forum-Ouvert-Concertience-1-scaled.jpg 1536w, https:\/\/mlkqhmyobbaq.i.optimole.com\/w:1620\/h:1080\/q:mauto\/ig:avif\/https:\/\/concertience.fr\/leblog\/wp-content\/uploads\/sites\/2\/2020\/03\/Forum-Ouvert-Concertience-1-scaled.jpg 2048w\" sizes=\"(max-width: 1024px) 100vw, 1024px\" \/><\/figure>\n\n\n<p>\u00a0<\/p>\n<p>90 personnes se sont retrouv\u00e9es \u00e0 l&rsquo;Espace Ecully le 24 octobre pour le premier Forum Concertience autour du th\u00e8me \u00ab\u00a0Aller plus loin pour vivre des organisations bienveillantes, dynamiques et inspirantes\u00a0\u00bb. La journ\u00e9e, initi\u00e9e par Fran\u00e7oise Keller et anim\u00e9e par D\u00e9borah Maarek \u00a0(Awareness) fut une journ\u00e9e riche pour tous les participants :<\/p>\n<ul>\n<li>Echanges autour des t\u00e9moignages de Catherine Hauducoeur, Thierry Roche et Isabelle Joschke : comment la CNV peut inspirer des projets et contribuer \u00e0 concilier bien-\u00eatre et performance ; comment la coop\u00e9ration et la bienveillance peuvent modifier la comp\u00e9tition&#8230;<\/li>\n<li>Exp\u00e9riences concr\u00e8tes de coop\u00e9rations cr\u00e9atives avec la voix, les couleurs et la lumi\u00e8re<\/li>\n<li>Forum Ouvert<\/li>\n<\/ul>\n<p>Quelques \u00e9chos des participants :<\/p>\n<ul>\n<li>\u00ab\u00a0Un grand bravo pour cette journ\u00e9e si r\u00e9ussie ! \u00a0C \u00e9tait inspirant, apais\u00e9 et dynamisant&#8230;.. j ai trouv\u00e9 l organisation remarquable et la r\u00e9partition des r\u00f4les entre vous g\u00e9niale.\u00a0Je pense que tout \u00e7a prend une dimension nouvelle.\u00a0\u00bb<\/li>\n<li>\u00ab\u00a0Bravo pour cette belle organisation de forum ouvert vendredi dernier. J&rsquo;ai appris, j&rsquo;ai \u00e9chang\u00e9 et fait des rencontres. \u00c7a m&rsquo;a donn\u00e9 de l&rsquo;\u00e9nergie pour aller de l&rsquo;avant. C&rsquo;\u00e9tait bien organis\u00e9, diversifi\u00e9, nourrissant, stimulant et g\u00e9n\u00e9reux. Merci pour ces riches moments.\u00a0\u00bb<\/li>\n<li>\u00ab\u00a0C\u2019\u00e9tait vraiment un beau, bon moment qui dynamise, inspire et veille au bien !\u00a0\u00bb<\/li>\n<li>\u00ab\u00a0Merci encore pour cette journ\u00e9e si belle, chaleureuse, si riche, si\u2026 inspirante\u00a0!!\u00a0\u00bb<\/li>\n<\/ul>\n<p>Nous mettrons progressivement en ligne sur le site photos et vid\u00e9os, t\u00e9moignages et nouvelles propositions inspir\u00e9es de ce Forum.<\/p>\n<p>Merci \u00e0 celles et ceux qui ont particip\u00e9, contribu\u00e9 \u00e0 cette belle journ\u00e9e. Merci aussi \u00e0 celles et ceux qui ont soutenu cette initiative par leurs encouragements et leurs r\u00e9actions !<\/p>\n<p>Tous vos commentaires sont bienvenus pour enrichir les retours d&rsquo;exp\u00e9rience de ce Forum&#8230;<\/p>\n\n\n<figure class=\"wp-block-embed-youtube wp-block-embed is-type-video is-provider-youtube wp-embed-aspect-16-9 wp-has-aspect-ratio\"><div class=\"wp-block-embed__wrapper\">\n<iframe title=\"Forum Concertience 2014 Le Film\" width=\"1200\" height=\"675\" src=\"https:\/\/www.youtube.com\/embed\/VJE-XPK8blg?feature=oembed\" frameborder=\"0\" allow=\"accelerometer; autoplay; encrypted-media; gyroscope; picture-in-picture\" allowfullscreen><\/iframe>\n<\/div><\/figure>\n","protected":false},"excerpt":{"rendered":"<p>\u00a0 90 personnes se sont retrouv\u00e9es \u00e0 l&rsquo;Espace Ecully le 24 octobre pour le premier Forum Concertience autour du th\u00e8me \u00ab\u00a0Aller plus loin pour vivre des organisations bienveillantes, dynamiques et inspirantes\u00a0\u00bb. La journ\u00e9e, initi\u00e9e par Fran\u00e7oise Keller et anim\u00e9e par D\u00e9borah Maarek \u00a0(Awareness) fut une journ\u00e9e riche pour tous les participants : Echanges autour des<a class=\"excerpt-read-more\" href=\"https:\/\/concertience.fr\/leblog\/premier-bilan-du-forum-concertience-2014\/\" title=\"ReadPremier bilan du Forum Concertience 2014\">&#8230; Lire plus &raquo;<\/a><\/p>\n","protected":false},"author":1,"featured_media":0,"comment_status":"open","ping_status":"open","sticky":false,"template":"","format":"standard","meta":{"footnotes":""},"categories":[2],"tags":[],"class_list":["post-78","post","type-post","status-publish","format-standard","hentry","category-notre-offre-globale"],"yoast_head":"<!-- This site is optimized with the Yoast SEO plugin v27.5 - https:\/\/yoast.com\/product\/yoast-seo-wordpress\/ -->\n<title>Premier bilan du Forum Concertience 2014 - Le blog de Fran\u00e7oise Keller<\/title>\n<meta name=\"robots\" content=\"index, follow, max-snippet:-1, max-image-preview:large, max-video-preview:-1\" \/>\n<link rel=\"canonical\" href=\"https:\/\/concertience.fr\/leblog\/premier-bilan-du-forum-concertience-2014\/\" \/>\n<meta property=\"og:locale\" content=\"fr_FR\" \/>\n<meta property=\"og:type\" content=\"article\" \/>\n<meta property=\"og:title\" content=\"Premier bilan du Forum Concertience 2014 - Le blog de Fran\u00e7oise Keller\" \/>\n<meta property=\"og:description\" content=\"\u00a0 90 personnes se sont retrouv\u00e9es \u00e0 l&rsquo;Espace Ecully le 24 octobre pour le premier Forum Concertience autour du th\u00e8me \u00ab\u00a0Aller plus loin pour vivre des organisations bienveillantes, dynamiques et inspirantes\u00a0\u00bb. La journ\u00e9e, initi\u00e9e par Fran\u00e7oise Keller et anim\u00e9e par D\u00e9borah Maarek \u00a0(Awareness) fut une journ\u00e9e riche pour tous les participants : Echanges autour des... Lire plus &raquo;\" \/>\n<meta property=\"og:url\" content=\"https:\/\/concertience.fr\/leblog\/premier-bilan-du-forum-concertience-2014\/\" \/>\n<meta property=\"og:site_name\" content=\"Le blog de Fran\u00e7oise Keller\" \/>\n<meta property=\"article:published_time\" content=\"2014-11-16T15:04:00+00:00\" \/>\n<meta property=\"article:modified_time\" content=\"2020-03-27T21:41:51+00:00\" \/>\n<meta property=\"og:image\" content=\"https:\/\/mlkqhmyobbaq.i.optimole.com\/w:1024\/h:683\/q:mauto\/ig:avif\/https:\/\/concertience.fr\/leblog\/wp-content\/uploads\/sites\/2\/2020\/03\/Forum-Ouvert-Concertience-1.jpg\" \/>\n<meta name=\"author\" content=\"Pierrick\" \/>\n<meta name=\"twitter:card\" content=\"summary_large_image\" \/>\n<meta name=\"twitter:label1\" content=\"\u00c9crit par\" \/>\n\t<meta name=\"twitter:data1\" content=\"Pierrick\" \/>\n\t<meta name=\"twitter:label2\" content=\"Dur\u00e9e de lecture estim\u00e9e\" \/>\n\t<meta name=\"twitter:data2\" content=\"2 minutes\" \/>\n<script type=\"application\/ld+json\" class=\"yoast-schema-graph\">{\"@context\":\"https:\\\/\\\/schema.org\",\"@graph\":[{\"@type\":\"Article\",\"@id\":\"https:\\\/\\\/concertience.fr\\\/leblog\\\/premier-bilan-du-forum-concertience-2014\\\/#article\",\"isPartOf\":{\"@id\":\"https:\\\/\\\/concertience.fr\\\/leblog\\\/premier-bilan-du-forum-concertience-2014\\\/\"},\"author\":{\"name\":\"Pierrick\",\"@id\":\"https:\\\/\\\/concertience.fr\\\/leblog\\\/#\\\/schema\\\/person\\\/a01b04493c0cb1de0b2030c8b8d5676f\"},\"headline\":\"Premier bilan du Forum Concertience 2014\",\"datePublished\":\"2014-11-16T15:04:00+00:00\",\"dateModified\":\"2020-03-27T21:41:51+00:00\",\"mainEntityOfPage\":{\"@id\":\"https:\\\/\\\/concertience.fr\\\/leblog\\\/premier-bilan-du-forum-concertience-2014\\\/\"},\"wordCount\":312,\"commentCount\":0,\"image\":{\"@id\":\"https:\\\/\\\/concertience.fr\\\/leblog\\\/premier-bilan-du-forum-concertience-2014\\\/#primaryimage\"},\"thumbnailUrl\":\"https:\\/\\/concertience.fr\\/leblog\\/wp-content\\/uploads\\/sites\\/2\\/2020\\/03\\/Forum-Ouvert-Concertience-1-1024x683.jpg\",\"articleSection\":[\"Notre offre globale\"],\"inLanguage\":\"fr-FR\",\"potentialAction\":[{\"@type\":\"CommentAction\",\"name\":\"Comment\",\"target\":[\"https:\\\/\\\/concertience.fr\\\/leblog\\\/premier-bilan-du-forum-concertience-2014\\\/#respond\"]}]},{\"@type\":\"WebPage\",\"@id\":\"https:\\\/\\\/concertience.fr\\\/leblog\\\/premier-bilan-du-forum-concertience-2014\\\/\",\"url\":\"https:\\\/\\\/concertience.fr\\\/leblog\\\/premier-bilan-du-forum-concertience-2014\\\/\",\"name\":\"Premier bilan du Forum Concertience 2014 - Le blog de Fran\u00e7oise Keller\",\"isPartOf\":{\"@id\":\"https:\\\/\\\/concertience.fr\\\/leblog\\\/#website\"},\"primaryImageOfPage\":{\"@id\":\"https:\\\/\\\/concertience.fr\\\/leblog\\\/premier-bilan-du-forum-concertience-2014\\\/#primaryimage\"},\"image\":{\"@id\":\"https:\\\/\\\/concertience.fr\\\/leblog\\\/premier-bilan-du-forum-concertience-2014\\\/#primaryimage\"},\"thumbnailUrl\":\"https:\\/\\/concertience.fr\\/leblog\\/wp-content\\/uploads\\/sites\\/2\\/2020\\/03\\/Forum-Ouvert-Concertience-1-1024x683.jpg\",\"datePublished\":\"2014-11-16T15:04:00+00:00\",\"dateModified\":\"2020-03-27T21:41:51+00:00\",\"author\":{\"@id\":\"https:\\\/\\\/concertience.fr\\\/leblog\\\/#\\\/schema\\\/person\\\/a01b04493c0cb1de0b2030c8b8d5676f\"},\"breadcrumb\":{\"@id\":\"https:\\\/\\\/concertience.fr\\\/leblog\\\/premier-bilan-du-forum-concertience-2014\\\/#breadcrumb\"},\"inLanguage\":\"fr-FR\",\"potentialAction\":[{\"@type\":\"ReadAction\",\"target\":[\"https:\\\/\\\/concertience.fr\\\/leblog\\\/premier-bilan-du-forum-concertience-2014\\\/\"]}]},{\"@type\":\"ImageObject\",\"inLanguage\":\"fr-FR\",\"@id\":\"https:\\\/\\\/concertience.fr\\\/leblog\\\/premier-bilan-du-forum-concertience-2014\\\/#primaryimage\",\"url\":\"https:\\/\\/concertience.fr\\/leblog\\/wp-content\\/uploads\\/sites\\/2\\/2020\\/03\\/Forum-Ouvert-Concertience-1-scaled.jpg\",\"contentUrl\":\"https:\\/\\/concertience.fr\\/leblog\\/wp-content\\/uploads\\/sites\\/2\\/2020\\/03\\/Forum-Ouvert-Concertience-1-scaled.jpg\",\"width\":2560,\"height\":1707},{\"@type\":\"BreadcrumbList\",\"@id\":\"https:\\\/\\\/concertience.fr\\\/leblog\\\/premier-bilan-du-forum-concertience-2014\\\/#breadcrumb\",\"itemListElement\":[{\"@type\":\"ListItem\",\"position\":1,\"name\":\"Accueil\",\"item\":\"https:\\\/\\\/concertience.fr\\\/leblog\\\/\"},{\"@type\":\"ListItem\",\"position\":2,\"name\":\"Notre offre globale\",\"item\":\"https:\\\/\\\/concertience.fr\\\/leblog\\\/notre-offre-globale\\\/\"},{\"@type\":\"ListItem\",\"position\":3,\"name\":\"Premier bilan du Forum Concertience 2014\"}]},{\"@type\":\"WebSite\",\"@id\":\"https:\\\/\\\/concertience.fr\\\/leblog\\\/#website\",\"url\":\"https:\\\/\\\/concertience.fr\\\/leblog\\\/\",\"name\":\"Le blog de Fran\u00e7oise Keller\",\"description\":\"Le blog de Fran\u00e7oise Keller, Concertience\",\"potentialAction\":[{\"@type\":\"SearchAction\",\"target\":{\"@type\":\"EntryPoint\",\"urlTemplate\":\"https:\\\/\\\/concertience.fr\\\/leblog\\\/?s={search_term_string}\"},\"query-input\":{\"@type\":\"PropertyValueSpecification\",\"valueRequired\":true,\"valueName\":\"search_term_string\"}}],\"inLanguage\":\"fr-FR\"},{\"@type\":\"Person\",\"@id\":\"https:\\\/\\\/concertience.fr\\\/leblog\\\/#\\\/schema\\\/person\\\/a01b04493c0cb1de0b2030c8b8d5676f\",\"name\":\"Pierrick\"}]}<\/script>\n<!-- \/ Yoast SEO plugin. -->","yoast_head_json":{"title":"Premier bilan du Forum Concertience 2014 - Le blog de Fran\u00e7oise Keller","robots":{"index":"index","follow":"follow","max-snippet":"max-snippet:-1","max-image-preview":"max-image-preview:large","max-video-preview":"max-video-preview:-1"},"canonical":"https:\/\/concertience.fr\/leblog\/premier-bilan-du-forum-concertience-2014\/","og_locale":"fr_FR","og_type":"article","og_title":"Premier bilan du Forum Concertience 2014 - Le blog de Fran\u00e7oise Keller","og_description":"\u00a0 90 personnes se sont retrouv\u00e9es \u00e0 l&rsquo;Espace Ecully le 24 octobre pour le premier Forum Concertience autour du th\u00e8me \u00ab\u00a0Aller plus loin pour vivre des organisations bienveillantes, dynamiques et inspirantes\u00a0\u00bb. La journ\u00e9e, initi\u00e9e par Fran\u00e7oise Keller et anim\u00e9e par D\u00e9borah Maarek \u00a0(Awareness) fut une journ\u00e9e riche pour tous les participants : Echanges autour des... Lire plus &raquo;","og_url":"https:\/\/concertience.fr\/leblog\/premier-bilan-du-forum-concertience-2014\/","og_site_name":"Le blog de Fran\u00e7oise Keller","article_published_time":"2014-11-16T15:04:00+00:00","article_modified_time":"2020-03-27T21:41:51+00:00","og_image":[{"url":"https:\/\/mlkqhmyobbaq.i.optimole.com\/w:1024\/h:683\/q:mauto\/ig:avif\/https:\/\/concertience.fr\/leblog\/wp-content\/uploads\/sites\/2\/2020\/03\/Forum-Ouvert-Concertience-1.jpg","type":"","width":"","height":""}],"author":"Pierrick","twitter_card":"summary_large_image","twitter_misc":{"\u00c9crit par":"Pierrick","Dur\u00e9e de lecture estim\u00e9e":"2 minutes"},"schema":{"@context":"https:\/\/schema.org","@graph":[{"@type":"Article","@id":"https:\/\/concertience.fr\/leblog\/premier-bilan-du-forum-concertience-2014\/#article","isPartOf":{"@id":"https:\/\/concertience.fr\/leblog\/premier-bilan-du-forum-concertience-2014\/"},"author":{"name":"Pierrick","@id":"https:\/\/concertience.fr\/leblog\/#\/schema\/person\/a01b04493c0cb1de0b2030c8b8d5676f"},"headline":"Premier bilan du Forum Concertience 2014","datePublished":"2014-11-16T15:04:00+00:00","dateModified":"2020-03-27T21:41:51+00:00","mainEntityOfPage":{"@id":"https:\/\/concertience.fr\/leblog\/premier-bilan-du-forum-concertience-2014\/"},"wordCount":312,"commentCount":0,"image":{"@id":"https:\/\/concertience.fr\/leblog\/premier-bilan-du-forum-concertience-2014\/#primaryimage"},"thumbnailUrl":"https:\/\/mlkqhmyobbaq.i.optimole.com\/w:1024\/h:683\/q:mauto\/ig:avif\/https:\/\/concertience.fr\/leblog\/wp-content\/uploads\/sites\/2\/2020\/03\/Forum-Ouvert-Concertience-1.jpg","articleSection":["Notre offre globale"],"inLanguage":"fr-FR","potentialAction":[{"@type":"CommentAction","name":"Comment","target":["https:\/\/concertience.fr\/leblog\/premier-bilan-du-forum-concertience-2014\/#respond"]}]},{"@type":"WebPage","@id":"https:\/\/concertience.fr\/leblog\/premier-bilan-du-forum-concertience-2014\/","url":"https:\/\/concertience.fr\/leblog\/premier-bilan-du-forum-concertience-2014\/","name":"Premier bilan du Forum Concertience 2014 - Le blog de Fran\u00e7oise Keller","isPartOf":{"@id":"https:\/\/concertience.fr\/leblog\/#website"},"primaryImageOfPage":{"@id":"https:\/\/concertience.fr\/leblog\/premier-bilan-du-forum-concertience-2014\/#primaryimage"},"image":{"@id":"https:\/\/concertience.fr\/leblog\/premier-bilan-du-forum-concertience-2014\/#primaryimage"},"thumbnailUrl":"https:\/\/mlkqhmyobbaq.i.optimole.com\/w:1024\/h:683\/q:mauto\/ig:avif\/https:\/\/concertience.fr\/leblog\/wp-content\/uploads\/sites\/2\/2020\/03\/Forum-Ouvert-Concertience-1.jpg","datePublished":"2014-11-16T15:04:00+00:00","dateModified":"2020-03-27T21:41:51+00:00","author":{"@id":"https:\/\/concertience.fr\/leblog\/#\/schema\/person\/a01b04493c0cb1de0b2030c8b8d5676f"},"breadcrumb":{"@id":"https:\/\/concertience.fr\/leblog\/premier-bilan-du-forum-concertience-2014\/#breadcrumb"},"inLanguage":"fr-FR","potentialAction":[{"@type":"ReadAction","target":["https:\/\/concertience.fr\/leblog\/premier-bilan-du-forum-concertience-2014\/"]}]},{"@type":"ImageObject","inLanguage":"fr-FR","@id":"https:\/\/concertience.fr\/leblog\/premier-bilan-du-forum-concertience-2014\/#primaryimage","url":"https:\/\/mlkqhmyobbaq.i.optimole.com\/w:auto\/h:auto\/q:mauto\/ig:avif\/https:\/\/concertience.fr\/leblog\/wp-content\/uploads\/sites\/2\/2020\/03\/Forum-Ouvert-Concertience-1-scaled.jpg","contentUrl":"https:\/\/mlkqhmyobbaq.i.optimole.com\/w:auto\/h:auto\/q:mauto\/ig:avif\/https:\/\/concertience.fr\/leblog\/wp-content\/uploads\/sites\/2\/2020\/03\/Forum-Ouvert-Concertience-1-scaled.jpg","width":2560,"height":1707},{"@type":"BreadcrumbList","@id":"https:\/\/concertience.fr\/leblog\/premier-bilan-du-forum-concertience-2014\/#breadcrumb","itemListElement":[{"@type":"ListItem","position":1,"name":"Accueil","item":"https:\/\/concertience.fr\/leblog\/"},{"@type":"ListItem","position":2,"name":"Notre offre globale","item":"https:\/\/concertience.fr\/leblog\/notre-offre-globale\/"},{"@type":"ListItem","position":3,"name":"Premier bilan du Forum Concertience 2014"}]},{"@type":"WebSite","@id":"https:\/\/concertience.fr\/leblog\/#website","url":"https:\/\/concertience.fr\/leblog\/","name":"Le blog de Fran\u00e7oise Keller","description":"Le blog de Fran\u00e7oise Keller, Concertience","potentialAction":[{"@type":"SearchAction","target":{"@type":"EntryPoint","urlTemplate":"https:\/\/concertience.fr\/leblog\/?s={search_term_string}"},"query-input":{"@type":"PropertyValueSpecification","valueRequired":true,"valueName":"search_term_string"}}],"inLanguage":"fr-FR"},{"@type":"Person","@id":"https:\/\/concertience.fr\/leblog\/#\/schema\/person\/a01b04493c0cb1de0b2030c8b8d5676f","name":"Pierrick"}]}},"_links":{"self":[{"href":"https:\/\/concertience.fr\/leblog\/wp-json\/wp\/v2\/posts\/78","targetHints":{"allow":["GET"]}}],"collection":[{"href":"https:\/\/concertience.fr\/leblog\/wp-json\/wp\/v2\/posts"}],"about":[{"href":"https:\/\/concertience.fr\/leblog\/wp-json\/wp\/v2\/types\/post"}],"author":[{"embeddable":true,"href":"https:\/\/concertience.fr\/leblog\/wp-json\/wp\/v2\/users\/1"}],"replies":[{"embeddable":true,"href":"https:\/\/concertience.fr\/leblog\/wp-json\/wp\/v2\/comments?post=78"}],"version-history":[{"count":1,"href":"https:\/\/concertience.fr\/leblog\/wp-json\/wp\/v2\/posts\/78\/revisions"}],"predecessor-version":[{"id":611,"href":"https:\/\/concertience.fr\/leblog\/wp-json\/wp\/v2\/posts\/78\/revisions\/611"}],"wp:attachment":[{"href":"https:\/\/concertience.fr\/leblog\/wp-json\/wp\/v2\/media?parent=78"}],"wp:term":[{"taxonomy":"category","embeddable":true,"href":"https:\/\/concertience.fr\/leblog\/wp-json\/wp\/v2\/categories?post=78"},{"taxonomy":"post_tag","embeddable":true,"href":"https:\/\/concertience.fr\/leblog\/wp-json\/wp\/v2\/tags?post=78"}],"curies":[{"name":"wp","href":"https:\/\/api.w.org\/{rel}","templated":true}]}}