{"id":76,"date":"2014-12-19T12:37:36","date_gmt":"2014-12-19T11:37:36","guid":{"rendered":"https:\/\/concertience.fr\/leblog\/2014\/12\/19\/meilleurs-voeux\/"},"modified":"2020-03-27T22:36:51","modified_gmt":"2020-03-27T21:36:51","slug":"meilleurs-voeux","status":"publish","type":"post","link":"https:\/\/concertience.fr\/leblog\/meilleurs-voeux\/","title":{"rendered":"Meilleurs voeux !"},"content":{"rendered":"\n<figure class=\"wp-block-image size-large\"><img data-opt-id=2011189409  fetchpriority=\"high\" decoding=\"async\" width=\"1024\" height=\"726\" src=\"https:\/\/mlkqhmyobbaq.i.optimole.com\/w:1024\/h:726\/q:mauto\/ig:avif\/https:\/\/concertience.fr\/leblog\/wp-content\/uploads\/sites\/2\/2020\/03\/Voeux-2014.jpg\" alt=\"\" class=\"wp-image-607\" srcset=\"https:\/\/mlkqhmyobbaq.i.optimole.com\/w:1024\/h:726\/q:mauto\/ig:avif\/https:\/\/concertience.fr\/leblog\/wp-content\/uploads\/sites\/2\/2020\/03\/Voeux-2014.jpg 1024w, https:\/\/mlkqhmyobbaq.i.optimole.com\/w:300\/h:213\/q:mauto\/ig:avif\/https:\/\/concertience.fr\/leblog\/wp-content\/uploads\/sites\/2\/2020\/03\/Voeux-2014.jpg 300w, https:\/\/mlkqhmyobbaq.i.optimole.com\/w:768\/h:545\/q:mauto\/ig:avif\/https:\/\/concertience.fr\/leblog\/wp-content\/uploads\/sites\/2\/2020\/03\/Voeux-2014.jpg 768w, https:\/\/mlkqhmyobbaq.i.optimole.com\/w:1523\/h:1080\/q:mauto\/ig:avif\/https:\/\/concertience.fr\/leblog\/wp-content\/uploads\/sites\/2\/2020\/03\/Voeux-2014.jpg 1536w, https:\/\/mlkqhmyobbaq.i.optimole.com\/w:1522\/h:1080\/q:mauto\/ig:avif\/https:\/\/concertience.fr\/leblog\/wp-content\/uploads\/sites\/2\/2020\/03\/Voeux-2014.jpg 1747w\" sizes=\"(max-width: 1024px) 100vw, 1024px\" \/><figcaption><em>(C) Photos du Forum Concertience 2014<\/em><\/figcaption><\/figure>\n\n\n\n<p>L&rsquo;\u00e9quipe de Concertience vous souhaite de belles f\u00eates de fin d&rsquo;ann\u00e9e et une heureuse ann\u00e9e 2015.<\/p>\n\n\n\n<p>Qu&rsquo;elle permette \u00e0 chacune, \u00e0 chacun de r\u00e9v\u00e9ler sa musique, ses couleurs.<\/p>\n\n\n\n<p>Qu&rsquo;elle nous donne de co-cr\u00e9er et d&rsquo;accorder ensemble nos talents, pour r\u00e9pondre aux d\u00e9fis individuels et collectifs.<\/p>\n\n\n\n<p>Que nous puissions cultiver notre capacit\u00e9 \u00e0 nous \u00e9merveiller, \u00e0 voir et \u00e0 partager les raisons d&rsquo;esp\u00e9rer.<\/p>\n","protected":false},"excerpt":{"rendered":"<p>L&rsquo;\u00e9quipe de Concertience vous souhaite de belles f\u00eates de fin d&rsquo;ann\u00e9e et une heureuse ann\u00e9e 2015. Qu&rsquo;elle permette \u00e0 chacune, \u00e0 chacun de r\u00e9v\u00e9ler sa musique, ses couleurs. Qu&rsquo;elle nous donne de co-cr\u00e9er et d&rsquo;accorder ensemble nos talents, pour r\u00e9pondre aux d\u00e9fis individuels et collectifs. Que nous puissions cultiver notre capacit\u00e9 \u00e0 nous \u00e9merveiller, \u00e0<a class=\"excerpt-read-more\" href=\"https:\/\/concertience.fr\/leblog\/meilleurs-voeux\/\" title=\"ReadMeilleurs voeux !\">&#8230; Lire plus &raquo;<\/a><\/p>\n","protected":false},"author":1,"featured_media":0,"comment_status":"open","ping_status":"open","sticky":false,"template":"","format":"standard","meta":{"footnotes":""},"categories":[2],"tags":[],"class_list":["post-76","post","type-post","status-publish","format-standard","hentry","category-notre-offre-globale"],"yoast_head":"<!-- This site is optimized with the Yoast SEO plugin v27.5 - https:\/\/yoast.com\/product\/yoast-seo-wordpress\/ -->\n<title>Meilleurs voeux ! - Le blog de Fran\u00e7oise Keller<\/title>\n<meta name=\"robots\" content=\"index, follow, max-snippet:-1, max-image-preview:large, max-video-preview:-1\" \/>\n<link rel=\"canonical\" href=\"https:\/\/concertience.fr\/leblog\/meilleurs-voeux\/\" \/>\n<meta property=\"og:locale\" content=\"fr_FR\" \/>\n<meta property=\"og:type\" content=\"article\" \/>\n<meta property=\"og:title\" content=\"Meilleurs voeux ! - Le blog de Fran\u00e7oise Keller\" \/>\n<meta property=\"og:description\" content=\"L&rsquo;\u00e9quipe de Concertience vous souhaite de belles f\u00eates de fin d&rsquo;ann\u00e9e et une heureuse ann\u00e9e 2015. Qu&rsquo;elle permette \u00e0 chacune, \u00e0 chacun de r\u00e9v\u00e9ler sa musique, ses couleurs. Qu&rsquo;elle nous donne de co-cr\u00e9er et d&rsquo;accorder ensemble nos talents, pour r\u00e9pondre aux d\u00e9fis individuels et collectifs. Que nous puissions cultiver notre capacit\u00e9 \u00e0 nous \u00e9merveiller, \u00e0... Lire plus &raquo;\" \/>\n<meta property=\"og:url\" content=\"https:\/\/concertience.fr\/leblog\/meilleurs-voeux\/\" \/>\n<meta property=\"og:site_name\" content=\"Le blog de Fran\u00e7oise Keller\" \/>\n<meta property=\"article:published_time\" content=\"2014-12-19T11:37:36+00:00\" \/>\n<meta property=\"article:modified_time\" content=\"2020-03-27T21:36:51+00:00\" \/>\n<meta property=\"og:image\" content=\"https:\/\/mlkqhmyobbaq.i.optimole.com\/w:1024\/h:726\/q:mauto\/ig:avif\/https:\/\/concertience.fr\/leblog\/wp-content\/uploads\/sites\/2\/2020\/03\/Voeux-2014.jpg\" \/>\n<meta name=\"author\" content=\"Pierrick\" \/>\n<meta name=\"twitter:card\" content=\"summary_large_image\" \/>\n<meta name=\"twitter:label1\" content=\"\u00c9crit par\" \/>\n\t<meta name=\"twitter:data1\" content=\"Pierrick\" \/>\n<script type=\"application\/ld+json\" class=\"yoast-schema-graph\">{\"@context\":\"https:\\\/\\\/schema.org\",\"@graph\":[{\"@type\":\"Article\",\"@id\":\"https:\\\/\\\/concertience.fr\\\/leblog\\\/meilleurs-voeux\\\/#article\",\"isPartOf\":{\"@id\":\"https:\\\/\\\/concertience.fr\\\/leblog\\\/meilleurs-voeux\\\/\"},\"author\":{\"name\":\"Pierrick\",\"@id\":\"https:\\\/\\\/concertience.fr\\\/leblog\\\/#\\\/schema\\\/person\\\/a01b04493c0cb1de0b2030c8b8d5676f\"},\"headline\":\"Meilleurs voeux !\",\"datePublished\":\"2014-12-19T11:37:36+00:00\",\"dateModified\":\"2020-03-27T21:36:51+00:00\",\"mainEntityOfPage\":{\"@id\":\"https:\\\/\\\/concertience.fr\\\/leblog\\\/meilleurs-voeux\\\/\"},\"wordCount\":78,\"commentCount\":0,\"image\":{\"@id\":\"https:\\\/\\\/concertience.fr\\\/leblog\\\/meilleurs-voeux\\\/#primaryimage\"},\"thumbnailUrl\":\"https:\\/\\/concertience.fr\\/leblog\\/wp-content\\/uploads\\/sites\\/2\\/2020\\/03\\/Voeux-2014-1024x726.jpg\",\"articleSection\":[\"Notre offre globale\"],\"inLanguage\":\"fr-FR\",\"potentialAction\":[{\"@type\":\"CommentAction\",\"name\":\"Comment\",\"target\":[\"https:\\\/\\\/concertience.fr\\\/leblog\\\/meilleurs-voeux\\\/#respond\"]}]},{\"@type\":\"WebPage\",\"@id\":\"https:\\\/\\\/concertience.fr\\\/leblog\\\/meilleurs-voeux\\\/\",\"url\":\"https:\\\/\\\/concertience.fr\\\/leblog\\\/meilleurs-voeux\\\/\",\"name\":\"Meilleurs voeux ! - Le blog de Fran\u00e7oise Keller\",\"isPartOf\":{\"@id\":\"https:\\\/\\\/concertience.fr\\\/leblog\\\/#website\"},\"primaryImageOfPage\":{\"@id\":\"https:\\\/\\\/concertience.fr\\\/leblog\\\/meilleurs-voeux\\\/#primaryimage\"},\"image\":{\"@id\":\"https:\\\/\\\/concertience.fr\\\/leblog\\\/meilleurs-voeux\\\/#primaryimage\"},\"thumbnailUrl\":\"https:\\/\\/concertience.fr\\/leblog\\/wp-content\\/uploads\\/sites\\/2\\/2020\\/03\\/Voeux-2014-1024x726.jpg\",\"datePublished\":\"2014-12-19T11:37:36+00:00\",\"dateModified\":\"2020-03-27T21:36:51+00:00\",\"author\":{\"@id\":\"https:\\\/\\\/concertience.fr\\\/leblog\\\/#\\\/schema\\\/person\\\/a01b04493c0cb1de0b2030c8b8d5676f\"},\"breadcrumb\":{\"@id\":\"https:\\\/\\\/concertience.fr\\\/leblog\\\/meilleurs-voeux\\\/#breadcrumb\"},\"inLanguage\":\"fr-FR\",\"potentialAction\":[{\"@type\":\"ReadAction\",\"target\":[\"https:\\\/\\\/concertience.fr\\\/leblog\\\/meilleurs-voeux\\\/\"]}]},{\"@type\":\"ImageObject\",\"inLanguage\":\"fr-FR\",\"@id\":\"https:\\\/\\\/concertience.fr\\\/leblog\\\/meilleurs-voeux\\\/#primaryimage\",\"url\":\"https:\\/\\/concertience.fr\\/leblog\\/wp-content\\/uploads\\/sites\\/2\\/2020\\/03\\/Voeux-2014.jpg\",\"contentUrl\":\"https:\\/\\/concertience.fr\\/leblog\\/wp-content\\/uploads\\/sites\\/2\\/2020\\/03\\/Voeux-2014.jpg\",\"width\":1747,\"height\":1239},{\"@type\":\"BreadcrumbList\",\"@id\":\"https:\\\/\\\/concertience.fr\\\/leblog\\\/meilleurs-voeux\\\/#breadcrumb\",\"itemListElement\":[{\"@type\":\"ListItem\",\"position\":1,\"name\":\"Accueil\",\"item\":\"https:\\\/\\\/concertience.fr\\\/leblog\\\/\"},{\"@type\":\"ListItem\",\"position\":2,\"name\":\"Notre offre globale\",\"item\":\"https:\\\/\\\/concertience.fr\\\/leblog\\\/notre-offre-globale\\\/\"},{\"@type\":\"ListItem\",\"position\":3,\"name\":\"Meilleurs voeux !\"}]},{\"@type\":\"WebSite\",\"@id\":\"https:\\\/\\\/concertience.fr\\\/leblog\\\/#website\",\"url\":\"https:\\\/\\\/concertience.fr\\\/leblog\\\/\",\"name\":\"Le blog de Fran\u00e7oise Keller\",\"description\":\"Le blog de Fran\u00e7oise Keller, Concertience\",\"potentialAction\":[{\"@type\":\"SearchAction\",\"target\":{\"@type\":\"EntryPoint\",\"urlTemplate\":\"https:\\\/\\\/concertience.fr\\\/leblog\\\/?s={search_term_string}\"},\"query-input\":{\"@type\":\"PropertyValueSpecification\",\"valueRequired\":true,\"valueName\":\"search_term_string\"}}],\"inLanguage\":\"fr-FR\"},{\"@type\":\"Person\",\"@id\":\"https:\\\/\\\/concertience.fr\\\/leblog\\\/#\\\/schema\\\/person\\\/a01b04493c0cb1de0b2030c8b8d5676f\",\"name\":\"Pierrick\"}]}<\/script>\n<!-- \/ Yoast SEO plugin. -->","yoast_head_json":{"title":"Meilleurs voeux ! - Le blog de Fran\u00e7oise Keller","robots":{"index":"index","follow":"follow","max-snippet":"max-snippet:-1","max-image-preview":"max-image-preview:large","max-video-preview":"max-video-preview:-1"},"canonical":"https:\/\/concertience.fr\/leblog\/meilleurs-voeux\/","og_locale":"fr_FR","og_type":"article","og_title":"Meilleurs voeux ! - Le blog de Fran\u00e7oise Keller","og_description":"L&rsquo;\u00e9quipe de Concertience vous souhaite de belles f\u00eates de fin d&rsquo;ann\u00e9e et une heureuse ann\u00e9e 2015. Qu&rsquo;elle permette \u00e0 chacune, \u00e0 chacun de r\u00e9v\u00e9ler sa musique, ses couleurs. Qu&rsquo;elle nous donne de co-cr\u00e9er et d&rsquo;accorder ensemble nos talents, pour r\u00e9pondre aux d\u00e9fis individuels et collectifs. Que nous puissions cultiver notre capacit\u00e9 \u00e0 nous \u00e9merveiller, \u00e0... Lire plus &raquo;","og_url":"https:\/\/concertience.fr\/leblog\/meilleurs-voeux\/","og_site_name":"Le blog de Fran\u00e7oise Keller","article_published_time":"2014-12-19T11:37:36+00:00","article_modified_time":"2020-03-27T21:36:51+00:00","og_image":[{"url":"https:\/\/mlkqhmyobbaq.i.optimole.com\/w:1024\/h:726\/q:mauto\/ig:avif\/https:\/\/concertience.fr\/leblog\/wp-content\/uploads\/sites\/2\/2020\/03\/Voeux-2014.jpg","type":"","width":"","height":""}],"author":"Pierrick","twitter_card":"summary_large_image","twitter_misc":{"\u00c9crit par":"Pierrick"},"schema":{"@context":"https:\/\/schema.org","@graph":[{"@type":"Article","@id":"https:\/\/concertience.fr\/leblog\/meilleurs-voeux\/#article","isPartOf":{"@id":"https:\/\/concertience.fr\/leblog\/meilleurs-voeux\/"},"author":{"name":"Pierrick","@id":"https:\/\/concertience.fr\/leblog\/#\/schema\/person\/a01b04493c0cb1de0b2030c8b8d5676f"},"headline":"Meilleurs voeux !","datePublished":"2014-12-19T11:37:36+00:00","dateModified":"2020-03-27T21:36:51+00:00","mainEntityOfPage":{"@id":"https:\/\/concertience.fr\/leblog\/meilleurs-voeux\/"},"wordCount":78,"commentCount":0,"image":{"@id":"https:\/\/concertience.fr\/leblog\/meilleurs-voeux\/#primaryimage"},"thumbnailUrl":"https:\/\/mlkqhmyobbaq.i.optimole.com\/w:1024\/h:726\/q:mauto\/ig:avif\/https:\/\/concertience.fr\/leblog\/wp-content\/uploads\/sites\/2\/2020\/03\/Voeux-2014.jpg","articleSection":["Notre offre globale"],"inLanguage":"fr-FR","potentialAction":[{"@type":"CommentAction","name":"Comment","target":["https:\/\/concertience.fr\/leblog\/meilleurs-voeux\/#respond"]}]},{"@type":"WebPage","@id":"https:\/\/concertience.fr\/leblog\/meilleurs-voeux\/","url":"https:\/\/concertience.fr\/leblog\/meilleurs-voeux\/","name":"Meilleurs voeux ! - Le blog de Fran\u00e7oise Keller","isPartOf":{"@id":"https:\/\/concertience.fr\/leblog\/#website"},"primaryImageOfPage":{"@id":"https:\/\/concertience.fr\/leblog\/meilleurs-voeux\/#primaryimage"},"image":{"@id":"https:\/\/concertience.fr\/leblog\/meilleurs-voeux\/#primaryimage"},"thumbnailUrl":"https:\/\/mlkqhmyobbaq.i.optimole.com\/w:1024\/h:726\/q:mauto\/ig:avif\/https:\/\/concertience.fr\/leblog\/wp-content\/uploads\/sites\/2\/2020\/03\/Voeux-2014.jpg","datePublished":"2014-12-19T11:37:36+00:00","dateModified":"2020-03-27T21:36:51+00:00","author":{"@id":"https:\/\/concertience.fr\/leblog\/#\/schema\/person\/a01b04493c0cb1de0b2030c8b8d5676f"},"breadcrumb":{"@id":"https:\/\/concertience.fr\/leblog\/meilleurs-voeux\/#breadcrumb"},"inLanguage":"fr-FR","potentialAction":[{"@type":"ReadAction","target":["https:\/\/concertience.fr\/leblog\/meilleurs-voeux\/"]}]},{"@type":"ImageObject","inLanguage":"fr-FR","@id":"https:\/\/concertience.fr\/leblog\/meilleurs-voeux\/#primaryimage","url":"https:\/\/mlkqhmyobbaq.i.optimole.com\/w:auto\/h:auto\/q:mauto\/ig:avif\/https:\/\/concertience.fr\/leblog\/wp-content\/uploads\/sites\/2\/2020\/03\/Voeux-2014.jpg","contentUrl":"https:\/\/mlkqhmyobbaq.i.optimole.com\/w:auto\/h:auto\/q:mauto\/ig:avif\/https:\/\/concertience.fr\/leblog\/wp-content\/uploads\/sites\/2\/2020\/03\/Voeux-2014.jpg","width":1747,"height":1239},{"@type":"BreadcrumbList","@id":"https:\/\/concertience.fr\/leblog\/meilleurs-voeux\/#breadcrumb","itemListElement":[{"@type":"ListItem","position":1,"name":"Accueil","item":"https:\/\/concertience.fr\/leblog\/"},{"@type":"ListItem","position":2,"name":"Notre offre globale","item":"https:\/\/concertience.fr\/leblog\/notre-offre-globale\/"},{"@type":"ListItem","position":3,"name":"Meilleurs voeux !"}]},{"@type":"WebSite","@id":"https:\/\/concertience.fr\/leblog\/#website","url":"https:\/\/concertience.fr\/leblog\/","name":"Le blog de Fran\u00e7oise Keller","description":"Le blog de Fran\u00e7oise Keller, Concertience","potentialAction":[{"@type":"SearchAction","target":{"@type":"EntryPoint","urlTemplate":"https:\/\/concertience.fr\/leblog\/?s={search_term_string}"},"query-input":{"@type":"PropertyValueSpecification","valueRequired":true,"valueName":"search_term_string"}}],"inLanguage":"fr-FR"},{"@type":"Person","@id":"https:\/\/concertience.fr\/leblog\/#\/schema\/person\/a01b04493c0cb1de0b2030c8b8d5676f","name":"Pierrick"}]}},"_links":{"self":[{"href":"https:\/\/concertience.fr\/leblog\/wp-json\/wp\/v2\/posts\/76","targetHints":{"allow":["GET"]}}],"collection":[{"href":"https:\/\/concertience.fr\/leblog\/wp-json\/wp\/v2\/posts"}],"about":[{"href":"https:\/\/concertience.fr\/leblog\/wp-json\/wp\/v2\/types\/post"}],"author":[{"embeddable":true,"href":"https:\/\/concertience.fr\/leblog\/wp-json\/wp\/v2\/users\/1"}],"replies":[{"embeddable":true,"href":"https:\/\/concertience.fr\/leblog\/wp-json\/wp\/v2\/comments?post=76"}],"version-history":[{"count":2,"href":"https:\/\/concertience.fr\/leblog\/wp-json\/wp\/v2\/posts\/76\/revisions"}],"predecessor-version":[{"id":608,"href":"https:\/\/concertience.fr\/leblog\/wp-json\/wp\/v2\/posts\/76\/revisions\/608"}],"wp:attachment":[{"href":"https:\/\/concertience.fr\/leblog\/wp-json\/wp\/v2\/media?parent=76"}],"wp:term":[{"taxonomy":"category","embeddable":true,"href":"https:\/\/concertience.fr\/leblog\/wp-json\/wp\/v2\/categories?post=76"},{"taxonomy":"post_tag","embeddable":true,"href":"https:\/\/concertience.fr\/leblog\/wp-json\/wp\/v2\/tags?post=76"}],"curies":[{"name":"wp","href":"https:\/\/api.w.org\/{rel}","templated":true}]}}