{"id":74,"date":"2015-01-01T19:26:52","date_gmt":"2015-01-01T18:26:52","guid":{"rendered":"https:\/\/concertience.fr\/leblog\/2015\/01\/01\/formation-aux-cercles-restauratifs-lyon-dominic-barter\/"},"modified":"2020-03-27T22:32:38","modified_gmt":"2020-03-27T21:32:38","slug":"formation-aux-cercles-restauratifs-lyon-dominic-barter","status":"publish","type":"post","link":"https:\/\/concertience.fr\/leblog\/formation-aux-cercles-restauratifs-lyon-dominic-barter\/","title":{"rendered":"Formation aux cercles restauratifs &#8211; Lyon &#8211; Dominic Barter"},"content":{"rendered":"\n<p>Nous avons la joie d&rsquo;annoncer la vue exceptionnelle de <strong>Dominic Barter<\/strong> \u00e0 Lyon. Il animera une conf\u00e9rence et plusieurs formations <strong>du 23 au 28 janvier 2015<\/strong>.<\/p>\n\n\n\n<p>Dominic Barter vit au Br\u00e9sil. Dans les ann\u00e9es 1990, avec des habitants des favelas de Rio de Janeiro, il a initi\u00e9 l&rsquo;approche des <strong>Cercles Restauratifs<\/strong>&nbsp;(Circulos Restaurativos), pour offrir une r\u00e9ponse collective \u00e0 la violence et l&rsquo;injustice. Ce travail a \u00e9t\u00e9 reconnu et soutenu par le Minist\u00e8re de la Justice et celui de l&rsquo;\u00c9ducation, et s&rsquo;\u00e9tend aujourd&rsquo;hui \u00e0 plus de vingt-cinq pays.<\/p>\n\n\n\n<p>Que ce soit dans le domaine de la justice ou de l&rsquo;\u00e9ducation, dans celui du travail, de l&rsquo;engagement militant ou des activit\u00e9s b\u00e9n\u00e9voles, dans les relations de quartier ou dans le milieu familial, les conflits et la r\u00e9ponse que nous leur apportons sont souvent v\u00e9cus de mani\u00e8re insatisfaisante et douloureuse.<\/p>\n\n\n\n<p><a href=\"https:\/\/www.cerclesrestauratifs.org\">Plus d&rsquo;informations sur les cercles restauratifs<\/a><\/p>\n","protected":false},"excerpt":{"rendered":"<p>Nous avons la joie d&rsquo;annoncer la vue exceptionnelle de Dominic Barter \u00e0 Lyon. Il animera une conf\u00e9rence et plusieurs formations du 23 au 28 janvier 2015. Dominic Barter vit au Br\u00e9sil. Dans les ann\u00e9es 1990, avec des habitants des favelas de Rio de Janeiro, il a initi\u00e9 l&rsquo;approche des Cercles Restauratifs&nbsp;(Circulos Restaurativos), pour offrir une<a class=\"excerpt-read-more\" href=\"https:\/\/concertience.fr\/leblog\/formation-aux-cercles-restauratifs-lyon-dominic-barter\/\" title=\"ReadFormation aux cercles restauratifs &#8211; Lyon &#8211; Dominic Barter\">&#8230; Lire plus &raquo;<\/a><\/p>\n","protected":false},"author":1,"featured_media":601,"comment_status":"open","ping_status":"open","sticky":false,"template":"","format":"standard","meta":{"footnotes":""},"categories":[3,9],"tags":[44,7,10,45],"class_list":["post-74","post","type-post","status-publish","format-standard","has-post-thumbnail","hentry","category-actualites","category-communication-nonviolente-cnv","tag-cercles-restauratifs","tag-cnv","tag-communication-nonviolente","tag-conflits"],"yoast_head":"<!-- This site is optimized with the Yoast SEO plugin v27.5 - https:\/\/yoast.com\/product\/yoast-seo-wordpress\/ -->\n<title>Formation aux cercles restauratifs - Lyon - Dominic Barter - Le blog de Fran\u00e7oise Keller<\/title>\n<meta name=\"robots\" content=\"index, follow, max-snippet:-1, max-image-preview:large, max-video-preview:-1\" \/>\n<link rel=\"canonical\" href=\"https:\/\/concertience.fr\/leblog\/formation-aux-cercles-restauratifs-lyon-dominic-barter\/\" \/>\n<meta property=\"og:locale\" content=\"fr_FR\" \/>\n<meta property=\"og:type\" content=\"article\" \/>\n<meta property=\"og:title\" content=\"Formation aux cercles restauratifs - Lyon - Dominic Barter - Le blog de Fran\u00e7oise Keller\" \/>\n<meta property=\"og:description\" content=\"Nous avons la joie d&rsquo;annoncer la vue exceptionnelle de Dominic Barter \u00e0 Lyon. Il animera une conf\u00e9rence et plusieurs formations du 23 au 28 janvier 2015. Dominic Barter vit au Br\u00e9sil. Dans les ann\u00e9es 1990, avec des habitants des favelas de Rio de Janeiro, il a initi\u00e9 l&rsquo;approche des Cercles Restauratifs&nbsp;(Circulos Restaurativos), pour offrir une... Lire plus &raquo;\" \/>\n<meta property=\"og:url\" content=\"https:\/\/concertience.fr\/leblog\/formation-aux-cercles-restauratifs-lyon-dominic-barter\/\" \/>\n<meta property=\"og:site_name\" content=\"Le blog de Fran\u00e7oise Keller\" \/>\n<meta property=\"article:published_time\" content=\"2015-01-01T18:26:52+00:00\" \/>\n<meta property=\"article:modified_time\" content=\"2020-03-27T21:32:38+00:00\" \/>\n<meta property=\"og:image\" content=\"https:\/\/mlkqhmyobbaq.i.optimole.com\/w:auto\/h:auto\/q:mauto\/ig:avif\/https:\/\/concertience.fr\/leblog\/wp-content\/uploads\/sites\/2\/2015\/01\/Cercle.png\" \/>\n\t<meta property=\"og:image:width\" content=\"80\" \/>\n\t<meta property=\"og:image:height\" content=\"87\" \/>\n\t<meta property=\"og:image:type\" content=\"image\/png\" \/>\n<meta name=\"author\" content=\"Pierrick\" \/>\n<meta name=\"twitter:card\" content=\"summary_large_image\" \/>\n<meta name=\"twitter:label1\" content=\"\u00c9crit par\" \/>\n\t<meta name=\"twitter:data1\" content=\"Pierrick\" \/>\n\t<meta name=\"twitter:label2\" content=\"Dur\u00e9e de lecture estim\u00e9e\" \/>\n\t<meta name=\"twitter:data2\" content=\"1 minute\" \/>\n<script type=\"application\/ld+json\" class=\"yoast-schema-graph\">{\"@context\":\"https:\\\/\\\/schema.org\",\"@graph\":[{\"@type\":\"Article\",\"@id\":\"https:\\\/\\\/concertience.fr\\\/leblog\\\/formation-aux-cercles-restauratifs-lyon-dominic-barter\\\/#article\",\"isPartOf\":{\"@id\":\"https:\\\/\\\/concertience.fr\\\/leblog\\\/formation-aux-cercles-restauratifs-lyon-dominic-barter\\\/\"},\"author\":{\"name\":\"Pierrick\",\"@id\":\"https:\\\/\\\/concertience.fr\\\/leblog\\\/#\\\/schema\\\/person\\\/a01b04493c0cb1de0b2030c8b8d5676f\"},\"headline\":\"Formation aux cercles restauratifs &#8211; Lyon &#8211; Dominic Barter\",\"datePublished\":\"2015-01-01T18:26:52+00:00\",\"dateModified\":\"2020-03-27T21:32:38+00:00\",\"mainEntityOfPage\":{\"@id\":\"https:\\\/\\\/concertience.fr\\\/leblog\\\/formation-aux-cercles-restauratifs-lyon-dominic-barter\\\/\"},\"wordCount\":167,\"commentCount\":0,\"image\":{\"@id\":\"https:\\\/\\\/concertience.fr\\\/leblog\\\/formation-aux-cercles-restauratifs-lyon-dominic-barter\\\/#primaryimage\"},\"thumbnailUrl\":\"https:\\/\\/concertience.fr\\/leblog\\/wp-content\\/uploads\\/sites\\/2\\/2015\\/01\\/Cercle.png\",\"keywords\":[\"Cercles restauratifs\",\"CNV\",\"Communication NonViolente\",\"Conflits\"],\"articleSection\":[\"Actualit\u00e9s\",\"Communication NonViolente (CNV)\"],\"inLanguage\":\"fr-FR\",\"potentialAction\":[{\"@type\":\"CommentAction\",\"name\":\"Comment\",\"target\":[\"https:\\\/\\\/concertience.fr\\\/leblog\\\/formation-aux-cercles-restauratifs-lyon-dominic-barter\\\/#respond\"]}]},{\"@type\":\"WebPage\",\"@id\":\"https:\\\/\\\/concertience.fr\\\/leblog\\\/formation-aux-cercles-restauratifs-lyon-dominic-barter\\\/\",\"url\":\"https:\\\/\\\/concertience.fr\\\/leblog\\\/formation-aux-cercles-restauratifs-lyon-dominic-barter\\\/\",\"name\":\"Formation aux cercles restauratifs - Lyon - Dominic Barter - Le blog de Fran\u00e7oise Keller\",\"isPartOf\":{\"@id\":\"https:\\\/\\\/concertience.fr\\\/leblog\\\/#website\"},\"primaryImageOfPage\":{\"@id\":\"https:\\\/\\\/concertience.fr\\\/leblog\\\/formation-aux-cercles-restauratifs-lyon-dominic-barter\\\/#primaryimage\"},\"image\":{\"@id\":\"https:\\\/\\\/concertience.fr\\\/leblog\\\/formation-aux-cercles-restauratifs-lyon-dominic-barter\\\/#primaryimage\"},\"thumbnailUrl\":\"https:\\/\\/concertience.fr\\/leblog\\/wp-content\\/uploads\\/sites\\/2\\/2015\\/01\\/Cercle.png\",\"datePublished\":\"2015-01-01T18:26:52+00:00\",\"dateModified\":\"2020-03-27T21:32:38+00:00\",\"author\":{\"@id\":\"https:\\\/\\\/concertience.fr\\\/leblog\\\/#\\\/schema\\\/person\\\/a01b04493c0cb1de0b2030c8b8d5676f\"},\"breadcrumb\":{\"@id\":\"https:\\\/\\\/concertience.fr\\\/leblog\\\/formation-aux-cercles-restauratifs-lyon-dominic-barter\\\/#breadcrumb\"},\"inLanguage\":\"fr-FR\",\"potentialAction\":[{\"@type\":\"ReadAction\",\"target\":[\"https:\\\/\\\/concertience.fr\\\/leblog\\\/formation-aux-cercles-restauratifs-lyon-dominic-barter\\\/\"]}]},{\"@type\":\"ImageObject\",\"inLanguage\":\"fr-FR\",\"@id\":\"https:\\\/\\\/concertience.fr\\\/leblog\\\/formation-aux-cercles-restauratifs-lyon-dominic-barter\\\/#primaryimage\",\"url\":\"https:\\/\\/concertience.fr\\/leblog\\/wp-content\\/uploads\\/sites\\/2\\/2015\\/01\\/Cercle.png\",\"contentUrl\":\"https:\\/\\/concertience.fr\\/leblog\\/wp-content\\/uploads\\/sites\\/2\\/2015\\/01\\/Cercle.png\",\"width\":80,\"height\":87},{\"@type\":\"BreadcrumbList\",\"@id\":\"https:\\\/\\\/concertience.fr\\\/leblog\\\/formation-aux-cercles-restauratifs-lyon-dominic-barter\\\/#breadcrumb\",\"itemListElement\":[{\"@type\":\"ListItem\",\"position\":1,\"name\":\"Accueil\",\"item\":\"https:\\\/\\\/concertience.fr\\\/leblog\\\/\"},{\"@type\":\"ListItem\",\"position\":2,\"name\":\"Actualit\u00e9s\",\"item\":\"https:\\\/\\\/concertience.fr\\\/leblog\\\/actualites\\\/\"},{\"@type\":\"ListItem\",\"position\":3,\"name\":\"Formation aux cercles restauratifs &#8211; Lyon &#8211; Dominic Barter\"}]},{\"@type\":\"WebSite\",\"@id\":\"https:\\\/\\\/concertience.fr\\\/leblog\\\/#website\",\"url\":\"https:\\\/\\\/concertience.fr\\\/leblog\\\/\",\"name\":\"Le blog de Fran\u00e7oise Keller\",\"description\":\"Le blog de Fran\u00e7oise Keller, Concertience\",\"potentialAction\":[{\"@type\":\"SearchAction\",\"target\":{\"@type\":\"EntryPoint\",\"urlTemplate\":\"https:\\\/\\\/concertience.fr\\\/leblog\\\/?s={search_term_string}\"},\"query-input\":{\"@type\":\"PropertyValueSpecification\",\"valueRequired\":true,\"valueName\":\"search_term_string\"}}],\"inLanguage\":\"fr-FR\"},{\"@type\":\"Person\",\"@id\":\"https:\\\/\\\/concertience.fr\\\/leblog\\\/#\\\/schema\\\/person\\\/a01b04493c0cb1de0b2030c8b8d5676f\",\"name\":\"Pierrick\"}]}<\/script>\n<!-- \/ Yoast SEO plugin. -->","yoast_head_json":{"title":"Formation aux cercles restauratifs - Lyon - Dominic Barter - Le blog de Fran\u00e7oise Keller","robots":{"index":"index","follow":"follow","max-snippet":"max-snippet:-1","max-image-preview":"max-image-preview:large","max-video-preview":"max-video-preview:-1"},"canonical":"https:\/\/concertience.fr\/leblog\/formation-aux-cercles-restauratifs-lyon-dominic-barter\/","og_locale":"fr_FR","og_type":"article","og_title":"Formation aux cercles restauratifs - Lyon - Dominic Barter - Le blog de Fran\u00e7oise Keller","og_description":"Nous avons la joie d&rsquo;annoncer la vue exceptionnelle de Dominic Barter \u00e0 Lyon. Il animera une conf\u00e9rence et plusieurs formations du 23 au 28 janvier 2015. Dominic Barter vit au Br\u00e9sil. Dans les ann\u00e9es 1990, avec des habitants des favelas de Rio de Janeiro, il a initi\u00e9 l&rsquo;approche des Cercles Restauratifs&nbsp;(Circulos Restaurativos), pour offrir une... Lire plus &raquo;","og_url":"https:\/\/concertience.fr\/leblog\/formation-aux-cercles-restauratifs-lyon-dominic-barter\/","og_site_name":"Le blog de Fran\u00e7oise Keller","article_published_time":"2015-01-01T18:26:52+00:00","article_modified_time":"2020-03-27T21:32:38+00:00","og_image":[{"width":80,"height":87,"url":"https:\/\/mlkqhmyobbaq.i.optimole.com\/w:auto\/h:auto\/q:mauto\/ig:avif\/https:\/\/concertience.fr\/leblog\/wp-content\/uploads\/sites\/2\/2015\/01\/Cercle.png","type":"image\/png"}],"author":"Pierrick","twitter_card":"summary_large_image","twitter_misc":{"\u00c9crit par":"Pierrick","Dur\u00e9e de lecture estim\u00e9e":"1 minute"},"schema":{"@context":"https:\/\/schema.org","@graph":[{"@type":"Article","@id":"https:\/\/concertience.fr\/leblog\/formation-aux-cercles-restauratifs-lyon-dominic-barter\/#article","isPartOf":{"@id":"https:\/\/concertience.fr\/leblog\/formation-aux-cercles-restauratifs-lyon-dominic-barter\/"},"author":{"name":"Pierrick","@id":"https:\/\/concertience.fr\/leblog\/#\/schema\/person\/a01b04493c0cb1de0b2030c8b8d5676f"},"headline":"Formation aux cercles restauratifs &#8211; Lyon &#8211; Dominic Barter","datePublished":"2015-01-01T18:26:52+00:00","dateModified":"2020-03-27T21:32:38+00:00","mainEntityOfPage":{"@id":"https:\/\/concertience.fr\/leblog\/formation-aux-cercles-restauratifs-lyon-dominic-barter\/"},"wordCount":167,"commentCount":0,"image":{"@id":"https:\/\/concertience.fr\/leblog\/formation-aux-cercles-restauratifs-lyon-dominic-barter\/#primaryimage"},"thumbnailUrl":"https:\/\/mlkqhmyobbaq.i.optimole.com\/w:auto\/h:auto\/q:mauto\/ig:avif\/https:\/\/concertience.fr\/leblog\/wp-content\/uploads\/sites\/2\/2015\/01\/Cercle.png","keywords":["Cercles restauratifs","CNV","Communication NonViolente","Conflits"],"articleSection":["Actualit\u00e9s","Communication NonViolente (CNV)"],"inLanguage":"fr-FR","potentialAction":[{"@type":"CommentAction","name":"Comment","target":["https:\/\/concertience.fr\/leblog\/formation-aux-cercles-restauratifs-lyon-dominic-barter\/#respond"]}]},{"@type":"WebPage","@id":"https:\/\/concertience.fr\/leblog\/formation-aux-cercles-restauratifs-lyon-dominic-barter\/","url":"https:\/\/concertience.fr\/leblog\/formation-aux-cercles-restauratifs-lyon-dominic-barter\/","name":"Formation aux cercles restauratifs - Lyon - Dominic Barter - Le blog de Fran\u00e7oise Keller","isPartOf":{"@id":"https:\/\/concertience.fr\/leblog\/#website"},"primaryImageOfPage":{"@id":"https:\/\/concertience.fr\/leblog\/formation-aux-cercles-restauratifs-lyon-dominic-barter\/#primaryimage"},"image":{"@id":"https:\/\/concertience.fr\/leblog\/formation-aux-cercles-restauratifs-lyon-dominic-barter\/#primaryimage"},"thumbnailUrl":"https:\/\/mlkqhmyobbaq.i.optimole.com\/w:auto\/h:auto\/q:mauto\/ig:avif\/https:\/\/concertience.fr\/leblog\/wp-content\/uploads\/sites\/2\/2015\/01\/Cercle.png","datePublished":"2015-01-01T18:26:52+00:00","dateModified":"2020-03-27T21:32:38+00:00","author":{"@id":"https:\/\/concertience.fr\/leblog\/#\/schema\/person\/a01b04493c0cb1de0b2030c8b8d5676f"},"breadcrumb":{"@id":"https:\/\/concertience.fr\/leblog\/formation-aux-cercles-restauratifs-lyon-dominic-barter\/#breadcrumb"},"inLanguage":"fr-FR","potentialAction":[{"@type":"ReadAction","target":["https:\/\/concertience.fr\/leblog\/formation-aux-cercles-restauratifs-lyon-dominic-barter\/"]}]},{"@type":"ImageObject","inLanguage":"fr-FR","@id":"https:\/\/concertience.fr\/leblog\/formation-aux-cercles-restauratifs-lyon-dominic-barter\/#primaryimage","url":"https:\/\/mlkqhmyobbaq.i.optimole.com\/w:auto\/h:auto\/q:mauto\/ig:avif\/https:\/\/concertience.fr\/leblog\/wp-content\/uploads\/sites\/2\/2015\/01\/Cercle.png","contentUrl":"https:\/\/mlkqhmyobbaq.i.optimole.com\/w:auto\/h:auto\/q:mauto\/ig:avif\/https:\/\/concertience.fr\/leblog\/wp-content\/uploads\/sites\/2\/2015\/01\/Cercle.png","width":80,"height":87},{"@type":"BreadcrumbList","@id":"https:\/\/concertience.fr\/leblog\/formation-aux-cercles-restauratifs-lyon-dominic-barter\/#breadcrumb","itemListElement":[{"@type":"ListItem","position":1,"name":"Accueil","item":"https:\/\/concertience.fr\/leblog\/"},{"@type":"ListItem","position":2,"name":"Actualit\u00e9s","item":"https:\/\/concertience.fr\/leblog\/actualites\/"},{"@type":"ListItem","position":3,"name":"Formation aux cercles restauratifs &#8211; Lyon &#8211; Dominic Barter"}]},{"@type":"WebSite","@id":"https:\/\/concertience.fr\/leblog\/#website","url":"https:\/\/concertience.fr\/leblog\/","name":"Le blog de Fran\u00e7oise Keller","description":"Le blog de Fran\u00e7oise Keller, Concertience","potentialAction":[{"@type":"SearchAction","target":{"@type":"EntryPoint","urlTemplate":"https:\/\/concertience.fr\/leblog\/?s={search_term_string}"},"query-input":{"@type":"PropertyValueSpecification","valueRequired":true,"valueName":"search_term_string"}}],"inLanguage":"fr-FR"},{"@type":"Person","@id":"https:\/\/concertience.fr\/leblog\/#\/schema\/person\/a01b04493c0cb1de0b2030c8b8d5676f","name":"Pierrick"}]}},"_links":{"self":[{"href":"https:\/\/concertience.fr\/leblog\/wp-json\/wp\/v2\/posts\/74","targetHints":{"allow":["GET"]}}],"collection":[{"href":"https:\/\/concertience.fr\/leblog\/wp-json\/wp\/v2\/posts"}],"about":[{"href":"https:\/\/concertience.fr\/leblog\/wp-json\/wp\/v2\/types\/post"}],"author":[{"embeddable":true,"href":"https:\/\/concertience.fr\/leblog\/wp-json\/wp\/v2\/users\/1"}],"replies":[{"embeddable":true,"href":"https:\/\/concertience.fr\/leblog\/wp-json\/wp\/v2\/comments?post=74"}],"version-history":[{"count":2,"href":"https:\/\/concertience.fr\/leblog\/wp-json\/wp\/v2\/posts\/74\/revisions"}],"predecessor-version":[{"id":603,"href":"https:\/\/concertience.fr\/leblog\/wp-json\/wp\/v2\/posts\/74\/revisions\/603"}],"wp:featuredmedia":[{"embeddable":true,"href":"https:\/\/concertience.fr\/leblog\/wp-json\/wp\/v2\/media\/601"}],"wp:attachment":[{"href":"https:\/\/concertience.fr\/leblog\/wp-json\/wp\/v2\/media?parent=74"}],"wp:term":[{"taxonomy":"category","embeddable":true,"href":"https:\/\/concertience.fr\/leblog\/wp-json\/wp\/v2\/categories?post=74"},{"taxonomy":"post_tag","embeddable":true,"href":"https:\/\/concertience.fr\/leblog\/wp-json\/wp\/v2\/tags?post=74"}],"curies":[{"name":"wp","href":"https:\/\/api.w.org\/{rel}","templated":true}]}}