{"id":70,"date":"2015-02-06T16:16:24","date_gmt":"2015-02-06T15:16:24","guid":{"rendered":"https:\/\/concertience.fr\/leblog\/2015\/02\/06\/les-freins-et-les-leviers-a-la-cooperation\/"},"modified":"2020-03-27T22:17:42","modified_gmt":"2020-03-27T21:17:42","slug":"les-freins-et-les-leviers-a-la-cooperation","status":"publish","type":"post","link":"https:\/\/concertience.fr\/leblog\/les-freins-et-les-leviers-a-la-cooperation\/","title":{"rendered":"Les freins et les leviers \u00e0 la coop\u00e9ration"},"content":{"rendered":"\n<figure class=\"wp-block-image size-large\"><img data-opt-id=1964417202  fetchpriority=\"high\" decoding=\"async\" width=\"1024\" height=\"331\" src=\"https:\/\/mlkqhmyobbaq.i.optimole.com\/w:1024\/h:331\/q:mauto\/ig:avif\/https:\/\/concertience.fr\/leblog\/wp-content\/uploads\/sites\/2\/2020\/03\/Coopération.jpg\" alt=\"\" class=\"wp-image-588\" srcset=\"https:\/\/mlkqhmyobbaq.i.optimole.com\/w:1024\/h:331\/q:mauto\/ig:avif\/https:\/\/concertience.fr\/leblog\/wp-content\/uploads\/sites\/2\/2020\/03\/Coop\u00e9ration.jpg 1024w, https:\/\/mlkqhmyobbaq.i.optimole.com\/w:300\/h:97\/q:mauto\/ig:avif\/https:\/\/concertience.fr\/leblog\/wp-content\/uploads\/sites\/2\/2020\/03\/Coop\u00e9ration.jpg 300w, https:\/\/mlkqhmyobbaq.i.optimole.com\/w:768\/h:249\/q:mauto\/ig:avif\/https:\/\/concertience.fr\/leblog\/wp-content\/uploads\/sites\/2\/2020\/03\/Coop\u00e9ration.jpg 768w, https:\/\/mlkqhmyobbaq.i.optimole.com\/w:1536\/h:497\/q:mauto\/ig:avif\/https:\/\/concertience.fr\/leblog\/wp-content\/uploads\/sites\/2\/2020\/03\/Coop\u00e9ration.jpg 1536w, https:\/\/mlkqhmyobbaq.i.optimole.com\/w:1920\/h:621\/q:mauto\/ig:avif\/https:\/\/concertience.fr\/leblog\/wp-content\/uploads\/sites\/2\/2020\/03\/Coop\u00e9ration.jpg 2048w\" sizes=\"(max-width: 1024px) 100vw, 1024px\" \/><\/figure>\n\n\n<p>La <a href=\"http:\/\/www.nonviolence-actualite.org\" target=\"_self\" rel=\"noopener noreferrer\">revue \u00ab\u00a0non-violence actualit\u00e9\u00a0\u00bb<\/a> consacre son num\u00e9ro n\u00b0 338 \u00e0 un sujet essentiel \u00ab\u00a0Travailler ensemble : les cl\u00e9s de la coop\u00e9ration\u00a0\u00bb. Nous ne pouvons que vous recommander de lire ce num\u00e9ro !<\/p>\n<p>En particulier, un entretien avec Fran\u00e7oise Keller : <a href=\"_wp_link_placeholder\" data-wplink-edit=\"true\"><span class=\"asset  asset-generic at-xid-6a00d834435ec653ef01b7c747e617970b img-responsive\">Les freins et les leviers de la coop\u00e9ration<\/span><\/a>.<\/p>\n<p>Cet entretien synth\u00e9tise notre regard sur la coop\u00e9ration, sur les apports de la CNV, la sociocratie, les outils d&rsquo;intelligence collective pour soutenir les processus de coop\u00e9ration n\u00e9cessaires pour relever les d\u00e9fis rencontr\u00e9s aujourd&rsquo;hui en organisation.<\/p>\n<p>Bonne lecture ! Vos commentaires sont bienvenus !<\/p>","protected":false},"excerpt":{"rendered":"<p>La revue \u00ab\u00a0non-violence actualit\u00e9\u00a0\u00bb consacre son num\u00e9ro n\u00b0 338 \u00e0 un sujet essentiel \u00ab\u00a0Travailler ensemble : les cl\u00e9s de la coop\u00e9ration\u00a0\u00bb. Nous ne pouvons que vous recommander de lire ce num\u00e9ro ! En particulier, un entretien avec Fran\u00e7oise Keller : Les freins et les leviers de la coop\u00e9ration. Cet entretien synth\u00e9tise notre regard sur la<a class=\"excerpt-read-more\" href=\"https:\/\/concertience.fr\/leblog\/les-freins-et-les-leviers-a-la-cooperation\/\" title=\"ReadLes freins et les leviers \u00e0 la coop\u00e9ration\">&#8230; Lire plus &raquo;<\/a><\/p>\n","protected":false},"author":1,"featured_media":0,"comment_status":"open","ping_status":"open","sticky":false,"template":"","format":"standard","meta":{"footnotes":""},"categories":[2],"tags":[],"class_list":["post-70","post","type-post","status-publish","format-standard","hentry","category-notre-offre-globale"],"yoast_head":"<!-- This site is optimized with the Yoast SEO plugin v27.4 - https:\/\/yoast.com\/product\/yoast-seo-wordpress\/ -->\n<title>Les freins et les leviers \u00e0 la coop\u00e9ration - Le blog de Fran\u00e7oise Keller<\/title>\n<meta name=\"robots\" content=\"index, follow, max-snippet:-1, max-image-preview:large, max-video-preview:-1\" \/>\n<link rel=\"canonical\" href=\"https:\/\/concertience.fr\/leblog\/les-freins-et-les-leviers-a-la-cooperation\/\" \/>\n<meta property=\"og:locale\" content=\"fr_FR\" \/>\n<meta property=\"og:type\" content=\"article\" \/>\n<meta property=\"og:title\" content=\"Les freins et les leviers \u00e0 la coop\u00e9ration - Le blog de Fran\u00e7oise Keller\" \/>\n<meta property=\"og:description\" content=\"La revue \u00ab\u00a0non-violence actualit\u00e9\u00a0\u00bb consacre son num\u00e9ro n\u00b0 338 \u00e0 un sujet essentiel \u00ab\u00a0Travailler ensemble : les cl\u00e9s de la coop\u00e9ration\u00a0\u00bb. Nous ne pouvons que vous recommander de lire ce num\u00e9ro ! En particulier, un entretien avec Fran\u00e7oise Keller : Les freins et les leviers de la coop\u00e9ration. Cet entretien synth\u00e9tise notre regard sur la... Lire plus &raquo;\" \/>\n<meta property=\"og:url\" content=\"https:\/\/concertience.fr\/leblog\/les-freins-et-les-leviers-a-la-cooperation\/\" \/>\n<meta property=\"og:site_name\" content=\"Le blog de Fran\u00e7oise Keller\" \/>\n<meta property=\"article:published_time\" content=\"2015-02-06T15:16:24+00:00\" \/>\n<meta property=\"article:modified_time\" content=\"2020-03-27T21:17:42+00:00\" \/>\n<meta property=\"og:image\" content=\"https:\/\/mlkqhmyobbaq.i.optimole.com\/w:1024\/h:331\/q:mauto\/ig:avif\/https:\/\/concertience.fr\/leblog\/wp-content\/uploads\/sites\/2\/2020\/03\/Coopération.jpg\" \/>\n<meta name=\"author\" content=\"Pierrick\" \/>\n<meta name=\"twitter:card\" content=\"summary_large_image\" \/>\n<meta name=\"twitter:label1\" content=\"\u00c9crit par\" \/>\n\t<meta name=\"twitter:data1\" content=\"Pierrick\" \/>\n<script type=\"application\/ld+json\" class=\"yoast-schema-graph\">{\"@context\":\"https:\\\/\\\/schema.org\",\"@graph\":[{\"@type\":\"Article\",\"@id\":\"https:\\\/\\\/concertience.fr\\\/leblog\\\/les-freins-et-les-leviers-a-la-cooperation\\\/#article\",\"isPartOf\":{\"@id\":\"https:\\\/\\\/concertience.fr\\\/leblog\\\/les-freins-et-les-leviers-a-la-cooperation\\\/\"},\"author\":{\"name\":\"Pierrick\",\"@id\":\"https:\\\/\\\/concertience.fr\\\/leblog\\\/#\\\/schema\\\/person\\\/a01b04493c0cb1de0b2030c8b8d5676f\"},\"headline\":\"Les freins et les leviers \u00e0 la coop\u00e9ration\",\"datePublished\":\"2015-02-06T15:16:24+00:00\",\"dateModified\":\"2020-03-27T21:17:42+00:00\",\"mainEntityOfPage\":{\"@id\":\"https:\\\/\\\/concertience.fr\\\/leblog\\\/les-freins-et-les-leviers-a-la-cooperation\\\/\"},\"wordCount\":106,\"commentCount\":0,\"articleSection\":[\"Notre offre globale\"],\"inLanguage\":\"fr-FR\",\"potentialAction\":[{\"@type\":\"CommentAction\",\"name\":\"Comment\",\"target\":[\"https:\\\/\\\/concertience.fr\\\/leblog\\\/les-freins-et-les-leviers-a-la-cooperation\\\/#respond\"]}]},{\"@type\":\"WebPage\",\"@id\":\"https:\\\/\\\/concertience.fr\\\/leblog\\\/les-freins-et-les-leviers-a-la-cooperation\\\/\",\"url\":\"https:\\\/\\\/concertience.fr\\\/leblog\\\/les-freins-et-les-leviers-a-la-cooperation\\\/\",\"name\":\"Les freins et les leviers \u00e0 la coop\u00e9ration - Le blog de Fran\u00e7oise Keller\",\"isPartOf\":{\"@id\":\"https:\\\/\\\/concertience.fr\\\/leblog\\\/#website\"},\"datePublished\":\"2015-02-06T15:16:24+00:00\",\"dateModified\":\"2020-03-27T21:17:42+00:00\",\"author\":{\"@id\":\"https:\\\/\\\/concertience.fr\\\/leblog\\\/#\\\/schema\\\/person\\\/a01b04493c0cb1de0b2030c8b8d5676f\"},\"breadcrumb\":{\"@id\":\"https:\\\/\\\/concertience.fr\\\/leblog\\\/les-freins-et-les-leviers-a-la-cooperation\\\/#breadcrumb\"},\"inLanguage\":\"fr-FR\",\"potentialAction\":[{\"@type\":\"ReadAction\",\"target\":[\"https:\\\/\\\/concertience.fr\\\/leblog\\\/les-freins-et-les-leviers-a-la-cooperation\\\/\"]}]},{\"@type\":\"BreadcrumbList\",\"@id\":\"https:\\\/\\\/concertience.fr\\\/leblog\\\/les-freins-et-les-leviers-a-la-cooperation\\\/#breadcrumb\",\"itemListElement\":[{\"@type\":\"ListItem\",\"position\":1,\"name\":\"Accueil\",\"item\":\"https:\\\/\\\/concertience.fr\\\/leblog\\\/\"},{\"@type\":\"ListItem\",\"position\":2,\"name\":\"Notre offre globale\",\"item\":\"https:\\\/\\\/concertience.fr\\\/leblog\\\/notre-offre-globale\\\/\"},{\"@type\":\"ListItem\",\"position\":3,\"name\":\"Les freins et les leviers \u00e0 la coop\u00e9ration\"}]},{\"@type\":\"WebSite\",\"@id\":\"https:\\\/\\\/concertience.fr\\\/leblog\\\/#website\",\"url\":\"https:\\\/\\\/concertience.fr\\\/leblog\\\/\",\"name\":\"Le blog de Fran\u00e7oise Keller\",\"description\":\"Le blog de Fran\u00e7oise Keller, Concertience\",\"potentialAction\":[{\"@type\":\"SearchAction\",\"target\":{\"@type\":\"EntryPoint\",\"urlTemplate\":\"https:\\\/\\\/concertience.fr\\\/leblog\\\/?s={search_term_string}\"},\"query-input\":{\"@type\":\"PropertyValueSpecification\",\"valueRequired\":true,\"valueName\":\"search_term_string\"}}],\"inLanguage\":\"fr-FR\"},{\"@type\":\"Person\",\"@id\":\"https:\\\/\\\/concertience.fr\\\/leblog\\\/#\\\/schema\\\/person\\\/a01b04493c0cb1de0b2030c8b8d5676f\",\"name\":\"Pierrick\"}]}<\/script>\n<!-- \/ Yoast SEO plugin. -->","yoast_head_json":{"title":"Les freins et les leviers \u00e0 la coop\u00e9ration - Le blog de Fran\u00e7oise Keller","robots":{"index":"index","follow":"follow","max-snippet":"max-snippet:-1","max-image-preview":"max-image-preview:large","max-video-preview":"max-video-preview:-1"},"canonical":"https:\/\/concertience.fr\/leblog\/les-freins-et-les-leviers-a-la-cooperation\/","og_locale":"fr_FR","og_type":"article","og_title":"Les freins et les leviers \u00e0 la coop\u00e9ration - Le blog de Fran\u00e7oise Keller","og_description":"La revue \u00ab\u00a0non-violence actualit\u00e9\u00a0\u00bb consacre son num\u00e9ro n\u00b0 338 \u00e0 un sujet essentiel \u00ab\u00a0Travailler ensemble : les cl\u00e9s de la coop\u00e9ration\u00a0\u00bb. Nous ne pouvons que vous recommander de lire ce num\u00e9ro ! En particulier, un entretien avec Fran\u00e7oise Keller : Les freins et les leviers de la coop\u00e9ration. Cet entretien synth\u00e9tise notre regard sur la... Lire plus &raquo;","og_url":"https:\/\/concertience.fr\/leblog\/les-freins-et-les-leviers-a-la-cooperation\/","og_site_name":"Le blog de Fran\u00e7oise Keller","article_published_time":"2015-02-06T15:16:24+00:00","article_modified_time":"2020-03-27T21:17:42+00:00","og_image":[{"url":"https:\/\/mlkqhmyobbaq.i.optimole.com\/w:1024\/h:331\/q:mauto\/ig:avif\/https:\/\/concertience.fr\/leblog\/wp-content\/uploads\/sites\/2\/2020\/03\/Coopération.jpg","type":"","width":"","height":""}],"author":"Pierrick","twitter_card":"summary_large_image","twitter_misc":{"\u00c9crit par":"Pierrick"},"schema":{"@context":"https:\/\/schema.org","@graph":[{"@type":"Article","@id":"https:\/\/concertience.fr\/leblog\/les-freins-et-les-leviers-a-la-cooperation\/#article","isPartOf":{"@id":"https:\/\/concertience.fr\/leblog\/les-freins-et-les-leviers-a-la-cooperation\/"},"author":{"name":"Pierrick","@id":"https:\/\/concertience.fr\/leblog\/#\/schema\/person\/a01b04493c0cb1de0b2030c8b8d5676f"},"headline":"Les freins et les leviers \u00e0 la coop\u00e9ration","datePublished":"2015-02-06T15:16:24+00:00","dateModified":"2020-03-27T21:17:42+00:00","mainEntityOfPage":{"@id":"https:\/\/concertience.fr\/leblog\/les-freins-et-les-leviers-a-la-cooperation\/"},"wordCount":106,"commentCount":0,"articleSection":["Notre offre globale"],"inLanguage":"fr-FR","potentialAction":[{"@type":"CommentAction","name":"Comment","target":["https:\/\/concertience.fr\/leblog\/les-freins-et-les-leviers-a-la-cooperation\/#respond"]}]},{"@type":"WebPage","@id":"https:\/\/concertience.fr\/leblog\/les-freins-et-les-leviers-a-la-cooperation\/","url":"https:\/\/concertience.fr\/leblog\/les-freins-et-les-leviers-a-la-cooperation\/","name":"Les freins et les leviers \u00e0 la coop\u00e9ration - Le blog de Fran\u00e7oise Keller","isPartOf":{"@id":"https:\/\/concertience.fr\/leblog\/#website"},"datePublished":"2015-02-06T15:16:24+00:00","dateModified":"2020-03-27T21:17:42+00:00","author":{"@id":"https:\/\/concertience.fr\/leblog\/#\/schema\/person\/a01b04493c0cb1de0b2030c8b8d5676f"},"breadcrumb":{"@id":"https:\/\/concertience.fr\/leblog\/les-freins-et-les-leviers-a-la-cooperation\/#breadcrumb"},"inLanguage":"fr-FR","potentialAction":[{"@type":"ReadAction","target":["https:\/\/concertience.fr\/leblog\/les-freins-et-les-leviers-a-la-cooperation\/"]}]},{"@type":"BreadcrumbList","@id":"https:\/\/concertience.fr\/leblog\/les-freins-et-les-leviers-a-la-cooperation\/#breadcrumb","itemListElement":[{"@type":"ListItem","position":1,"name":"Accueil","item":"https:\/\/concertience.fr\/leblog\/"},{"@type":"ListItem","position":2,"name":"Notre offre globale","item":"https:\/\/concertience.fr\/leblog\/notre-offre-globale\/"},{"@type":"ListItem","position":3,"name":"Les freins et les leviers \u00e0 la coop\u00e9ration"}]},{"@type":"WebSite","@id":"https:\/\/concertience.fr\/leblog\/#website","url":"https:\/\/concertience.fr\/leblog\/","name":"Le blog de Fran\u00e7oise Keller","description":"Le blog de Fran\u00e7oise Keller, Concertience","potentialAction":[{"@type":"SearchAction","target":{"@type":"EntryPoint","urlTemplate":"https:\/\/concertience.fr\/leblog\/?s={search_term_string}"},"query-input":{"@type":"PropertyValueSpecification","valueRequired":true,"valueName":"search_term_string"}}],"inLanguage":"fr-FR"},{"@type":"Person","@id":"https:\/\/concertience.fr\/leblog\/#\/schema\/person\/a01b04493c0cb1de0b2030c8b8d5676f","name":"Pierrick"}]}},"_links":{"self":[{"href":"https:\/\/concertience.fr\/leblog\/wp-json\/wp\/v2\/posts\/70","targetHints":{"allow":["GET"]}}],"collection":[{"href":"https:\/\/concertience.fr\/leblog\/wp-json\/wp\/v2\/posts"}],"about":[{"href":"https:\/\/concertience.fr\/leblog\/wp-json\/wp\/v2\/types\/post"}],"author":[{"embeddable":true,"href":"https:\/\/concertience.fr\/leblog\/wp-json\/wp\/v2\/users\/1"}],"replies":[{"embeddable":true,"href":"https:\/\/concertience.fr\/leblog\/wp-json\/wp\/v2\/comments?post=70"}],"version-history":[{"count":2,"href":"https:\/\/concertience.fr\/leblog\/wp-json\/wp\/v2\/posts\/70\/revisions"}],"predecessor-version":[{"id":592,"href":"https:\/\/concertience.fr\/leblog\/wp-json\/wp\/v2\/posts\/70\/revisions\/592"}],"wp:attachment":[{"href":"https:\/\/concertience.fr\/leblog\/wp-json\/wp\/v2\/media?parent=70"}],"wp:term":[{"taxonomy":"category","embeddable":true,"href":"https:\/\/concertience.fr\/leblog\/wp-json\/wp\/v2\/categories?post=70"},{"taxonomy":"post_tag","embeddable":true,"href":"https:\/\/concertience.fr\/leblog\/wp-json\/wp\/v2\/tags?post=70"}],"curies":[{"name":"wp","href":"https:\/\/api.w.org\/{rel}","templated":true}]}}