{"id":69,"date":"2024-02-15T09:00:00","date_gmt":"2024-02-15T08:00:00","guid":{"rendered":"https:\/\/concertience.fr\/leblog\/2015\/02\/06\/cursus-dapprofondissement-de-la-cnv-en-organisation\/"},"modified":"2025-11-25T19:15:49","modified_gmt":"2025-11-25T18:15:49","slug":"cursus-dapprofondissement-de-la-cnv-en-organisation","status":"publish","type":"post","link":"https:\/\/concertience.fr\/leblog\/cursus-dapprofondissement-de-la-cnv-en-organisation\/","title":{"rendered":"Cursus d&rsquo;approfondissement de la CNV"},"content":{"rendered":"\n<h2 class=\"wp-block-heading\">Incarner et rayonner la CNV dans mes engagements professionnels et citoyens<\/h2>\n\n\n\n<p>Nous sommes heureuses d&rsquo;offrir \u00e0 nouveau, dans ce cursus, des pratiques en Communication NonViolente, qui inspirent nos activit\u00e9s professionnelles et nos engagements citoyens. Nous avons simplifi\u00e9 le titre mais le contenu reste le m\u00eame, bonifi\u00e9 chaque ann\u00e9e par les retours d&rsquo;exp\u00e9riences !<\/p>\n\n\n\n<p>Depuis 2022, le cursus est enrichi de nos r\u00e9centes avanc\u00e9es, notamment dans la dimension syst\u00e9mique et inter-culturelle, offrant encore plus d&rsquo;espace pour de la pratique et du co-apprentissage.<\/p>\n\n\n\n<p>Nous sommes fi\u00e8res de vivre nous-m\u00eame ce que nous transmettons dans ce cursus et nous sommes heureuses de vivre cette nouvelle exp\u00e9rience avec vous !<\/p>\n\n\n\n<figure class=\"wp-block-gallery has-nested-images columns-default is-cropped wp-block-gallery-2 is-layout-flex wp-block-gallery-is-layout-flex\">\n<figure class=\"wp-block-image size-large\"><img data-opt-id=412528875  fetchpriority=\"high\" decoding=\"async\" width=\"1006\" height=\"1024\" data-id=\"1249\" src=\"https:\/\/mlkqhmyobbaq.i.optimole.com\/w:1006\/h:1024\/q:mauto\/ig:avif\/https:\/\/concertience.fr\/leblog\/wp-content\/uploads\/sites\/2\/2022\/06\/Francoise-Keller.jpg\" alt=\"\" class=\"wp-image-1249\" srcset=\"https:\/\/mlkqhmyobbaq.i.optimole.com\/w:1006\/h:1024\/q:mauto\/ig:avif\/https:\/\/concertience.fr\/leblog\/wp-content\/uploads\/sites\/2\/2022\/06\/Francoise-Keller.jpg 1006w, https:\/\/mlkqhmyobbaq.i.optimole.com\/w:295\/h:300\/q:mauto\/ig:avif\/https:\/\/concertience.fr\/leblog\/wp-content\/uploads\/sites\/2\/2022\/06\/Francoise-Keller.jpg 295w, https:\/\/mlkqhmyobbaq.i.optimole.com\/w:768\/h:782\/q:mauto\/ig:avif\/https:\/\/concertience.fr\/leblog\/wp-content\/uploads\/sites\/2\/2022\/06\/Francoise-Keller.jpg 768w, https:\/\/mlkqhmyobbaq.i.optimole.com\/w:1061\/h:1080\/q:mauto\/ig:avif\/https:\/\/concertience.fr\/leblog\/wp-content\/uploads\/sites\/2\/2022\/06\/Francoise-Keller.jpg 1509w, https:\/\/mlkqhmyobbaq.i.optimole.com\/w:1060\/h:1080\/q:mauto\/ig:avif\/https:\/\/concertience.fr\/leblog\/wp-content\/uploads\/sites\/2\/2022\/06\/Francoise-Keller.jpg 2011w, https:\/\/mlkqhmyobbaq.i.optimole.com\/w:1060\/h:1080\/q:mauto\/ig:avif\/https:\/\/concertience.fr\/leblog\/wp-content\/uploads\/sites\/2\/2022\/06\/Francoise-Keller.jpg 2037w\" sizes=\"(max-width: 1006px) 100vw, 1006px\" \/><\/figure>\n\n\n\n<figure class=\"wp-block-image size-large is-style-default\"><img data-opt-id=2080156306  fetchpriority=\"high\" decoding=\"async\" width=\"225\" height=\"225\" data-id=\"1251\" src=\"https:\/\/mlkqhmyobbaq.i.optimole.com\/w:auto\/h:auto\/q:mauto\/ig:avif\/https:\/\/concertience.fr\/leblog\/wp-content\/uploads\/sites\/2\/2022\/06\/Amal-Mekouar.jpeg\" alt=\"\" class=\"wp-image-1251\" srcset=\"https:\/\/mlkqhmyobbaq.i.optimole.com\/w:225\/h:225\/q:mauto\/ig:avif\/https:\/\/concertience.fr\/leblog\/wp-content\/uploads\/sites\/2\/2022\/06\/Amal-Mekouar.jpeg 225w, https:\/\/mlkqhmyobbaq.i.optimole.com\/w:150\/h:150\/q:mauto\/ig:avif\/https:\/\/concertience.fr\/leblog\/wp-content\/uploads\/sites\/2\/2022\/06\/Amal-Mekouar.jpeg 150w, https:\/\/mlkqhmyobbaq.i.optimole.com\/w:125\/h:125\/q:mauto\/ig:avif\/dpr:2\/https:\/\/concertience.fr\/leblog\/wp-content\/uploads\/sites\/2\/2022\/06\/Amal-Mekouar.jpeg 125w\" sizes=\"(max-width: 225px) 100vw, 225px\" \/><\/figure>\n\n\n\n<figure class=\"wp-block-image size-large\"><img data-opt-id=825519058  data-opt-src=\"https:\/\/mlkqhmyobbaq.i.optimole.com\/w:auto\/h:auto\/q:mauto\/ig:avif\/https:\/\/concertience.fr\/leblog\/wp-content\/uploads\/sites\/2\/2022\/06\/Edith-Tavernier.jpeg\"  decoding=\"async\" width=\"206\" height=\"244\" data-id=\"1250\" src=\"data:image/svg+xml,%3Csvg%20viewBox%3D%220%200%20100%%20100%%22%20width%3D%22100%%22%20height%3D%22100%%22%20xmlns%3D%22http%3A%2F%2Fwww.w3.org%2F2000%2Fsvg%22%3E%3Crect%20width%3D%22100%%22%20height%3D%22100%%22%20fill%3D%22transparent%22%2F%3E%3C%2Fsvg%3E\" alt=\"\" class=\"wp-image-1250\"\/><\/figure>\n<\/figure>\n\n\n\n<p><span style=\"font-size: medium;\">Nous proposons depuis presque 15 ans un <\/span><b style=\"font-size: 12pt;\">cursus d&rsquo;approfondissement de la CNV. C<\/b>e cursus nous semble particuli\u00e8rement important dans cette p\u00e9riode qui bouscule nos habitudes, nous invite \u00e0 \u00e9couter notre Essentiel, nous demande de nous adapter \u00e0 notre environnement tout en gardant le cap de nos intention<\/p>\n\n\n\n<div class=\"wp-block-buttons is-layout-flex wp-block-buttons-is-layout-flex\">\n<div class=\"wp-block-button\"><a class=\"wp-block-button__link has-vivid-green-cyan-background-color has-background wp-element-button\" href=\"https:\/\/concertience.fr\/wp-content\/uploads\/2025\/08\/Plaquette-Cursus-2026-1.0.pdf\">T\u00e9l\u00e9charger la plaquette 2026 du cursus d&rsquo;approfondissement<\/a><\/div>\n\n\n\n<div class=\"wp-block-button\"><a class=\"wp-block-button__link has-vivid-green-cyan-background-color has-background wp-element-button\" href=\"https:\/\/le-lab-1.jimdosite.com\" target=\"_blank\" rel=\"noreferrer noopener\">Le LAB&rsquo;<\/a><\/div>\n<\/div>\n\n\n\n<p>Ce cursus vous offre un accompagnement sur mesure pendant 6 \u00e0 9 mois :<\/p>\n\n\n\n<ul class=\"wp-block-list\">\n<li>5 modules de 3 jours chacun, en pr\u00e9sentiel, avec un groupe de stagiaires \u00e0 taille humaine,<\/li>\n\n\n\n<li>2 heures d&rsquo;accompagnement individuel,<\/li>\n\n\n\n<li>un travail par groupes de pairs entre les modules,<\/li>\n\n\n\n<li>le contenu de chaque module donne une large part \u00e0 l&rsquo;accompagnement individualis\u00e9 de chaque stagiaire, permet de croiser les exp\u00e9riences et de les vivre avec la CNV.<\/li>\n<\/ul>\n\n\n\n<p>Nous avons conscience que le temps est une denr\u00e9e rare, pour celles et ceux qui veulent favoriser le bien-\u00eatre des personnes, des relations de qualit\u00e9, une performance collective et une responsabilit\u00e9 sociale. <\/p>\n\n\n\n<p>En m\u00eame temps ce cursus nous appara\u00eet de plus en plus comme un cursus important pour d\u00e9velopper les comp\u00e9tences \u00e0 vivre la CNV dans un contexte contraint, que ce soit dans les projets de transition, en entreprises et dans les collectivit\u00e9s, dans les \u00e9tablissement d&rsquo;\u00e9ducation et de soin, dans tous les r\u00e9seaux et les acteurs de l&rsquo;Economie Sociale et Solidaire, dans des projets de transition personnelle ou collective.<\/p>\n\n\n\n<p><em>Nous ouvrons quelques places \u00e0 des personnes qui voudraient suivre ou revivre certains modules \u00e0 la carte.<\/em><\/p>\n\n\n\n<p>Nous avons construit ce cursus avec les retours d&rsquo;exp\u00e9rience :<\/p>\n\n\n\n<ul class=\"wp-block-list\">\n<li>de plusieurs formateurs certifi\u00e9s du CNVC<\/li>\n\n\n\n<li>de nos activit\u00e9s en formation, coaching, accompagnement et m\u00e9diation<\/li>\n\n\n\n<li>de notre exp\u00e9rience de la CNV dans nos diff\u00e9rents r\u00e9seaux et dans nos activit\u00e9s : Centre Fran\u00e7ais de Sociocratie, associations CNV (ACNV, ACNV RA, AFFCNV, CNVC, Girafrica), Le LAB&rsquo; qui rassemblent les <em>Alumni<\/em> des diff\u00e9rentes promotions de cursus.<\/li>\n\n\n\n<li>de nos clients et stagiaires.<\/li>\n<\/ul>\n\n\n\n<p>N&rsquo;h\u00e9sitez pas \u00e0 nous consulter si vous avez des questions !<\/p>\n\n\n\n<p><span style=\"color: #0000bf;\"><strong><em><span class=\"asset  asset-generic at-xid-6a00d834435ec653ef01b7c747f780970b img-responsive\">T\u00e9moignages de stagiaires des promotions pr\u00e9c\u00e9dentes :<\/span><\/em><\/strong><\/span><\/p>\n\n\n\n<ul class=\"wp-block-list\">\n<li>\u00ab\u00a0<span style=\"color: #0000bf;\"><em>Ce cursus a boost\u00e9 ma carri\u00e8re dans mon entreprise.<\/em> <em>La formation de base m\u2019avait d\u00e9j\u00e0 bien fait \u00e9voluer dans mon assertivit\u00e9, ma confiance en moi, ma capacit\u00e9 d\u2019empathie et de coop\u00e9ration.<\/em> <em>La formation cursus Pro m\u2019a permis d\u2019aller bien au-del\u00e0 en prenant bien davantage conscience que la CNV peut me soutenir dans toutes les dimensions de mon travail dans une organisation&nbsp;:<\/em><\/span> <ul> <li><span style=\"color: #0000bf;\"><em>Gestion de mes ressources personnelles<\/em><\/span><\/li>   <li><span style=\"color: #0000bf;\"><em>Gestion de projet, esprit d\u2019\u00e9quipe et coop\u00e9ration<\/em><\/span><\/li>   <li><span style=\"color: #0000bf;\"><em>Discernement et prise de d\u00e9cision<\/em><\/span><\/li>   <li><span style=\"color: #0000bf;\"><em>Animation de r\u00e9unions<\/em><\/span><\/li>   <li><span style=\"color: #0000bf;\"><em>Communication \u00e0 distance<\/em><\/span><\/li>   <li><span style=\"color: #0000bf;\"><em>Gestion des priorit\u00e9s<\/em><\/span><\/li>   <li><span style=\"color: #0000bf;\"><em>Innovation, cr\u00e9ativit\u00e9<\/em><\/span><\/li>   <li><span style=\"color: #0000bf;\"><em>Pr\u00e9vention et gestion des conflits<\/em><\/span><\/li>   <li><span style=\"color: #0000bf;\"><em>Incarnation des valeurs<\/em><\/span><\/li><\/ul><\/li>\n\n\n\n<li><span style=\"color: #0000bf;\"><em>5 ans plus tard, je mesure \u00e0 quel point je surfe avec plus d\u2019aisance dans mon travail et je savoure les feedbacks agr\u00e9ables que je re\u00e7ois.<\/em> <em>Je recommande chaudement&nbsp;!<\/em>\u00a0\u00bb A, Manager et relais CNV dans son entreprise<\/span><\/li>\n<\/ul>\n\n\n\n<hr class=\"wp-block-separator has-alpha-channel-opacity\"\/>\n\n\n\n<ul class=\"wp-block-list\">\n<li><span style=\"color: #0000bf;\"><em>\u00ab\u00a0<\/em>Le cursus est arriv\u00e9 dans une phase de reconversion professionnelle.&nbsp;Moment d\u2019enthousiasme et de bouillonnement mais aussi de questionnement et de tiraillement\u2026&nbsp;La d\u00e9licate question du choix : l\u00e2cher la posture du salariat pour aller vers l\u2019entreprenariat.<\/span><br><span style=\"color: #0000bf;\">La pratique de la CNV durant le stage m\u2019a permis d\u2019\u00e9couter et de prendre en compte les envies et les peurs de chaque situation.&nbsp;Avant m\u00eame de d\u00e9finir une strat\u00e9gie et d\u2019envisager les solutions, j&rsquo;ai pu d\u00e9velopper mes comp\u00e9tences \u00e0&nbsp;\u00e9tablir une m\u00e9diation dans mes conflits int\u00e9rieurs. Cette formation m&rsquo;a apport\u00e9 une clarification dans mon \u00e9volution professionnelle et un apaisement profond.\u00a0\u00bb D. G, entrepreneur individuel<\/span><\/li>\n<\/ul>\n\n\n\n<hr class=\"wp-block-separator has-alpha-channel-opacity\"\/>\n\n\n\n<ul class=\"wp-block-list\">\n<li> <span style=\"color: rgb(0, 0, 191);\">\u00ab\u00a0Au del\u00e0 des jours de formation, c&rsquo;est un parcours de 8 mois qui transforme&#8230;&nbsp;<\/span> <span style=\"color: rgb(0, 0, 191);\">Au d\u00e9but du cursus, je suis arriv\u00e9e dans le doute, avec l&rsquo;envie de colorer ma pratique professionnelle de dirigeante dans le respect des besoins de chacun, en lien avec la CNV, sans savoir comment faire, par o\u00f9 commencer&#8230;<\/span><div><span style=\"color: #0000bf;\">Au terme du cursus, je suis riche de tr\u00e9sors: outils, m\u00e9thodo, r\u00e9f\u00e9rence, exp\u00e9riences, rencontres, &nbsp;mais surtout, je suis l\u00e0, forte et confiante, j&rsquo;ai (enfin) identifi\u00e9 et fait place \u00e0 ce qui m&rsquo;est essentiel.&nbsp;<\/span><\/div><span style=\"color: rgb(0, 0, 191);\">J&rsquo;ai connect\u00e9 un puissant ancrage qui me permet d&rsquo;incarner mon envie, non plus de la d\u00e9sirer, mais de la Vivre ! \u00ab\u00a0<\/span> <div><span style=\"color: #0000bf;\">M.M. g\u00e9rante de coop\u00e9rative<\/span><\/div> <\/li>\n<\/ul>\n\n\n\n<div class=\"wp-block-buttons is-layout-flex wp-block-buttons-is-layout-flex\">\n<div class=\"wp-block-button\"><a class=\"wp-block-button__link has-vivid-green-cyan-background-color has-background wp-element-button\" href=\"https:\/\/concertience.fr\/wp-content\/uploads\/2025\/08\/Plaquette-Cursus-2026-1.0.pdf\">T\u00e9l\u00e9charger la plaquette 2026 du cursus d&rsquo;approfondissement<\/a><\/div>\n\n\n\n<div class=\"wp-block-button\"><a class=\"wp-block-button__link has-vivid-green-cyan-background-color has-background wp-element-button\" href=\"https:\/\/le-lab-1.jimdosite.com\" target=\"_blank\" rel=\"noreferrer noopener\">Le LAB&rsquo;<\/a><\/div>\n<\/div>\n\n\n\n<figure class=\"wp-block-embed is-type-video is-provider-youtube wp-block-embed-youtube wp-embed-aspect-16-9 wp-has-aspect-ratio\"><div class=\"wp-block-embed__wrapper\">\n<iframe title=\"Approfondir la CNV dans ses engagements  - Echos promotion 2015\" width=\"1200\" height=\"675\" src=\"https:\/\/www.youtube.com\/embed\/1ph0cGvYsZk?feature=oembed\" frameborder=\"0\" allow=\"accelerometer; autoplay; clipboard-write; encrypted-media; gyroscope; picture-in-picture; web-share\" referrerpolicy=\"strict-origin-when-cross-origin\" allowfullscreen><\/iframe>\n<\/div><figcaption class=\"wp-element-caption\">T\u00e9moignage de la promotion 2015<\/figcaption><\/figure>\n\n\n\n<figure class=\"wp-block-embed is-type-video is-provider-youtube wp-block-embed-youtube wp-embed-aspect-16-9 wp-has-aspect-ratio\"><div class=\"wp-block-embed__wrapper\">\n<iframe title=\"Approfondir la CNV dans ses engagements  - Echos de la promotion 2016\" width=\"1200\" height=\"675\" src=\"https:\/\/www.youtube.com\/embed\/CpHJ_5Ub2qA?feature=oembed\" frameborder=\"0\" allow=\"accelerometer; autoplay; clipboard-write; encrypted-media; gyroscope; picture-in-picture; web-share\" referrerpolicy=\"strict-origin-when-cross-origin\" allowfullscreen><\/iframe>\n<\/div><figcaption class=\"wp-element-caption\">T\u00e9moignage de la promotion 2016<\/figcaption><\/figure>\n\n\n\n<figure class=\"wp-block-gallery has-nested-images columns-default is-cropped wp-block-gallery-3 is-layout-flex wp-block-gallery-is-layout-flex\">\n<figure class=\"wp-block-image size-large\"><img data-opt-id=136725982  data-opt-src=\"https:\/\/mlkqhmyobbaq.i.optimole.com\/w:auto\/h:auto\/q:mauto\/ig:avif\/https:\/\/concertience.fr\/leblog\/wp-content\/uploads\/sites\/2\/2024\/02\/Slide-1-Cursus.jpg\"  decoding=\"async\" width=\"940\" height=\"788\" data-id=\"1333\" src=\"data:image/svg+xml,%3Csvg%20viewBox%3D%220%200%20100%%20100%%22%20width%3D%22100%%22%20height%3D%22100%%22%20xmlns%3D%22http%3A%2F%2Fwww.w3.org%2F2000%2Fsvg%22%3E%3Crect%20width%3D%22100%%22%20height%3D%22100%%22%20fill%3D%22transparent%22%2F%3E%3C%2Fsvg%3E\" alt=\"\" class=\"wp-image-1333\" old-srcset=\"https:\/\/mlkqhmyobbaq.i.optimole.com\/w:940\/h:788\/q:mauto\/ig:avif\/https:\/\/concertience.fr\/leblog\/wp-content\/uploads\/sites\/2\/2024\/02\/Slide-1-Cursus.jpg 940w, https:\/\/mlkqhmyobbaq.i.optimole.com\/w:300\/h:251\/q:mauto\/ig:avif\/https:\/\/concertience.fr\/leblog\/wp-content\/uploads\/sites\/2\/2024\/02\/Slide-1-Cursus.jpg 300w, https:\/\/mlkqhmyobbaq.i.optimole.com\/w:768\/h:644\/q:mauto\/ig:avif\/https:\/\/concertience.fr\/leblog\/wp-content\/uploads\/sites\/2\/2024\/02\/Slide-1-Cursus.jpg 768w\" \/><\/figure>\n\n\n\n<figure class=\"wp-block-image size-large\"><img data-opt-id=1838237223  data-opt-src=\"https:\/\/mlkqhmyobbaq.i.optimole.com\/w:auto\/h:auto\/q:mauto\/ig:avif\/https:\/\/concertience.fr\/leblog\/wp-content\/uploads\/sites\/2\/2024\/02\/Slide-2-Cursus.jpg\"  decoding=\"async\" width=\"940\" height=\"788\" data-id=\"1335\" src=\"data:image/svg+xml,%3Csvg%20viewBox%3D%220%200%20100%%20100%%22%20width%3D%22100%%22%20height%3D%22100%%22%20xmlns%3D%22http%3A%2F%2Fwww.w3.org%2F2000%2Fsvg%22%3E%3Crect%20width%3D%22100%%22%20height%3D%22100%%22%20fill%3D%22transparent%22%2F%3E%3C%2Fsvg%3E\" alt=\"\" class=\"wp-image-1335\" old-srcset=\"https:\/\/mlkqhmyobbaq.i.optimole.com\/w:940\/h:788\/q:mauto\/ig:avif\/https:\/\/concertience.fr\/leblog\/wp-content\/uploads\/sites\/2\/2024\/02\/Slide-2-Cursus.jpg 940w, https:\/\/mlkqhmyobbaq.i.optimole.com\/w:300\/h:251\/q:mauto\/ig:avif\/https:\/\/concertience.fr\/leblog\/wp-content\/uploads\/sites\/2\/2024\/02\/Slide-2-Cursus.jpg 300w, https:\/\/mlkqhmyobbaq.i.optimole.com\/w:768\/h:644\/q:mauto\/ig:avif\/https:\/\/concertience.fr\/leblog\/wp-content\/uploads\/sites\/2\/2024\/02\/Slide-2-Cursus.jpg 768w\" \/><\/figure>\n\n\n\n<figure class=\"wp-block-image size-large\"><img data-opt-id=581554614  data-opt-src=\"https:\/\/mlkqhmyobbaq.i.optimole.com\/w:auto\/h:auto\/q:mauto\/ig:avif\/https:\/\/concertience.fr\/leblog\/wp-content\/uploads\/sites\/2\/2024\/02\/Slide-3-Cursus.jpg\"  decoding=\"async\" width=\"940\" height=\"788\" data-id=\"1334\" src=\"data:image/svg+xml,%3Csvg%20viewBox%3D%220%200%20100%%20100%%22%20width%3D%22100%%22%20height%3D%22100%%22%20xmlns%3D%22http%3A%2F%2Fwww.w3.org%2F2000%2Fsvg%22%3E%3Crect%20width%3D%22100%%22%20height%3D%22100%%22%20fill%3D%22transparent%22%2F%3E%3C%2Fsvg%3E\" alt=\"\" class=\"wp-image-1334\" old-srcset=\"https:\/\/mlkqhmyobbaq.i.optimole.com\/w:940\/h:788\/q:mauto\/ig:avif\/https:\/\/concertience.fr\/leblog\/wp-content\/uploads\/sites\/2\/2024\/02\/Slide-3-Cursus.jpg 940w, https:\/\/mlkqhmyobbaq.i.optimole.com\/w:300\/h:251\/q:mauto\/ig:avif\/https:\/\/concertience.fr\/leblog\/wp-content\/uploads\/sites\/2\/2024\/02\/Slide-3-Cursus.jpg 300w, https:\/\/mlkqhmyobbaq.i.optimole.com\/w:768\/h:644\/q:mauto\/ig:avif\/https:\/\/concertience.fr\/leblog\/wp-content\/uploads\/sites\/2\/2024\/02\/Slide-3-Cursus.jpg 768w\" \/><\/figure>\n\n\n\n<figure class=\"wp-block-image size-large\"><img data-opt-id=1049996044  data-opt-src=\"https:\/\/mlkqhmyobbaq.i.optimole.com\/w:auto\/h:auto\/q:mauto\/ig:avif\/https:\/\/concertience.fr\/leblog\/wp-content\/uploads\/sites\/2\/2024\/02\/Slide-4-Cursus.jpg\"  decoding=\"async\" width=\"940\" height=\"788\" data-id=\"1337\" src=\"data:image/svg+xml,%3Csvg%20viewBox%3D%220%200%20100%%20100%%22%20width%3D%22100%%22%20height%3D%22100%%22%20xmlns%3D%22http%3A%2F%2Fwww.w3.org%2F2000%2Fsvg%22%3E%3Crect%20width%3D%22100%%22%20height%3D%22100%%22%20fill%3D%22transparent%22%2F%3E%3C%2Fsvg%3E\" alt=\"\" class=\"wp-image-1337\" old-srcset=\"https:\/\/mlkqhmyobbaq.i.optimole.com\/w:940\/h:788\/q:mauto\/ig:avif\/https:\/\/concertience.fr\/leblog\/wp-content\/uploads\/sites\/2\/2024\/02\/Slide-4-Cursus.jpg 940w, https:\/\/mlkqhmyobbaq.i.optimole.com\/w:300\/h:251\/q:mauto\/ig:avif\/https:\/\/concertience.fr\/leblog\/wp-content\/uploads\/sites\/2\/2024\/02\/Slide-4-Cursus.jpg 300w, https:\/\/mlkqhmyobbaq.i.optimole.com\/w:768\/h:644\/q:mauto\/ig:avif\/https:\/\/concertience.fr\/leblog\/wp-content\/uploads\/sites\/2\/2024\/02\/Slide-4-Cursus.jpg 768w\" \/><\/figure>\n\n\n\n<figure class=\"wp-block-image size-large\"><img data-opt-id=44264713  data-opt-src=\"https:\/\/mlkqhmyobbaq.i.optimole.com\/w:auto\/h:auto\/q:mauto\/ig:avif\/https:\/\/concertience.fr\/leblog\/wp-content\/uploads\/sites\/2\/2024\/02\/Slide-5-Cursus.jpg\"  decoding=\"async\" width=\"940\" height=\"788\" data-id=\"1336\" src=\"data:image/svg+xml,%3Csvg%20viewBox%3D%220%200%20100%%20100%%22%20width%3D%22100%%22%20height%3D%22100%%22%20xmlns%3D%22http%3A%2F%2Fwww.w3.org%2F2000%2Fsvg%22%3E%3Crect%20width%3D%22100%%22%20height%3D%22100%%22%20fill%3D%22transparent%22%2F%3E%3C%2Fsvg%3E\" alt=\"\" class=\"wp-image-1336\" old-srcset=\"https:\/\/mlkqhmyobbaq.i.optimole.com\/w:940\/h:788\/q:mauto\/ig:avif\/https:\/\/concertience.fr\/leblog\/wp-content\/uploads\/sites\/2\/2024\/02\/Slide-5-Cursus.jpg 940w, https:\/\/mlkqhmyobbaq.i.optimole.com\/w:300\/h:251\/q:mauto\/ig:avif\/https:\/\/concertience.fr\/leblog\/wp-content\/uploads\/sites\/2\/2024\/02\/Slide-5-Cursus.jpg 300w, https:\/\/mlkqhmyobbaq.i.optimole.com\/w:768\/h:644\/q:mauto\/ig:avif\/https:\/\/concertience.fr\/leblog\/wp-content\/uploads\/sites\/2\/2024\/02\/Slide-5-Cursus.jpg 768w\" \/><\/figure>\n\n\n\n<figure class=\"wp-block-image size-large\"><img data-opt-id=91335992  data-opt-src=\"https:\/\/mlkqhmyobbaq.i.optimole.com\/w:auto\/h:auto\/q:mauto\/ig:avif\/https:\/\/concertience.fr\/leblog\/wp-content\/uploads\/sites\/2\/2024\/02\/Slide-6-Cursus.jpg\"  decoding=\"async\" width=\"940\" height=\"788\" data-id=\"1332\" src=\"data:image/svg+xml,%3Csvg%20viewBox%3D%220%200%20100%%20100%%22%20width%3D%22100%%22%20height%3D%22100%%22%20xmlns%3D%22http%3A%2F%2Fwww.w3.org%2F2000%2Fsvg%22%3E%3Crect%20width%3D%22100%%22%20height%3D%22100%%22%20fill%3D%22transparent%22%2F%3E%3C%2Fsvg%3E\" alt=\"\" class=\"wp-image-1332\" old-srcset=\"https:\/\/mlkqhmyobbaq.i.optimole.com\/w:940\/h:788\/q:mauto\/ig:avif\/https:\/\/concertience.fr\/leblog\/wp-content\/uploads\/sites\/2\/2024\/02\/Slide-6-Cursus.jpg 940w, https:\/\/mlkqhmyobbaq.i.optimole.com\/w:300\/h:251\/q:mauto\/ig:avif\/https:\/\/concertience.fr\/leblog\/wp-content\/uploads\/sites\/2\/2024\/02\/Slide-6-Cursus.jpg 300w, https:\/\/mlkqhmyobbaq.i.optimole.com\/w:768\/h:644\/q:mauto\/ig:avif\/https:\/\/concertience.fr\/leblog\/wp-content\/uploads\/sites\/2\/2024\/02\/Slide-6-Cursus.jpg 768w\" \/><\/figure>\n<\/figure>\n\n\n\n<div class=\"wp-block-buttons is-layout-flex wp-block-buttons-is-layout-flex\">\n<div class=\"wp-block-button\"><a class=\"wp-block-button__link has-vivid-green-cyan-background-color has-background wp-element-button\" href=\"https:\/\/concertience.fr\/wp-content\/uploads\/2025\/08\/Plaquette-Cursus-2026-1.0.pdf\">T\u00e9l\u00e9charger la plaquette 2026 du cursus d&rsquo;approfondissement<\/a><\/div>\n\n\n\n<div class=\"wp-block-button\"><a class=\"wp-block-button__link has-vivid-green-cyan-background-color has-background wp-element-button\" href=\"https:\/\/le-lab-1.jimdosite.com\" target=\"_blank\" rel=\"noreferrer noopener\">Le LAB&rsquo;<\/a><\/div>\n<\/div>\n","protected":false},"excerpt":{"rendered":"<p>Incarner et rayonner la CNV dans mes engagements professionnels et citoyens Nous sommes heureuses d&rsquo;offrir \u00e0 nouveau, dans ce cursus, des pratiques en Communication NonViolente, qui inspirent nos activit\u00e9s professionnelles et nos engagements citoyens. Nous avons simplifi\u00e9 le titre mais le contenu reste le m\u00eame, bonifi\u00e9 chaque ann\u00e9e par les retours d&rsquo;exp\u00e9riences ! Depuis 2022,<a class=\"excerpt-read-more\" href=\"https:\/\/concertience.fr\/leblog\/cursus-dapprofondissement-de-la-cnv-en-organisation\/\" title=\"ReadCursus d&rsquo;approfondissement de la CNV\">&#8230; Lire plus &raquo;<\/a><\/p>\n","protected":false},"author":2,"featured_media":1369,"comment_status":"open","ping_status":"open","sticky":false,"template":"","format":"standard","meta":{"footnotes":""},"categories":[9,4],"tags":[7,50,47,10,79,81,25,19,22],"class_list":["post-69","post","type-post","status-publish","format-standard","has-post-thumbnail","hentry","category-communication-nonviolente-cnv","category-notre-offre-de-formation","tag-cnv","tag-cnv-au-travail","tag-coaching","tag-communication-nonviolente","tag-conduite-du-changement","tag-entrepreneuriat","tag-leader","tag-leadership","tag-management"],"yoast_head":"<!-- This site is optimized with the Yoast SEO plugin v27.4 - https:\/\/yoast.com\/product\/yoast-seo-wordpress\/ -->\n<title>Cursus d&#039;approfondissement de la CNV - Le blog de Fran\u00e7oise Keller<\/title>\n<meta name=\"robots\" content=\"index, follow, max-snippet:-1, max-image-preview:large, max-video-preview:-1\" \/>\n<link rel=\"canonical\" href=\"https:\/\/concertience.fr\/leblog\/cursus-dapprofondissement-de-la-cnv-en-organisation\/\" \/>\n<meta property=\"og:locale\" content=\"fr_FR\" \/>\n<meta property=\"og:type\" content=\"article\" \/>\n<meta property=\"og:title\" content=\"Cursus d&#039;approfondissement de la CNV - Le blog de Fran\u00e7oise Keller\" \/>\n<meta property=\"og:description\" content=\"Incarner et rayonner la CNV dans mes engagements professionnels et citoyens Nous sommes heureuses d&rsquo;offrir \u00e0 nouveau, dans ce cursus, des pratiques en Communication NonViolente, qui inspirent nos activit\u00e9s professionnelles et nos engagements citoyens. Nous avons simplifi\u00e9 le titre mais le contenu reste le m\u00eame, bonifi\u00e9 chaque ann\u00e9e par les retours d&rsquo;exp\u00e9riences ! Depuis 2022,... Lire plus &raquo;\" \/>\n<meta property=\"og:url\" content=\"https:\/\/concertience.fr\/leblog\/cursus-dapprofondissement-de-la-cnv-en-organisation\/\" \/>\n<meta property=\"og:site_name\" content=\"Le blog de Fran\u00e7oise Keller\" \/>\n<meta property=\"article:published_time\" content=\"2024-02-15T08:00:00+00:00\" \/>\n<meta property=\"article:modified_time\" content=\"2025-11-25T18:15:49+00:00\" \/>\n<meta property=\"og:image\" content=\"https:\/\/mlkqhmyobbaq.i.optimole.com\/w:auto\/h:auto\/q:mauto\/ig:avif\/https:\/\/concertience.fr\/leblog\/wp-content\/uploads\/sites\/2\/2024\/02\/Puzzle-Diversite-Canva-Pro.jpg\" \/>\n\t<meta property=\"og:image:width\" content=\"940\" \/>\n\t<meta property=\"og:image:height\" content=\"788\" \/>\n\t<meta property=\"og:image:type\" content=\"image\/jpeg\" \/>\n<meta name=\"author\" content=\"francoisesiteweb\" \/>\n<meta name=\"twitter:card\" content=\"summary_large_image\" \/>\n<meta name=\"twitter:label1\" content=\"\u00c9crit par\" \/>\n\t<meta name=\"twitter:data1\" content=\"francoisesiteweb\" \/>\n\t<meta name=\"twitter:label2\" content=\"Dur\u00e9e de lecture estim\u00e9e\" \/>\n\t<meta name=\"twitter:data2\" content=\"6 minutes\" \/>\n<script type=\"application\/ld+json\" class=\"yoast-schema-graph\">{\"@context\":\"https:\\\/\\\/schema.org\",\"@graph\":[{\"@type\":\"Article\",\"@id\":\"https:\\\/\\\/concertience.fr\\\/leblog\\\/cursus-dapprofondissement-de-la-cnv-en-organisation\\\/#article\",\"isPartOf\":{\"@id\":\"https:\\\/\\\/concertience.fr\\\/leblog\\\/cursus-dapprofondissement-de-la-cnv-en-organisation\\\/\"},\"author\":{\"name\":\"francoisesiteweb\",\"@id\":\"https:\\\/\\\/concertience.fr\\\/leblog\\\/#\\\/schema\\\/person\\\/a8a3ffb4a05b55c3e77e954cd93c49d8\"},\"headline\":\"Cursus d&rsquo;approfondissement de la CNV\",\"datePublished\":\"2024-02-15T08:00:00+00:00\",\"dateModified\":\"2025-11-25T18:15:49+00:00\",\"mainEntityOfPage\":{\"@id\":\"https:\\\/\\\/concertience.fr\\\/leblog\\\/cursus-dapprofondissement-de-la-cnv-en-organisation\\\/\"},\"wordCount\":912,\"commentCount\":2,\"image\":{\"@id\":\"https:\\\/\\\/concertience.fr\\\/leblog\\\/cursus-dapprofondissement-de-la-cnv-en-organisation\\\/#primaryimage\"},\"thumbnailUrl\":\"https:\\/\\/concertience.fr\\/leblog\\/wp-content\\/uploads\\/sites\\/2\\/2024\\/02\\/Puzzle-Diversite-Canva-Pro.jpg\",\"keywords\":[\"CNV\",\"CNV au travail\",\"Coaching\",\"Communication NonViolente\",\"Conduite du changement\",\"Entrepreneuriat\",\"Leader\",\"Leadership\",\"Management\"],\"articleSection\":[\"Communication NonViolente (CNV)\",\"Notre offre de formation\"],\"inLanguage\":\"fr-FR\",\"potentialAction\":[{\"@type\":\"CommentAction\",\"name\":\"Comment\",\"target\":[\"https:\\\/\\\/concertience.fr\\\/leblog\\\/cursus-dapprofondissement-de-la-cnv-en-organisation\\\/#respond\"]}]},{\"@type\":\"WebPage\",\"@id\":\"https:\\\/\\\/concertience.fr\\\/leblog\\\/cursus-dapprofondissement-de-la-cnv-en-organisation\\\/\",\"url\":\"https:\\\/\\\/concertience.fr\\\/leblog\\\/cursus-dapprofondissement-de-la-cnv-en-organisation\\\/\",\"name\":\"Cursus d'approfondissement de la CNV - Le blog de Fran\u00e7oise Keller\",\"isPartOf\":{\"@id\":\"https:\\\/\\\/concertience.fr\\\/leblog\\\/#website\"},\"primaryImageOfPage\":{\"@id\":\"https:\\\/\\\/concertience.fr\\\/leblog\\\/cursus-dapprofondissement-de-la-cnv-en-organisation\\\/#primaryimage\"},\"image\":{\"@id\":\"https:\\\/\\\/concertience.fr\\\/leblog\\\/cursus-dapprofondissement-de-la-cnv-en-organisation\\\/#primaryimage\"},\"thumbnailUrl\":\"https:\\/\\/concertience.fr\\/leblog\\/wp-content\\/uploads\\/sites\\/2\\/2024\\/02\\/Puzzle-Diversite-Canva-Pro.jpg\",\"datePublished\":\"2024-02-15T08:00:00+00:00\",\"dateModified\":\"2025-11-25T18:15:49+00:00\",\"author\":{\"@id\":\"https:\\\/\\\/concertience.fr\\\/leblog\\\/#\\\/schema\\\/person\\\/a8a3ffb4a05b55c3e77e954cd93c49d8\"},\"breadcrumb\":{\"@id\":\"https:\\\/\\\/concertience.fr\\\/leblog\\\/cursus-dapprofondissement-de-la-cnv-en-organisation\\\/#breadcrumb\"},\"inLanguage\":\"fr-FR\",\"potentialAction\":[{\"@type\":\"ReadAction\",\"target\":[\"https:\\\/\\\/concertience.fr\\\/leblog\\\/cursus-dapprofondissement-de-la-cnv-en-organisation\\\/\"]}]},{\"@type\":\"ImageObject\",\"inLanguage\":\"fr-FR\",\"@id\":\"https:\\\/\\\/concertience.fr\\\/leblog\\\/cursus-dapprofondissement-de-la-cnv-en-organisation\\\/#primaryimage\",\"url\":\"https:\\/\\/concertience.fr\\/leblog\\/wp-content\\/uploads\\/sites\\/2\\/2024\\/02\\/Puzzle-Diversite-Canva-Pro.jpg\",\"contentUrl\":\"https:\\/\\/concertience.fr\\/leblog\\/wp-content\\/uploads\\/sites\\/2\\/2024\\/02\\/Puzzle-Diversite-Canva-Pro.jpg\",\"width\":940,\"height\":788},{\"@type\":\"BreadcrumbList\",\"@id\":\"https:\\\/\\\/concertience.fr\\\/leblog\\\/cursus-dapprofondissement-de-la-cnv-en-organisation\\\/#breadcrumb\",\"itemListElement\":[{\"@type\":\"ListItem\",\"position\":1,\"name\":\"Accueil\",\"item\":\"https:\\\/\\\/concertience.fr\\\/leblog\\\/\"},{\"@type\":\"ListItem\",\"position\":2,\"name\":\"Notre offre de formation\",\"item\":\"https:\\\/\\\/concertience.fr\\\/leblog\\\/notre-offre-de-formation\\\/\"},{\"@type\":\"ListItem\",\"position\":3,\"name\":\"Cursus d&rsquo;approfondissement de la CNV\"}]},{\"@type\":\"WebSite\",\"@id\":\"https:\\\/\\\/concertience.fr\\\/leblog\\\/#website\",\"url\":\"https:\\\/\\\/concertience.fr\\\/leblog\\\/\",\"name\":\"Le blog de Fran\u00e7oise Keller\",\"description\":\"Le blog de Fran\u00e7oise Keller, Concertience\",\"potentialAction\":[{\"@type\":\"SearchAction\",\"target\":{\"@type\":\"EntryPoint\",\"urlTemplate\":\"https:\\\/\\\/concertience.fr\\\/leblog\\\/?s={search_term_string}\"},\"query-input\":{\"@type\":\"PropertyValueSpecification\",\"valueRequired\":true,\"valueName\":\"search_term_string\"}}],\"inLanguage\":\"fr-FR\"},{\"@type\":\"Person\",\"@id\":\"https:\\\/\\\/concertience.fr\\\/leblog\\\/#\\\/schema\\\/person\\\/a8a3ffb4a05b55c3e77e954cd93c49d8\",\"name\":\"francoisesiteweb\"}]}<\/script>\n<!-- \/ Yoast SEO plugin. -->","yoast_head_json":{"title":"Cursus d'approfondissement de la CNV - Le blog de Fran\u00e7oise Keller","robots":{"index":"index","follow":"follow","max-snippet":"max-snippet:-1","max-image-preview":"max-image-preview:large","max-video-preview":"max-video-preview:-1"},"canonical":"https:\/\/concertience.fr\/leblog\/cursus-dapprofondissement-de-la-cnv-en-organisation\/","og_locale":"fr_FR","og_type":"article","og_title":"Cursus d'approfondissement de la CNV - Le blog de Fran\u00e7oise Keller","og_description":"Incarner et rayonner la CNV dans mes engagements professionnels et citoyens Nous sommes heureuses d&rsquo;offrir \u00e0 nouveau, dans ce cursus, des pratiques en Communication NonViolente, qui inspirent nos activit\u00e9s professionnelles et nos engagements citoyens. Nous avons simplifi\u00e9 le titre mais le contenu reste le m\u00eame, bonifi\u00e9 chaque ann\u00e9e par les retours d&rsquo;exp\u00e9riences ! Depuis 2022,... Lire plus &raquo;","og_url":"https:\/\/concertience.fr\/leblog\/cursus-dapprofondissement-de-la-cnv-en-organisation\/","og_site_name":"Le blog de Fran\u00e7oise Keller","article_published_time":"2024-02-15T08:00:00+00:00","article_modified_time":"2025-11-25T18:15:49+00:00","og_image":[{"width":940,"height":788,"url":"https:\/\/mlkqhmyobbaq.i.optimole.com\/w:auto\/h:auto\/q:mauto\/ig:avif\/https:\/\/concertience.fr\/leblog\/wp-content\/uploads\/sites\/2\/2024\/02\/Puzzle-Diversite-Canva-Pro.jpg","type":"image\/jpeg"}],"author":"francoisesiteweb","twitter_card":"summary_large_image","twitter_misc":{"\u00c9crit par":"francoisesiteweb","Dur\u00e9e de lecture estim\u00e9e":"6 minutes"},"schema":{"@context":"https:\/\/schema.org","@graph":[{"@type":"Article","@id":"https:\/\/concertience.fr\/leblog\/cursus-dapprofondissement-de-la-cnv-en-organisation\/#article","isPartOf":{"@id":"https:\/\/concertience.fr\/leblog\/cursus-dapprofondissement-de-la-cnv-en-organisation\/"},"author":{"name":"francoisesiteweb","@id":"https:\/\/concertience.fr\/leblog\/#\/schema\/person\/a8a3ffb4a05b55c3e77e954cd93c49d8"},"headline":"Cursus d&rsquo;approfondissement de la CNV","datePublished":"2024-02-15T08:00:00+00:00","dateModified":"2025-11-25T18:15:49+00:00","mainEntityOfPage":{"@id":"https:\/\/concertience.fr\/leblog\/cursus-dapprofondissement-de-la-cnv-en-organisation\/"},"wordCount":912,"commentCount":2,"image":{"@id":"https:\/\/concertience.fr\/leblog\/cursus-dapprofondissement-de-la-cnv-en-organisation\/#primaryimage"},"thumbnailUrl":"https:\/\/mlkqhmyobbaq.i.optimole.com\/w:auto\/h:auto\/q:mauto\/ig:avif\/https:\/\/concertience.fr\/leblog\/wp-content\/uploads\/sites\/2\/2024\/02\/Puzzle-Diversite-Canva-Pro.jpg","keywords":["CNV","CNV au travail","Coaching","Communication NonViolente","Conduite du changement","Entrepreneuriat","Leader","Leadership","Management"],"articleSection":["Communication NonViolente (CNV)","Notre offre de formation"],"inLanguage":"fr-FR","potentialAction":[{"@type":"CommentAction","name":"Comment","target":["https:\/\/concertience.fr\/leblog\/cursus-dapprofondissement-de-la-cnv-en-organisation\/#respond"]}]},{"@type":"WebPage","@id":"https:\/\/concertience.fr\/leblog\/cursus-dapprofondissement-de-la-cnv-en-organisation\/","url":"https:\/\/concertience.fr\/leblog\/cursus-dapprofondissement-de-la-cnv-en-organisation\/","name":"Cursus d'approfondissement de la CNV - Le blog de Fran\u00e7oise Keller","isPartOf":{"@id":"https:\/\/concertience.fr\/leblog\/#website"},"primaryImageOfPage":{"@id":"https:\/\/concertience.fr\/leblog\/cursus-dapprofondissement-de-la-cnv-en-organisation\/#primaryimage"},"image":{"@id":"https:\/\/concertience.fr\/leblog\/cursus-dapprofondissement-de-la-cnv-en-organisation\/#primaryimage"},"thumbnailUrl":"https:\/\/mlkqhmyobbaq.i.optimole.com\/w:auto\/h:auto\/q:mauto\/ig:avif\/https:\/\/concertience.fr\/leblog\/wp-content\/uploads\/sites\/2\/2024\/02\/Puzzle-Diversite-Canva-Pro.jpg","datePublished":"2024-02-15T08:00:00+00:00","dateModified":"2025-11-25T18:15:49+00:00","author":{"@id":"https:\/\/concertience.fr\/leblog\/#\/schema\/person\/a8a3ffb4a05b55c3e77e954cd93c49d8"},"breadcrumb":{"@id":"https:\/\/concertience.fr\/leblog\/cursus-dapprofondissement-de-la-cnv-en-organisation\/#breadcrumb"},"inLanguage":"fr-FR","potentialAction":[{"@type":"ReadAction","target":["https:\/\/concertience.fr\/leblog\/cursus-dapprofondissement-de-la-cnv-en-organisation\/"]}]},{"@type":"ImageObject","inLanguage":"fr-FR","@id":"https:\/\/concertience.fr\/leblog\/cursus-dapprofondissement-de-la-cnv-en-organisation\/#primaryimage","url":"https:\/\/mlkqhmyobbaq.i.optimole.com\/w:auto\/h:auto\/q:mauto\/ig:avif\/https:\/\/concertience.fr\/leblog\/wp-content\/uploads\/sites\/2\/2024\/02\/Puzzle-Diversite-Canva-Pro.jpg","contentUrl":"https:\/\/mlkqhmyobbaq.i.optimole.com\/w:auto\/h:auto\/q:mauto\/ig:avif\/https:\/\/concertience.fr\/leblog\/wp-content\/uploads\/sites\/2\/2024\/02\/Puzzle-Diversite-Canva-Pro.jpg","width":940,"height":788},{"@type":"BreadcrumbList","@id":"https:\/\/concertience.fr\/leblog\/cursus-dapprofondissement-de-la-cnv-en-organisation\/#breadcrumb","itemListElement":[{"@type":"ListItem","position":1,"name":"Accueil","item":"https:\/\/concertience.fr\/leblog\/"},{"@type":"ListItem","position":2,"name":"Notre offre de formation","item":"https:\/\/concertience.fr\/leblog\/notre-offre-de-formation\/"},{"@type":"ListItem","position":3,"name":"Cursus d&rsquo;approfondissement de la CNV"}]},{"@type":"WebSite","@id":"https:\/\/concertience.fr\/leblog\/#website","url":"https:\/\/concertience.fr\/leblog\/","name":"Le blog de Fran\u00e7oise Keller","description":"Le blog de Fran\u00e7oise Keller, Concertience","potentialAction":[{"@type":"SearchAction","target":{"@type":"EntryPoint","urlTemplate":"https:\/\/concertience.fr\/leblog\/?s={search_term_string}"},"query-input":{"@type":"PropertyValueSpecification","valueRequired":true,"valueName":"search_term_string"}}],"inLanguage":"fr-FR"},{"@type":"Person","@id":"https:\/\/concertience.fr\/leblog\/#\/schema\/person\/a8a3ffb4a05b55c3e77e954cd93c49d8","name":"francoisesiteweb"}]}},"_links":{"self":[{"href":"https:\/\/concertience.fr\/leblog\/wp-json\/wp\/v2\/posts\/69","targetHints":{"allow":["GET"]}}],"collection":[{"href":"https:\/\/concertience.fr\/leblog\/wp-json\/wp\/v2\/posts"}],"about":[{"href":"https:\/\/concertience.fr\/leblog\/wp-json\/wp\/v2\/types\/post"}],"author":[{"embeddable":true,"href":"https:\/\/concertience.fr\/leblog\/wp-json\/wp\/v2\/users\/2"}],"replies":[{"embeddable":true,"href":"https:\/\/concertience.fr\/leblog\/wp-json\/wp\/v2\/comments?post=69"}],"version-history":[{"count":38,"href":"https:\/\/concertience.fr\/leblog\/wp-json\/wp\/v2\/posts\/69\/revisions"}],"predecessor-version":[{"id":1542,"href":"https:\/\/concertience.fr\/leblog\/wp-json\/wp\/v2\/posts\/69\/revisions\/1542"}],"wp:featuredmedia":[{"embeddable":true,"href":"https:\/\/concertience.fr\/leblog\/wp-json\/wp\/v2\/media\/1369"}],"wp:attachment":[{"href":"https:\/\/concertience.fr\/leblog\/wp-json\/wp\/v2\/media?parent=69"}],"wp:term":[{"taxonomy":"category","embeddable":true,"href":"https:\/\/concertience.fr\/leblog\/wp-json\/wp\/v2\/categories?post=69"},{"taxonomy":"post_tag","embeddable":true,"href":"https:\/\/concertience.fr\/leblog\/wp-json\/wp\/v2\/tags?post=69"}],"curies":[{"name":"wp","href":"https:\/\/api.w.org\/{rel}","templated":true}]}}