{"id":67,"date":"2015-02-23T18:37:41","date_gmt":"2015-02-23T17:37:41","guid":{"rendered":"https:\/\/concertience.fr\/leblog\/2015\/02\/23\/echos-du-forum-concertience-2014-linnovation-vue-par-un-participant\/"},"modified":"2020-03-30T12:19:25","modified_gmt":"2020-03-30T10:19:25","slug":"echos-du-forum-concertience-2014-linnovation-vue-par-un-participant","status":"publish","type":"post","link":"https:\/\/concertience.fr\/leblog\/echos-du-forum-concertience-2014-linnovation-vue-par-un-participant\/","title":{"rendered":"Echos du Forum Concertience 2014 &#8211; L&rsquo;innovation vue par un participant"},"content":{"rendered":"<p>Premier \u00e9cho du Forum Concertience 2014 : merci \u00e0 Gilles Courteval, Consultant RH et g\u00e9rant de Digicom, participant au Forum Concertience 2014, pour son t\u00e9moignage et ses feedbacks sur :<\/p>\n<ul>\n<li>Le Forum Ouvert anim\u00e9 par D\u00e9borah Maarek, <a href=\"http:\/\/awarenessconsulting.com\" target=\"_self\" title=\"Awareness\" rel=\"noopener noreferrer\">Awareness<\/a><\/li>\n<li>Un format innovant alliant des t\u00e9moignages inspirants et le Forum Ouvert<\/li>\n<li>Une envie de d\u00e9couvrir davantage la Communication NonViolente (CNV)<\/li>\n<\/ul>\n<p>&#160;<\/p>\n","protected":false},"excerpt":{"rendered":"<p>Premier \u00e9cho du Forum Concertience 2014 : merci \u00e0 Gilles Courteval, Consultant RH et g\u00e9rant de Digicom, participant au Forum Concertience 2014, pour son t\u00e9moignage et ses feedbacks sur : Le Forum Ouvert anim\u00e9 par D\u00e9borah Maarek, Awareness Un format innovant alliant des t\u00e9moignages inspirants et le Forum Ouvert Une envie de d\u00e9couvrir davantage la<a class=\"excerpt-read-more\" href=\"https:\/\/concertience.fr\/leblog\/echos-du-forum-concertience-2014-linnovation-vue-par-un-participant\/\" title=\"ReadEchos du Forum Concertience 2014 &#8211; L&rsquo;innovation vue par un participant\">&#8230; Lire plus &raquo;<\/a><\/p>\n","protected":false},"author":1,"featured_media":0,"comment_status":"open","ping_status":"open","sticky":false,"template":"","format":"standard","meta":{"footnotes":""},"categories":[2],"tags":[7,10,40],"class_list":["post-67","post","type-post","status-publish","format-standard","hentry","category-notre-offre-globale","tag-cnv","tag-communication-nonviolente","tag-forum-ouvert"],"yoast_head":"<!-- This site is optimized with the Yoast SEO plugin v27.5 - https:\/\/yoast.com\/product\/yoast-seo-wordpress\/ -->\n<title>Echos du Forum Concertience 2014 - L&#039;innovation vue par un participant - Le blog de Fran\u00e7oise Keller<\/title>\n<meta name=\"robots\" content=\"index, follow, max-snippet:-1, max-image-preview:large, max-video-preview:-1\" \/>\n<link rel=\"canonical\" href=\"https:\/\/concertience.fr\/leblog\/echos-du-forum-concertience-2014-linnovation-vue-par-un-participant\/\" \/>\n<meta property=\"og:locale\" content=\"fr_FR\" \/>\n<meta property=\"og:type\" content=\"article\" \/>\n<meta property=\"og:title\" content=\"Echos du Forum Concertience 2014 - L&#039;innovation vue par un participant - Le blog de Fran\u00e7oise Keller\" \/>\n<meta property=\"og:description\" content=\"Premier \u00e9cho du Forum Concertience 2014 : merci \u00e0 Gilles Courteval, Consultant RH et g\u00e9rant de Digicom, participant au Forum Concertience 2014, pour son t\u00e9moignage et ses feedbacks sur : Le Forum Ouvert anim\u00e9 par D\u00e9borah Maarek, Awareness Un format innovant alliant des t\u00e9moignages inspirants et le Forum Ouvert Une envie de d\u00e9couvrir davantage la... Lire plus &raquo;\" \/>\n<meta property=\"og:url\" content=\"https:\/\/concertience.fr\/leblog\/echos-du-forum-concertience-2014-linnovation-vue-par-un-participant\/\" \/>\n<meta property=\"og:site_name\" content=\"Le blog de Fran\u00e7oise Keller\" \/>\n<meta property=\"article:published_time\" content=\"2015-02-23T17:37:41+00:00\" \/>\n<meta property=\"article:modified_time\" content=\"2020-03-30T10:19:25+00:00\" \/>\n<meta name=\"author\" content=\"Pierrick\" \/>\n<meta name=\"twitter:card\" content=\"summary_large_image\" \/>\n<meta name=\"twitter:label1\" content=\"\u00c9crit par\" \/>\n\t<meta name=\"twitter:data1\" content=\"Pierrick\" \/>\n<script type=\"application\/ld+json\" class=\"yoast-schema-graph\">{\"@context\":\"https:\\\/\\\/schema.org\",\"@graph\":[{\"@type\":\"Article\",\"@id\":\"https:\\\/\\\/concertience.fr\\\/leblog\\\/echos-du-forum-concertience-2014-linnovation-vue-par-un-participant\\\/#article\",\"isPartOf\":{\"@id\":\"https:\\\/\\\/concertience.fr\\\/leblog\\\/echos-du-forum-concertience-2014-linnovation-vue-par-un-participant\\\/\"},\"author\":{\"name\":\"Pierrick\",\"@id\":\"https:\\\/\\\/concertience.fr\\\/leblog\\\/#\\\/schema\\\/person\\\/a01b04493c0cb1de0b2030c8b8d5676f\"},\"headline\":\"Echos du Forum Concertience 2014 &#8211; L&rsquo;innovation vue par un participant\",\"datePublished\":\"2015-02-23T17:37:41+00:00\",\"dateModified\":\"2020-03-30T10:19:25+00:00\",\"mainEntityOfPage\":{\"@id\":\"https:\\\/\\\/concertience.fr\\\/leblog\\\/echos-du-forum-concertience-2014-linnovation-vue-par-un-participant\\\/\"},\"wordCount\":69,\"commentCount\":0,\"keywords\":[\"CNV\",\"Communication NonViolente\",\"Forum ouvert\"],\"articleSection\":[\"Notre offre globale\"],\"inLanguage\":\"fr-FR\",\"potentialAction\":[{\"@type\":\"CommentAction\",\"name\":\"Comment\",\"target\":[\"https:\\\/\\\/concertience.fr\\\/leblog\\\/echos-du-forum-concertience-2014-linnovation-vue-par-un-participant\\\/#respond\"]}]},{\"@type\":\"WebPage\",\"@id\":\"https:\\\/\\\/concertience.fr\\\/leblog\\\/echos-du-forum-concertience-2014-linnovation-vue-par-un-participant\\\/\",\"url\":\"https:\\\/\\\/concertience.fr\\\/leblog\\\/echos-du-forum-concertience-2014-linnovation-vue-par-un-participant\\\/\",\"name\":\"Echos du Forum Concertience 2014 - L'innovation vue par un participant - Le blog de Fran\u00e7oise Keller\",\"isPartOf\":{\"@id\":\"https:\\\/\\\/concertience.fr\\\/leblog\\\/#website\"},\"datePublished\":\"2015-02-23T17:37:41+00:00\",\"dateModified\":\"2020-03-30T10:19:25+00:00\",\"author\":{\"@id\":\"https:\\\/\\\/concertience.fr\\\/leblog\\\/#\\\/schema\\\/person\\\/a01b04493c0cb1de0b2030c8b8d5676f\"},\"breadcrumb\":{\"@id\":\"https:\\\/\\\/concertience.fr\\\/leblog\\\/echos-du-forum-concertience-2014-linnovation-vue-par-un-participant\\\/#breadcrumb\"},\"inLanguage\":\"fr-FR\",\"potentialAction\":[{\"@type\":\"ReadAction\",\"target\":[\"https:\\\/\\\/concertience.fr\\\/leblog\\\/echos-du-forum-concertience-2014-linnovation-vue-par-un-participant\\\/\"]}]},{\"@type\":\"BreadcrumbList\",\"@id\":\"https:\\\/\\\/concertience.fr\\\/leblog\\\/echos-du-forum-concertience-2014-linnovation-vue-par-un-participant\\\/#breadcrumb\",\"itemListElement\":[{\"@type\":\"ListItem\",\"position\":1,\"name\":\"Accueil\",\"item\":\"https:\\\/\\\/concertience.fr\\\/leblog\\\/\"},{\"@type\":\"ListItem\",\"position\":2,\"name\":\"Notre offre globale\",\"item\":\"https:\\\/\\\/concertience.fr\\\/leblog\\\/notre-offre-globale\\\/\"},{\"@type\":\"ListItem\",\"position\":3,\"name\":\"Echos du Forum Concertience 2014 &#8211; L&rsquo;innovation vue par un participant\"}]},{\"@type\":\"WebSite\",\"@id\":\"https:\\\/\\\/concertience.fr\\\/leblog\\\/#website\",\"url\":\"https:\\\/\\\/concertience.fr\\\/leblog\\\/\",\"name\":\"Le blog de Fran\u00e7oise Keller\",\"description\":\"Le blog de Fran\u00e7oise Keller, Concertience\",\"potentialAction\":[{\"@type\":\"SearchAction\",\"target\":{\"@type\":\"EntryPoint\",\"urlTemplate\":\"https:\\\/\\\/concertience.fr\\\/leblog\\\/?s={search_term_string}\"},\"query-input\":{\"@type\":\"PropertyValueSpecification\",\"valueRequired\":true,\"valueName\":\"search_term_string\"}}],\"inLanguage\":\"fr-FR\"},{\"@type\":\"Person\",\"@id\":\"https:\\\/\\\/concertience.fr\\\/leblog\\\/#\\\/schema\\\/person\\\/a01b04493c0cb1de0b2030c8b8d5676f\",\"name\":\"Pierrick\"}]}<\/script>\n<!-- \/ Yoast SEO plugin. -->","yoast_head_json":{"title":"Echos du Forum Concertience 2014 - L'innovation vue par un participant - Le blog de Fran\u00e7oise Keller","robots":{"index":"index","follow":"follow","max-snippet":"max-snippet:-1","max-image-preview":"max-image-preview:large","max-video-preview":"max-video-preview:-1"},"canonical":"https:\/\/concertience.fr\/leblog\/echos-du-forum-concertience-2014-linnovation-vue-par-un-participant\/","og_locale":"fr_FR","og_type":"article","og_title":"Echos du Forum Concertience 2014 - L'innovation vue par un participant - Le blog de Fran\u00e7oise Keller","og_description":"Premier \u00e9cho du Forum Concertience 2014 : merci \u00e0 Gilles Courteval, Consultant RH et g\u00e9rant de Digicom, participant au Forum Concertience 2014, pour son t\u00e9moignage et ses feedbacks sur : Le Forum Ouvert anim\u00e9 par D\u00e9borah Maarek, Awareness Un format innovant alliant des t\u00e9moignages inspirants et le Forum Ouvert Une envie de d\u00e9couvrir davantage la... Lire plus &raquo;","og_url":"https:\/\/concertience.fr\/leblog\/echos-du-forum-concertience-2014-linnovation-vue-par-un-participant\/","og_site_name":"Le blog de Fran\u00e7oise Keller","article_published_time":"2015-02-23T17:37:41+00:00","article_modified_time":"2020-03-30T10:19:25+00:00","author":"Pierrick","twitter_card":"summary_large_image","twitter_misc":{"\u00c9crit par":"Pierrick"},"schema":{"@context":"https:\/\/schema.org","@graph":[{"@type":"Article","@id":"https:\/\/concertience.fr\/leblog\/echos-du-forum-concertience-2014-linnovation-vue-par-un-participant\/#article","isPartOf":{"@id":"https:\/\/concertience.fr\/leblog\/echos-du-forum-concertience-2014-linnovation-vue-par-un-participant\/"},"author":{"name":"Pierrick","@id":"https:\/\/concertience.fr\/leblog\/#\/schema\/person\/a01b04493c0cb1de0b2030c8b8d5676f"},"headline":"Echos du Forum Concertience 2014 &#8211; L&rsquo;innovation vue par un participant","datePublished":"2015-02-23T17:37:41+00:00","dateModified":"2020-03-30T10:19:25+00:00","mainEntityOfPage":{"@id":"https:\/\/concertience.fr\/leblog\/echos-du-forum-concertience-2014-linnovation-vue-par-un-participant\/"},"wordCount":69,"commentCount":0,"keywords":["CNV","Communication NonViolente","Forum ouvert"],"articleSection":["Notre offre globale"],"inLanguage":"fr-FR","potentialAction":[{"@type":"CommentAction","name":"Comment","target":["https:\/\/concertience.fr\/leblog\/echos-du-forum-concertience-2014-linnovation-vue-par-un-participant\/#respond"]}]},{"@type":"WebPage","@id":"https:\/\/concertience.fr\/leblog\/echos-du-forum-concertience-2014-linnovation-vue-par-un-participant\/","url":"https:\/\/concertience.fr\/leblog\/echos-du-forum-concertience-2014-linnovation-vue-par-un-participant\/","name":"Echos du Forum Concertience 2014 - L'innovation vue par un participant - Le blog de Fran\u00e7oise Keller","isPartOf":{"@id":"https:\/\/concertience.fr\/leblog\/#website"},"datePublished":"2015-02-23T17:37:41+00:00","dateModified":"2020-03-30T10:19:25+00:00","author":{"@id":"https:\/\/concertience.fr\/leblog\/#\/schema\/person\/a01b04493c0cb1de0b2030c8b8d5676f"},"breadcrumb":{"@id":"https:\/\/concertience.fr\/leblog\/echos-du-forum-concertience-2014-linnovation-vue-par-un-participant\/#breadcrumb"},"inLanguage":"fr-FR","potentialAction":[{"@type":"ReadAction","target":["https:\/\/concertience.fr\/leblog\/echos-du-forum-concertience-2014-linnovation-vue-par-un-participant\/"]}]},{"@type":"BreadcrumbList","@id":"https:\/\/concertience.fr\/leblog\/echos-du-forum-concertience-2014-linnovation-vue-par-un-participant\/#breadcrumb","itemListElement":[{"@type":"ListItem","position":1,"name":"Accueil","item":"https:\/\/concertience.fr\/leblog\/"},{"@type":"ListItem","position":2,"name":"Notre offre globale","item":"https:\/\/concertience.fr\/leblog\/notre-offre-globale\/"},{"@type":"ListItem","position":3,"name":"Echos du Forum Concertience 2014 &#8211; L&rsquo;innovation vue par un participant"}]},{"@type":"WebSite","@id":"https:\/\/concertience.fr\/leblog\/#website","url":"https:\/\/concertience.fr\/leblog\/","name":"Le blog de Fran\u00e7oise Keller","description":"Le blog de Fran\u00e7oise Keller, Concertience","potentialAction":[{"@type":"SearchAction","target":{"@type":"EntryPoint","urlTemplate":"https:\/\/concertience.fr\/leblog\/?s={search_term_string}"},"query-input":{"@type":"PropertyValueSpecification","valueRequired":true,"valueName":"search_term_string"}}],"inLanguage":"fr-FR"},{"@type":"Person","@id":"https:\/\/concertience.fr\/leblog\/#\/schema\/person\/a01b04493c0cb1de0b2030c8b8d5676f","name":"Pierrick"}]}},"_links":{"self":[{"href":"https:\/\/concertience.fr\/leblog\/wp-json\/wp\/v2\/posts\/67","targetHints":{"allow":["GET"]}}],"collection":[{"href":"https:\/\/concertience.fr\/leblog\/wp-json\/wp\/v2\/posts"}],"about":[{"href":"https:\/\/concertience.fr\/leblog\/wp-json\/wp\/v2\/types\/post"}],"author":[{"embeddable":true,"href":"https:\/\/concertience.fr\/leblog\/wp-json\/wp\/v2\/users\/1"}],"replies":[{"embeddable":true,"href":"https:\/\/concertience.fr\/leblog\/wp-json\/wp\/v2\/comments?post=67"}],"version-history":[{"count":1,"href":"https:\/\/concertience.fr\/leblog\/wp-json\/wp\/v2\/posts\/67\/revisions"}],"predecessor-version":[{"id":664,"href":"https:\/\/concertience.fr\/leblog\/wp-json\/wp\/v2\/posts\/67\/revisions\/664"}],"wp:attachment":[{"href":"https:\/\/concertience.fr\/leblog\/wp-json\/wp\/v2\/media?parent=67"}],"wp:term":[{"taxonomy":"category","embeddable":true,"href":"https:\/\/concertience.fr\/leblog\/wp-json\/wp\/v2\/categories?post=67"},{"taxonomy":"post_tag","embeddable":true,"href":"https:\/\/concertience.fr\/leblog\/wp-json\/wp\/v2\/tags?post=67"}],"curies":[{"name":"wp","href":"https:\/\/api.w.org\/{rel}","templated":true}]}}