{"id":66,"date":"2015-02-23T18:45:03","date_gmt":"2015-02-23T17:45:03","guid":{"rendered":"https:\/\/concertience.fr\/leblog\/2015\/02\/23\/echos-du-forum-concertience-2014-interview-de-thierry-roche\/"},"modified":"2015-02-23T18:45:03","modified_gmt":"2015-02-23T17:45:03","slug":"echos-du-forum-concertience-2014-interview-de-thierry-roche","status":"publish","type":"post","link":"https:\/\/concertience.fr\/leblog\/echos-du-forum-concertience-2014-interview-de-thierry-roche\/","title":{"rendered":"Echos du Forum Concertience 2014- Interview de Thierry Roche"},"content":{"rendered":"<p>Thierry Roche, dirigeant d&#039;un cabinet d&#039;architectes, \u00e9tait un des trois t\u00e9moins qui ont ouvert le Forum Concertience 2014 sur le th\u00e8me &quot;Aller plus loin vers des organisations bienveillantes, dynamiques et inspirantes&quot;.&#160;<\/p>\n<p>Comment la Communication NonViolente inspire un dirigeant, une entreprise et une \u00e9quipe ?<\/p>\n<p>Comment une culture commune de l&#039;empathie, favorise la cr\u00e9ation, la prise en compte de chacun et le lien social, une performance innovante, la s\u00e9rendipit\u00e9 et l&#039;intelligence collective.<\/p>\n<p>&#160;<\/p>\n","protected":false},"excerpt":{"rendered":"<p>Thierry Roche, dirigeant d&#039;un cabinet d&#039;architectes, \u00e9tait un des trois t\u00e9moins qui ont ouvert le Forum Concertience 2014 sur le th\u00e8me &quot;Aller plus loin vers des organisations bienveillantes, dynamiques et inspirantes&quot;.&#160; Comment la Communication NonViolente inspire un dirigeant, une entreprise et une \u00e9quipe ? Comment une culture commune de l&#039;empathie, favorise la cr\u00e9ation, la prise<a class=\"excerpt-read-more\" href=\"https:\/\/concertience.fr\/leblog\/echos-du-forum-concertience-2014-interview-de-thierry-roche\/\" title=\"ReadEchos du Forum Concertience 2014- Interview de Thierry Roche\">&#8230; Lire plus &raquo;<\/a><\/p>\n","protected":false},"author":1,"featured_media":0,"comment_status":"open","ping_status":"open","sticky":false,"template":"","format":"standard","meta":{"footnotes":""},"categories":[2],"tags":[],"class_list":["post-66","post","type-post","status-publish","format-standard","hentry","category-notre-offre-globale"],"yoast_head":"<!-- This site is optimized with the Yoast SEO plugin v27.5 - https:\/\/yoast.com\/product\/yoast-seo-wordpress\/ -->\n<title>Echos du Forum Concertience 2014- Interview de Thierry Roche - Le blog de Fran\u00e7oise Keller<\/title>\n<meta name=\"robots\" content=\"index, follow, max-snippet:-1, max-image-preview:large, max-video-preview:-1\" \/>\n<link rel=\"canonical\" href=\"https:\/\/concertience.fr\/leblog\/echos-du-forum-concertience-2014-interview-de-thierry-roche\/\" \/>\n<meta property=\"og:locale\" content=\"fr_FR\" \/>\n<meta property=\"og:type\" content=\"article\" \/>\n<meta property=\"og:title\" content=\"Echos du Forum Concertience 2014- Interview de Thierry Roche - Le blog de Fran\u00e7oise Keller\" \/>\n<meta property=\"og:description\" content=\"Thierry Roche, dirigeant d&#039;un cabinet d&#039;architectes, \u00e9tait un des trois t\u00e9moins qui ont ouvert le Forum Concertience 2014 sur le th\u00e8me &quot;Aller plus loin vers des organisations bienveillantes, dynamiques et inspirantes&quot;.&#160; Comment la Communication NonViolente inspire un dirigeant, une entreprise et une \u00e9quipe ? Comment une culture commune de l&#039;empathie, favorise la cr\u00e9ation, la prise... Lire plus &raquo;\" \/>\n<meta property=\"og:url\" content=\"https:\/\/concertience.fr\/leblog\/echos-du-forum-concertience-2014-interview-de-thierry-roche\/\" \/>\n<meta property=\"og:site_name\" content=\"Le blog de Fran\u00e7oise Keller\" \/>\n<meta property=\"article:published_time\" content=\"2015-02-23T17:45:03+00:00\" \/>\n<meta name=\"author\" content=\"Pierrick\" \/>\n<meta name=\"twitter:card\" content=\"summary_large_image\" \/>\n<meta name=\"twitter:label1\" content=\"\u00c9crit par\" \/>\n\t<meta name=\"twitter:data1\" content=\"Pierrick\" \/>\n<script type=\"application\/ld+json\" class=\"yoast-schema-graph\">{\"@context\":\"https:\\\/\\\/schema.org\",\"@graph\":[{\"@type\":\"Article\",\"@id\":\"https:\\\/\\\/concertience.fr\\\/leblog\\\/echos-du-forum-concertience-2014-interview-de-thierry-roche\\\/#article\",\"isPartOf\":{\"@id\":\"https:\\\/\\\/concertience.fr\\\/leblog\\\/echos-du-forum-concertience-2014-interview-de-thierry-roche\\\/\"},\"author\":{\"name\":\"Pierrick\",\"@id\":\"https:\\\/\\\/concertience.fr\\\/leblog\\\/#\\\/schema\\\/person\\\/a01b04493c0cb1de0b2030c8b8d5676f\"},\"headline\":\"Echos du Forum Concertience 2014- Interview de Thierry Roche\",\"datePublished\":\"2015-02-23T17:45:03+00:00\",\"mainEntityOfPage\":{\"@id\":\"https:\\\/\\\/concertience.fr\\\/leblog\\\/echos-du-forum-concertience-2014-interview-de-thierry-roche\\\/\"},\"wordCount\":88,\"commentCount\":0,\"articleSection\":[\"Notre offre globale\"],\"inLanguage\":\"fr-FR\",\"potentialAction\":[{\"@type\":\"CommentAction\",\"name\":\"Comment\",\"target\":[\"https:\\\/\\\/concertience.fr\\\/leblog\\\/echos-du-forum-concertience-2014-interview-de-thierry-roche\\\/#respond\"]}]},{\"@type\":\"WebPage\",\"@id\":\"https:\\\/\\\/concertience.fr\\\/leblog\\\/echos-du-forum-concertience-2014-interview-de-thierry-roche\\\/\",\"url\":\"https:\\\/\\\/concertience.fr\\\/leblog\\\/echos-du-forum-concertience-2014-interview-de-thierry-roche\\\/\",\"name\":\"Echos du Forum Concertience 2014- Interview de Thierry Roche - Le blog de Fran\u00e7oise Keller\",\"isPartOf\":{\"@id\":\"https:\\\/\\\/concertience.fr\\\/leblog\\\/#website\"},\"datePublished\":\"2015-02-23T17:45:03+00:00\",\"author\":{\"@id\":\"https:\\\/\\\/concertience.fr\\\/leblog\\\/#\\\/schema\\\/person\\\/a01b04493c0cb1de0b2030c8b8d5676f\"},\"breadcrumb\":{\"@id\":\"https:\\\/\\\/concertience.fr\\\/leblog\\\/echos-du-forum-concertience-2014-interview-de-thierry-roche\\\/#breadcrumb\"},\"inLanguage\":\"fr-FR\",\"potentialAction\":[{\"@type\":\"ReadAction\",\"target\":[\"https:\\\/\\\/concertience.fr\\\/leblog\\\/echos-du-forum-concertience-2014-interview-de-thierry-roche\\\/\"]}]},{\"@type\":\"BreadcrumbList\",\"@id\":\"https:\\\/\\\/concertience.fr\\\/leblog\\\/echos-du-forum-concertience-2014-interview-de-thierry-roche\\\/#breadcrumb\",\"itemListElement\":[{\"@type\":\"ListItem\",\"position\":1,\"name\":\"Accueil\",\"item\":\"https:\\\/\\\/concertience.fr\\\/leblog\\\/\"},{\"@type\":\"ListItem\",\"position\":2,\"name\":\"Notre offre globale\",\"item\":\"https:\\\/\\\/concertience.fr\\\/leblog\\\/notre-offre-globale\\\/\"},{\"@type\":\"ListItem\",\"position\":3,\"name\":\"Echos du Forum Concertience 2014- Interview de Thierry Roche\"}]},{\"@type\":\"WebSite\",\"@id\":\"https:\\\/\\\/concertience.fr\\\/leblog\\\/#website\",\"url\":\"https:\\\/\\\/concertience.fr\\\/leblog\\\/\",\"name\":\"Le blog de Fran\u00e7oise Keller\",\"description\":\"Le blog de Fran\u00e7oise Keller, Concertience\",\"potentialAction\":[{\"@type\":\"SearchAction\",\"target\":{\"@type\":\"EntryPoint\",\"urlTemplate\":\"https:\\\/\\\/concertience.fr\\\/leblog\\\/?s={search_term_string}\"},\"query-input\":{\"@type\":\"PropertyValueSpecification\",\"valueRequired\":true,\"valueName\":\"search_term_string\"}}],\"inLanguage\":\"fr-FR\"},{\"@type\":\"Person\",\"@id\":\"https:\\\/\\\/concertience.fr\\\/leblog\\\/#\\\/schema\\\/person\\\/a01b04493c0cb1de0b2030c8b8d5676f\",\"name\":\"Pierrick\"}]}<\/script>\n<!-- \/ Yoast SEO plugin. -->","yoast_head_json":{"title":"Echos du Forum Concertience 2014- Interview de Thierry Roche - Le blog de Fran\u00e7oise Keller","robots":{"index":"index","follow":"follow","max-snippet":"max-snippet:-1","max-image-preview":"max-image-preview:large","max-video-preview":"max-video-preview:-1"},"canonical":"https:\/\/concertience.fr\/leblog\/echos-du-forum-concertience-2014-interview-de-thierry-roche\/","og_locale":"fr_FR","og_type":"article","og_title":"Echos du Forum Concertience 2014- Interview de Thierry Roche - Le blog de Fran\u00e7oise Keller","og_description":"Thierry Roche, dirigeant d&#039;un cabinet d&#039;architectes, \u00e9tait un des trois t\u00e9moins qui ont ouvert le Forum Concertience 2014 sur le th\u00e8me &quot;Aller plus loin vers des organisations bienveillantes, dynamiques et inspirantes&quot;.&#160; Comment la Communication NonViolente inspire un dirigeant, une entreprise et une \u00e9quipe ? Comment une culture commune de l&#039;empathie, favorise la cr\u00e9ation, la prise... Lire plus &raquo;","og_url":"https:\/\/concertience.fr\/leblog\/echos-du-forum-concertience-2014-interview-de-thierry-roche\/","og_site_name":"Le blog de Fran\u00e7oise Keller","article_published_time":"2015-02-23T17:45:03+00:00","author":"Pierrick","twitter_card":"summary_large_image","twitter_misc":{"\u00c9crit par":"Pierrick"},"schema":{"@context":"https:\/\/schema.org","@graph":[{"@type":"Article","@id":"https:\/\/concertience.fr\/leblog\/echos-du-forum-concertience-2014-interview-de-thierry-roche\/#article","isPartOf":{"@id":"https:\/\/concertience.fr\/leblog\/echos-du-forum-concertience-2014-interview-de-thierry-roche\/"},"author":{"name":"Pierrick","@id":"https:\/\/concertience.fr\/leblog\/#\/schema\/person\/a01b04493c0cb1de0b2030c8b8d5676f"},"headline":"Echos du Forum Concertience 2014- Interview de Thierry Roche","datePublished":"2015-02-23T17:45:03+00:00","mainEntityOfPage":{"@id":"https:\/\/concertience.fr\/leblog\/echos-du-forum-concertience-2014-interview-de-thierry-roche\/"},"wordCount":88,"commentCount":0,"articleSection":["Notre offre globale"],"inLanguage":"fr-FR","potentialAction":[{"@type":"CommentAction","name":"Comment","target":["https:\/\/concertience.fr\/leblog\/echos-du-forum-concertience-2014-interview-de-thierry-roche\/#respond"]}]},{"@type":"WebPage","@id":"https:\/\/concertience.fr\/leblog\/echos-du-forum-concertience-2014-interview-de-thierry-roche\/","url":"https:\/\/concertience.fr\/leblog\/echos-du-forum-concertience-2014-interview-de-thierry-roche\/","name":"Echos du Forum Concertience 2014- Interview de Thierry Roche - Le blog de Fran\u00e7oise Keller","isPartOf":{"@id":"https:\/\/concertience.fr\/leblog\/#website"},"datePublished":"2015-02-23T17:45:03+00:00","author":{"@id":"https:\/\/concertience.fr\/leblog\/#\/schema\/person\/a01b04493c0cb1de0b2030c8b8d5676f"},"breadcrumb":{"@id":"https:\/\/concertience.fr\/leblog\/echos-du-forum-concertience-2014-interview-de-thierry-roche\/#breadcrumb"},"inLanguage":"fr-FR","potentialAction":[{"@type":"ReadAction","target":["https:\/\/concertience.fr\/leblog\/echos-du-forum-concertience-2014-interview-de-thierry-roche\/"]}]},{"@type":"BreadcrumbList","@id":"https:\/\/concertience.fr\/leblog\/echos-du-forum-concertience-2014-interview-de-thierry-roche\/#breadcrumb","itemListElement":[{"@type":"ListItem","position":1,"name":"Accueil","item":"https:\/\/concertience.fr\/leblog\/"},{"@type":"ListItem","position":2,"name":"Notre offre globale","item":"https:\/\/concertience.fr\/leblog\/notre-offre-globale\/"},{"@type":"ListItem","position":3,"name":"Echos du Forum Concertience 2014- Interview de Thierry Roche"}]},{"@type":"WebSite","@id":"https:\/\/concertience.fr\/leblog\/#website","url":"https:\/\/concertience.fr\/leblog\/","name":"Le blog de Fran\u00e7oise Keller","description":"Le blog de Fran\u00e7oise Keller, Concertience","potentialAction":[{"@type":"SearchAction","target":{"@type":"EntryPoint","urlTemplate":"https:\/\/concertience.fr\/leblog\/?s={search_term_string}"},"query-input":{"@type":"PropertyValueSpecification","valueRequired":true,"valueName":"search_term_string"}}],"inLanguage":"fr-FR"},{"@type":"Person","@id":"https:\/\/concertience.fr\/leblog\/#\/schema\/person\/a01b04493c0cb1de0b2030c8b8d5676f","name":"Pierrick"}]}},"_links":{"self":[{"href":"https:\/\/concertience.fr\/leblog\/wp-json\/wp\/v2\/posts\/66","targetHints":{"allow":["GET"]}}],"collection":[{"href":"https:\/\/concertience.fr\/leblog\/wp-json\/wp\/v2\/posts"}],"about":[{"href":"https:\/\/concertience.fr\/leblog\/wp-json\/wp\/v2\/types\/post"}],"author":[{"embeddable":true,"href":"https:\/\/concertience.fr\/leblog\/wp-json\/wp\/v2\/users\/1"}],"replies":[{"embeddable":true,"href":"https:\/\/concertience.fr\/leblog\/wp-json\/wp\/v2\/comments?post=66"}],"version-history":[{"count":0,"href":"https:\/\/concertience.fr\/leblog\/wp-json\/wp\/v2\/posts\/66\/revisions"}],"wp:attachment":[{"href":"https:\/\/concertience.fr\/leblog\/wp-json\/wp\/v2\/media?parent=66"}],"wp:term":[{"taxonomy":"category","embeddable":true,"href":"https:\/\/concertience.fr\/leblog\/wp-json\/wp\/v2\/categories?post=66"},{"taxonomy":"post_tag","embeddable":true,"href":"https:\/\/concertience.fr\/leblog\/wp-json\/wp\/v2\/tags?post=66"}],"curies":[{"name":"wp","href":"https:\/\/api.w.org\/{rel}","templated":true}]}}