{"id":65,"date":"2015-03-05T09:18:40","date_gmt":"2015-03-05T08:18:40","guid":{"rendered":"https:\/\/concertience.fr\/leblog\/2015\/03\/05\/pourquoi-des-forums-concertience\/"},"modified":"2020-03-27T22:00:52","modified_gmt":"2020-03-27T21:00:52","slug":"pourquoi-des-forums-concertience","status":"publish","type":"post","link":"https:\/\/concertience.fr\/leblog\/pourquoi-des-forums-concertience\/","title":{"rendered":"Pourquoi des Forums Concertience ?"},"content":{"rendered":"<p>Nous avons concr\u00e9tis\u00e9 en 2014 un projet que je portais depuis des ann\u00e9es : un Forum innovant qui rassemble les personnes et les professionnels proches de Concertience sur une th\u00e9matique commune. Les \u00e9chos des participants, la participation et le niveau d&rsquo;engagement ont montr\u00e9 que cette proposition a du sens et r\u00e9pond \u00e0 des besoins importants.<br>Merci \u00e0 toutes celles et ceux qui m&rsquo;ont encourag\u00e9 dans ce projet.<br>Merci \u00e0 celles et ceux qui ont fait de cette journ\u00e9e un temps fort inspirant, innovant, riche et profond.<\/p>\n<p>Et aujourd&rsquo;hui j&rsquo;\u00e9cris \u00ab\u00a0les forums Concertience\u00a0\u00bb car je souhaite prolonger cet \u00e9v\u00e9nement pour r\u00e9pondre aux besoins des clients de Concertience. Une histoire \u00e0 \u00e9crire ensemble. Vos suggestions, propositions, id\u00e9es, demandes sont bienvenues !<\/p>\n\n\n<figure class=\"wp-block-image size-large\"><img data-opt-id=1824307418  fetchpriority=\"high\" decoding=\"async\" width=\"1024\" height=\"683\" src=\"https:\/\/mlkqhmyobbaq.i.optimole.com\/w:1024\/h:683\/q:mauto\/ig:avif\/https:\/\/concertience.fr\/leblog\/wp-content\/uploads\/sites\/2\/2020\/03\/Forum-Ouvert-Concertience.jpg\" alt=\"\" class=\"wp-image-580\" srcset=\"https:\/\/mlkqhmyobbaq.i.optimole.com\/w:1024\/h:683\/q:mauto\/ig:avif\/https:\/\/concertience.fr\/leblog\/wp-content\/uploads\/sites\/2\/2020\/03\/Forum-Ouvert-Concertience-scaled.jpg 1024w, https:\/\/mlkqhmyobbaq.i.optimole.com\/w:300\/h:200\/q:mauto\/ig:avif\/https:\/\/concertience.fr\/leblog\/wp-content\/uploads\/sites\/2\/2020\/03\/Forum-Ouvert-Concertience-scaled.jpg 300w, https:\/\/mlkqhmyobbaq.i.optimole.com\/w:768\/h:512\/q:mauto\/ig:avif\/https:\/\/concertience.fr\/leblog\/wp-content\/uploads\/sites\/2\/2020\/03\/Forum-Ouvert-Concertience-scaled.jpg 768w, https:\/\/mlkqhmyobbaq.i.optimole.com\/w:1536\/h:1024\/q:mauto\/ig:avif\/https:\/\/concertience.fr\/leblog\/wp-content\/uploads\/sites\/2\/2020\/03\/Forum-Ouvert-Concertience-scaled.jpg 1536w, https:\/\/mlkqhmyobbaq.i.optimole.com\/w:1620\/h:1080\/q:mauto\/ig:avif\/https:\/\/concertience.fr\/leblog\/wp-content\/uploads\/sites\/2\/2020\/03\/Forum-Ouvert-Concertience-scaled.jpg 2048w\" sizes=\"(max-width: 1024px) 100vw, 1024px\" \/><\/figure>\n\n\n\n<figure class=\"wp-block-embed-youtube wp-block-embed is-type-video is-provider-youtube wp-embed-aspect-16-9 wp-has-aspect-ratio\"><div class=\"wp-block-embed__wrapper\">\n<iframe title=\"Forum Concertience 2014 Le Film\" width=\"1200\" height=\"675\" src=\"https:\/\/www.youtube.com\/embed\/VJE-XPK8blg?feature=oembed\" frameborder=\"0\" allow=\"accelerometer; autoplay; encrypted-media; gyroscope; picture-in-picture\" allowfullscreen><\/iframe>\n<\/div><\/figure>\n","protected":false},"excerpt":{"rendered":"<p>Nous avons concr\u00e9tis\u00e9 en 2014 un projet que je portais depuis des ann\u00e9es : un Forum innovant qui rassemble les personnes et les professionnels proches de Concertience sur une th\u00e9matique commune. Les \u00e9chos des participants, la participation et le niveau d&rsquo;engagement ont montr\u00e9 que cette proposition a du sens et r\u00e9pond \u00e0 des besoins importants.Merci<a class=\"excerpt-read-more\" href=\"https:\/\/concertience.fr\/leblog\/pourquoi-des-forums-concertience\/\" title=\"ReadPourquoi des Forums Concertience ?\">&#8230; Lire plus &raquo;<\/a><\/p>\n","protected":false},"author":1,"featured_media":0,"comment_status":"open","ping_status":"open","sticky":false,"template":"","format":"standard","meta":{"footnotes":""},"categories":[2],"tags":[39,7,37,36,22,38,35],"class_list":["post-65","post","type-post","status-publish","format-standard","hentry","category-notre-offre-globale","tag-bienveillance","tag-cnv","tag-innovation","tag-intelligence-collective","tag-management","tag-performance","tag-sociocratie"],"yoast_head":"<!-- This site is optimized with the Yoast SEO plugin v27.4 - https:\/\/yoast.com\/product\/yoast-seo-wordpress\/ -->\n<title>Pourquoi des Forums Concertience ? - Le blog de Fran\u00e7oise Keller<\/title>\n<meta name=\"robots\" content=\"index, follow, max-snippet:-1, max-image-preview:large, max-video-preview:-1\" \/>\n<link rel=\"canonical\" href=\"https:\/\/concertience.fr\/leblog\/pourquoi-des-forums-concertience\/\" \/>\n<meta property=\"og:locale\" content=\"fr_FR\" \/>\n<meta property=\"og:type\" content=\"article\" \/>\n<meta property=\"og:title\" content=\"Pourquoi des Forums Concertience ? - Le blog de Fran\u00e7oise Keller\" \/>\n<meta property=\"og:description\" content=\"Nous avons concr\u00e9tis\u00e9 en 2014 un projet que je portais depuis des ann\u00e9es : un Forum innovant qui rassemble les personnes et les professionnels proches de Concertience sur une th\u00e9matique commune. Les \u00e9chos des participants, la participation et le niveau d&rsquo;engagement ont montr\u00e9 que cette proposition a du sens et r\u00e9pond \u00e0 des besoins importants.Merci... Lire plus &raquo;\" \/>\n<meta property=\"og:url\" content=\"https:\/\/concertience.fr\/leblog\/pourquoi-des-forums-concertience\/\" \/>\n<meta property=\"og:site_name\" content=\"Le blog de Fran\u00e7oise Keller\" \/>\n<meta property=\"article:published_time\" content=\"2015-03-05T08:18:40+00:00\" \/>\n<meta property=\"article:modified_time\" content=\"2020-03-27T21:00:52+00:00\" \/>\n<meta property=\"og:image\" content=\"https:\/\/mlkqhmyobbaq.i.optimole.com\/w:1024\/h:683\/q:mauto\/ig:avif\/https:\/\/concertience.fr\/leblog\/wp-content\/uploads\/sites\/2\/2020\/03\/Forum-Ouvert-Concertience.jpg\" \/>\n<meta name=\"author\" content=\"Pierrick\" \/>\n<meta name=\"twitter:card\" content=\"summary_large_image\" \/>\n<meta name=\"twitter:label1\" content=\"\u00c9crit par\" \/>\n\t<meta name=\"twitter:data1\" content=\"Pierrick\" \/>\n\t<meta name=\"twitter:label2\" content=\"Dur\u00e9e de lecture estim\u00e9e\" \/>\n\t<meta name=\"twitter:data2\" content=\"1 minute\" \/>\n<script type=\"application\/ld+json\" class=\"yoast-schema-graph\">{\"@context\":\"https:\\\/\\\/schema.org\",\"@graph\":[{\"@type\":\"Article\",\"@id\":\"https:\\\/\\\/concertience.fr\\\/leblog\\\/pourquoi-des-forums-concertience\\\/#article\",\"isPartOf\":{\"@id\":\"https:\\\/\\\/concertience.fr\\\/leblog\\\/pourquoi-des-forums-concertience\\\/\"},\"author\":{\"name\":\"Pierrick\",\"@id\":\"https:\\\/\\\/concertience.fr\\\/leblog\\\/#\\\/schema\\\/person\\\/a01b04493c0cb1de0b2030c8b8d5676f\"},\"headline\":\"Pourquoi des Forums Concertience ?\",\"datePublished\":\"2015-03-05T08:18:40+00:00\",\"dateModified\":\"2020-03-27T21:00:52+00:00\",\"mainEntityOfPage\":{\"@id\":\"https:\\\/\\\/concertience.fr\\\/leblog\\\/pourquoi-des-forums-concertience\\\/\"},\"wordCount\":133,\"commentCount\":0,\"image\":{\"@id\":\"https:\\\/\\\/concertience.fr\\\/leblog\\\/pourquoi-des-forums-concertience\\\/#primaryimage\"},\"thumbnailUrl\":\"https:\\/\\/concertience.fr\\/leblog\\/wp-content\\/uploads\\/sites\\/2\\/2020\\/03\\/Forum-Ouvert-Concertience-1024x683.jpg\",\"keywords\":[\"Bienveillance\",\"CNV\",\"Innovation\",\"intelligence collective\",\"Management\",\"Performance\",\"Sociocratie\"],\"articleSection\":[\"Notre offre globale\"],\"inLanguage\":\"fr-FR\",\"potentialAction\":[{\"@type\":\"CommentAction\",\"name\":\"Comment\",\"target\":[\"https:\\\/\\\/concertience.fr\\\/leblog\\\/pourquoi-des-forums-concertience\\\/#respond\"]}]},{\"@type\":\"WebPage\",\"@id\":\"https:\\\/\\\/concertience.fr\\\/leblog\\\/pourquoi-des-forums-concertience\\\/\",\"url\":\"https:\\\/\\\/concertience.fr\\\/leblog\\\/pourquoi-des-forums-concertience\\\/\",\"name\":\"Pourquoi des Forums Concertience ? - Le blog de Fran\u00e7oise Keller\",\"isPartOf\":{\"@id\":\"https:\\\/\\\/concertience.fr\\\/leblog\\\/#website\"},\"primaryImageOfPage\":{\"@id\":\"https:\\\/\\\/concertience.fr\\\/leblog\\\/pourquoi-des-forums-concertience\\\/#primaryimage\"},\"image\":{\"@id\":\"https:\\\/\\\/concertience.fr\\\/leblog\\\/pourquoi-des-forums-concertience\\\/#primaryimage\"},\"thumbnailUrl\":\"https:\\/\\/concertience.fr\\/leblog\\/wp-content\\/uploads\\/sites\\/2\\/2020\\/03\\/Forum-Ouvert-Concertience-1024x683.jpg\",\"datePublished\":\"2015-03-05T08:18:40+00:00\",\"dateModified\":\"2020-03-27T21:00:52+00:00\",\"author\":{\"@id\":\"https:\\\/\\\/concertience.fr\\\/leblog\\\/#\\\/schema\\\/person\\\/a01b04493c0cb1de0b2030c8b8d5676f\"},\"breadcrumb\":{\"@id\":\"https:\\\/\\\/concertience.fr\\\/leblog\\\/pourquoi-des-forums-concertience\\\/#breadcrumb\"},\"inLanguage\":\"fr-FR\",\"potentialAction\":[{\"@type\":\"ReadAction\",\"target\":[\"https:\\\/\\\/concertience.fr\\\/leblog\\\/pourquoi-des-forums-concertience\\\/\"]}]},{\"@type\":\"ImageObject\",\"inLanguage\":\"fr-FR\",\"@id\":\"https:\\\/\\\/concertience.fr\\\/leblog\\\/pourquoi-des-forums-concertience\\\/#primaryimage\",\"url\":\"https:\\/\\/concertience.fr\\/leblog\\/wp-content\\/uploads\\/sites\\/2\\/2020\\/03\\/Forum-Ouvert-Concertience-scaled.jpg\",\"contentUrl\":\"https:\\/\\/concertience.fr\\/leblog\\/wp-content\\/uploads\\/sites\\/2\\/2020\\/03\\/Forum-Ouvert-Concertience-scaled.jpg\",\"width\":2560,\"height\":1707},{\"@type\":\"BreadcrumbList\",\"@id\":\"https:\\\/\\\/concertience.fr\\\/leblog\\\/pourquoi-des-forums-concertience\\\/#breadcrumb\",\"itemListElement\":[{\"@type\":\"ListItem\",\"position\":1,\"name\":\"Accueil\",\"item\":\"https:\\\/\\\/concertience.fr\\\/leblog\\\/\"},{\"@type\":\"ListItem\",\"position\":2,\"name\":\"Notre offre globale\",\"item\":\"https:\\\/\\\/concertience.fr\\\/leblog\\\/notre-offre-globale\\\/\"},{\"@type\":\"ListItem\",\"position\":3,\"name\":\"Pourquoi des Forums Concertience ?\"}]},{\"@type\":\"WebSite\",\"@id\":\"https:\\\/\\\/concertience.fr\\\/leblog\\\/#website\",\"url\":\"https:\\\/\\\/concertience.fr\\\/leblog\\\/\",\"name\":\"Le blog de Fran\u00e7oise Keller\",\"description\":\"Le blog de Fran\u00e7oise Keller, Concertience\",\"potentialAction\":[{\"@type\":\"SearchAction\",\"target\":{\"@type\":\"EntryPoint\",\"urlTemplate\":\"https:\\\/\\\/concertience.fr\\\/leblog\\\/?s={search_term_string}\"},\"query-input\":{\"@type\":\"PropertyValueSpecification\",\"valueRequired\":true,\"valueName\":\"search_term_string\"}}],\"inLanguage\":\"fr-FR\"},{\"@type\":\"Person\",\"@id\":\"https:\\\/\\\/concertience.fr\\\/leblog\\\/#\\\/schema\\\/person\\\/a01b04493c0cb1de0b2030c8b8d5676f\",\"name\":\"Pierrick\"}]}<\/script>\n<!-- \/ Yoast SEO plugin. -->","yoast_head_json":{"title":"Pourquoi des Forums Concertience ? - Le blog de Fran\u00e7oise Keller","robots":{"index":"index","follow":"follow","max-snippet":"max-snippet:-1","max-image-preview":"max-image-preview:large","max-video-preview":"max-video-preview:-1"},"canonical":"https:\/\/concertience.fr\/leblog\/pourquoi-des-forums-concertience\/","og_locale":"fr_FR","og_type":"article","og_title":"Pourquoi des Forums Concertience ? - Le blog de Fran\u00e7oise Keller","og_description":"Nous avons concr\u00e9tis\u00e9 en 2014 un projet que je portais depuis des ann\u00e9es : un Forum innovant qui rassemble les personnes et les professionnels proches de Concertience sur une th\u00e9matique commune. Les \u00e9chos des participants, la participation et le niveau d&rsquo;engagement ont montr\u00e9 que cette proposition a du sens et r\u00e9pond \u00e0 des besoins importants.Merci... Lire plus &raquo;","og_url":"https:\/\/concertience.fr\/leblog\/pourquoi-des-forums-concertience\/","og_site_name":"Le blog de Fran\u00e7oise Keller","article_published_time":"2015-03-05T08:18:40+00:00","article_modified_time":"2020-03-27T21:00:52+00:00","og_image":[{"url":"https:\/\/mlkqhmyobbaq.i.optimole.com\/w:1024\/h:683\/q:mauto\/ig:avif\/https:\/\/concertience.fr\/leblog\/wp-content\/uploads\/sites\/2\/2020\/03\/Forum-Ouvert-Concertience.jpg","type":"","width":"","height":""}],"author":"Pierrick","twitter_card":"summary_large_image","twitter_misc":{"\u00c9crit par":"Pierrick","Dur\u00e9e de lecture estim\u00e9e":"1 minute"},"schema":{"@context":"https:\/\/schema.org","@graph":[{"@type":"Article","@id":"https:\/\/concertience.fr\/leblog\/pourquoi-des-forums-concertience\/#article","isPartOf":{"@id":"https:\/\/concertience.fr\/leblog\/pourquoi-des-forums-concertience\/"},"author":{"name":"Pierrick","@id":"https:\/\/concertience.fr\/leblog\/#\/schema\/person\/a01b04493c0cb1de0b2030c8b8d5676f"},"headline":"Pourquoi des Forums Concertience ?","datePublished":"2015-03-05T08:18:40+00:00","dateModified":"2020-03-27T21:00:52+00:00","mainEntityOfPage":{"@id":"https:\/\/concertience.fr\/leblog\/pourquoi-des-forums-concertience\/"},"wordCount":133,"commentCount":0,"image":{"@id":"https:\/\/concertience.fr\/leblog\/pourquoi-des-forums-concertience\/#primaryimage"},"thumbnailUrl":"https:\/\/mlkqhmyobbaq.i.optimole.com\/w:1024\/h:683\/q:mauto\/ig:avif\/https:\/\/concertience.fr\/leblog\/wp-content\/uploads\/sites\/2\/2020\/03\/Forum-Ouvert-Concertience.jpg","keywords":["Bienveillance","CNV","Innovation","intelligence collective","Management","Performance","Sociocratie"],"articleSection":["Notre offre globale"],"inLanguage":"fr-FR","potentialAction":[{"@type":"CommentAction","name":"Comment","target":["https:\/\/concertience.fr\/leblog\/pourquoi-des-forums-concertience\/#respond"]}]},{"@type":"WebPage","@id":"https:\/\/concertience.fr\/leblog\/pourquoi-des-forums-concertience\/","url":"https:\/\/concertience.fr\/leblog\/pourquoi-des-forums-concertience\/","name":"Pourquoi des Forums Concertience ? - Le blog de Fran\u00e7oise Keller","isPartOf":{"@id":"https:\/\/concertience.fr\/leblog\/#website"},"primaryImageOfPage":{"@id":"https:\/\/concertience.fr\/leblog\/pourquoi-des-forums-concertience\/#primaryimage"},"image":{"@id":"https:\/\/concertience.fr\/leblog\/pourquoi-des-forums-concertience\/#primaryimage"},"thumbnailUrl":"https:\/\/mlkqhmyobbaq.i.optimole.com\/w:1024\/h:683\/q:mauto\/ig:avif\/https:\/\/concertience.fr\/leblog\/wp-content\/uploads\/sites\/2\/2020\/03\/Forum-Ouvert-Concertience.jpg","datePublished":"2015-03-05T08:18:40+00:00","dateModified":"2020-03-27T21:00:52+00:00","author":{"@id":"https:\/\/concertience.fr\/leblog\/#\/schema\/person\/a01b04493c0cb1de0b2030c8b8d5676f"},"breadcrumb":{"@id":"https:\/\/concertience.fr\/leblog\/pourquoi-des-forums-concertience\/#breadcrumb"},"inLanguage":"fr-FR","potentialAction":[{"@type":"ReadAction","target":["https:\/\/concertience.fr\/leblog\/pourquoi-des-forums-concertience\/"]}]},{"@type":"ImageObject","inLanguage":"fr-FR","@id":"https:\/\/concertience.fr\/leblog\/pourquoi-des-forums-concertience\/#primaryimage","url":"https:\/\/mlkqhmyobbaq.i.optimole.com\/w:auto\/h:auto\/q:mauto\/ig:avif\/https:\/\/concertience.fr\/leblog\/wp-content\/uploads\/sites\/2\/2020\/03\/Forum-Ouvert-Concertience-scaled.jpg","contentUrl":"https:\/\/mlkqhmyobbaq.i.optimole.com\/w:auto\/h:auto\/q:mauto\/ig:avif\/https:\/\/concertience.fr\/leblog\/wp-content\/uploads\/sites\/2\/2020\/03\/Forum-Ouvert-Concertience-scaled.jpg","width":2560,"height":1707},{"@type":"BreadcrumbList","@id":"https:\/\/concertience.fr\/leblog\/pourquoi-des-forums-concertience\/#breadcrumb","itemListElement":[{"@type":"ListItem","position":1,"name":"Accueil","item":"https:\/\/concertience.fr\/leblog\/"},{"@type":"ListItem","position":2,"name":"Notre offre globale","item":"https:\/\/concertience.fr\/leblog\/notre-offre-globale\/"},{"@type":"ListItem","position":3,"name":"Pourquoi des Forums Concertience ?"}]},{"@type":"WebSite","@id":"https:\/\/concertience.fr\/leblog\/#website","url":"https:\/\/concertience.fr\/leblog\/","name":"Le blog de Fran\u00e7oise Keller","description":"Le blog de Fran\u00e7oise Keller, Concertience","potentialAction":[{"@type":"SearchAction","target":{"@type":"EntryPoint","urlTemplate":"https:\/\/concertience.fr\/leblog\/?s={search_term_string}"},"query-input":{"@type":"PropertyValueSpecification","valueRequired":true,"valueName":"search_term_string"}}],"inLanguage":"fr-FR"},{"@type":"Person","@id":"https:\/\/concertience.fr\/leblog\/#\/schema\/person\/a01b04493c0cb1de0b2030c8b8d5676f","name":"Pierrick"}]}},"_links":{"self":[{"href":"https:\/\/concertience.fr\/leblog\/wp-json\/wp\/v2\/posts\/65","targetHints":{"allow":["GET"]}}],"collection":[{"href":"https:\/\/concertience.fr\/leblog\/wp-json\/wp\/v2\/posts"}],"about":[{"href":"https:\/\/concertience.fr\/leblog\/wp-json\/wp\/v2\/types\/post"}],"author":[{"embeddable":true,"href":"https:\/\/concertience.fr\/leblog\/wp-json\/wp\/v2\/users\/1"}],"replies":[{"embeddable":true,"href":"https:\/\/concertience.fr\/leblog\/wp-json\/wp\/v2\/comments?post=65"}],"version-history":[{"count":2,"href":"https:\/\/concertience.fr\/leblog\/wp-json\/wp\/v2\/posts\/65\/revisions"}],"predecessor-version":[{"id":581,"href":"https:\/\/concertience.fr\/leblog\/wp-json\/wp\/v2\/posts\/65\/revisions\/581"}],"wp:attachment":[{"href":"https:\/\/concertience.fr\/leblog\/wp-json\/wp\/v2\/media?parent=65"}],"wp:term":[{"taxonomy":"category","embeddable":true,"href":"https:\/\/concertience.fr\/leblog\/wp-json\/wp\/v2\/categories?post=65"},{"taxonomy":"post_tag","embeddable":true,"href":"https:\/\/concertience.fr\/leblog\/wp-json\/wp\/v2\/tags?post=65"}],"curies":[{"name":"wp","href":"https:\/\/api.w.org\/{rel}","templated":true}]}}