{"id":58,"date":"2015-09-16T15:59:34","date_gmt":"2015-09-16T13:59:34","guid":{"rendered":"https:\/\/concertience.fr\/leblog\/2015\/09\/16\/cnv-et-entreprises-liberees\/"},"modified":"2020-03-30T12:29:01","modified_gmt":"2020-03-30T10:29:01","slug":"cnv-et-entreprises-liberees","status":"publish","type":"post","link":"https:\/\/concertience.fr\/leblog\/cnv-et-entreprises-liberees\/","title":{"rendered":"CNV et entreprises lib\u00e9r\u00e9es"},"content":{"rendered":"\n<div class=\"wp-block-image\"><figure class=\"aligncenter size-medium\"><img data-opt-id=1805171978  fetchpriority=\"high\" decoding=\"async\" width=\"300\" height=\"200\" src=\"https:\/\/mlkqhmyobbaq.i.optimole.com\/w:300\/h:200\/q:mauto\/ig:avif\/https:\/\/concertience.fr\/leblog\/wp-content\/uploads\/sites\/2\/2020\/03\/6a00d834435ec653ef01bb089fa59a970d-1.jpg\" alt=\"\" class=\"wp-image-554\" srcset=\"https:\/\/mlkqhmyobbaq.i.optimole.com\/w:300\/h:200\/q:mauto\/ig:avif\/https:\/\/concertience.fr\/leblog\/wp-content\/uploads\/sites\/2\/2020\/03\/6a00d834435ec653ef01bb089fa59a970d-1.jpg 300w, https:\/\/mlkqhmyobbaq.i.optimole.com\/w:768\/h:512\/q:mauto\/ig:avif\/https:\/\/concertience.fr\/leblog\/wp-content\/uploads\/sites\/2\/2020\/03\/6a00d834435ec653ef01bb089fa59a970d-1.jpg 768w, https:\/\/mlkqhmyobbaq.i.optimole.com\/w:800\/h:533\/q:mauto\/ig:avif\/https:\/\/concertience.fr\/leblog\/wp-content\/uploads\/sites\/2\/2020\/03\/6a00d834435ec653ef01bb089fa59a970d-1.jpg 800w\" sizes=\"(max-width: 300px) 100vw, 300px\" \/><\/figure><\/div>\n\n\n<p>Nous sommes particuli\u00e8rement attentifs aux apports de <strong>Fr\u00e9d\u00e9ric Laloux<\/strong>, dans son \u00e9tude sur les entreprises lib\u00e9r\u00e9es, et \u00e0 ce que nous observons autour de nous, chez nos clients et partenaires. La Communication NonViolente (CNV) appara\u00eet maintenant, de mani\u00e8re plus visible, comme\u00a0<strong>une comp\u00e9tence clef <\/strong>d\u2019un projet de transformation de la culture de l\u2019entreprise vers plus de coop\u00e9ration, de participation et de cr\u00e9ativit\u00e9, de confiance mutuelle, de prise en compte des personnes et de performance collective.<\/p>\n<p>Voici ce qu&rsquo;exprime Fr\u00e9d\u00e9ric Laloux :<\/p>\n<p><span style=\"color: #407f00;\"><em>\u00ab\u00a0Pour oser se montrer pleinement soi-m\u00eame, il faut qu&rsquo;on se sente en s\u00e9curit\u00e9. Parce qu&rsquo;\u00e0 partir du moment o\u00f9 on l\u00e2che le masque, on est vraiment visible et donc on est vuln\u00e9rable et, si on ne se sent pas en s\u00e9curit\u00e9, hop; on va tr\u00e8s vite remettre le masque. Et donc \u00e7a passe par le fait que, dans la plupart de ces boites (fond\u00e9es ou g\u00e9r\u00e9es par des personnes qui sentent que la fa\u00e7on actuelle de g\u00e9rer les entreprises arrive \u00e0 ses limites), toutes les personnes apprennent des skills comme l&rsquo;\u00e9coute active, la Communication NonViolente\u00a0\u00bb.<\/em><\/span><\/p>\n<p>Nous exp\u00e9rimentons et nous observons chez nos clients que la transformation de l\u2019entreprise en entreprise lib\u00e9r\u00e9e n&rsquo;est pas que confortable. Cela demande d\u2019encourager la prise de parole, la formulation de propositions. Cela demande donc de pouvoir accueillir les divergences de points de vue, voire les conflits, de mani\u00e8re positive et constructive. Cela demande enfin au management d\u2019apprendre \u00e0 \u00e9couter vraiment tout en s\u2019exprimant. Et cela s&rsquo;apprend !<\/p>\n<p>La CNV influence, directement ou indirectement, les projets de nouvelle gouvernance (sociocratie, holacratie), d\u2019agilit\u00e9 (Dragon Dreaming, m\u00e9thode agile), d\u2019entreprises lib\u00e9r\u00e9es\u00a0:<\/p>\n<ul>\n<li>La CNV met un focus particulier sur <strong>l\u2019intention de la relation<\/strong>, y compris en environnement professionnel\u00a0: quelle est mon intention lorsque je communique\u00a0? quelles sont les interpr\u00e9tations que j\u2019ai de l\u2019intention d\u2019autrui qui freinent la coop\u00e9ration et le dialogue\u00a0?<\/li>\n<li><strong>L\u2019auto-empathie<\/strong> permet \u00e0 chaque collaborateur de d\u00e9velopper ses ressources, un espace de s\u00e9curit\u00e9 et de conscience qui favorise un dialogue authentique et ouvert,<\/li>\n<li>La CNV encourage une expression d\u00e9nu\u00e9e de jugements et de repr\u00e9sentations d\u2019ennemis\u00a0; elle favorise <strong>la prise de parole<\/strong> consciente, authentique et constructive\u00a0; elle encourage les uns \u00e0 davantage oser s\u2019exprimer, les autres \u00e0 transformer leurs plaintes en propositions, et les derniers \u00e0 davantage se taire,<\/li>\n<li>La CNV donne les rep\u00e8res n\u00e9cessaires au d\u00e9veloppement de l<strong>\u2019empathie<\/strong>, une \u00e9coute profonde et le respect de la responsabilit\u00e9 de chacun,<\/li>\n<li>La CNV permet tout \u00e0 la fois de <strong>transformer les probl\u00e8mes et les conflits<\/strong> en occasions r\u00e9alistes d\u2019\u00e9volutions et \u00e9galement de s\u2019appuyer sur les r\u00e9ussites, donner du sens et reconna\u00eetre la contribution de chacun,<\/li>\n<li>La CNV donne donc des outils pragmatiques et puissants pour favoriser un dialogue constructif, respectueux des personnes et efficace, ainsi qu\u2019une dynamique apprenante des organisations<\/li>\n<\/ul>\n<p>Pour aller plus loin, quelques ressources :<\/p>\n<ul>\n<li>Notre ouvrage, Pratiquer la CNV au travail, Fran\u00e7oise Keller, InterEditions 2013<\/li>\n<li>Une note de synth\u00e8se de bonnes pratiques, <a href=\"http:\/\/www.rhone-alpes.direccte.gouv.fr\/Bien-etre-au-travail-et,14452\" target=\"_self\" rel=\"noopener noreferrer\">Bien-\u00eatre au travail et performance \u00e9conomique<\/a>, rapport de la DIRECCTE Rh\u00f4ne-Alpes, 2014<\/li>\n<li>Conf\u00e9rence de F Laloux, <a href=\"https:\/\/www.youtube.com\/watch?v=NZKqPoQiaDE\" target=\"_self\" rel=\"noopener noreferrer\">Reinventing Organizations<\/a>, 2014<\/li>\n<\/ul>\n<p>Concertience accompagne ses clients en s&rsquo;appuyant sur son exp\u00e9rience en :<\/p>\n<ul>\n<li>Formations des salari\u00e9s ou des accompagnateurs du changement,<\/li>\n<li>Supervision,<\/li>\n<li>Coaching individuel et d&rsquo;\u00e9quipe,<\/li>\n<li>Forums ouverts.<\/li>\n<\/ul>\n<p>Prenez contact avec nous si vous avez un projet en cours ou \u00e0 venir !<\/p>","protected":false},"excerpt":{"rendered":"<p>Nous sommes particuli\u00e8rement attentifs aux apports de Fr\u00e9d\u00e9ric Laloux, dans son \u00e9tude sur les entreprises lib\u00e9r\u00e9es, et \u00e0 ce que nous observons autour de nous, chez nos clients et partenaires. La Communication NonViolente (CNV) appara\u00eet maintenant, de mani\u00e8re plus visible, comme\u00a0une comp\u00e9tence clef d\u2019un projet de transformation de la culture de l\u2019entreprise vers plus de<a class=\"excerpt-read-more\" href=\"https:\/\/concertience.fr\/leblog\/cnv-et-entreprises-liberees\/\" title=\"ReadCNV et entreprises lib\u00e9r\u00e9es\">&#8230; Lire plus &raquo;<\/a><\/p>\n","protected":false},"author":1,"featured_media":0,"comment_status":"open","ping_status":"closed","sticky":false,"template":"","format":"standard","meta":{"footnotes":""},"categories":[2],"tags":[51,30,43,22],"class_list":["post-58","post","type-post","status-publish","format-standard","hentry","category-notre-offre-globale","tag-cnv-en-entreprise","tag-entreprises-liberees","tag-gouvernance","tag-management"],"yoast_head":"<!-- This site is optimized with the Yoast SEO plugin v27.5 - https:\/\/yoast.com\/product\/yoast-seo-wordpress\/ -->\n<title>CNV et entreprises lib\u00e9r\u00e9es - Le blog de Fran\u00e7oise Keller<\/title>\n<meta name=\"robots\" content=\"index, follow, max-snippet:-1, max-image-preview:large, max-video-preview:-1\" \/>\n<link rel=\"canonical\" href=\"https:\/\/concertience.fr\/leblog\/cnv-et-entreprises-liberees\/\" \/>\n<meta property=\"og:locale\" content=\"fr_FR\" \/>\n<meta property=\"og:type\" content=\"article\" \/>\n<meta property=\"og:title\" content=\"CNV et entreprises lib\u00e9r\u00e9es - Le blog de Fran\u00e7oise Keller\" \/>\n<meta property=\"og:description\" content=\"Nous sommes particuli\u00e8rement attentifs aux apports de Fr\u00e9d\u00e9ric Laloux, dans son \u00e9tude sur les entreprises lib\u00e9r\u00e9es, et \u00e0 ce que nous observons autour de nous, chez nos clients et partenaires. La Communication NonViolente (CNV) appara\u00eet maintenant, de mani\u00e8re plus visible, comme\u00a0une comp\u00e9tence clef d\u2019un projet de transformation de la culture de l\u2019entreprise vers plus de... Lire plus &raquo;\" \/>\n<meta property=\"og:url\" content=\"https:\/\/concertience.fr\/leblog\/cnv-et-entreprises-liberees\/\" \/>\n<meta property=\"og:site_name\" content=\"Le blog de Fran\u00e7oise Keller\" \/>\n<meta property=\"article:published_time\" content=\"2015-09-16T13:59:34+00:00\" \/>\n<meta property=\"article:modified_time\" content=\"2020-03-30T10:29:01+00:00\" \/>\n<meta property=\"og:image\" content=\"https:\/\/mlkqhmyobbaq.i.optimole.com\/w:300\/h:200\/q:mauto\/ig:avif\/https:\/\/concertience.fr\/leblog\/wp-content\/uploads\/sites\/2\/2020\/03\/6a00d834435ec653ef01bb089fa59a970d-1.jpg\" \/>\n<meta name=\"author\" content=\"Pierrick\" \/>\n<meta name=\"twitter:card\" content=\"summary_large_image\" \/>\n<meta name=\"twitter:label1\" content=\"\u00c9crit par\" \/>\n\t<meta name=\"twitter:data1\" content=\"Pierrick\" \/>\n\t<meta name=\"twitter:label2\" content=\"Dur\u00e9e de lecture estim\u00e9e\" \/>\n\t<meta name=\"twitter:data2\" content=\"3 minutes\" \/>\n<script type=\"application\/ld+json\" class=\"yoast-schema-graph\">{\"@context\":\"https:\\\/\\\/schema.org\",\"@graph\":[{\"@type\":\"Article\",\"@id\":\"https:\\\/\\\/concertience.fr\\\/leblog\\\/cnv-et-entreprises-liberees\\\/#article\",\"isPartOf\":{\"@id\":\"https:\\\/\\\/concertience.fr\\\/leblog\\\/cnv-et-entreprises-liberees\\\/\"},\"author\":{\"name\":\"Pierrick\",\"@id\":\"https:\\\/\\\/concertience.fr\\\/leblog\\\/#\\\/schema\\\/person\\\/a01b04493c0cb1de0b2030c8b8d5676f\"},\"headline\":\"CNV et entreprises lib\u00e9r\u00e9es\",\"datePublished\":\"2015-09-16T13:59:34+00:00\",\"dateModified\":\"2020-03-30T10:29:01+00:00\",\"mainEntityOfPage\":{\"@id\":\"https:\\\/\\\/concertience.fr\\\/leblog\\\/cnv-et-entreprises-liberees\\\/\"},\"wordCount\":601,\"commentCount\":0,\"image\":{\"@id\":\"https:\\\/\\\/concertience.fr\\\/leblog\\\/cnv-et-entreprises-liberees\\\/#primaryimage\"},\"thumbnailUrl\":\"https:\\/\\/concertience.fr\\/leblog\\/wp-content\\/uploads\\/sites\\/2\\/2020\\/03\\/6a00d834435ec653ef01bb089fa59a970d-1-300x200.jpg\",\"keywords\":[\"CNV en entreprise\",\"Entreprises lib\u00e9r\u00e9es\",\"Gouvernance\",\"Management\"],\"articleSection\":[\"Notre offre globale\"],\"inLanguage\":\"fr-FR\",\"potentialAction\":[{\"@type\":\"CommentAction\",\"name\":\"Comment\",\"target\":[\"https:\\\/\\\/concertience.fr\\\/leblog\\\/cnv-et-entreprises-liberees\\\/#respond\"]}]},{\"@type\":\"WebPage\",\"@id\":\"https:\\\/\\\/concertience.fr\\\/leblog\\\/cnv-et-entreprises-liberees\\\/\",\"url\":\"https:\\\/\\\/concertience.fr\\\/leblog\\\/cnv-et-entreprises-liberees\\\/\",\"name\":\"CNV et entreprises lib\u00e9r\u00e9es - Le blog de Fran\u00e7oise Keller\",\"isPartOf\":{\"@id\":\"https:\\\/\\\/concertience.fr\\\/leblog\\\/#website\"},\"primaryImageOfPage\":{\"@id\":\"https:\\\/\\\/concertience.fr\\\/leblog\\\/cnv-et-entreprises-liberees\\\/#primaryimage\"},\"image\":{\"@id\":\"https:\\\/\\\/concertience.fr\\\/leblog\\\/cnv-et-entreprises-liberees\\\/#primaryimage\"},\"thumbnailUrl\":\"https:\\/\\/concertience.fr\\/leblog\\/wp-content\\/uploads\\/sites\\/2\\/2020\\/03\\/6a00d834435ec653ef01bb089fa59a970d-1-300x200.jpg\",\"datePublished\":\"2015-09-16T13:59:34+00:00\",\"dateModified\":\"2020-03-30T10:29:01+00:00\",\"author\":{\"@id\":\"https:\\\/\\\/concertience.fr\\\/leblog\\\/#\\\/schema\\\/person\\\/a01b04493c0cb1de0b2030c8b8d5676f\"},\"breadcrumb\":{\"@id\":\"https:\\\/\\\/concertience.fr\\\/leblog\\\/cnv-et-entreprises-liberees\\\/#breadcrumb\"},\"inLanguage\":\"fr-FR\",\"potentialAction\":[{\"@type\":\"ReadAction\",\"target\":[\"https:\\\/\\\/concertience.fr\\\/leblog\\\/cnv-et-entreprises-liberees\\\/\"]}]},{\"@type\":\"ImageObject\",\"inLanguage\":\"fr-FR\",\"@id\":\"https:\\\/\\\/concertience.fr\\\/leblog\\\/cnv-et-entreprises-liberees\\\/#primaryimage\",\"url\":\"https:\\/\\/concertience.fr\\/leblog\\/wp-content\\/uploads\\/sites\\/2\\/2020\\/03\\/6a00d834435ec653ef01bb089fa59a970d-1.jpg\",\"contentUrl\":\"https:\\/\\/concertience.fr\\/leblog\\/wp-content\\/uploads\\/sites\\/2\\/2020\\/03\\/6a00d834435ec653ef01bb089fa59a970d-1.jpg\",\"width\":800,\"height\":533},{\"@type\":\"BreadcrumbList\",\"@id\":\"https:\\\/\\\/concertience.fr\\\/leblog\\\/cnv-et-entreprises-liberees\\\/#breadcrumb\",\"itemListElement\":[{\"@type\":\"ListItem\",\"position\":1,\"name\":\"Accueil\",\"item\":\"https:\\\/\\\/concertience.fr\\\/leblog\\\/\"},{\"@type\":\"ListItem\",\"position\":2,\"name\":\"Notre offre globale\",\"item\":\"https:\\\/\\\/concertience.fr\\\/leblog\\\/notre-offre-globale\\\/\"},{\"@type\":\"ListItem\",\"position\":3,\"name\":\"CNV et entreprises lib\u00e9r\u00e9es\"}]},{\"@type\":\"WebSite\",\"@id\":\"https:\\\/\\\/concertience.fr\\\/leblog\\\/#website\",\"url\":\"https:\\\/\\\/concertience.fr\\\/leblog\\\/\",\"name\":\"Le blog de Fran\u00e7oise Keller\",\"description\":\"Le blog de Fran\u00e7oise Keller, Concertience\",\"potentialAction\":[{\"@type\":\"SearchAction\",\"target\":{\"@type\":\"EntryPoint\",\"urlTemplate\":\"https:\\\/\\\/concertience.fr\\\/leblog\\\/?s={search_term_string}\"},\"query-input\":{\"@type\":\"PropertyValueSpecification\",\"valueRequired\":true,\"valueName\":\"search_term_string\"}}],\"inLanguage\":\"fr-FR\"},{\"@type\":\"Person\",\"@id\":\"https:\\\/\\\/concertience.fr\\\/leblog\\\/#\\\/schema\\\/person\\\/a01b04493c0cb1de0b2030c8b8d5676f\",\"name\":\"Pierrick\"}]}<\/script>\n<!-- \/ Yoast SEO plugin. -->","yoast_head_json":{"title":"CNV et entreprises lib\u00e9r\u00e9es - Le blog de Fran\u00e7oise Keller","robots":{"index":"index","follow":"follow","max-snippet":"max-snippet:-1","max-image-preview":"max-image-preview:large","max-video-preview":"max-video-preview:-1"},"canonical":"https:\/\/concertience.fr\/leblog\/cnv-et-entreprises-liberees\/","og_locale":"fr_FR","og_type":"article","og_title":"CNV et entreprises lib\u00e9r\u00e9es - Le blog de Fran\u00e7oise Keller","og_description":"Nous sommes particuli\u00e8rement attentifs aux apports de Fr\u00e9d\u00e9ric Laloux, dans son \u00e9tude sur les entreprises lib\u00e9r\u00e9es, et \u00e0 ce que nous observons autour de nous, chez nos clients et partenaires. La Communication NonViolente (CNV) appara\u00eet maintenant, de mani\u00e8re plus visible, comme\u00a0une comp\u00e9tence clef d\u2019un projet de transformation de la culture de l\u2019entreprise vers plus de... Lire plus &raquo;","og_url":"https:\/\/concertience.fr\/leblog\/cnv-et-entreprises-liberees\/","og_site_name":"Le blog de Fran\u00e7oise Keller","article_published_time":"2015-09-16T13:59:34+00:00","article_modified_time":"2020-03-30T10:29:01+00:00","og_image":[{"url":"https:\/\/mlkqhmyobbaq.i.optimole.com\/w:300\/h:200\/q:mauto\/ig:avif\/https:\/\/concertience.fr\/leblog\/wp-content\/uploads\/sites\/2\/2020\/03\/6a00d834435ec653ef01bb089fa59a970d-1.jpg","type":"","width":"","height":""}],"author":"Pierrick","twitter_card":"summary_large_image","twitter_misc":{"\u00c9crit par":"Pierrick","Dur\u00e9e de lecture estim\u00e9e":"3 minutes"},"schema":{"@context":"https:\/\/schema.org","@graph":[{"@type":"Article","@id":"https:\/\/concertience.fr\/leblog\/cnv-et-entreprises-liberees\/#article","isPartOf":{"@id":"https:\/\/concertience.fr\/leblog\/cnv-et-entreprises-liberees\/"},"author":{"name":"Pierrick","@id":"https:\/\/concertience.fr\/leblog\/#\/schema\/person\/a01b04493c0cb1de0b2030c8b8d5676f"},"headline":"CNV et entreprises lib\u00e9r\u00e9es","datePublished":"2015-09-16T13:59:34+00:00","dateModified":"2020-03-30T10:29:01+00:00","mainEntityOfPage":{"@id":"https:\/\/concertience.fr\/leblog\/cnv-et-entreprises-liberees\/"},"wordCount":601,"commentCount":0,"image":{"@id":"https:\/\/concertience.fr\/leblog\/cnv-et-entreprises-liberees\/#primaryimage"},"thumbnailUrl":"https:\/\/mlkqhmyobbaq.i.optimole.com\/w:300\/h:200\/q:mauto\/ig:avif\/https:\/\/concertience.fr\/leblog\/wp-content\/uploads\/sites\/2\/2020\/03\/6a00d834435ec653ef01bb089fa59a970d-1.jpg","keywords":["CNV en entreprise","Entreprises lib\u00e9r\u00e9es","Gouvernance","Management"],"articleSection":["Notre offre globale"],"inLanguage":"fr-FR","potentialAction":[{"@type":"CommentAction","name":"Comment","target":["https:\/\/concertience.fr\/leblog\/cnv-et-entreprises-liberees\/#respond"]}]},{"@type":"WebPage","@id":"https:\/\/concertience.fr\/leblog\/cnv-et-entreprises-liberees\/","url":"https:\/\/concertience.fr\/leblog\/cnv-et-entreprises-liberees\/","name":"CNV et entreprises lib\u00e9r\u00e9es - Le blog de Fran\u00e7oise Keller","isPartOf":{"@id":"https:\/\/concertience.fr\/leblog\/#website"},"primaryImageOfPage":{"@id":"https:\/\/concertience.fr\/leblog\/cnv-et-entreprises-liberees\/#primaryimage"},"image":{"@id":"https:\/\/concertience.fr\/leblog\/cnv-et-entreprises-liberees\/#primaryimage"},"thumbnailUrl":"https:\/\/mlkqhmyobbaq.i.optimole.com\/w:300\/h:200\/q:mauto\/ig:avif\/https:\/\/concertience.fr\/leblog\/wp-content\/uploads\/sites\/2\/2020\/03\/6a00d834435ec653ef01bb089fa59a970d-1.jpg","datePublished":"2015-09-16T13:59:34+00:00","dateModified":"2020-03-30T10:29:01+00:00","author":{"@id":"https:\/\/concertience.fr\/leblog\/#\/schema\/person\/a01b04493c0cb1de0b2030c8b8d5676f"},"breadcrumb":{"@id":"https:\/\/concertience.fr\/leblog\/cnv-et-entreprises-liberees\/#breadcrumb"},"inLanguage":"fr-FR","potentialAction":[{"@type":"ReadAction","target":["https:\/\/concertience.fr\/leblog\/cnv-et-entreprises-liberees\/"]}]},{"@type":"ImageObject","inLanguage":"fr-FR","@id":"https:\/\/concertience.fr\/leblog\/cnv-et-entreprises-liberees\/#primaryimage","url":"https:\/\/mlkqhmyobbaq.i.optimole.com\/w:auto\/h:auto\/q:mauto\/ig:avif\/https:\/\/concertience.fr\/leblog\/wp-content\/uploads\/sites\/2\/2020\/03\/6a00d834435ec653ef01bb089fa59a970d-1.jpg","contentUrl":"https:\/\/mlkqhmyobbaq.i.optimole.com\/w:auto\/h:auto\/q:mauto\/ig:avif\/https:\/\/concertience.fr\/leblog\/wp-content\/uploads\/sites\/2\/2020\/03\/6a00d834435ec653ef01bb089fa59a970d-1.jpg","width":800,"height":533},{"@type":"BreadcrumbList","@id":"https:\/\/concertience.fr\/leblog\/cnv-et-entreprises-liberees\/#breadcrumb","itemListElement":[{"@type":"ListItem","position":1,"name":"Accueil","item":"https:\/\/concertience.fr\/leblog\/"},{"@type":"ListItem","position":2,"name":"Notre offre globale","item":"https:\/\/concertience.fr\/leblog\/notre-offre-globale\/"},{"@type":"ListItem","position":3,"name":"CNV et entreprises lib\u00e9r\u00e9es"}]},{"@type":"WebSite","@id":"https:\/\/concertience.fr\/leblog\/#website","url":"https:\/\/concertience.fr\/leblog\/","name":"Le blog de Fran\u00e7oise Keller","description":"Le blog de Fran\u00e7oise Keller, Concertience","potentialAction":[{"@type":"SearchAction","target":{"@type":"EntryPoint","urlTemplate":"https:\/\/concertience.fr\/leblog\/?s={search_term_string}"},"query-input":{"@type":"PropertyValueSpecification","valueRequired":true,"valueName":"search_term_string"}}],"inLanguage":"fr-FR"},{"@type":"Person","@id":"https:\/\/concertience.fr\/leblog\/#\/schema\/person\/a01b04493c0cb1de0b2030c8b8d5676f","name":"Pierrick"}]}},"_links":{"self":[{"href":"https:\/\/concertience.fr\/leblog\/wp-json\/wp\/v2\/posts\/58","targetHints":{"allow":["GET"]}}],"collection":[{"href":"https:\/\/concertience.fr\/leblog\/wp-json\/wp\/v2\/posts"}],"about":[{"href":"https:\/\/concertience.fr\/leblog\/wp-json\/wp\/v2\/types\/post"}],"author":[{"embeddable":true,"href":"https:\/\/concertience.fr\/leblog\/wp-json\/wp\/v2\/users\/1"}],"replies":[{"embeddable":true,"href":"https:\/\/concertience.fr\/leblog\/wp-json\/wp\/v2\/comments?post=58"}],"version-history":[{"count":2,"href":"https:\/\/concertience.fr\/leblog\/wp-json\/wp\/v2\/posts\/58\/revisions"}],"predecessor-version":[{"id":556,"href":"https:\/\/concertience.fr\/leblog\/wp-json\/wp\/v2\/posts\/58\/revisions\/556"}],"wp:attachment":[{"href":"https:\/\/concertience.fr\/leblog\/wp-json\/wp\/v2\/media?parent=58"}],"wp:term":[{"taxonomy":"category","embeddable":true,"href":"https:\/\/concertience.fr\/leblog\/wp-json\/wp\/v2\/categories?post=58"},{"taxonomy":"post_tag","embeddable":true,"href":"https:\/\/concertience.fr\/leblog\/wp-json\/wp\/v2\/tags?post=58"}],"curies":[{"name":"wp","href":"https:\/\/api.w.org\/{rel}","templated":true}]}}