{"id":39,"date":"2017-04-28T15:02:04","date_gmt":"2017-04-28T13:02:04","guid":{"rendered":"https:\/\/concertience.fr\/leblog\/2017\/04\/28\/devenez-un-leader-inspirant-pour-accelerer-lexcellence-collective\/"},"modified":"2020-03-27T18:50:43","modified_gmt":"2020-03-27T17:50:43","slug":"devenez-un-leader-inspirant-pour-accelerer-lexcellence-collective","status":"publish","type":"post","link":"https:\/\/concertience.fr\/leblog\/devenez-un-leader-inspirant-pour-accelerer-lexcellence-collective\/","title":{"rendered":"Devenez un leader inspirant pour acc\u00e9l\u00e9rer l&rsquo;excellence collective"},"content":{"rendered":"\n<figure class=\"wp-block-image size-large\"><img data-opt-id=2047843650  fetchpriority=\"high\" decoding=\"async\" width=\"120\" height=\"80\" src=\"https:\/\/mlkqhmyobbaq.i.optimole.com\/w:auto\/h:auto\/q:mauto\/ig:avif\/https:\/\/concertience.fr\/leblog\/wp-content\/uploads\/sites\/2\/2020\/03\/Ecole-Centrale-Lyon.jpg\" alt=\"\" class=\"wp-image-514\"\/><\/figure>\n\n\n<p style=\"text-align: center;\"><span style=\"color: #808080;\"><strong>NOUVEAU<br \/>Executive Certificate en Leadership<\/strong><\/span><\/p>\n<p style=\"text-align: center;\"><span style=\"color: #bf005f;\"><strong>L&rsquo;Ecole Centrale de Lyon<\/strong> <\/span>lance le premier programme certifiant et complet autour du leadership et de l&rsquo;excellence collective et je suis heureuse et honor\u00e9e de faire partie de l&rsquo;\u00e9quipe des intervenants de ce beau programme.<\/p>\n<p>Une formation sur 21 jours r\u00e9partis sur 9 mois. La premi\u00e8re promotion commence en octobre 2017.<\/p>\n<p style=\"text-align: justify;\">Dans ce monde complexe et face aux enjeux de notre soci\u00e9t\u00e9, nous avons besoin de leaders, dirigeants, managers, chefs de projets, acteurs\u00a0qui travaillent sur eux, dont les actes et les paroles \u00e9mergent d&rsquo;un espace int\u00e9rieur apais\u00e9 et\u00a0empreint de sagesse, qui savent int\u00e9grer la dimension humaine et relationnelle dans leur travail, qui mettent l&rsquo;\u00e9thique et le discernement au coeur de leurs choix.<\/p>\n<p>Ce cursus permet \u00e0 chacun de se d\u00e9velopper sur trois plans :<\/p>\n<ul>\n<li>Mieux se conna\u00eetre et d\u00e9velopper son potentiel humain,<\/li>\n<li>Mieux conna\u00eetre l&rsquo;autre et prendre soin des relations interpersonnelles,<\/li>\n<li>Accompagner la performance collective en mettant la personne au centre.<\/li>\n<\/ul>\n<p>Trois catalyseurs pour cette formation :<\/p>\n<ul>\n<li>Conna\u00eetre ses forces et reconna\u00eetre ses talents<\/li>\n<li>Renforcer son estime de soi<\/li>\n<li>Favoriser une coop\u00e9ration durable dans les relations avec la Communication NonViolente (CNV)<\/li>\n<\/ul>\n<p><a href=\"http:\/\/www.ec-lyon.fr\/sites\/default\/files\/leadership.pdf\">Informations et inscription &#8211; ECL PRO<\/a><\/p>\n<p>N&rsquo;h\u00e9sitez pas \u00e0 transmettre aux acteurs de changements que vous connaissez !<\/p>","protected":false},"excerpt":{"rendered":"<p>NOUVEAUExecutive Certificate en Leadership L&rsquo;Ecole Centrale de Lyon lance le premier programme certifiant et complet autour du leadership et de l&rsquo;excellence collective et je suis heureuse et honor\u00e9e de faire partie de l&rsquo;\u00e9quipe des intervenants de ce beau programme. Une formation sur 21 jours r\u00e9partis sur 9 mois. La premi\u00e8re promotion commence en octobre 2017.<a class=\"excerpt-read-more\" href=\"https:\/\/concertience.fr\/leblog\/devenez-un-leader-inspirant-pour-accelerer-lexcellence-collective\/\" title=\"ReadDevenez un leader inspirant pour acc\u00e9l\u00e9rer l&rsquo;excellence collective\">&#8230; Lire plus &raquo;<\/a><\/p>\n","protected":false},"author":2,"featured_media":0,"comment_status":"open","ping_status":"closed","sticky":false,"template":"","format":"standard","meta":{"footnotes":""},"categories":[9,4],"tags":[24,25,19,22],"class_list":["post-39","post","type-post","status-publish","format-standard","hentry","category-communication-nonviolente-cnv","category-notre-offre-de-formation","tag-agilite","tag-leader","tag-leadership","tag-management"],"yoast_head":"<!-- This site is optimized with the Yoast SEO plugin v27.5 - https:\/\/yoast.com\/product\/yoast-seo-wordpress\/ -->\n<title>Devenez un leader inspirant pour acc\u00e9l\u00e9rer l&#039;excellence collective - Le blog de Fran\u00e7oise Keller<\/title>\n<meta name=\"robots\" content=\"index, follow, max-snippet:-1, max-image-preview:large, max-video-preview:-1\" \/>\n<link rel=\"canonical\" href=\"https:\/\/concertience.fr\/leblog\/devenez-un-leader-inspirant-pour-accelerer-lexcellence-collective\/\" \/>\n<meta property=\"og:locale\" content=\"fr_FR\" \/>\n<meta property=\"og:type\" content=\"article\" \/>\n<meta property=\"og:title\" content=\"Devenez un leader inspirant pour acc\u00e9l\u00e9rer l&#039;excellence collective - Le blog de Fran\u00e7oise Keller\" \/>\n<meta property=\"og:description\" content=\"NOUVEAUExecutive Certificate en Leadership L&rsquo;Ecole Centrale de Lyon lance le premier programme certifiant et complet autour du leadership et de l&rsquo;excellence collective et je suis heureuse et honor\u00e9e de faire partie de l&rsquo;\u00e9quipe des intervenants de ce beau programme. Une formation sur 21 jours r\u00e9partis sur 9 mois. La premi\u00e8re promotion commence en octobre 2017.... Lire plus &raquo;\" \/>\n<meta property=\"og:url\" content=\"https:\/\/concertience.fr\/leblog\/devenez-un-leader-inspirant-pour-accelerer-lexcellence-collective\/\" \/>\n<meta property=\"og:site_name\" content=\"Le blog de Fran\u00e7oise Keller\" \/>\n<meta property=\"article:published_time\" content=\"2017-04-28T13:02:04+00:00\" \/>\n<meta property=\"article:modified_time\" content=\"2020-03-27T17:50:43+00:00\" \/>\n<meta property=\"og:image\" content=\"https:\/\/mlkqhmyobbaq.i.optimole.com\/w:auto\/h:auto\/q:mauto\/ig:avif\/https:\/\/concertience.fr\/leblog\/wp-content\/uploads\/sites\/2\/2020\/03\/Ecole-Centrale-Lyon.jpg\" \/>\n<meta name=\"author\" content=\"francoisesiteweb\" \/>\n<meta name=\"twitter:card\" content=\"summary_large_image\" \/>\n<meta name=\"twitter:label1\" content=\"\u00c9crit par\" \/>\n\t<meta name=\"twitter:data1\" content=\"francoisesiteweb\" \/>\n\t<meta name=\"twitter:label2\" content=\"Dur\u00e9e de lecture estim\u00e9e\" \/>\n\t<meta name=\"twitter:data2\" content=\"1 minute\" \/>\n<script type=\"application\/ld+json\" class=\"yoast-schema-graph\">{\"@context\":\"https:\\\/\\\/schema.org\",\"@graph\":[{\"@type\":\"Article\",\"@id\":\"https:\\\/\\\/concertience.fr\\\/leblog\\\/devenez-un-leader-inspirant-pour-accelerer-lexcellence-collective\\\/#article\",\"isPartOf\":{\"@id\":\"https:\\\/\\\/concertience.fr\\\/leblog\\\/devenez-un-leader-inspirant-pour-accelerer-lexcellence-collective\\\/\"},\"author\":{\"name\":\"francoisesiteweb\",\"@id\":\"https:\\\/\\\/concertience.fr\\\/leblog\\\/#\\\/schema\\\/person\\\/a8a3ffb4a05b55c3e77e954cd93c49d8\"},\"headline\":\"Devenez un leader inspirant pour acc\u00e9l\u00e9rer l&rsquo;excellence collective\",\"datePublished\":\"2017-04-28T13:02:04+00:00\",\"dateModified\":\"2020-03-27T17:50:43+00:00\",\"mainEntityOfPage\":{\"@id\":\"https:\\\/\\\/concertience.fr\\\/leblog\\\/devenez-un-leader-inspirant-pour-accelerer-lexcellence-collective\\\/\"},\"wordCount\":229,\"commentCount\":0,\"image\":{\"@id\":\"https:\\\/\\\/concertience.fr\\\/leblog\\\/devenez-un-leader-inspirant-pour-accelerer-lexcellence-collective\\\/#primaryimage\"},\"thumbnailUrl\":\"https:\\/\\/concertience.fr\\/leblog\\/wp-content\\/uploads\\/sites\\/2\\/2020\\/03\\/Ecole-Centrale-Lyon.jpg\",\"keywords\":[\"Agilit\u00e9\",\"Leader\",\"Leadership\",\"Management\"],\"articleSection\":[\"Communication NonViolente (CNV)\",\"Notre offre de formation\"],\"inLanguage\":\"fr-FR\",\"potentialAction\":[{\"@type\":\"CommentAction\",\"name\":\"Comment\",\"target\":[\"https:\\\/\\\/concertience.fr\\\/leblog\\\/devenez-un-leader-inspirant-pour-accelerer-lexcellence-collective\\\/#respond\"]}]},{\"@type\":\"WebPage\",\"@id\":\"https:\\\/\\\/concertience.fr\\\/leblog\\\/devenez-un-leader-inspirant-pour-accelerer-lexcellence-collective\\\/\",\"url\":\"https:\\\/\\\/concertience.fr\\\/leblog\\\/devenez-un-leader-inspirant-pour-accelerer-lexcellence-collective\\\/\",\"name\":\"Devenez un leader inspirant pour acc\u00e9l\u00e9rer l'excellence collective - Le blog de Fran\u00e7oise Keller\",\"isPartOf\":{\"@id\":\"https:\\\/\\\/concertience.fr\\\/leblog\\\/#website\"},\"primaryImageOfPage\":{\"@id\":\"https:\\\/\\\/concertience.fr\\\/leblog\\\/devenez-un-leader-inspirant-pour-accelerer-lexcellence-collective\\\/#primaryimage\"},\"image\":{\"@id\":\"https:\\\/\\\/concertience.fr\\\/leblog\\\/devenez-un-leader-inspirant-pour-accelerer-lexcellence-collective\\\/#primaryimage\"},\"thumbnailUrl\":\"https:\\/\\/concertience.fr\\/leblog\\/wp-content\\/uploads\\/sites\\/2\\/2020\\/03\\/Ecole-Centrale-Lyon.jpg\",\"datePublished\":\"2017-04-28T13:02:04+00:00\",\"dateModified\":\"2020-03-27T17:50:43+00:00\",\"author\":{\"@id\":\"https:\\\/\\\/concertience.fr\\\/leblog\\\/#\\\/schema\\\/person\\\/a8a3ffb4a05b55c3e77e954cd93c49d8\"},\"breadcrumb\":{\"@id\":\"https:\\\/\\\/concertience.fr\\\/leblog\\\/devenez-un-leader-inspirant-pour-accelerer-lexcellence-collective\\\/#breadcrumb\"},\"inLanguage\":\"fr-FR\",\"potentialAction\":[{\"@type\":\"ReadAction\",\"target\":[\"https:\\\/\\\/concertience.fr\\\/leblog\\\/devenez-un-leader-inspirant-pour-accelerer-lexcellence-collective\\\/\"]}]},{\"@type\":\"ImageObject\",\"inLanguage\":\"fr-FR\",\"@id\":\"https:\\\/\\\/concertience.fr\\\/leblog\\\/devenez-un-leader-inspirant-pour-accelerer-lexcellence-collective\\\/#primaryimage\",\"url\":\"https:\\/\\/concertience.fr\\/leblog\\/wp-content\\/uploads\\/sites\\/2\\/2020\\/03\\/Ecole-Centrale-Lyon.jpg\",\"contentUrl\":\"https:\\/\\/concertience.fr\\/leblog\\/wp-content\\/uploads\\/sites\\/2\\/2020\\/03\\/Ecole-Centrale-Lyon.jpg\",\"width\":120,\"height\":80},{\"@type\":\"BreadcrumbList\",\"@id\":\"https:\\\/\\\/concertience.fr\\\/leblog\\\/devenez-un-leader-inspirant-pour-accelerer-lexcellence-collective\\\/#breadcrumb\",\"itemListElement\":[{\"@type\":\"ListItem\",\"position\":1,\"name\":\"Accueil\",\"item\":\"https:\\\/\\\/concertience.fr\\\/leblog\\\/\"},{\"@type\":\"ListItem\",\"position\":2,\"name\":\"Communication NonViolente (CNV)\",\"item\":\"https:\\\/\\\/concertience.fr\\\/leblog\\\/communication-nonviolente-cnv\\\/\"},{\"@type\":\"ListItem\",\"position\":3,\"name\":\"Devenez un leader inspirant pour acc\u00e9l\u00e9rer l&rsquo;excellence collective\"}]},{\"@type\":\"WebSite\",\"@id\":\"https:\\\/\\\/concertience.fr\\\/leblog\\\/#website\",\"url\":\"https:\\\/\\\/concertience.fr\\\/leblog\\\/\",\"name\":\"Le blog de Fran\u00e7oise Keller\",\"description\":\"Le blog de Fran\u00e7oise Keller, Concertience\",\"potentialAction\":[{\"@type\":\"SearchAction\",\"target\":{\"@type\":\"EntryPoint\",\"urlTemplate\":\"https:\\\/\\\/concertience.fr\\\/leblog\\\/?s={search_term_string}\"},\"query-input\":{\"@type\":\"PropertyValueSpecification\",\"valueRequired\":true,\"valueName\":\"search_term_string\"}}],\"inLanguage\":\"fr-FR\"},{\"@type\":\"Person\",\"@id\":\"https:\\\/\\\/concertience.fr\\\/leblog\\\/#\\\/schema\\\/person\\\/a8a3ffb4a05b55c3e77e954cd93c49d8\",\"name\":\"francoisesiteweb\"}]}<\/script>\n<!-- \/ Yoast SEO plugin. -->","yoast_head_json":{"title":"Devenez un leader inspirant pour acc\u00e9l\u00e9rer l'excellence collective - Le blog de Fran\u00e7oise Keller","robots":{"index":"index","follow":"follow","max-snippet":"max-snippet:-1","max-image-preview":"max-image-preview:large","max-video-preview":"max-video-preview:-1"},"canonical":"https:\/\/concertience.fr\/leblog\/devenez-un-leader-inspirant-pour-accelerer-lexcellence-collective\/","og_locale":"fr_FR","og_type":"article","og_title":"Devenez un leader inspirant pour acc\u00e9l\u00e9rer l'excellence collective - Le blog de Fran\u00e7oise Keller","og_description":"NOUVEAUExecutive Certificate en Leadership L&rsquo;Ecole Centrale de Lyon lance le premier programme certifiant et complet autour du leadership et de l&rsquo;excellence collective et je suis heureuse et honor\u00e9e de faire partie de l&rsquo;\u00e9quipe des intervenants de ce beau programme. Une formation sur 21 jours r\u00e9partis sur 9 mois. La premi\u00e8re promotion commence en octobre 2017.... Lire plus &raquo;","og_url":"https:\/\/concertience.fr\/leblog\/devenez-un-leader-inspirant-pour-accelerer-lexcellence-collective\/","og_site_name":"Le blog de Fran\u00e7oise Keller","article_published_time":"2017-04-28T13:02:04+00:00","article_modified_time":"2020-03-27T17:50:43+00:00","og_image":[{"url":"https:\/\/mlkqhmyobbaq.i.optimole.com\/w:auto\/h:auto\/q:mauto\/ig:avif\/https:\/\/concertience.fr\/leblog\/wp-content\/uploads\/sites\/2\/2020\/03\/Ecole-Centrale-Lyon.jpg","type":"","width":"","height":""}],"author":"francoisesiteweb","twitter_card":"summary_large_image","twitter_misc":{"\u00c9crit par":"francoisesiteweb","Dur\u00e9e de lecture estim\u00e9e":"1 minute"},"schema":{"@context":"https:\/\/schema.org","@graph":[{"@type":"Article","@id":"https:\/\/concertience.fr\/leblog\/devenez-un-leader-inspirant-pour-accelerer-lexcellence-collective\/#article","isPartOf":{"@id":"https:\/\/concertience.fr\/leblog\/devenez-un-leader-inspirant-pour-accelerer-lexcellence-collective\/"},"author":{"name":"francoisesiteweb","@id":"https:\/\/concertience.fr\/leblog\/#\/schema\/person\/a8a3ffb4a05b55c3e77e954cd93c49d8"},"headline":"Devenez un leader inspirant pour acc\u00e9l\u00e9rer l&rsquo;excellence collective","datePublished":"2017-04-28T13:02:04+00:00","dateModified":"2020-03-27T17:50:43+00:00","mainEntityOfPage":{"@id":"https:\/\/concertience.fr\/leblog\/devenez-un-leader-inspirant-pour-accelerer-lexcellence-collective\/"},"wordCount":229,"commentCount":0,"image":{"@id":"https:\/\/concertience.fr\/leblog\/devenez-un-leader-inspirant-pour-accelerer-lexcellence-collective\/#primaryimage"},"thumbnailUrl":"https:\/\/mlkqhmyobbaq.i.optimole.com\/w:auto\/h:auto\/q:mauto\/ig:avif\/https:\/\/concertience.fr\/leblog\/wp-content\/uploads\/sites\/2\/2020\/03\/Ecole-Centrale-Lyon.jpg","keywords":["Agilit\u00e9","Leader","Leadership","Management"],"articleSection":["Communication NonViolente (CNV)","Notre offre de formation"],"inLanguage":"fr-FR","potentialAction":[{"@type":"CommentAction","name":"Comment","target":["https:\/\/concertience.fr\/leblog\/devenez-un-leader-inspirant-pour-accelerer-lexcellence-collective\/#respond"]}]},{"@type":"WebPage","@id":"https:\/\/concertience.fr\/leblog\/devenez-un-leader-inspirant-pour-accelerer-lexcellence-collective\/","url":"https:\/\/concertience.fr\/leblog\/devenez-un-leader-inspirant-pour-accelerer-lexcellence-collective\/","name":"Devenez un leader inspirant pour acc\u00e9l\u00e9rer l'excellence collective - Le blog de Fran\u00e7oise Keller","isPartOf":{"@id":"https:\/\/concertience.fr\/leblog\/#website"},"primaryImageOfPage":{"@id":"https:\/\/concertience.fr\/leblog\/devenez-un-leader-inspirant-pour-accelerer-lexcellence-collective\/#primaryimage"},"image":{"@id":"https:\/\/concertience.fr\/leblog\/devenez-un-leader-inspirant-pour-accelerer-lexcellence-collective\/#primaryimage"},"thumbnailUrl":"https:\/\/mlkqhmyobbaq.i.optimole.com\/w:auto\/h:auto\/q:mauto\/ig:avif\/https:\/\/concertience.fr\/leblog\/wp-content\/uploads\/sites\/2\/2020\/03\/Ecole-Centrale-Lyon.jpg","datePublished":"2017-04-28T13:02:04+00:00","dateModified":"2020-03-27T17:50:43+00:00","author":{"@id":"https:\/\/concertience.fr\/leblog\/#\/schema\/person\/a8a3ffb4a05b55c3e77e954cd93c49d8"},"breadcrumb":{"@id":"https:\/\/concertience.fr\/leblog\/devenez-un-leader-inspirant-pour-accelerer-lexcellence-collective\/#breadcrumb"},"inLanguage":"fr-FR","potentialAction":[{"@type":"ReadAction","target":["https:\/\/concertience.fr\/leblog\/devenez-un-leader-inspirant-pour-accelerer-lexcellence-collective\/"]}]},{"@type":"ImageObject","inLanguage":"fr-FR","@id":"https:\/\/concertience.fr\/leblog\/devenez-un-leader-inspirant-pour-accelerer-lexcellence-collective\/#primaryimage","url":"https:\/\/mlkqhmyobbaq.i.optimole.com\/w:auto\/h:auto\/q:mauto\/ig:avif\/https:\/\/concertience.fr\/leblog\/wp-content\/uploads\/sites\/2\/2020\/03\/Ecole-Centrale-Lyon.jpg","contentUrl":"https:\/\/mlkqhmyobbaq.i.optimole.com\/w:auto\/h:auto\/q:mauto\/ig:avif\/https:\/\/concertience.fr\/leblog\/wp-content\/uploads\/sites\/2\/2020\/03\/Ecole-Centrale-Lyon.jpg","width":120,"height":80},{"@type":"BreadcrumbList","@id":"https:\/\/concertience.fr\/leblog\/devenez-un-leader-inspirant-pour-accelerer-lexcellence-collective\/#breadcrumb","itemListElement":[{"@type":"ListItem","position":1,"name":"Accueil","item":"https:\/\/concertience.fr\/leblog\/"},{"@type":"ListItem","position":2,"name":"Communication NonViolente (CNV)","item":"https:\/\/concertience.fr\/leblog\/communication-nonviolente-cnv\/"},{"@type":"ListItem","position":3,"name":"Devenez un leader inspirant pour acc\u00e9l\u00e9rer l&rsquo;excellence collective"}]},{"@type":"WebSite","@id":"https:\/\/concertience.fr\/leblog\/#website","url":"https:\/\/concertience.fr\/leblog\/","name":"Le blog de Fran\u00e7oise Keller","description":"Le blog de Fran\u00e7oise Keller, Concertience","potentialAction":[{"@type":"SearchAction","target":{"@type":"EntryPoint","urlTemplate":"https:\/\/concertience.fr\/leblog\/?s={search_term_string}"},"query-input":{"@type":"PropertyValueSpecification","valueRequired":true,"valueName":"search_term_string"}}],"inLanguage":"fr-FR"},{"@type":"Person","@id":"https:\/\/concertience.fr\/leblog\/#\/schema\/person\/a8a3ffb4a05b55c3e77e954cd93c49d8","name":"francoisesiteweb"}]}},"_links":{"self":[{"href":"https:\/\/concertience.fr\/leblog\/wp-json\/wp\/v2\/posts\/39","targetHints":{"allow":["GET"]}}],"collection":[{"href":"https:\/\/concertience.fr\/leblog\/wp-json\/wp\/v2\/posts"}],"about":[{"href":"https:\/\/concertience.fr\/leblog\/wp-json\/wp\/v2\/types\/post"}],"author":[{"embeddable":true,"href":"https:\/\/concertience.fr\/leblog\/wp-json\/wp\/v2\/users\/2"}],"replies":[{"embeddable":true,"href":"https:\/\/concertience.fr\/leblog\/wp-json\/wp\/v2\/comments?post=39"}],"version-history":[{"count":4,"href":"https:\/\/concertience.fr\/leblog\/wp-json\/wp\/v2\/posts\/39\/revisions"}],"predecessor-version":[{"id":515,"href":"https:\/\/concertience.fr\/leblog\/wp-json\/wp\/v2\/posts\/39\/revisions\/515"}],"wp:attachment":[{"href":"https:\/\/concertience.fr\/leblog\/wp-json\/wp\/v2\/media?parent=39"}],"wp:term":[{"taxonomy":"category","embeddable":true,"href":"https:\/\/concertience.fr\/leblog\/wp-json\/wp\/v2\/categories?post=39"},{"taxonomy":"post_tag","embeddable":true,"href":"https:\/\/concertience.fr\/leblog\/wp-json\/wp\/v2\/tags?post=39"}],"curies":[{"name":"wp","href":"https:\/\/api.w.org\/{rel}","templated":true}]}}