{"id":31,"date":"2017-10-18T22:51:41","date_gmt":"2017-10-18T20:51:41","guid":{"rendered":"https:\/\/concertience.fr\/leblog\/2017\/10\/18\/prends-soin-de-ta-joie\/"},"modified":"2020-03-27T16:40:24","modified_gmt":"2020-03-27T15:40:24","slug":"prends-soin-de-ta-joie","status":"publish","type":"post","link":"https:\/\/concertience.fr\/leblog\/prends-soin-de-ta-joie\/","title":{"rendered":"Prends soin de ta joie"},"content":{"rendered":"<p>Voici un extrait de la newsletter de Concertience du mois d&#039;octobre 2017.<\/p>\n<p>&#160;<br \/>L\u2019\u00e9t\u00e9 s\u2019\u00e9loigne \u00e0 nouveau et l\u2019automne s\u2019installe peu \u00e0 peu. Dans ce changement de saison, Je souhaite d\u00e9marrer cette lettre en vous partageant ce qui m\u2019habite en ce moment.<\/p>\n<p>Je suis passionn\u00e9e par ce que je fais, par ce que je vis, et je rencontre des personnes passionn\u00e9es, engag\u00e9es, enthousiastes. Je suis tellement heureuse d\u2019\u00eatre l\u00e0 o\u00f9 j\u2019ai envie d\u2019\u00eatre, de vivre un alignement entre mes aspirations, mes comp\u00e9tences et les attentes des mes interlocuteurs. C\u2019est juste parfait !<\/p>\n<p>Et pourtant, et pourtant\u2026 Il m\u2019arrive d\u2019\u00eatre fatigu\u00e9e, il m\u2019arrive d\u2019attendre les cong\u00e9s de l\u2019\u00e9t\u00e9 pour faire une pause, couper l\u2019ordinateur et oublier un moment les attentes de mes clients. Il m\u2019arrive d\u2019\u00eatre tiraill\u00e9e entre mon envie de dire \u00ab oui \u00bb \u00e0 une demande passionnante et celle de dire \u00ab non \u00bb pour pouvoir souffler. Et surtout il m\u2019arrive de ressentir une baisse de mon enthousiasme et une lassitude. Au mois de juin cela m\u2019a alert\u00e9e.<\/p>\n<p>Et pourtant, et pourtant\u2026 Je rencontre r\u00e9guli\u00e8rement des personnes riches de valeurs, de projets et de tr\u00e9sors immenses, traverser l\u2019\u00e9puisement et le burnout. Et dans ces cas l\u00e0 je me sens boulevers\u00e9e.<\/p>\n<p>Et pourtant, et pourtant\u2026 Je rencontre des \u00e9quipes, des entreprises, des associations et des coop\u00e9ratives, riches de valeurs, de projets enthousiasmants et utiles au monde, de talents incroyables traverser des crises, des conflits et avoir tellement de mal \u00e0 prendre soin en m\u00eame temps de leurs projets et de leurs limites. Et dans ces cas je me sens pr\u00e9occup\u00e9e.<\/p>\n<p>La lecture de l\u2019introduction de l\u2019ouvrage \u00ab Le burnout des bons samaritains \u00bb m\u2019inspire et j\u2019en retiens 3 citations :<\/p>\n<p>\u2022 \u00ab Je n\u2019ai pas peur de l\u2019agissement des m\u00e9chants, mais plut\u00f4t de la fatigue des bons \u00bb, Pape Pie XII,<\/p>\n<p>\u2022 \u00ab Ce qui m\u2019effraie, ce n\u2019est pas l\u2019oppression, la cruaut\u00e9 des m\u00e9chants ; c\u2019est l\u2019indiff\u00e9rence, le silence des bons \u00bb, Martin Luther King,<\/p>\n<p>\u2022 \u00ab Et je vis une grande tristesse s\u2019emparer des hommes. Les meilleurs se lass\u00e8rent de leurs \u0153uvres \u00bb. Nietzsche, dans Ainsi parlait Zathoustra<\/p>\n<p>Cela me motive \u00e0 prendre soin de moi, \u00e0 prendre soin de l\u2019\u00e9nergie de celles et ceux qui portent des projets utiles \u00e0 l\u2019humanit\u00e9 et \u00e0 la plan\u00e8te, de prendre soin de vous. Et cela \u00e9claire le projet de Concertience que je porte depuis plus de 10 ans.<\/p>\n<p>Alors il m\u2019est venu une phrase qui a \u00e9t\u00e9 mon cap pendant cet \u00e9t\u00e9 et qui l\u2019est encore \u00ab <strong>prends soin de ta joie<\/strong>\u00bb.<\/p>\n<p>Et je vous offre ma pratique actuelle :<\/p>\n<p><span style=\"color: #033d21\"><em>Je rep\u00e8re un moment qui m\u2019a donn\u00e9 de la joie, en particulier ce qui me donne une joie profonde et simple. Ce peut \u00eatre par exemple une exp\u00e9rience de mes vacances que j\u2019ai particuli\u00e8rement aim\u00e9.<\/em><\/span><\/p>\n<p style=\"padding-left: 30px\"><span style=\"color: #033d21\"><em>Par exemple j\u2019ai aim\u00e9 marcher en montagne<\/em><\/span><\/p>\n<p><span style=\"color: #033d21\"><em>Qu\u2019est-ce qui est pr\u00e9cieux pour moi dans ce moment ?<\/em><\/span><\/p>\n<p style=\"padding-left: 30px\"><span style=\"color: #033d21\"><em>Par exemple, le silence, le lien avec la nature, le respect de mon rythme.<\/em><\/span><\/p>\n<p><span style=\"color: #033d21\"><em>Aujourd\u2019hui ou cette semaine, qu\u2019est-ce que je peux faire de mani\u00e8re r\u00e9aliste et r\u00e9alisable pour prendre soin de ce qui est pr\u00e9cieux pour moi ?<\/em><\/span><\/p>\n<p style=\"padding-left: 30px\"><span style=\"color: #033d21\"><em>Par exemple, je regarde le ciel pour \u00eatre en lien avec la nature, je vais au travail \u00e0 pieds au lieu de prendre les transports en commun, pour prendre soin de mon rythme, je mets une cascade en fond d&#039;\u00e9cran de mon ordinateur.<\/em><\/span><\/p>\n<p>Bref, n\u2019attendons pas les prochaines vacances pour prendre soin de nous ! Je fais le v\u0153u cette ann\u00e9e scolaire que nous nous entraidions \u00e0 cultiver la joie, le bonheur, l\u2019enthousiasme car nous avons besoin de chacun de nous, pleinement vivant et vivante.<\/p>\n<p>&#160;<\/p>\n<p class=\"asset-video\">\n<p>&#160;<\/p>\n","protected":false},"excerpt":{"rendered":"<p>Voici un extrait de la newsletter de Concertience du mois d&#039;octobre 2017. &#160;L\u2019\u00e9t\u00e9 s\u2019\u00e9loigne \u00e0 nouveau et l\u2019automne s\u2019installe peu \u00e0 peu. Dans ce changement de saison, Je souhaite d\u00e9marrer cette lettre en vous partageant ce qui m\u2019habite en ce moment. Je suis passionn\u00e9e par ce que je fais, par ce que je vis, et<a class=\"excerpt-read-more\" href=\"https:\/\/concertience.fr\/leblog\/prends-soin-de-ta-joie\/\" title=\"ReadPrends soin de ta joie\">&#8230; Lire plus &raquo;<\/a><\/p>\n","protected":false},"author":2,"featured_media":0,"comment_status":"open","ping_status":"closed","sticky":false,"template":"","format":"standard","meta":{"footnotes":""},"categories":[3],"tags":[],"class_list":["post-31","post","type-post","status-publish","format-standard","hentry","category-actualites"],"yoast_head":"<!-- This site is optimized with the Yoast SEO plugin v27.5 - https:\/\/yoast.com\/product\/yoast-seo-wordpress\/ -->\n<title>Prends soin de ta joie - Le blog de Fran\u00e7oise Keller<\/title>\n<meta name=\"robots\" content=\"index, follow, max-snippet:-1, max-image-preview:large, max-video-preview:-1\" \/>\n<link rel=\"canonical\" href=\"https:\/\/concertience.fr\/leblog\/prends-soin-de-ta-joie\/\" \/>\n<meta property=\"og:locale\" content=\"fr_FR\" \/>\n<meta property=\"og:type\" content=\"article\" \/>\n<meta property=\"og:title\" content=\"Prends soin de ta joie - Le blog de Fran\u00e7oise Keller\" \/>\n<meta property=\"og:description\" content=\"Voici un extrait de la newsletter de Concertience du mois d&#039;octobre 2017. &#160;L\u2019\u00e9t\u00e9 s\u2019\u00e9loigne \u00e0 nouveau et l\u2019automne s\u2019installe peu \u00e0 peu. Dans ce changement de saison, Je souhaite d\u00e9marrer cette lettre en vous partageant ce qui m\u2019habite en ce moment. Je suis passionn\u00e9e par ce que je fais, par ce que je vis, et... Lire plus &raquo;\" \/>\n<meta property=\"og:url\" content=\"https:\/\/concertience.fr\/leblog\/prends-soin-de-ta-joie\/\" \/>\n<meta property=\"og:site_name\" content=\"Le blog de Fran\u00e7oise Keller\" \/>\n<meta property=\"article:published_time\" content=\"2017-10-18T20:51:41+00:00\" \/>\n<meta property=\"article:modified_time\" content=\"2020-03-27T15:40:24+00:00\" \/>\n<meta name=\"author\" content=\"francoisesiteweb\" \/>\n<meta name=\"twitter:card\" content=\"summary_large_image\" \/>\n<meta name=\"twitter:label1\" content=\"\u00c9crit par\" \/>\n\t<meta name=\"twitter:data1\" content=\"francoisesiteweb\" \/>\n\t<meta name=\"twitter:label2\" content=\"Dur\u00e9e de lecture estim\u00e9e\" \/>\n\t<meta name=\"twitter:data2\" content=\"3 minutes\" \/>\n<script type=\"application\/ld+json\" class=\"yoast-schema-graph\">{\"@context\":\"https:\\\/\\\/schema.org\",\"@graph\":[{\"@type\":\"Article\",\"@id\":\"https:\\\/\\\/concertience.fr\\\/leblog\\\/prends-soin-de-ta-joie\\\/#article\",\"isPartOf\":{\"@id\":\"https:\\\/\\\/concertience.fr\\\/leblog\\\/prends-soin-de-ta-joie\\\/\"},\"author\":{\"name\":\"francoisesiteweb\",\"@id\":\"https:\\\/\\\/concertience.fr\\\/leblog\\\/#\\\/schema\\\/person\\\/a8a3ffb4a05b55c3e77e954cd93c49d8\"},\"headline\":\"Prends soin de ta joie\",\"datePublished\":\"2017-10-18T20:51:41+00:00\",\"dateModified\":\"2020-03-27T15:40:24+00:00\",\"mainEntityOfPage\":{\"@id\":\"https:\\\/\\\/concertience.fr\\\/leblog\\\/prends-soin-de-ta-joie\\\/\"},\"wordCount\":652,\"commentCount\":0,\"articleSection\":[\"Actualit\u00e9s\"],\"inLanguage\":\"fr-FR\",\"potentialAction\":[{\"@type\":\"CommentAction\",\"name\":\"Comment\",\"target\":[\"https:\\\/\\\/concertience.fr\\\/leblog\\\/prends-soin-de-ta-joie\\\/#respond\"]}]},{\"@type\":\"WebPage\",\"@id\":\"https:\\\/\\\/concertience.fr\\\/leblog\\\/prends-soin-de-ta-joie\\\/\",\"url\":\"https:\\\/\\\/concertience.fr\\\/leblog\\\/prends-soin-de-ta-joie\\\/\",\"name\":\"Prends soin de ta joie - Le blog de Fran\u00e7oise Keller\",\"isPartOf\":{\"@id\":\"https:\\\/\\\/concertience.fr\\\/leblog\\\/#website\"},\"datePublished\":\"2017-10-18T20:51:41+00:00\",\"dateModified\":\"2020-03-27T15:40:24+00:00\",\"author\":{\"@id\":\"https:\\\/\\\/concertience.fr\\\/leblog\\\/#\\\/schema\\\/person\\\/a8a3ffb4a05b55c3e77e954cd93c49d8\"},\"breadcrumb\":{\"@id\":\"https:\\\/\\\/concertience.fr\\\/leblog\\\/prends-soin-de-ta-joie\\\/#breadcrumb\"},\"inLanguage\":\"fr-FR\",\"potentialAction\":[{\"@type\":\"ReadAction\",\"target\":[\"https:\\\/\\\/concertience.fr\\\/leblog\\\/prends-soin-de-ta-joie\\\/\"]}]},{\"@type\":\"BreadcrumbList\",\"@id\":\"https:\\\/\\\/concertience.fr\\\/leblog\\\/prends-soin-de-ta-joie\\\/#breadcrumb\",\"itemListElement\":[{\"@type\":\"ListItem\",\"position\":1,\"name\":\"Accueil\",\"item\":\"https:\\\/\\\/concertience.fr\\\/leblog\\\/\"},{\"@type\":\"ListItem\",\"position\":2,\"name\":\"Actualit\u00e9s\",\"item\":\"https:\\\/\\\/concertience.fr\\\/leblog\\\/actualites\\\/\"},{\"@type\":\"ListItem\",\"position\":3,\"name\":\"Prends soin de ta joie\"}]},{\"@type\":\"WebSite\",\"@id\":\"https:\\\/\\\/concertience.fr\\\/leblog\\\/#website\",\"url\":\"https:\\\/\\\/concertience.fr\\\/leblog\\\/\",\"name\":\"Le blog de Fran\u00e7oise Keller\",\"description\":\"Le blog de Fran\u00e7oise Keller, Concertience\",\"potentialAction\":[{\"@type\":\"SearchAction\",\"target\":{\"@type\":\"EntryPoint\",\"urlTemplate\":\"https:\\\/\\\/concertience.fr\\\/leblog\\\/?s={search_term_string}\"},\"query-input\":{\"@type\":\"PropertyValueSpecification\",\"valueRequired\":true,\"valueName\":\"search_term_string\"}}],\"inLanguage\":\"fr-FR\"},{\"@type\":\"Person\",\"@id\":\"https:\\\/\\\/concertience.fr\\\/leblog\\\/#\\\/schema\\\/person\\\/a8a3ffb4a05b55c3e77e954cd93c49d8\",\"name\":\"francoisesiteweb\"}]}<\/script>\n<!-- \/ Yoast SEO plugin. -->","yoast_head_json":{"title":"Prends soin de ta joie - Le blog de Fran\u00e7oise Keller","robots":{"index":"index","follow":"follow","max-snippet":"max-snippet:-1","max-image-preview":"max-image-preview:large","max-video-preview":"max-video-preview:-1"},"canonical":"https:\/\/concertience.fr\/leblog\/prends-soin-de-ta-joie\/","og_locale":"fr_FR","og_type":"article","og_title":"Prends soin de ta joie - Le blog de Fran\u00e7oise Keller","og_description":"Voici un extrait de la newsletter de Concertience du mois d&#039;octobre 2017. &#160;L\u2019\u00e9t\u00e9 s\u2019\u00e9loigne \u00e0 nouveau et l\u2019automne s\u2019installe peu \u00e0 peu. Dans ce changement de saison, Je souhaite d\u00e9marrer cette lettre en vous partageant ce qui m\u2019habite en ce moment. Je suis passionn\u00e9e par ce que je fais, par ce que je vis, et... Lire plus &raquo;","og_url":"https:\/\/concertience.fr\/leblog\/prends-soin-de-ta-joie\/","og_site_name":"Le blog de Fran\u00e7oise Keller","article_published_time":"2017-10-18T20:51:41+00:00","article_modified_time":"2020-03-27T15:40:24+00:00","author":"francoisesiteweb","twitter_card":"summary_large_image","twitter_misc":{"\u00c9crit par":"francoisesiteweb","Dur\u00e9e de lecture estim\u00e9e":"3 minutes"},"schema":{"@context":"https:\/\/schema.org","@graph":[{"@type":"Article","@id":"https:\/\/concertience.fr\/leblog\/prends-soin-de-ta-joie\/#article","isPartOf":{"@id":"https:\/\/concertience.fr\/leblog\/prends-soin-de-ta-joie\/"},"author":{"name":"francoisesiteweb","@id":"https:\/\/concertience.fr\/leblog\/#\/schema\/person\/a8a3ffb4a05b55c3e77e954cd93c49d8"},"headline":"Prends soin de ta joie","datePublished":"2017-10-18T20:51:41+00:00","dateModified":"2020-03-27T15:40:24+00:00","mainEntityOfPage":{"@id":"https:\/\/concertience.fr\/leblog\/prends-soin-de-ta-joie\/"},"wordCount":652,"commentCount":0,"articleSection":["Actualit\u00e9s"],"inLanguage":"fr-FR","potentialAction":[{"@type":"CommentAction","name":"Comment","target":["https:\/\/concertience.fr\/leblog\/prends-soin-de-ta-joie\/#respond"]}]},{"@type":"WebPage","@id":"https:\/\/concertience.fr\/leblog\/prends-soin-de-ta-joie\/","url":"https:\/\/concertience.fr\/leblog\/prends-soin-de-ta-joie\/","name":"Prends soin de ta joie - Le blog de Fran\u00e7oise Keller","isPartOf":{"@id":"https:\/\/concertience.fr\/leblog\/#website"},"datePublished":"2017-10-18T20:51:41+00:00","dateModified":"2020-03-27T15:40:24+00:00","author":{"@id":"https:\/\/concertience.fr\/leblog\/#\/schema\/person\/a8a3ffb4a05b55c3e77e954cd93c49d8"},"breadcrumb":{"@id":"https:\/\/concertience.fr\/leblog\/prends-soin-de-ta-joie\/#breadcrumb"},"inLanguage":"fr-FR","potentialAction":[{"@type":"ReadAction","target":["https:\/\/concertience.fr\/leblog\/prends-soin-de-ta-joie\/"]}]},{"@type":"BreadcrumbList","@id":"https:\/\/concertience.fr\/leblog\/prends-soin-de-ta-joie\/#breadcrumb","itemListElement":[{"@type":"ListItem","position":1,"name":"Accueil","item":"https:\/\/concertience.fr\/leblog\/"},{"@type":"ListItem","position":2,"name":"Actualit\u00e9s","item":"https:\/\/concertience.fr\/leblog\/actualites\/"},{"@type":"ListItem","position":3,"name":"Prends soin de ta joie"}]},{"@type":"WebSite","@id":"https:\/\/concertience.fr\/leblog\/#website","url":"https:\/\/concertience.fr\/leblog\/","name":"Le blog de Fran\u00e7oise Keller","description":"Le blog de Fran\u00e7oise Keller, Concertience","potentialAction":[{"@type":"SearchAction","target":{"@type":"EntryPoint","urlTemplate":"https:\/\/concertience.fr\/leblog\/?s={search_term_string}"},"query-input":{"@type":"PropertyValueSpecification","valueRequired":true,"valueName":"search_term_string"}}],"inLanguage":"fr-FR"},{"@type":"Person","@id":"https:\/\/concertience.fr\/leblog\/#\/schema\/person\/a8a3ffb4a05b55c3e77e954cd93c49d8","name":"francoisesiteweb"}]}},"_links":{"self":[{"href":"https:\/\/concertience.fr\/leblog\/wp-json\/wp\/v2\/posts\/31","targetHints":{"allow":["GET"]}}],"collection":[{"href":"https:\/\/concertience.fr\/leblog\/wp-json\/wp\/v2\/posts"}],"about":[{"href":"https:\/\/concertience.fr\/leblog\/wp-json\/wp\/v2\/types\/post"}],"author":[{"embeddable":true,"href":"https:\/\/concertience.fr\/leblog\/wp-json\/wp\/v2\/users\/2"}],"replies":[{"embeddable":true,"href":"https:\/\/concertience.fr\/leblog\/wp-json\/wp\/v2\/comments?post=31"}],"version-history":[{"count":1,"href":"https:\/\/concertience.fr\/leblog\/wp-json\/wp\/v2\/posts\/31\/revisions"}],"predecessor-version":[{"id":431,"href":"https:\/\/concertience.fr\/leblog\/wp-json\/wp\/v2\/posts\/31\/revisions\/431"}],"wp:attachment":[{"href":"https:\/\/concertience.fr\/leblog\/wp-json\/wp\/v2\/media?parent=31"}],"wp:term":[{"taxonomy":"category","embeddable":true,"href":"https:\/\/concertience.fr\/leblog\/wp-json\/wp\/v2\/categories?post=31"},{"taxonomy":"post_tag","embeddable":true,"href":"https:\/\/concertience.fr\/leblog\/wp-json\/wp\/v2\/tags?post=31"}],"curies":[{"name":"wp","href":"https:\/\/api.w.org\/{rel}","templated":true}]}}