{"id":29,"date":"2018-02-15T19:53:45","date_gmt":"2018-02-15T18:53:45","guid":{"rendered":"https:\/\/concertience.fr\/leblog\/2018\/02\/15\/conference-exceptionnelle\/"},"modified":"2021-04-16T16:05:57","modified_gmt":"2021-04-16T14:05:57","slug":"conference-exceptionnelle","status":"publish","type":"post","link":"https:\/\/concertience.fr\/leblog\/conference-exceptionnelle\/","title":{"rendered":"Construire la paix jour apr\u00e8s jour"},"content":{"rendered":"\n<figure class=\"wp-block-image size-large\"><img data-opt-id=1379648465  fetchpriority=\"high\" decoding=\"async\" width=\"768\" height=\"256\" src=\"https:\/\/mlkqhmyobbaq.i.optimole.com\/w:auto\/h:auto\/q:mauto\/ig:avif\/https:\/\/concertience.fr\/leblog\/wp-content\/uploads\/sites\/2\/2020\/03\/Paix-Oiseau.jpg\" alt=\"\" class=\"wp-image-500\" srcset=\"https:\/\/mlkqhmyobbaq.i.optimole.com\/w:768\/h:256\/q:mauto\/ig:avif\/https:\/\/concertience.fr\/leblog\/wp-content\/uploads\/sites\/2\/2020\/03\/Paix-Oiseau.jpg 768w, https:\/\/mlkqhmyobbaq.i.optimole.com\/w:300\/h:100\/q:mauto\/ig:avif\/https:\/\/concertience.fr\/leblog\/wp-content\/uploads\/sites\/2\/2020\/03\/Paix-Oiseau.jpg 300w\" sizes=\"(max-width: 768px) 100vw, 768px\" \/><\/figure>\n\n\n<p>J&rsquo;ai eu la joie d&rsquo;offrir une conf\u00e9rence ce\u00a0<strong>dimanche 4 mars 2018\u00a0<\/strong>\u00e0 la <strong>Basilique de Fourvi\u00e8re<\/strong> (Lyon), \u00e0 l&rsquo;invitation du Cardinal Barbarin :<\/p>\n<p><strong>\u00ab\u00a0Construire la paix jour apr\u00e8s jour, en couple, en famille, au travail, dans nos quartiers\u00a0\u00bb<\/strong><\/p>\n<p class=\"p2\">\u00c0 l\u2019occasion du centenaire de la fin de la premi\u00e8re guerre mondiale, cette conf\u00e9rence fait partie d&rsquo;un cycle de conf\u00e9rences de car\u00eame \u00e0 Fourvi\u00e8re (Lyon), \u00a0centr\u00e9es sur le th\u00e8me de la paix : \u00ab Heureux les artisans de paix. \u00bb<\/p>\n<p>Le texte de cette conf\u00e9rence, ainsi que de tout le cycle, est publi\u00e9 chez Parole et Silence.<\/p>\n<p>Voici ma conf\u00e9rence en audio :<\/p>\n\n\n<figure class=\"wp-block-embed is-type-video is-provider-youtube wp-block-embed-youtube wp-embed-aspect-16-9 wp-has-aspect-ratio\"><div class=\"wp-block-embed__wrapper\">\n<iframe title=\"Construire la paix jour apr\u00e8s jour\" width=\"1200\" height=\"675\" src=\"https:\/\/www.youtube.com\/embed\/MXGm2uCn4zo?feature=oembed\" frameborder=\"0\" allow=\"accelerometer; autoplay; clipboard-write; encrypted-media; gyroscope; picture-in-picture\" allowfullscreen><\/iframe>\n<\/div><\/figure>\n\n\n\n<p><\/p>\n","protected":false},"excerpt":{"rendered":"<p>J&rsquo;ai eu la joie d&rsquo;offrir une conf\u00e9rence ce\u00a0dimanche 4 mars 2018\u00a0\u00e0 la Basilique de Fourvi\u00e8re (Lyon), \u00e0 l&rsquo;invitation du Cardinal Barbarin : \u00ab\u00a0Construire la paix jour apr\u00e8s jour, en couple, en famille, au travail, dans nos quartiers\u00a0\u00bb \u00c0 l\u2019occasion du centenaire de la fin de la premi\u00e8re guerre mondiale, cette conf\u00e9rence fait partie d&rsquo;un cycle<a class=\"excerpt-read-more\" href=\"https:\/\/concertience.fr\/leblog\/conference-exceptionnelle\/\" title=\"ReadConstruire la paix jour apr\u00e8s jour\">&#8230; Lire plus &raquo;<\/a><\/p>\n","protected":false},"author":2,"featured_media":0,"comment_status":"open","ping_status":"closed","sticky":false,"template":"","format":"standard","meta":{"footnotes":""},"categories":[84,9,5],"tags":[11],"class_list":["post-29","post","type-post","status-publish","format-standard","hentry","category-articles-emissions-f-keller","category-communication-nonviolente-cnv","category-regards-croises","tag-paix"],"yoast_head":"<!-- This site is optimized with the Yoast SEO plugin v27.5 - https:\/\/yoast.com\/product\/yoast-seo-wordpress\/ -->\n<title>Construire la paix jour apr\u00e8s jour - Le blog de Fran\u00e7oise Keller<\/title>\n<meta name=\"robots\" content=\"index, follow, max-snippet:-1, max-image-preview:large, max-video-preview:-1\" \/>\n<link rel=\"canonical\" href=\"https:\/\/concertience.fr\/leblog\/conference-exceptionnelle\/\" \/>\n<meta property=\"og:locale\" content=\"fr_FR\" \/>\n<meta property=\"og:type\" content=\"article\" \/>\n<meta property=\"og:title\" content=\"Construire la paix jour apr\u00e8s jour - Le blog de Fran\u00e7oise Keller\" \/>\n<meta property=\"og:description\" content=\"J&rsquo;ai eu la joie d&rsquo;offrir une conf\u00e9rence ce\u00a0dimanche 4 mars 2018\u00a0\u00e0 la Basilique de Fourvi\u00e8re (Lyon), \u00e0 l&rsquo;invitation du Cardinal Barbarin : \u00ab\u00a0Construire la paix jour apr\u00e8s jour, en couple, en famille, au travail, dans nos quartiers\u00a0\u00bb \u00c0 l\u2019occasion du centenaire de la fin de la premi\u00e8re guerre mondiale, cette conf\u00e9rence fait partie d&rsquo;un cycle... Lire plus &raquo;\" \/>\n<meta property=\"og:url\" content=\"https:\/\/concertience.fr\/leblog\/conference-exceptionnelle\/\" \/>\n<meta property=\"og:site_name\" content=\"Le blog de Fran\u00e7oise Keller\" \/>\n<meta property=\"article:published_time\" content=\"2018-02-15T18:53:45+00:00\" \/>\n<meta property=\"article:modified_time\" content=\"2021-04-16T14:05:57+00:00\" \/>\n<meta property=\"og:image\" content=\"https:\/\/mlkqhmyobbaq.i.optimole.com\/w:auto\/h:auto\/q:mauto\/ig:avif\/https:\/\/concertience.fr\/leblog\/wp-content\/uploads\/sites\/2\/2020\/03\/Paix-Oiseau.jpg\" \/>\n<meta name=\"author\" content=\"francoisesiteweb\" \/>\n<meta name=\"twitter:card\" content=\"summary_large_image\" \/>\n<meta name=\"twitter:label1\" content=\"\u00c9crit par\" \/>\n\t<meta name=\"twitter:data1\" content=\"francoisesiteweb\" \/>\n\t<meta name=\"twitter:label2\" content=\"Dur\u00e9e de lecture estim\u00e9e\" \/>\n\t<meta name=\"twitter:data2\" content=\"1 minute\" \/>\n<script type=\"application\/ld+json\" class=\"yoast-schema-graph\">{\"@context\":\"https:\\\/\\\/schema.org\",\"@graph\":[{\"@type\":\"Article\",\"@id\":\"https:\\\/\\\/concertience.fr\\\/leblog\\\/conference-exceptionnelle\\\/#article\",\"isPartOf\":{\"@id\":\"https:\\\/\\\/concertience.fr\\\/leblog\\\/conference-exceptionnelle\\\/\"},\"author\":{\"name\":\"francoisesiteweb\",\"@id\":\"https:\\\/\\\/concertience.fr\\\/leblog\\\/#\\\/schema\\\/person\\\/a8a3ffb4a05b55c3e77e954cd93c49d8\"},\"headline\":\"Construire la paix jour apr\u00e8s jour\",\"datePublished\":\"2018-02-15T18:53:45+00:00\",\"dateModified\":\"2021-04-16T14:05:57+00:00\",\"mainEntityOfPage\":{\"@id\":\"https:\\\/\\\/concertience.fr\\\/leblog\\\/conference-exceptionnelle\\\/\"},\"wordCount\":121,\"commentCount\":0,\"image\":{\"@id\":\"https:\\\/\\\/concertience.fr\\\/leblog\\\/conference-exceptionnelle\\\/#primaryimage\"},\"thumbnailUrl\":\"https:\\/\\/concertience.fr\\/leblog\\/wp-content\\/uploads\\/sites\\/2\\/2020\\/03\\/Paix-Oiseau.jpg\",\"keywords\":[\"Paix\"],\"articleSection\":[\"Articles, \u00e9missions F Keller\",\"Communication NonViolente (CNV)\",\"Regards crois\u00e9s\"],\"inLanguage\":\"fr-FR\",\"potentialAction\":[{\"@type\":\"CommentAction\",\"name\":\"Comment\",\"target\":[\"https:\\\/\\\/concertience.fr\\\/leblog\\\/conference-exceptionnelle\\\/#respond\"]}]},{\"@type\":\"WebPage\",\"@id\":\"https:\\\/\\\/concertience.fr\\\/leblog\\\/conference-exceptionnelle\\\/\",\"url\":\"https:\\\/\\\/concertience.fr\\\/leblog\\\/conference-exceptionnelle\\\/\",\"name\":\"Construire la paix jour apr\u00e8s jour - Le blog de Fran\u00e7oise Keller\",\"isPartOf\":{\"@id\":\"https:\\\/\\\/concertience.fr\\\/leblog\\\/#website\"},\"primaryImageOfPage\":{\"@id\":\"https:\\\/\\\/concertience.fr\\\/leblog\\\/conference-exceptionnelle\\\/#primaryimage\"},\"image\":{\"@id\":\"https:\\\/\\\/concertience.fr\\\/leblog\\\/conference-exceptionnelle\\\/#primaryimage\"},\"thumbnailUrl\":\"https:\\/\\/concertience.fr\\/leblog\\/wp-content\\/uploads\\/sites\\/2\\/2020\\/03\\/Paix-Oiseau.jpg\",\"datePublished\":\"2018-02-15T18:53:45+00:00\",\"dateModified\":\"2021-04-16T14:05:57+00:00\",\"author\":{\"@id\":\"https:\\\/\\\/concertience.fr\\\/leblog\\\/#\\\/schema\\\/person\\\/a8a3ffb4a05b55c3e77e954cd93c49d8\"},\"breadcrumb\":{\"@id\":\"https:\\\/\\\/concertience.fr\\\/leblog\\\/conference-exceptionnelle\\\/#breadcrumb\"},\"inLanguage\":\"fr-FR\",\"potentialAction\":[{\"@type\":\"ReadAction\",\"target\":[\"https:\\\/\\\/concertience.fr\\\/leblog\\\/conference-exceptionnelle\\\/\"]}]},{\"@type\":\"ImageObject\",\"inLanguage\":\"fr-FR\",\"@id\":\"https:\\\/\\\/concertience.fr\\\/leblog\\\/conference-exceptionnelle\\\/#primaryimage\",\"url\":\"https:\\/\\/concertience.fr\\/leblog\\/wp-content\\/uploads\\/sites\\/2\\/2020\\/03\\/Paix-Oiseau.jpg\",\"contentUrl\":\"https:\\/\\/concertience.fr\\/leblog\\/wp-content\\/uploads\\/sites\\/2\\/2020\\/03\\/Paix-Oiseau.jpg\",\"width\":768,\"height\":256},{\"@type\":\"BreadcrumbList\",\"@id\":\"https:\\\/\\\/concertience.fr\\\/leblog\\\/conference-exceptionnelle\\\/#breadcrumb\",\"itemListElement\":[{\"@type\":\"ListItem\",\"position\":1,\"name\":\"Accueil\",\"item\":\"https:\\\/\\\/concertience.fr\\\/leblog\\\/\"},{\"@type\":\"ListItem\",\"position\":2,\"name\":\"Actualit\u00e9s\",\"item\":\"https:\\\/\\\/concertience.fr\\\/leblog\\\/actualites\\\/\"},{\"@type\":\"ListItem\",\"position\":3,\"name\":\"Construire la paix jour apr\u00e8s jour\"}]},{\"@type\":\"WebSite\",\"@id\":\"https:\\\/\\\/concertience.fr\\\/leblog\\\/#website\",\"url\":\"https:\\\/\\\/concertience.fr\\\/leblog\\\/\",\"name\":\"Le blog de Fran\u00e7oise Keller\",\"description\":\"Le blog de Fran\u00e7oise Keller, Concertience\",\"potentialAction\":[{\"@type\":\"SearchAction\",\"target\":{\"@type\":\"EntryPoint\",\"urlTemplate\":\"https:\\\/\\\/concertience.fr\\\/leblog\\\/?s={search_term_string}\"},\"query-input\":{\"@type\":\"PropertyValueSpecification\",\"valueRequired\":true,\"valueName\":\"search_term_string\"}}],\"inLanguage\":\"fr-FR\"},{\"@type\":\"Person\",\"@id\":\"https:\\\/\\\/concertience.fr\\\/leblog\\\/#\\\/schema\\\/person\\\/a8a3ffb4a05b55c3e77e954cd93c49d8\",\"name\":\"francoisesiteweb\"}]}<\/script>\n<!-- \/ Yoast SEO plugin. -->","yoast_head_json":{"title":"Construire la paix jour apr\u00e8s jour - Le blog de Fran\u00e7oise Keller","robots":{"index":"index","follow":"follow","max-snippet":"max-snippet:-1","max-image-preview":"max-image-preview:large","max-video-preview":"max-video-preview:-1"},"canonical":"https:\/\/concertience.fr\/leblog\/conference-exceptionnelle\/","og_locale":"fr_FR","og_type":"article","og_title":"Construire la paix jour apr\u00e8s jour - Le blog de Fran\u00e7oise Keller","og_description":"J&rsquo;ai eu la joie d&rsquo;offrir une conf\u00e9rence ce\u00a0dimanche 4 mars 2018\u00a0\u00e0 la Basilique de Fourvi\u00e8re (Lyon), \u00e0 l&rsquo;invitation du Cardinal Barbarin : \u00ab\u00a0Construire la paix jour apr\u00e8s jour, en couple, en famille, au travail, dans nos quartiers\u00a0\u00bb \u00c0 l\u2019occasion du centenaire de la fin de la premi\u00e8re guerre mondiale, cette conf\u00e9rence fait partie d&rsquo;un cycle... Lire plus &raquo;","og_url":"https:\/\/concertience.fr\/leblog\/conference-exceptionnelle\/","og_site_name":"Le blog de Fran\u00e7oise Keller","article_published_time":"2018-02-15T18:53:45+00:00","article_modified_time":"2021-04-16T14:05:57+00:00","og_image":[{"url":"https:\/\/mlkqhmyobbaq.i.optimole.com\/w:auto\/h:auto\/q:mauto\/ig:avif\/https:\/\/concertience.fr\/leblog\/wp-content\/uploads\/sites\/2\/2020\/03\/Paix-Oiseau.jpg","type":"","width":"","height":""}],"author":"francoisesiteweb","twitter_card":"summary_large_image","twitter_misc":{"\u00c9crit par":"francoisesiteweb","Dur\u00e9e de lecture estim\u00e9e":"1 minute"},"schema":{"@context":"https:\/\/schema.org","@graph":[{"@type":"Article","@id":"https:\/\/concertience.fr\/leblog\/conference-exceptionnelle\/#article","isPartOf":{"@id":"https:\/\/concertience.fr\/leblog\/conference-exceptionnelle\/"},"author":{"name":"francoisesiteweb","@id":"https:\/\/concertience.fr\/leblog\/#\/schema\/person\/a8a3ffb4a05b55c3e77e954cd93c49d8"},"headline":"Construire la paix jour apr\u00e8s jour","datePublished":"2018-02-15T18:53:45+00:00","dateModified":"2021-04-16T14:05:57+00:00","mainEntityOfPage":{"@id":"https:\/\/concertience.fr\/leblog\/conference-exceptionnelle\/"},"wordCount":121,"commentCount":0,"image":{"@id":"https:\/\/concertience.fr\/leblog\/conference-exceptionnelle\/#primaryimage"},"thumbnailUrl":"https:\/\/mlkqhmyobbaq.i.optimole.com\/w:auto\/h:auto\/q:mauto\/ig:avif\/https:\/\/concertience.fr\/leblog\/wp-content\/uploads\/sites\/2\/2020\/03\/Paix-Oiseau.jpg","keywords":["Paix"],"articleSection":["Articles, \u00e9missions F Keller","Communication NonViolente (CNV)","Regards crois\u00e9s"],"inLanguage":"fr-FR","potentialAction":[{"@type":"CommentAction","name":"Comment","target":["https:\/\/concertience.fr\/leblog\/conference-exceptionnelle\/#respond"]}]},{"@type":"WebPage","@id":"https:\/\/concertience.fr\/leblog\/conference-exceptionnelle\/","url":"https:\/\/concertience.fr\/leblog\/conference-exceptionnelle\/","name":"Construire la paix jour apr\u00e8s jour - Le blog de Fran\u00e7oise Keller","isPartOf":{"@id":"https:\/\/concertience.fr\/leblog\/#website"},"primaryImageOfPage":{"@id":"https:\/\/concertience.fr\/leblog\/conference-exceptionnelle\/#primaryimage"},"image":{"@id":"https:\/\/concertience.fr\/leblog\/conference-exceptionnelle\/#primaryimage"},"thumbnailUrl":"https:\/\/mlkqhmyobbaq.i.optimole.com\/w:auto\/h:auto\/q:mauto\/ig:avif\/https:\/\/concertience.fr\/leblog\/wp-content\/uploads\/sites\/2\/2020\/03\/Paix-Oiseau.jpg","datePublished":"2018-02-15T18:53:45+00:00","dateModified":"2021-04-16T14:05:57+00:00","author":{"@id":"https:\/\/concertience.fr\/leblog\/#\/schema\/person\/a8a3ffb4a05b55c3e77e954cd93c49d8"},"breadcrumb":{"@id":"https:\/\/concertience.fr\/leblog\/conference-exceptionnelle\/#breadcrumb"},"inLanguage":"fr-FR","potentialAction":[{"@type":"ReadAction","target":["https:\/\/concertience.fr\/leblog\/conference-exceptionnelle\/"]}]},{"@type":"ImageObject","inLanguage":"fr-FR","@id":"https:\/\/concertience.fr\/leblog\/conference-exceptionnelle\/#primaryimage","url":"https:\/\/mlkqhmyobbaq.i.optimole.com\/w:auto\/h:auto\/q:mauto\/ig:avif\/https:\/\/concertience.fr\/leblog\/wp-content\/uploads\/sites\/2\/2020\/03\/Paix-Oiseau.jpg","contentUrl":"https:\/\/mlkqhmyobbaq.i.optimole.com\/w:auto\/h:auto\/q:mauto\/ig:avif\/https:\/\/concertience.fr\/leblog\/wp-content\/uploads\/sites\/2\/2020\/03\/Paix-Oiseau.jpg","width":768,"height":256},{"@type":"BreadcrumbList","@id":"https:\/\/concertience.fr\/leblog\/conference-exceptionnelle\/#breadcrumb","itemListElement":[{"@type":"ListItem","position":1,"name":"Accueil","item":"https:\/\/concertience.fr\/leblog\/"},{"@type":"ListItem","position":2,"name":"Actualit\u00e9s","item":"https:\/\/concertience.fr\/leblog\/actualites\/"},{"@type":"ListItem","position":3,"name":"Construire la paix jour apr\u00e8s jour"}]},{"@type":"WebSite","@id":"https:\/\/concertience.fr\/leblog\/#website","url":"https:\/\/concertience.fr\/leblog\/","name":"Le blog de Fran\u00e7oise Keller","description":"Le blog de Fran\u00e7oise Keller, Concertience","potentialAction":[{"@type":"SearchAction","target":{"@type":"EntryPoint","urlTemplate":"https:\/\/concertience.fr\/leblog\/?s={search_term_string}"},"query-input":{"@type":"PropertyValueSpecification","valueRequired":true,"valueName":"search_term_string"}}],"inLanguage":"fr-FR"},{"@type":"Person","@id":"https:\/\/concertience.fr\/leblog\/#\/schema\/person\/a8a3ffb4a05b55c3e77e954cd93c49d8","name":"francoisesiteweb"}]}},"_links":{"self":[{"href":"https:\/\/concertience.fr\/leblog\/wp-json\/wp\/v2\/posts\/29","targetHints":{"allow":["GET"]}}],"collection":[{"href":"https:\/\/concertience.fr\/leblog\/wp-json\/wp\/v2\/posts"}],"about":[{"href":"https:\/\/concertience.fr\/leblog\/wp-json\/wp\/v2\/types\/post"}],"author":[{"embeddable":true,"href":"https:\/\/concertience.fr\/leblog\/wp-json\/wp\/v2\/users\/2"}],"replies":[{"embeddable":true,"href":"https:\/\/concertience.fr\/leblog\/wp-json\/wp\/v2\/comments?post=29"}],"version-history":[{"count":4,"href":"https:\/\/concertience.fr\/leblog\/wp-json\/wp\/v2\/posts\/29\/revisions"}],"predecessor-version":[{"id":1026,"href":"https:\/\/concertience.fr\/leblog\/wp-json\/wp\/v2\/posts\/29\/revisions\/1026"}],"wp:attachment":[{"href":"https:\/\/concertience.fr\/leblog\/wp-json\/wp\/v2\/media?parent=29"}],"wp:term":[{"taxonomy":"category","embeddable":true,"href":"https:\/\/concertience.fr\/leblog\/wp-json\/wp\/v2\/categories?post=29"},{"taxonomy":"post_tag","embeddable":true,"href":"https:\/\/concertience.fr\/leblog\/wp-json\/wp\/v2\/tags?post=29"}],"curies":[{"name":"wp","href":"https:\/\/api.w.org\/{rel}","templated":true}]}}