{"id":28,"date":"2018-02-15T20:08:32","date_gmt":"2018-02-15T19:08:32","guid":{"rendered":"https:\/\/concertience.fr\/leblog\/2018\/02\/15\/le-labconcertience\/"},"modified":"2020-06-15T11:35:48","modified_gmt":"2020-06-15T09:35:48","slug":"le-labconcertience","status":"publish","type":"post","link":"https:\/\/concertience.fr\/leblog\/le-labconcertience\/","title":{"rendered":"Le LAB&rsquo;Concertience"},"content":{"rendered":"\n<div class=\"wp-block-image\"><figure class=\"aligncenter size-medium\"><img data-opt-id=405535945  fetchpriority=\"high\" decoding=\"async\" width=\"300\" height=\"289\" src=\"https:\/\/mlkqhmyobbaq.i.optimole.com\/w:300\/h:289\/q:mauto\/ig:avif\/https:\/\/concertience.fr\/leblog\/wp-content\/uploads\/sites\/2\/2020\/03\/LAB-Concertience.jpg\" alt=\"\" class=\"wp-image-498\" srcset=\"https:\/\/mlkqhmyobbaq.i.optimole.com\/w:300\/h:289\/q:mauto\/ig:avif\/https:\/\/concertience.fr\/leblog\/wp-content\/uploads\/sites\/2\/2020\/03\/LAB-Concertience.jpg 300w, https:\/\/mlkqhmyobbaq.i.optimole.com\/w:320\/h:308\/q:mauto\/ig:avif\/https:\/\/concertience.fr\/leblog\/wp-content\/uploads\/sites\/2\/2020\/03\/LAB-Concertience.jpg 320w\" sizes=\"(max-width: 300px) 100vw, 300px\" \/><\/figure><\/div>\n\n\n<p>J&rsquo;ai le plaisir d&rsquo;annoncer la cr\u00e9ation du <strong><span style=\"color: #737373;\">LAB&rsquo;Concertience<\/span><\/strong>\u00a0qui a pris forme entre le 25 novembre 2017 et le 7 f\u00e9vrier 2018.<\/p>\n<p>Le <a href=\"https:\/\/colibris-wiki.org\/LabConcertience\">LAB&rsquo;Concertience<\/a> est ouvert aux stagiaires ayant parcouru le cursus d&rsquo;approfondissement de la CNV en environnement professionnel et citoyen que Concertience propose depuis plus de dix ans.<\/p>\n<p>Cette communaut\u00e9 d&rsquo;acteurs en environnement professionnel et citoyen est d\u00e9di\u00e9e au soutien, au ressourcement, \u00e0 l\u2019encouragement et \u00e0 l\u2019inspiration de ses membres et au-del\u00e0, pour cr\u00e9er un monde qui fonctionne pour tous.<\/p>\n<p>Elle fonctionne selon l&rsquo;esprit des entreprises lib\u00e9r\u00e9es et s&rsquo;inscrit dans le New Future Process de la communaut\u00e9 CNV internationale.<\/p>\n<p><a href=\"https:\/\/concertience.fr\/wp-content\/uploads\/2020\/02\/plaquette-cursus-concertience.pdf\">Plus d&rsquo;information sur le cursus d&rsquo;approfondissement\u00a0<\/a><\/p>","protected":false},"excerpt":{"rendered":"<p>J&rsquo;ai le plaisir d&rsquo;annoncer la cr\u00e9ation du LAB&rsquo;Concertience\u00a0qui a pris forme entre le 25 novembre 2017 et le 7 f\u00e9vrier 2018. Le LAB&rsquo;Concertience est ouvert aux stagiaires ayant parcouru le cursus d&rsquo;approfondissement de la CNV en environnement professionnel et citoyen que Concertience propose depuis plus de dix ans. Cette communaut\u00e9 d&rsquo;acteurs en environnement professionnel et<a class=\"excerpt-read-more\" href=\"https:\/\/concertience.fr\/leblog\/le-labconcertience\/\" title=\"ReadLe LAB&rsquo;Concertience\">&#8230; Lire plus &raquo;<\/a><\/p>\n","protected":false},"author":2,"featured_media":0,"comment_status":"open","ping_status":"closed","sticky":false,"template":"","format":"standard","meta":{"footnotes":""},"categories":[3],"tags":[],"class_list":["post-28","post","type-post","status-publish","format-standard","hentry","category-actualites"],"yoast_head":"<!-- This site is optimized with the Yoast SEO plugin v27.5 - https:\/\/yoast.com\/product\/yoast-seo-wordpress\/ -->\n<title>Le LAB&#039;Concertience - Le blog de Fran\u00e7oise Keller<\/title>\n<meta name=\"robots\" content=\"index, follow, max-snippet:-1, max-image-preview:large, max-video-preview:-1\" \/>\n<link rel=\"canonical\" href=\"https:\/\/concertience.fr\/leblog\/le-labconcertience\/\" \/>\n<meta property=\"og:locale\" content=\"fr_FR\" \/>\n<meta property=\"og:type\" content=\"article\" \/>\n<meta property=\"og:title\" content=\"Le LAB&#039;Concertience - Le blog de Fran\u00e7oise Keller\" \/>\n<meta property=\"og:description\" content=\"J&rsquo;ai le plaisir d&rsquo;annoncer la cr\u00e9ation du LAB&rsquo;Concertience\u00a0qui a pris forme entre le 25 novembre 2017 et le 7 f\u00e9vrier 2018. Le LAB&rsquo;Concertience est ouvert aux stagiaires ayant parcouru le cursus d&rsquo;approfondissement de la CNV en environnement professionnel et citoyen que Concertience propose depuis plus de dix ans. Cette communaut\u00e9 d&rsquo;acteurs en environnement professionnel et... Lire plus &raquo;\" \/>\n<meta property=\"og:url\" content=\"https:\/\/concertience.fr\/leblog\/le-labconcertience\/\" \/>\n<meta property=\"og:site_name\" content=\"Le blog de Fran\u00e7oise Keller\" \/>\n<meta property=\"article:published_time\" content=\"2018-02-15T19:08:32+00:00\" \/>\n<meta property=\"article:modified_time\" content=\"2020-06-15T09:35:48+00:00\" \/>\n<meta property=\"og:image\" content=\"https:\/\/mlkqhmyobbaq.i.optimole.com\/w:300\/h:289\/q:mauto\/ig:avif\/https:\/\/concertience.fr\/leblog\/wp-content\/uploads\/sites\/2\/2020\/03\/LAB-Concertience.jpg\" \/>\n<meta name=\"author\" content=\"francoisesiteweb\" \/>\n<meta name=\"twitter:card\" content=\"summary_large_image\" \/>\n<meta name=\"twitter:label1\" content=\"\u00c9crit par\" \/>\n\t<meta name=\"twitter:data1\" content=\"francoisesiteweb\" \/>\n\t<meta name=\"twitter:label2\" content=\"Dur\u00e9e de lecture estim\u00e9e\" \/>\n\t<meta name=\"twitter:data2\" content=\"1 minute\" \/>\n<script type=\"application\/ld+json\" class=\"yoast-schema-graph\">{\"@context\":\"https:\\\/\\\/schema.org\",\"@graph\":[{\"@type\":\"Article\",\"@id\":\"https:\\\/\\\/concertience.fr\\\/leblog\\\/le-labconcertience\\\/#article\",\"isPartOf\":{\"@id\":\"https:\\\/\\\/concertience.fr\\\/leblog\\\/le-labconcertience\\\/\"},\"author\":{\"name\":\"francoisesiteweb\",\"@id\":\"https:\\\/\\\/concertience.fr\\\/leblog\\\/#\\\/schema\\\/person\\\/a8a3ffb4a05b55c3e77e954cd93c49d8\"},\"headline\":\"Le LAB&rsquo;Concertience\",\"datePublished\":\"2018-02-15T19:08:32+00:00\",\"dateModified\":\"2020-06-15T09:35:48+00:00\",\"mainEntityOfPage\":{\"@id\":\"https:\\\/\\\/concertience.fr\\\/leblog\\\/le-labconcertience\\\/\"},\"wordCount\":122,\"commentCount\":0,\"image\":{\"@id\":\"https:\\\/\\\/concertience.fr\\\/leblog\\\/le-labconcertience\\\/#primaryimage\"},\"thumbnailUrl\":\"https:\\/\\/concertience.fr\\/leblog\\/wp-content\\/uploads\\/sites\\/2\\/2020\\/03\\/LAB-Concertience-300x289.jpg\",\"articleSection\":[\"Actualit\u00e9s\"],\"inLanguage\":\"fr-FR\",\"potentialAction\":[{\"@type\":\"CommentAction\",\"name\":\"Comment\",\"target\":[\"https:\\\/\\\/concertience.fr\\\/leblog\\\/le-labconcertience\\\/#respond\"]}]},{\"@type\":\"WebPage\",\"@id\":\"https:\\\/\\\/concertience.fr\\\/leblog\\\/le-labconcertience\\\/\",\"url\":\"https:\\\/\\\/concertience.fr\\\/leblog\\\/le-labconcertience\\\/\",\"name\":\"Le LAB'Concertience - Le blog de Fran\u00e7oise Keller\",\"isPartOf\":{\"@id\":\"https:\\\/\\\/concertience.fr\\\/leblog\\\/#website\"},\"primaryImageOfPage\":{\"@id\":\"https:\\\/\\\/concertience.fr\\\/leblog\\\/le-labconcertience\\\/#primaryimage\"},\"image\":{\"@id\":\"https:\\\/\\\/concertience.fr\\\/leblog\\\/le-labconcertience\\\/#primaryimage\"},\"thumbnailUrl\":\"https:\\/\\/concertience.fr\\/leblog\\/wp-content\\/uploads\\/sites\\/2\\/2020\\/03\\/LAB-Concertience-300x289.jpg\",\"datePublished\":\"2018-02-15T19:08:32+00:00\",\"dateModified\":\"2020-06-15T09:35:48+00:00\",\"author\":{\"@id\":\"https:\\\/\\\/concertience.fr\\\/leblog\\\/#\\\/schema\\\/person\\\/a8a3ffb4a05b55c3e77e954cd93c49d8\"},\"breadcrumb\":{\"@id\":\"https:\\\/\\\/concertience.fr\\\/leblog\\\/le-labconcertience\\\/#breadcrumb\"},\"inLanguage\":\"fr-FR\",\"potentialAction\":[{\"@type\":\"ReadAction\",\"target\":[\"https:\\\/\\\/concertience.fr\\\/leblog\\\/le-labconcertience\\\/\"]}]},{\"@type\":\"ImageObject\",\"inLanguage\":\"fr-FR\",\"@id\":\"https:\\\/\\\/concertience.fr\\\/leblog\\\/le-labconcertience\\\/#primaryimage\",\"url\":\"https:\\/\\/concertience.fr\\/leblog\\/wp-content\\/uploads\\/sites\\/2\\/2020\\/03\\/LAB-Concertience.jpg\",\"contentUrl\":\"https:\\/\\/concertience.fr\\/leblog\\/wp-content\\/uploads\\/sites\\/2\\/2020\\/03\\/LAB-Concertience.jpg\",\"width\":320,\"height\":308},{\"@type\":\"BreadcrumbList\",\"@id\":\"https:\\\/\\\/concertience.fr\\\/leblog\\\/le-labconcertience\\\/#breadcrumb\",\"itemListElement\":[{\"@type\":\"ListItem\",\"position\":1,\"name\":\"Accueil\",\"item\":\"https:\\\/\\\/concertience.fr\\\/leblog\\\/\"},{\"@type\":\"ListItem\",\"position\":2,\"name\":\"Actualit\u00e9s\",\"item\":\"https:\\\/\\\/concertience.fr\\\/leblog\\\/actualites\\\/\"},{\"@type\":\"ListItem\",\"position\":3,\"name\":\"Le LAB&rsquo;Concertience\"}]},{\"@type\":\"WebSite\",\"@id\":\"https:\\\/\\\/concertience.fr\\\/leblog\\\/#website\",\"url\":\"https:\\\/\\\/concertience.fr\\\/leblog\\\/\",\"name\":\"Le blog de Fran\u00e7oise Keller\",\"description\":\"Le blog de Fran\u00e7oise Keller, Concertience\",\"potentialAction\":[{\"@type\":\"SearchAction\",\"target\":{\"@type\":\"EntryPoint\",\"urlTemplate\":\"https:\\\/\\\/concertience.fr\\\/leblog\\\/?s={search_term_string}\"},\"query-input\":{\"@type\":\"PropertyValueSpecification\",\"valueRequired\":true,\"valueName\":\"search_term_string\"}}],\"inLanguage\":\"fr-FR\"},{\"@type\":\"Person\",\"@id\":\"https:\\\/\\\/concertience.fr\\\/leblog\\\/#\\\/schema\\\/person\\\/a8a3ffb4a05b55c3e77e954cd93c49d8\",\"name\":\"francoisesiteweb\"}]}<\/script>\n<!-- \/ Yoast SEO plugin. -->","yoast_head_json":{"title":"Le LAB'Concertience - Le blog de Fran\u00e7oise Keller","robots":{"index":"index","follow":"follow","max-snippet":"max-snippet:-1","max-image-preview":"max-image-preview:large","max-video-preview":"max-video-preview:-1"},"canonical":"https:\/\/concertience.fr\/leblog\/le-labconcertience\/","og_locale":"fr_FR","og_type":"article","og_title":"Le LAB'Concertience - Le blog de Fran\u00e7oise Keller","og_description":"J&rsquo;ai le plaisir d&rsquo;annoncer la cr\u00e9ation du LAB&rsquo;Concertience\u00a0qui a pris forme entre le 25 novembre 2017 et le 7 f\u00e9vrier 2018. Le LAB&rsquo;Concertience est ouvert aux stagiaires ayant parcouru le cursus d&rsquo;approfondissement de la CNV en environnement professionnel et citoyen que Concertience propose depuis plus de dix ans. Cette communaut\u00e9 d&rsquo;acteurs en environnement professionnel et... Lire plus &raquo;","og_url":"https:\/\/concertience.fr\/leblog\/le-labconcertience\/","og_site_name":"Le blog de Fran\u00e7oise Keller","article_published_time":"2018-02-15T19:08:32+00:00","article_modified_time":"2020-06-15T09:35:48+00:00","og_image":[{"url":"https:\/\/mlkqhmyobbaq.i.optimole.com\/w:300\/h:289\/q:mauto\/ig:avif\/https:\/\/concertience.fr\/leblog\/wp-content\/uploads\/sites\/2\/2020\/03\/LAB-Concertience.jpg","type":"","width":"","height":""}],"author":"francoisesiteweb","twitter_card":"summary_large_image","twitter_misc":{"\u00c9crit par":"francoisesiteweb","Dur\u00e9e de lecture estim\u00e9e":"1 minute"},"schema":{"@context":"https:\/\/schema.org","@graph":[{"@type":"Article","@id":"https:\/\/concertience.fr\/leblog\/le-labconcertience\/#article","isPartOf":{"@id":"https:\/\/concertience.fr\/leblog\/le-labconcertience\/"},"author":{"name":"francoisesiteweb","@id":"https:\/\/concertience.fr\/leblog\/#\/schema\/person\/a8a3ffb4a05b55c3e77e954cd93c49d8"},"headline":"Le LAB&rsquo;Concertience","datePublished":"2018-02-15T19:08:32+00:00","dateModified":"2020-06-15T09:35:48+00:00","mainEntityOfPage":{"@id":"https:\/\/concertience.fr\/leblog\/le-labconcertience\/"},"wordCount":122,"commentCount":0,"image":{"@id":"https:\/\/concertience.fr\/leblog\/le-labconcertience\/#primaryimage"},"thumbnailUrl":"https:\/\/mlkqhmyobbaq.i.optimole.com\/w:300\/h:289\/q:mauto\/ig:avif\/https:\/\/concertience.fr\/leblog\/wp-content\/uploads\/sites\/2\/2020\/03\/LAB-Concertience.jpg","articleSection":["Actualit\u00e9s"],"inLanguage":"fr-FR","potentialAction":[{"@type":"CommentAction","name":"Comment","target":["https:\/\/concertience.fr\/leblog\/le-labconcertience\/#respond"]}]},{"@type":"WebPage","@id":"https:\/\/concertience.fr\/leblog\/le-labconcertience\/","url":"https:\/\/concertience.fr\/leblog\/le-labconcertience\/","name":"Le LAB'Concertience - Le blog de Fran\u00e7oise Keller","isPartOf":{"@id":"https:\/\/concertience.fr\/leblog\/#website"},"primaryImageOfPage":{"@id":"https:\/\/concertience.fr\/leblog\/le-labconcertience\/#primaryimage"},"image":{"@id":"https:\/\/concertience.fr\/leblog\/le-labconcertience\/#primaryimage"},"thumbnailUrl":"https:\/\/mlkqhmyobbaq.i.optimole.com\/w:300\/h:289\/q:mauto\/ig:avif\/https:\/\/concertience.fr\/leblog\/wp-content\/uploads\/sites\/2\/2020\/03\/LAB-Concertience.jpg","datePublished":"2018-02-15T19:08:32+00:00","dateModified":"2020-06-15T09:35:48+00:00","author":{"@id":"https:\/\/concertience.fr\/leblog\/#\/schema\/person\/a8a3ffb4a05b55c3e77e954cd93c49d8"},"breadcrumb":{"@id":"https:\/\/concertience.fr\/leblog\/le-labconcertience\/#breadcrumb"},"inLanguage":"fr-FR","potentialAction":[{"@type":"ReadAction","target":["https:\/\/concertience.fr\/leblog\/le-labconcertience\/"]}]},{"@type":"ImageObject","inLanguage":"fr-FR","@id":"https:\/\/concertience.fr\/leblog\/le-labconcertience\/#primaryimage","url":"https:\/\/mlkqhmyobbaq.i.optimole.com\/w:auto\/h:auto\/q:mauto\/ig:avif\/https:\/\/concertience.fr\/leblog\/wp-content\/uploads\/sites\/2\/2020\/03\/LAB-Concertience.jpg","contentUrl":"https:\/\/mlkqhmyobbaq.i.optimole.com\/w:auto\/h:auto\/q:mauto\/ig:avif\/https:\/\/concertience.fr\/leblog\/wp-content\/uploads\/sites\/2\/2020\/03\/LAB-Concertience.jpg","width":320,"height":308},{"@type":"BreadcrumbList","@id":"https:\/\/concertience.fr\/leblog\/le-labconcertience\/#breadcrumb","itemListElement":[{"@type":"ListItem","position":1,"name":"Accueil","item":"https:\/\/concertience.fr\/leblog\/"},{"@type":"ListItem","position":2,"name":"Actualit\u00e9s","item":"https:\/\/concertience.fr\/leblog\/actualites\/"},{"@type":"ListItem","position":3,"name":"Le LAB&rsquo;Concertience"}]},{"@type":"WebSite","@id":"https:\/\/concertience.fr\/leblog\/#website","url":"https:\/\/concertience.fr\/leblog\/","name":"Le blog de Fran\u00e7oise Keller","description":"Le blog de Fran\u00e7oise Keller, Concertience","potentialAction":[{"@type":"SearchAction","target":{"@type":"EntryPoint","urlTemplate":"https:\/\/concertience.fr\/leblog\/?s={search_term_string}"},"query-input":{"@type":"PropertyValueSpecification","valueRequired":true,"valueName":"search_term_string"}}],"inLanguage":"fr-FR"},{"@type":"Person","@id":"https:\/\/concertience.fr\/leblog\/#\/schema\/person\/a8a3ffb4a05b55c3e77e954cd93c49d8","name":"francoisesiteweb"}]}},"_links":{"self":[{"href":"https:\/\/concertience.fr\/leblog\/wp-json\/wp\/v2\/posts\/28","targetHints":{"allow":["GET"]}}],"collection":[{"href":"https:\/\/concertience.fr\/leblog\/wp-json\/wp\/v2\/posts"}],"about":[{"href":"https:\/\/concertience.fr\/leblog\/wp-json\/wp\/v2\/types\/post"}],"author":[{"embeddable":true,"href":"https:\/\/concertience.fr\/leblog\/wp-json\/wp\/v2\/users\/2"}],"replies":[{"embeddable":true,"href":"https:\/\/concertience.fr\/leblog\/wp-json\/wp\/v2\/comments?post=28"}],"version-history":[{"count":3,"href":"https:\/\/concertience.fr\/leblog\/wp-json\/wp\/v2\/posts\/28\/revisions"}],"predecessor-version":[{"id":885,"href":"https:\/\/concertience.fr\/leblog\/wp-json\/wp\/v2\/posts\/28\/revisions\/885"}],"wp:attachment":[{"href":"https:\/\/concertience.fr\/leblog\/wp-json\/wp\/v2\/media?parent=28"}],"wp:term":[{"taxonomy":"category","embeddable":true,"href":"https:\/\/concertience.fr\/leblog\/wp-json\/wp\/v2\/categories?post=28"},{"taxonomy":"post_tag","embeddable":true,"href":"https:\/\/concertience.fr\/leblog\/wp-json\/wp\/v2\/tags?post=28"}],"curies":[{"name":"wp","href":"https:\/\/api.w.org\/{rel}","templated":true}]}}