{"id":257,"date":"2005-05-09T14:20:43","date_gmt":"2005-05-09T12:20:43","guid":{"rendered":"https:\/\/concertience.fr\/leblog\/2005\/05\/09\/formation_et_ac\/"},"modified":"2020-03-30T22:07:36","modified_gmt":"2020-03-30T20:07:36","slug":"formation_et_ac","status":"publish","type":"post","link":"https:\/\/concertience.fr\/leblog\/formation_et_ac\/","title":{"rendered":"Formation et accompagnement : le bin\u00f4me gagnant !"},"content":{"rendered":"<p><strong><em><span style=\"color: #ff3300;\">Le temps de la formation&#8230;<\/span><\/em><\/strong><\/p>\n<p>Qui n&rsquo;a pas go\u00fbt\u00e9 avec une certaine excitation le temps d\u2019une formidable formation ? De r\u00e9els apports, des notions qui \u00e9clairent d\u2019une fa\u00e7on int\u00e9ressante la pratique, des pistes d\u2019am\u00e9lioration r\u00e9alistes et int\u00e9ressantes.<\/p>\n<p>On sort de formation ou de stage, plein d\u2019enthousiasme, apr\u00e8s avoir rendu au formateur une feuille d\u2019\u00e9valuation fort positive.<\/p>\n<p><strong><em><span style=\"color: #ff3300;\">Le temps de la confrontation&#8230;<\/span><\/em><\/strong><\/p>\n<p>Vient alors le retour \u00e0 la \u00ab vie ordinaire \u00bb : m\u00eames coll\u00e8gues, m\u00eame pression du temps, la liste des choses \u00e0 faire a m\u00eame empir\u00e9 en votre absence.<\/p>\n<p>Et puis, vos coll\u00e8gues vous attendent tels que vous \u00e9tiez avant de partir en stage ou, pire, ils vous testent en vous offrant des situations encore plus complexes que d\u2019habitude.<\/p>\n<p>C\u2019est ce que j\u2019appelle le difficile temps de la confrontation \u00e0 l\u2019environnement.<\/p>\n<p><strong><em><span style=\"color: #ff3300;\">Le temps du renoncement\u2026<\/span><\/em><\/strong><\/p>\n<p>Devant la difficult\u00e9 d\u2019exp\u00e9rimenter de nouveaux comportements, dans la solitude de celui qui a appris des choses que les autres ne savent pas de cette fa\u00e7on, la tentation est grande alors de renoncer.<\/p>\n<p>A chaque stage, la m\u00eame question \u00ab Mais est-il r\u00e9aliste de changer si les autres ne changent pas ? \u00bb.<\/p>\n<p>Alors, nous prendrons bien quelques trucs, quelques changements superficiels qui peuvent nous rendre la vie plus facile mais nous renon\u00e7ons \u00e0 exploiter en profondeur ce que nous avons appris.<\/p>\n<p>On dira alors que la formation n\u2019a pas \u00e9t\u00e9 utile. Dommage !<\/p>\n<p><strong><em><span style=\"color: #ff3300;\">Une alternative \u2013 Le temps de l\u2019accompagnement&#8230;<\/span><\/em><\/strong><\/p>\n<p>Les formations qui m\u2019ont \u00e9t\u00e9 utiles et les formations que je propose offrent une alternative : <strong>un accompagnement<\/strong> et un soutien <strong>pendant la phase d\u2019int\u00e9gration<\/strong> <strong>de la formation<\/strong>.<\/p>\n<p>A l\u2019occasion de rendez-vous courts (2 heures par exemple), la personne form\u00e9e a l\u2019occasion de faire le point sur ce qu\u2019elle a appris et sur les difficult\u00e9s qu\u2019elle rencontre dans la mise en \u0153uvre. Cet accompagnement permet d\u2019une part d\u2019approfondir les apports et d\u2019autre part de trouver sa mani\u00e8re de les mettre en \u0153uvre d\u2019une mani\u00e8re efficace, dans son environnement r\u00e9el.<\/p>\n<p>Qu\u2019il s\u2019agisse de gestion du temps, de conduite de r\u00e9unions, de probl\u00e9matiques de management et de d\u00e9l\u00e9gation, de communication interpersonnelle, de gestion des \u00e9motions, l\u2019accompagnement est un compl\u00e9ment pr\u00e9cieux \u00e0 la formation.<\/p>\n<p>Je propose cet accompagnement d\u2019une mani\u00e8re individuelle ou par petits groupes, selon les situations.<\/p>\n<p>Cet accompagnement permet \u00e0 la personne form\u00e9e d\u2019int\u00e9grer les changements d\u2019une mani\u00e8re profonde et durable.<\/p>\n<p>Ci-dessous un sch\u00e9ma qui explicite ma vision de ce sujet :<\/p>\n\n\n<figure class=\"wp-block-image size-large\"><img data-opt-id=1157487855  fetchpriority=\"high\" decoding=\"async\" width=\"1024\" height=\"496\" src=\"https:\/\/mlkqhmyobbaq.i.optimole.com\/w:1024\/h:496\/q:mauto\/ig:avif\/https:\/\/concertience.fr\/leblog\/wp-content\/uploads\/sites\/2\/2020\/03\/Formation-Accompagnement.jpg\" alt=\"\" class=\"wp-image-792\" srcset=\"https:\/\/mlkqhmyobbaq.i.optimole.com\/w:1024\/h:496\/q:mauto\/ig:avif\/https:\/\/concertience.fr\/leblog\/wp-content\/uploads\/sites\/2\/2020\/03\/Formation-Accompagnement.jpg 1024w, https:\/\/mlkqhmyobbaq.i.optimole.com\/w:300\/h:145\/q:mauto\/ig:avif\/https:\/\/concertience.fr\/leblog\/wp-content\/uploads\/sites\/2\/2020\/03\/Formation-Accompagnement.jpg 300w, https:\/\/mlkqhmyobbaq.i.optimole.com\/w:768\/h:372\/q:mauto\/ig:avif\/https:\/\/concertience.fr\/leblog\/wp-content\/uploads\/sites\/2\/2020\/03\/Formation-Accompagnement.jpg 768w, https:\/\/mlkqhmyobbaq.i.optimole.com\/w:1536\/h:744\/q:mauto\/ig:avif\/https:\/\/concertience.fr\/leblog\/wp-content\/uploads\/sites\/2\/2020\/03\/Formation-Accompagnement.jpg 1536w, https:\/\/mlkqhmyobbaq.i.optimole.com\/w:1760\/h:853\/q:mauto\/ig:avif\/https:\/\/concertience.fr\/leblog\/wp-content\/uploads\/sites\/2\/2020\/03\/Formation-Accompagnement.jpg 1760w\" sizes=\"(max-width: 1024px) 100vw, 1024px\" \/><\/figure>\n","protected":false},"excerpt":{"rendered":"<p>Le temps de la formation&#8230; Qui n&rsquo;a pas go\u00fbt\u00e9 avec une certaine excitation le temps d\u2019une formidable formation ? De r\u00e9els apports, des notions qui \u00e9clairent d\u2019une fa\u00e7on int\u00e9ressante la pratique, des pistes d\u2019am\u00e9lioration r\u00e9alistes et int\u00e9ressantes. On sort de formation ou de stage, plein d\u2019enthousiasme, apr\u00e8s avoir rendu au formateur une feuille d\u2019\u00e9valuation fort<a class=\"excerpt-read-more\" href=\"https:\/\/concertience.fr\/leblog\/formation_et_ac\/\" title=\"ReadFormation et accompagnement : le bin\u00f4me gagnant !\">&#8230; Lire plus &raquo;<\/a><\/p>\n","protected":false},"author":1,"featured_media":0,"comment_status":"open","ping_status":"open","sticky":false,"template":"","format":"standard","meta":{"footnotes":""},"categories":[2],"tags":[],"class_list":["post-257","post","type-post","status-publish","format-standard","hentry","category-notre-offre-globale"],"yoast_head":"<!-- This site is optimized with the Yoast SEO plugin v27.4 - https:\/\/yoast.com\/product\/yoast-seo-wordpress\/ -->\n<title>Formation et accompagnement : le bin\u00f4me gagnant ! - Le blog de Fran\u00e7oise Keller<\/title>\n<meta name=\"robots\" content=\"index, follow, max-snippet:-1, max-image-preview:large, max-video-preview:-1\" \/>\n<link rel=\"canonical\" href=\"https:\/\/concertience.fr\/leblog\/formation_et_ac\/\" \/>\n<meta property=\"og:locale\" content=\"fr_FR\" \/>\n<meta property=\"og:type\" content=\"article\" \/>\n<meta property=\"og:title\" content=\"Formation et accompagnement : le bin\u00f4me gagnant ! - Le blog de Fran\u00e7oise Keller\" \/>\n<meta property=\"og:description\" content=\"Le temps de la formation&#8230; Qui n&rsquo;a pas go\u00fbt\u00e9 avec une certaine excitation le temps d\u2019une formidable formation ? De r\u00e9els apports, des notions qui \u00e9clairent d\u2019une fa\u00e7on int\u00e9ressante la pratique, des pistes d\u2019am\u00e9lioration r\u00e9alistes et int\u00e9ressantes. On sort de formation ou de stage, plein d\u2019enthousiasme, apr\u00e8s avoir rendu au formateur une feuille d\u2019\u00e9valuation fort... Lire plus &raquo;\" \/>\n<meta property=\"og:url\" content=\"https:\/\/concertience.fr\/leblog\/formation_et_ac\/\" \/>\n<meta property=\"og:site_name\" content=\"Le blog de Fran\u00e7oise Keller\" \/>\n<meta property=\"article:published_time\" content=\"2005-05-09T12:20:43+00:00\" \/>\n<meta property=\"article:modified_time\" content=\"2020-03-30T20:07:36+00:00\" \/>\n<meta property=\"og:image\" content=\"https:\/\/mlkqhmyobbaq.i.optimole.com\/w:1024\/h:496\/q:mauto\/ig:avif\/https:\/\/concertience.fr\/leblog\/wp-content\/uploads\/sites\/2\/2020\/03\/Formation-Accompagnement.jpg\" \/>\n<meta name=\"author\" content=\"Pierrick\" \/>\n<meta name=\"twitter:card\" content=\"summary_large_image\" \/>\n<meta name=\"twitter:label1\" content=\"\u00c9crit par\" \/>\n\t<meta name=\"twitter:data1\" content=\"Pierrick\" \/>\n\t<meta name=\"twitter:label2\" content=\"Dur\u00e9e de lecture estim\u00e9e\" \/>\n\t<meta name=\"twitter:data2\" content=\"2 minutes\" \/>\n<script type=\"application\/ld+json\" class=\"yoast-schema-graph\">{\"@context\":\"https:\\\/\\\/schema.org\",\"@graph\":[{\"@type\":\"Article\",\"@id\":\"https:\\\/\\\/concertience.fr\\\/leblog\\\/formation_et_ac\\\/#article\",\"isPartOf\":{\"@id\":\"https:\\\/\\\/concertience.fr\\\/leblog\\\/formation_et_ac\\\/\"},\"author\":{\"name\":\"Pierrick\",\"@id\":\"https:\\\/\\\/concertience.fr\\\/leblog\\\/#\\\/schema\\\/person\\\/a01b04493c0cb1de0b2030c8b8d5676f\"},\"headline\":\"Formation et accompagnement : le bin\u00f4me gagnant !\",\"datePublished\":\"2005-05-09T12:20:43+00:00\",\"dateModified\":\"2020-03-30T20:07:36+00:00\",\"mainEntityOfPage\":{\"@id\":\"https:\\\/\\\/concertience.fr\\\/leblog\\\/formation_et_ac\\\/\"},\"wordCount\":451,\"commentCount\":0,\"image\":{\"@id\":\"https:\\\/\\\/concertience.fr\\\/leblog\\\/formation_et_ac\\\/#primaryimage\"},\"thumbnailUrl\":\"https:\\/\\/concertience.fr\\/leblog\\/wp-content\\/uploads\\/sites\\/2\\/2020\\/03\\/Formation-Accompagnement-1024x496.jpg\",\"articleSection\":[\"Notre offre globale\"],\"inLanguage\":\"fr-FR\",\"potentialAction\":[{\"@type\":\"CommentAction\",\"name\":\"Comment\",\"target\":[\"https:\\\/\\\/concertience.fr\\\/leblog\\\/formation_et_ac\\\/#respond\"]}]},{\"@type\":\"WebPage\",\"@id\":\"https:\\\/\\\/concertience.fr\\\/leblog\\\/formation_et_ac\\\/\",\"url\":\"https:\\\/\\\/concertience.fr\\\/leblog\\\/formation_et_ac\\\/\",\"name\":\"Formation et accompagnement : le bin\u00f4me gagnant ! - Le blog de Fran\u00e7oise Keller\",\"isPartOf\":{\"@id\":\"https:\\\/\\\/concertience.fr\\\/leblog\\\/#website\"},\"primaryImageOfPage\":{\"@id\":\"https:\\\/\\\/concertience.fr\\\/leblog\\\/formation_et_ac\\\/#primaryimage\"},\"image\":{\"@id\":\"https:\\\/\\\/concertience.fr\\\/leblog\\\/formation_et_ac\\\/#primaryimage\"},\"thumbnailUrl\":\"https:\\/\\/concertience.fr\\/leblog\\/wp-content\\/uploads\\/sites\\/2\\/2020\\/03\\/Formation-Accompagnement-1024x496.jpg\",\"datePublished\":\"2005-05-09T12:20:43+00:00\",\"dateModified\":\"2020-03-30T20:07:36+00:00\",\"author\":{\"@id\":\"https:\\\/\\\/concertience.fr\\\/leblog\\\/#\\\/schema\\\/person\\\/a01b04493c0cb1de0b2030c8b8d5676f\"},\"breadcrumb\":{\"@id\":\"https:\\\/\\\/concertience.fr\\\/leblog\\\/formation_et_ac\\\/#breadcrumb\"},\"inLanguage\":\"fr-FR\",\"potentialAction\":[{\"@type\":\"ReadAction\",\"target\":[\"https:\\\/\\\/concertience.fr\\\/leblog\\\/formation_et_ac\\\/\"]}]},{\"@type\":\"ImageObject\",\"inLanguage\":\"fr-FR\",\"@id\":\"https:\\\/\\\/concertience.fr\\\/leblog\\\/formation_et_ac\\\/#primaryimage\",\"url\":\"https:\\/\\/concertience.fr\\/leblog\\/wp-content\\/uploads\\/sites\\/2\\/2020\\/03\\/Formation-Accompagnement.jpg\",\"contentUrl\":\"https:\\/\\/concertience.fr\\/leblog\\/wp-content\\/uploads\\/sites\\/2\\/2020\\/03\\/Formation-Accompagnement.jpg\",\"width\":1760,\"height\":853},{\"@type\":\"BreadcrumbList\",\"@id\":\"https:\\\/\\\/concertience.fr\\\/leblog\\\/formation_et_ac\\\/#breadcrumb\",\"itemListElement\":[{\"@type\":\"ListItem\",\"position\":1,\"name\":\"Accueil\",\"item\":\"https:\\\/\\\/concertience.fr\\\/leblog\\\/\"},{\"@type\":\"ListItem\",\"position\":2,\"name\":\"Notre offre globale\",\"item\":\"https:\\\/\\\/concertience.fr\\\/leblog\\\/notre-offre-globale\\\/\"},{\"@type\":\"ListItem\",\"position\":3,\"name\":\"Formation et accompagnement : le bin\u00f4me gagnant !\"}]},{\"@type\":\"WebSite\",\"@id\":\"https:\\\/\\\/concertience.fr\\\/leblog\\\/#website\",\"url\":\"https:\\\/\\\/concertience.fr\\\/leblog\\\/\",\"name\":\"Le blog de Fran\u00e7oise Keller\",\"description\":\"Le blog de Fran\u00e7oise Keller, Concertience\",\"potentialAction\":[{\"@type\":\"SearchAction\",\"target\":{\"@type\":\"EntryPoint\",\"urlTemplate\":\"https:\\\/\\\/concertience.fr\\\/leblog\\\/?s={search_term_string}\"},\"query-input\":{\"@type\":\"PropertyValueSpecification\",\"valueRequired\":true,\"valueName\":\"search_term_string\"}}],\"inLanguage\":\"fr-FR\"},{\"@type\":\"Person\",\"@id\":\"https:\\\/\\\/concertience.fr\\\/leblog\\\/#\\\/schema\\\/person\\\/a01b04493c0cb1de0b2030c8b8d5676f\",\"name\":\"Pierrick\"}]}<\/script>\n<!-- \/ Yoast SEO plugin. -->","yoast_head_json":{"title":"Formation et accompagnement : le bin\u00f4me gagnant ! - Le blog de Fran\u00e7oise Keller","robots":{"index":"index","follow":"follow","max-snippet":"max-snippet:-1","max-image-preview":"max-image-preview:large","max-video-preview":"max-video-preview:-1"},"canonical":"https:\/\/concertience.fr\/leblog\/formation_et_ac\/","og_locale":"fr_FR","og_type":"article","og_title":"Formation et accompagnement : le bin\u00f4me gagnant ! - Le blog de Fran\u00e7oise Keller","og_description":"Le temps de la formation&#8230; Qui n&rsquo;a pas go\u00fbt\u00e9 avec une certaine excitation le temps d\u2019une formidable formation ? De r\u00e9els apports, des notions qui \u00e9clairent d\u2019une fa\u00e7on int\u00e9ressante la pratique, des pistes d\u2019am\u00e9lioration r\u00e9alistes et int\u00e9ressantes. On sort de formation ou de stage, plein d\u2019enthousiasme, apr\u00e8s avoir rendu au formateur une feuille d\u2019\u00e9valuation fort... Lire plus &raquo;","og_url":"https:\/\/concertience.fr\/leblog\/formation_et_ac\/","og_site_name":"Le blog de Fran\u00e7oise Keller","article_published_time":"2005-05-09T12:20:43+00:00","article_modified_time":"2020-03-30T20:07:36+00:00","og_image":[{"url":"https:\/\/mlkqhmyobbaq.i.optimole.com\/w:1024\/h:496\/q:mauto\/ig:avif\/https:\/\/concertience.fr\/leblog\/wp-content\/uploads\/sites\/2\/2020\/03\/Formation-Accompagnement.jpg","type":"","width":"","height":""}],"author":"Pierrick","twitter_card":"summary_large_image","twitter_misc":{"\u00c9crit par":"Pierrick","Dur\u00e9e de lecture estim\u00e9e":"2 minutes"},"schema":{"@context":"https:\/\/schema.org","@graph":[{"@type":"Article","@id":"https:\/\/concertience.fr\/leblog\/formation_et_ac\/#article","isPartOf":{"@id":"https:\/\/concertience.fr\/leblog\/formation_et_ac\/"},"author":{"name":"Pierrick","@id":"https:\/\/concertience.fr\/leblog\/#\/schema\/person\/a01b04493c0cb1de0b2030c8b8d5676f"},"headline":"Formation et accompagnement : le bin\u00f4me gagnant !","datePublished":"2005-05-09T12:20:43+00:00","dateModified":"2020-03-30T20:07:36+00:00","mainEntityOfPage":{"@id":"https:\/\/concertience.fr\/leblog\/formation_et_ac\/"},"wordCount":451,"commentCount":0,"image":{"@id":"https:\/\/concertience.fr\/leblog\/formation_et_ac\/#primaryimage"},"thumbnailUrl":"https:\/\/mlkqhmyobbaq.i.optimole.com\/w:1024\/h:496\/q:mauto\/ig:avif\/https:\/\/concertience.fr\/leblog\/wp-content\/uploads\/sites\/2\/2020\/03\/Formation-Accompagnement.jpg","articleSection":["Notre offre globale"],"inLanguage":"fr-FR","potentialAction":[{"@type":"CommentAction","name":"Comment","target":["https:\/\/concertience.fr\/leblog\/formation_et_ac\/#respond"]}]},{"@type":"WebPage","@id":"https:\/\/concertience.fr\/leblog\/formation_et_ac\/","url":"https:\/\/concertience.fr\/leblog\/formation_et_ac\/","name":"Formation et accompagnement : le bin\u00f4me gagnant ! - Le blog de Fran\u00e7oise Keller","isPartOf":{"@id":"https:\/\/concertience.fr\/leblog\/#website"},"primaryImageOfPage":{"@id":"https:\/\/concertience.fr\/leblog\/formation_et_ac\/#primaryimage"},"image":{"@id":"https:\/\/concertience.fr\/leblog\/formation_et_ac\/#primaryimage"},"thumbnailUrl":"https:\/\/mlkqhmyobbaq.i.optimole.com\/w:1024\/h:496\/q:mauto\/ig:avif\/https:\/\/concertience.fr\/leblog\/wp-content\/uploads\/sites\/2\/2020\/03\/Formation-Accompagnement.jpg","datePublished":"2005-05-09T12:20:43+00:00","dateModified":"2020-03-30T20:07:36+00:00","author":{"@id":"https:\/\/concertience.fr\/leblog\/#\/schema\/person\/a01b04493c0cb1de0b2030c8b8d5676f"},"breadcrumb":{"@id":"https:\/\/concertience.fr\/leblog\/formation_et_ac\/#breadcrumb"},"inLanguage":"fr-FR","potentialAction":[{"@type":"ReadAction","target":["https:\/\/concertience.fr\/leblog\/formation_et_ac\/"]}]},{"@type":"ImageObject","inLanguage":"fr-FR","@id":"https:\/\/concertience.fr\/leblog\/formation_et_ac\/#primaryimage","url":"https:\/\/mlkqhmyobbaq.i.optimole.com\/w:auto\/h:auto\/q:mauto\/ig:avif\/https:\/\/concertience.fr\/leblog\/wp-content\/uploads\/sites\/2\/2020\/03\/Formation-Accompagnement.jpg","contentUrl":"https:\/\/mlkqhmyobbaq.i.optimole.com\/w:auto\/h:auto\/q:mauto\/ig:avif\/https:\/\/concertience.fr\/leblog\/wp-content\/uploads\/sites\/2\/2020\/03\/Formation-Accompagnement.jpg","width":1760,"height":853},{"@type":"BreadcrumbList","@id":"https:\/\/concertience.fr\/leblog\/formation_et_ac\/#breadcrumb","itemListElement":[{"@type":"ListItem","position":1,"name":"Accueil","item":"https:\/\/concertience.fr\/leblog\/"},{"@type":"ListItem","position":2,"name":"Notre offre globale","item":"https:\/\/concertience.fr\/leblog\/notre-offre-globale\/"},{"@type":"ListItem","position":3,"name":"Formation et accompagnement : le bin\u00f4me gagnant !"}]},{"@type":"WebSite","@id":"https:\/\/concertience.fr\/leblog\/#website","url":"https:\/\/concertience.fr\/leblog\/","name":"Le blog de Fran\u00e7oise Keller","description":"Le blog de Fran\u00e7oise Keller, Concertience","potentialAction":[{"@type":"SearchAction","target":{"@type":"EntryPoint","urlTemplate":"https:\/\/concertience.fr\/leblog\/?s={search_term_string}"},"query-input":{"@type":"PropertyValueSpecification","valueRequired":true,"valueName":"search_term_string"}}],"inLanguage":"fr-FR"},{"@type":"Person","@id":"https:\/\/concertience.fr\/leblog\/#\/schema\/person\/a01b04493c0cb1de0b2030c8b8d5676f","name":"Pierrick"}]}},"_links":{"self":[{"href":"https:\/\/concertience.fr\/leblog\/wp-json\/wp\/v2\/posts\/257","targetHints":{"allow":["GET"]}}],"collection":[{"href":"https:\/\/concertience.fr\/leblog\/wp-json\/wp\/v2\/posts"}],"about":[{"href":"https:\/\/concertience.fr\/leblog\/wp-json\/wp\/v2\/types\/post"}],"author":[{"embeddable":true,"href":"https:\/\/concertience.fr\/leblog\/wp-json\/wp\/v2\/users\/1"}],"replies":[{"embeddable":true,"href":"https:\/\/concertience.fr\/leblog\/wp-json\/wp\/v2\/comments?post=257"}],"version-history":[{"count":1,"href":"https:\/\/concertience.fr\/leblog\/wp-json\/wp\/v2\/posts\/257\/revisions"}],"predecessor-version":[{"id":793,"href":"https:\/\/concertience.fr\/leblog\/wp-json\/wp\/v2\/posts\/257\/revisions\/793"}],"wp:attachment":[{"href":"https:\/\/concertience.fr\/leblog\/wp-json\/wp\/v2\/media?parent=257"}],"wp:term":[{"taxonomy":"category","embeddable":true,"href":"https:\/\/concertience.fr\/leblog\/wp-json\/wp\/v2\/categories?post=257"},{"taxonomy":"post_tag","embeddable":true,"href":"https:\/\/concertience.fr\/leblog\/wp-json\/wp\/v2\/tags?post=257"}],"curies":[{"name":"wp","href":"https:\/\/api.w.org\/{rel}","templated":true}]}}