{"id":256,"date":"2005-06-13T21:56:36","date_gmt":"2005-06-13T19:56:36","guid":{"rendered":"https:\/\/concertience.fr\/leblog\/2005\/06\/13\/accompagner_vos\/"},"modified":"2005-06-13T21:56:36","modified_gmt":"2005-06-13T19:56:36","slug":"accompagner_vos","status":"publish","type":"post","link":"https:\/\/concertience.fr\/leblog\/accompagner_vos\/","title":{"rendered":"Accompagner vos projets de changement"},"content":{"rendered":"<p><strong><span style=\"color: #ff6600\">Accompagner vos projets de changement<\/span><\/strong><\/p>\n<p>Vous avez un projet de conduite de changement :<\/p>\n<p>&#8211; projet individuel : prendre un nouveau poste ; changer d&rsquo;activit\u00e9 professionnelle&#8230;<\/p>\n<p>&#8211; projet collectif : r\u00e9organisation d&rsquo;un service ; clarifier un projet d&rsquo;entreprise ; remettre le client au centre de l&rsquo;entreprise ; d\u00e9marrer un projet ; faire \u00e9voluer le syst\u00e8me qualit\u00e9 ; mettre en place de nouveaux comportements manag\u00e9riaux&#8230;.<\/p>\n<p>Mon accompagnement (coaching) peut vous soutenir \u00e0 3 niveaux :<\/p>\n<p>&#8211; <span style=\"color: #ff6600\"><strong>accompagnement individuel du chef de projet<\/strong> <\/span>(ou du Comit\u00e9 de Direction) : clarifier la d\u00e9marche, les enjeux ; g\u00e9rer les r\u00e9sistances ; travailler la communication et la sur-communication ; \u00e9voluer avec l&rsquo;\u00e9quipe ; g\u00e9rer les peurs et le sentiment de solitude&#8230;<\/p>\n<p>&#8211; <strong><span style=\"color: #ff6600\">accompagnement de l&rsquo;\u00e9quipe<\/span><\/strong> : alors que vous \u00eates le sp\u00e9cialiste de votre m\u00e9tier et du changement que vous souhaitez mettre en oeuvre, je peux vous apporter mes comp\u00e9tences en mati\u00e8re de processus et d&rsquo;accompagnement : inclusion et coh\u00e9sion d&rsquo;\u00e9quipe ; expression des attentes et des peurs ; lieu neutre d&rsquo;\u00e9coute et de r\u00e9gulation ; m\u00e9ta-communication sur les m\u00e9canismes en jeu dans l&rsquo;\u00e9quipe<\/p>\n<p>&#8211; <span style=\"color: #ff6600\"><strong>accompagnement de groupes d&rsquo;analyse de pratique <\/strong><\/span>: mon exp\u00e9rience d&rsquo;animation de groupes de pratique en Communication NonViolente me permet de proposer \u00e0 vos \u00e9quipes des groupes d&rsquo;analyse de pratique : \u00e9coute en profondeur des difficult\u00e9s li\u00e9es au changement (deuil de la situation pass\u00e9e, peurs, difficult\u00e9s d&rsquo;ajustement) ; mise en lumi\u00e8re des Besoins individuels et collectifs ; soutien aux personnes et \u00e0 l&rsquo;\u00e9quipe pour qu&rsquo;ils s&rsquo;appoprient les solutions qu&rsquo;ils mettront en oeuvre ; mise en valeurs des succ\u00e8s individuels et collectifs<\/p>\n<p>Ces modes d&rsquo;accompagnement vous permettent ainsi, \u00e0 vous et \u00e0 votre \u00e9quipe, de vous concentrer sur le projet, sur votre m\u00e9tier, vos savoir-faire et savoir-\u00eatre.<\/p>\n","protected":false},"excerpt":{"rendered":"<p>Accompagner vos projets de changement Vous avez un projet de conduite de changement : &#8211; projet individuel : prendre un nouveau poste ; changer d&rsquo;activit\u00e9 professionnelle&#8230; &#8211; projet collectif : r\u00e9organisation d&rsquo;un service ; clarifier un projet d&rsquo;entreprise ; remettre le client au centre de l&rsquo;entreprise ; d\u00e9marrer un projet ; faire \u00e9voluer le syst\u00e8me<a class=\"excerpt-read-more\" href=\"https:\/\/concertience.fr\/leblog\/accompagner_vos\/\" title=\"ReadAccompagner vos projets de changement\">&#8230; Lire plus &raquo;<\/a><\/p>\n","protected":false},"author":1,"featured_media":0,"comment_status":"open","ping_status":"open","sticky":false,"template":"","format":"standard","meta":{"footnotes":""},"categories":[62],"tags":[],"class_list":["post-256","post","type-post","status-publish","format-standard","hentry","category-notre-offre-en-coaching"],"yoast_head":"<!-- This site is optimized with the Yoast SEO plugin v27.5 - https:\/\/yoast.com\/product\/yoast-seo-wordpress\/ -->\n<title>Accompagner vos projets de changement - Le blog de Fran\u00e7oise Keller<\/title>\n<meta name=\"robots\" content=\"index, follow, max-snippet:-1, max-image-preview:large, max-video-preview:-1\" \/>\n<link rel=\"canonical\" href=\"https:\/\/concertience.fr\/leblog\/accompagner_vos\/\" \/>\n<meta property=\"og:locale\" content=\"fr_FR\" \/>\n<meta property=\"og:type\" content=\"article\" \/>\n<meta property=\"og:title\" content=\"Accompagner vos projets de changement - Le blog de Fran\u00e7oise Keller\" \/>\n<meta property=\"og:description\" content=\"Accompagner vos projets de changement Vous avez un projet de conduite de changement : &#8211; projet individuel : prendre un nouveau poste ; changer d&rsquo;activit\u00e9 professionnelle&#8230; &#8211; projet collectif : r\u00e9organisation d&rsquo;un service ; clarifier un projet d&rsquo;entreprise ; remettre le client au centre de l&rsquo;entreprise ; d\u00e9marrer un projet ; faire \u00e9voluer le syst\u00e8me... Lire plus &raquo;\" \/>\n<meta property=\"og:url\" content=\"https:\/\/concertience.fr\/leblog\/accompagner_vos\/\" \/>\n<meta property=\"og:site_name\" content=\"Le blog de Fran\u00e7oise Keller\" \/>\n<meta property=\"article:published_time\" content=\"2005-06-13T19:56:36+00:00\" \/>\n<meta name=\"author\" content=\"Pierrick\" \/>\n<meta name=\"twitter:card\" content=\"summary_large_image\" \/>\n<meta name=\"twitter:label1\" content=\"\u00c9crit par\" \/>\n\t<meta name=\"twitter:data1\" content=\"Pierrick\" \/>\n\t<meta name=\"twitter:label2\" content=\"Dur\u00e9e de lecture estim\u00e9e\" \/>\n\t<meta name=\"twitter:data2\" content=\"1 minute\" \/>\n<script type=\"application\/ld+json\" class=\"yoast-schema-graph\">{\"@context\":\"https:\\\/\\\/schema.org\",\"@graph\":[{\"@type\":\"Article\",\"@id\":\"https:\\\/\\\/concertience.fr\\\/leblog\\\/accompagner_vos\\\/#article\",\"isPartOf\":{\"@id\":\"https:\\\/\\\/concertience.fr\\\/leblog\\\/accompagner_vos\\\/\"},\"author\":{\"name\":\"Pierrick\",\"@id\":\"https:\\\/\\\/concertience.fr\\\/leblog\\\/#\\\/schema\\\/person\\\/a01b04493c0cb1de0b2030c8b8d5676f\"},\"headline\":\"Accompagner vos projets de changement\",\"datePublished\":\"2005-06-13T19:56:36+00:00\",\"mainEntityOfPage\":{\"@id\":\"https:\\\/\\\/concertience.fr\\\/leblog\\\/accompagner_vos\\\/\"},\"wordCount\":303,\"commentCount\":0,\"articleSection\":[\"Notre offre en coaching\"],\"inLanguage\":\"fr-FR\",\"potentialAction\":[{\"@type\":\"CommentAction\",\"name\":\"Comment\",\"target\":[\"https:\\\/\\\/concertience.fr\\\/leblog\\\/accompagner_vos\\\/#respond\"]}]},{\"@type\":\"WebPage\",\"@id\":\"https:\\\/\\\/concertience.fr\\\/leblog\\\/accompagner_vos\\\/\",\"url\":\"https:\\\/\\\/concertience.fr\\\/leblog\\\/accompagner_vos\\\/\",\"name\":\"Accompagner vos projets de changement - Le blog de Fran\u00e7oise Keller\",\"isPartOf\":{\"@id\":\"https:\\\/\\\/concertience.fr\\\/leblog\\\/#website\"},\"datePublished\":\"2005-06-13T19:56:36+00:00\",\"author\":{\"@id\":\"https:\\\/\\\/concertience.fr\\\/leblog\\\/#\\\/schema\\\/person\\\/a01b04493c0cb1de0b2030c8b8d5676f\"},\"breadcrumb\":{\"@id\":\"https:\\\/\\\/concertience.fr\\\/leblog\\\/accompagner_vos\\\/#breadcrumb\"},\"inLanguage\":\"fr-FR\",\"potentialAction\":[{\"@type\":\"ReadAction\",\"target\":[\"https:\\\/\\\/concertience.fr\\\/leblog\\\/accompagner_vos\\\/\"]}]},{\"@type\":\"BreadcrumbList\",\"@id\":\"https:\\\/\\\/concertience.fr\\\/leblog\\\/accompagner_vos\\\/#breadcrumb\",\"itemListElement\":[{\"@type\":\"ListItem\",\"position\":1,\"name\":\"Accueil\",\"item\":\"https:\\\/\\\/concertience.fr\\\/leblog\\\/\"},{\"@type\":\"ListItem\",\"position\":2,\"name\":\"Notre offre en coaching\",\"item\":\"https:\\\/\\\/concertience.fr\\\/leblog\\\/notre-offre-en-coaching\\\/\"},{\"@type\":\"ListItem\",\"position\":3,\"name\":\"Accompagner vos projets de changement\"}]},{\"@type\":\"WebSite\",\"@id\":\"https:\\\/\\\/concertience.fr\\\/leblog\\\/#website\",\"url\":\"https:\\\/\\\/concertience.fr\\\/leblog\\\/\",\"name\":\"Le blog de Fran\u00e7oise Keller\",\"description\":\"Le blog de Fran\u00e7oise Keller, Concertience\",\"potentialAction\":[{\"@type\":\"SearchAction\",\"target\":{\"@type\":\"EntryPoint\",\"urlTemplate\":\"https:\\\/\\\/concertience.fr\\\/leblog\\\/?s={search_term_string}\"},\"query-input\":{\"@type\":\"PropertyValueSpecification\",\"valueRequired\":true,\"valueName\":\"search_term_string\"}}],\"inLanguage\":\"fr-FR\"},{\"@type\":\"Person\",\"@id\":\"https:\\\/\\\/concertience.fr\\\/leblog\\\/#\\\/schema\\\/person\\\/a01b04493c0cb1de0b2030c8b8d5676f\",\"name\":\"Pierrick\"}]}<\/script>\n<!-- \/ Yoast SEO plugin. -->","yoast_head_json":{"title":"Accompagner vos projets de changement - Le blog de Fran\u00e7oise Keller","robots":{"index":"index","follow":"follow","max-snippet":"max-snippet:-1","max-image-preview":"max-image-preview:large","max-video-preview":"max-video-preview:-1"},"canonical":"https:\/\/concertience.fr\/leblog\/accompagner_vos\/","og_locale":"fr_FR","og_type":"article","og_title":"Accompagner vos projets de changement - Le blog de Fran\u00e7oise Keller","og_description":"Accompagner vos projets de changement Vous avez un projet de conduite de changement : &#8211; projet individuel : prendre un nouveau poste ; changer d&rsquo;activit\u00e9 professionnelle&#8230; &#8211; projet collectif : r\u00e9organisation d&rsquo;un service ; clarifier un projet d&rsquo;entreprise ; remettre le client au centre de l&rsquo;entreprise ; d\u00e9marrer un projet ; faire \u00e9voluer le syst\u00e8me... Lire plus &raquo;","og_url":"https:\/\/concertience.fr\/leblog\/accompagner_vos\/","og_site_name":"Le blog de Fran\u00e7oise Keller","article_published_time":"2005-06-13T19:56:36+00:00","author":"Pierrick","twitter_card":"summary_large_image","twitter_misc":{"\u00c9crit par":"Pierrick","Dur\u00e9e de lecture estim\u00e9e":"1 minute"},"schema":{"@context":"https:\/\/schema.org","@graph":[{"@type":"Article","@id":"https:\/\/concertience.fr\/leblog\/accompagner_vos\/#article","isPartOf":{"@id":"https:\/\/concertience.fr\/leblog\/accompagner_vos\/"},"author":{"name":"Pierrick","@id":"https:\/\/concertience.fr\/leblog\/#\/schema\/person\/a01b04493c0cb1de0b2030c8b8d5676f"},"headline":"Accompagner vos projets de changement","datePublished":"2005-06-13T19:56:36+00:00","mainEntityOfPage":{"@id":"https:\/\/concertience.fr\/leblog\/accompagner_vos\/"},"wordCount":303,"commentCount":0,"articleSection":["Notre offre en coaching"],"inLanguage":"fr-FR","potentialAction":[{"@type":"CommentAction","name":"Comment","target":["https:\/\/concertience.fr\/leblog\/accompagner_vos\/#respond"]}]},{"@type":"WebPage","@id":"https:\/\/concertience.fr\/leblog\/accompagner_vos\/","url":"https:\/\/concertience.fr\/leblog\/accompagner_vos\/","name":"Accompagner vos projets de changement - Le blog de Fran\u00e7oise Keller","isPartOf":{"@id":"https:\/\/concertience.fr\/leblog\/#website"},"datePublished":"2005-06-13T19:56:36+00:00","author":{"@id":"https:\/\/concertience.fr\/leblog\/#\/schema\/person\/a01b04493c0cb1de0b2030c8b8d5676f"},"breadcrumb":{"@id":"https:\/\/concertience.fr\/leblog\/accompagner_vos\/#breadcrumb"},"inLanguage":"fr-FR","potentialAction":[{"@type":"ReadAction","target":["https:\/\/concertience.fr\/leblog\/accompagner_vos\/"]}]},{"@type":"BreadcrumbList","@id":"https:\/\/concertience.fr\/leblog\/accompagner_vos\/#breadcrumb","itemListElement":[{"@type":"ListItem","position":1,"name":"Accueil","item":"https:\/\/concertience.fr\/leblog\/"},{"@type":"ListItem","position":2,"name":"Notre offre en coaching","item":"https:\/\/concertience.fr\/leblog\/notre-offre-en-coaching\/"},{"@type":"ListItem","position":3,"name":"Accompagner vos projets de changement"}]},{"@type":"WebSite","@id":"https:\/\/concertience.fr\/leblog\/#website","url":"https:\/\/concertience.fr\/leblog\/","name":"Le blog de Fran\u00e7oise Keller","description":"Le blog de Fran\u00e7oise Keller, Concertience","potentialAction":[{"@type":"SearchAction","target":{"@type":"EntryPoint","urlTemplate":"https:\/\/concertience.fr\/leblog\/?s={search_term_string}"},"query-input":{"@type":"PropertyValueSpecification","valueRequired":true,"valueName":"search_term_string"}}],"inLanguage":"fr-FR"},{"@type":"Person","@id":"https:\/\/concertience.fr\/leblog\/#\/schema\/person\/a01b04493c0cb1de0b2030c8b8d5676f","name":"Pierrick"}]}},"_links":{"self":[{"href":"https:\/\/concertience.fr\/leblog\/wp-json\/wp\/v2\/posts\/256","targetHints":{"allow":["GET"]}}],"collection":[{"href":"https:\/\/concertience.fr\/leblog\/wp-json\/wp\/v2\/posts"}],"about":[{"href":"https:\/\/concertience.fr\/leblog\/wp-json\/wp\/v2\/types\/post"}],"author":[{"embeddable":true,"href":"https:\/\/concertience.fr\/leblog\/wp-json\/wp\/v2\/users\/1"}],"replies":[{"embeddable":true,"href":"https:\/\/concertience.fr\/leblog\/wp-json\/wp\/v2\/comments?post=256"}],"version-history":[{"count":0,"href":"https:\/\/concertience.fr\/leblog\/wp-json\/wp\/v2\/posts\/256\/revisions"}],"wp:attachment":[{"href":"https:\/\/concertience.fr\/leblog\/wp-json\/wp\/v2\/media?parent=256"}],"wp:term":[{"taxonomy":"category","embeddable":true,"href":"https:\/\/concertience.fr\/leblog\/wp-json\/wp\/v2\/categories?post=256"},{"taxonomy":"post_tag","embeddable":true,"href":"https:\/\/concertience.fr\/leblog\/wp-json\/wp\/v2\/tags?post=256"}],"curies":[{"name":"wp","href":"https:\/\/api.w.org\/{rel}","templated":true}]}}