{"id":236,"date":"2006-09-25T17:48:42","date_gmt":"2006-09-25T15:48:42","guid":{"rendered":"https:\/\/concertience.fr\/leblog\/2006\/09\/25\/concertience\/"},"modified":"2006-09-25T17:48:42","modified_gmt":"2006-09-25T15:48:42","slug":"concertience","status":"publish","type":"post","link":"https:\/\/concertience.fr\/leblog\/concertience\/","title":{"rendered":"Concertience : R\u00e9v\u00e9ler la musique des personnes, des \u00e9quipes et des organisations"},"content":{"rendered":"<p><span style=\"font-size: 0.8em;font-family: Trebuchet MS\"><span style=\"color: #007f40\"><strong> <a class=\"asset-img-link\" href=\"https:\/\/francoise-keller.typepad.com\/logo_concertience_rvb.png\"><img data-opt-id=1997898807  fetchpriority=\"high\" decoding=\"async\" alt=\"image from francoise-keller.typepad.com\" class=\"asset  asset-image at-xid-6a00d834435ec653ef0240a4bef305200d img-responsive\" src=\"https:\/\/francoise-keller.typepad.com\/.a\/6a00d834435ec653ef0240a4bef305200d-320wi\" style=\"margin-left: auto;margin-right: auto\" title=\"image from francoise-keller.typepad.com\" \/><\/a><\/strong><span style=\"color: #007f40\"><strong><span style=\", geneva;font-size: 11pt\">CONCERTIENCE <\/span><\/strong><\/span><span style=\", geneva;font-size: 11pt\">= l&#039;art du concerto = <span style=\"color: #ff7f00\"><strong>se quereller ou cr\u00e9er du lien ?<\/strong><\/span><\/span><strong><br \/><\/strong><\/span><\/span><\/p>\n<p><span style=\", geneva;font-size: 11pt\">Chez Concertience, vous d\u00e9veloppez vos comp\u00e9tences relationnelles dans vos engagements professionnels et citoyens, en vous appuyant sur la Communication NonViolente (CNV), pour :<\/span><\/p>\n<ul>\n<li><span style=\", geneva;font-size: 11pt\">Cultiver le bien-\u00eatre des personnes au travail (le votre et celui des autres),<\/span><\/li>\n<li><span style=\", geneva;font-size: 11pt\">Favoriser des choix conscients et responsables,<\/span><\/li>\n<li><span style=\", geneva;font-size: 11pt\">D\u00e9velopper des relations de qualit\u00e9 et de coop\u00e9ration,<\/span><\/li>\n<li><span style=\", geneva;font-size: 11pt\">Contribuer \u00e0 un changement de culture dans votre environnement<\/span><span style=\", geneva;font-size: 11pt\">.<\/span>&#160;<\/li>\n<\/ul>\n<p><span style=\", geneva\">Nous intervenons de diff\u00e9rentes fa\u00e7ons, en fonction de vos besoins :<\/span><\/p>\n<ul>\n<li><span style=\", geneva\">des <strong><span style=\"color: #ff7f00\">formations \u00e0 la CNV organis\u00e9es par Concertience<\/span><\/strong>, o\u00f9 vous apprenez avec d&#039;autres et o\u00f9 vous croisez entre vous vos regards et exp\u00e9riences (formations de base, cursus d&#039;approfondissement, modules th\u00e9matiques \u00e0 la carte),<\/span><\/li>\n<li><span style=\", geneva\">des <a href=\"https:\/\/www.conferencesactivescnv.com\"><span style=\"color: #ff7f00\"><strong>conf\u00e9rences actives CNV<\/strong><\/span><\/a>, organis\u00e9es par Concertience en partenariat avec Productions S\u00e8me, permettant de sensibiliser des grands nombres et de partager des rep\u00e8res communs,<\/span><\/li>\n<li><span style=\", geneva\">des <span style=\"color: #ff7f00\"><strong>formations \u00e0 la CNV et un accompagnement de votre organisation<\/strong><\/span>, pour vous permettre de vivre dans votre organisation des temps forts qui conduisent \u00e0 de r\u00e9els changements de comportement et \u00e0 des transformations ; nos accompagnements allient divers modes d&#039;interventions,<\/span><\/li>\n<li><span style=\", geneva\">le <strong><span style=\"color: #ff7f00\">LAB&#039;Concertience<\/span> <\/strong>rassemble des acteurs inspirants et engag\u00e9s qui cherchent ensemble \u00e0 vivre des relations de coop\u00e9ration, qui se soutiennent mutuellement, qui apprennent et innovent ensemble.<\/span><\/li>\n<\/ul>\n<p><span style=\", geneva\">Nous cherchons \u00e0 vivre les processus que nous transmettons et nous sommes impliqu\u00e9s dans diff\u00e9rents r\u00e9seaux qui nous inspirent :<\/span><\/p>\n<ul>\n<li><span style=\", geneva\">nous sommes labellis\u00e9 <span style=\"color: #438059\"><strong>Lyon Ville Equitable et Durable<\/strong><\/span>,<\/span><\/li>\n<li><span style=\", geneva\">nous sommes un partenaire de la <span style=\"color: #438059\"><strong>Monnaie Locale de la Gonette<\/strong><\/span>,<\/span><\/li>\n<li><span style=\", geneva\">nous avons mis en place le syt\u00e8me de <strong><span style=\"color: #438059\">CNV suspendue<\/span><\/strong> sur le mod\u00e8le des caf\u00e9s suspendus,<\/span><\/li>\n<li><span style=\", geneva\">nos formateurs en CNV sont certifi\u00e9s par le CNVC et nos intervenants sont tous qualifi\u00e9s dans leur domaine,<\/span><\/li>\n<li><span style=\", geneva\">nous sommes r\u00e9f\u00e9renc\u00e9s <span style=\"color: #438059\"><strong>Datadock<\/strong><\/span>.<\/span><\/li>\n<\/ul>\n<p>&#160; <a class=\"asset-img-link\" href=\"https:\/\/francoise-keller.typepad.com\/.a\/6a00d834435ec653ef022ad3bb4252200b-pi\"><img data-opt-id=799769845  fetchpriority=\"high\" decoding=\"async\" alt=\"Fotolia_217864390_XS\" class=\"asset  asset-image at-xid-6a00d834435ec653ef022ad3bb4252200b img-responsive\" src=\"https:\/\/francoise-keller.typepad.com\/.a\/6a00d834435ec653ef022ad3bb4252200b-120wi\" style=\"margin-left: auto;margin-right: auto\" title=\"Fotolia_217864390_XS\" \/><\/a><span style=\"color: #407f00;, geneva;font-size: 11pt\"><em>L\u2019origine \u00e9tymologique du terme &quot;concerto&quot; contient deux courants parall\u00e8les et compl\u00e9mentaires de son histoire :<br \/>&#8211; Concertare qui englobe l\u2019id\u00e9e de rivaliser, de se quereller, de lutter notamment en paroles,<br \/>&#8211; Conserere qui a une signification de lien, de jonction, de se concerter, de converser<\/em><\/span><\/p>\n<p style=\"font-family: Trebuchet MS\"><span style=\", geneva;font-size: 11pt\">Dans notre communication, dans notre travail en \u00e9quipe, dans notre mani\u00e8re de manager, dans les organisations et groupes auxquels nous appartenons quel sens donnons-nous \u00e0 notre concerto ?<\/span><\/p>\n<p style=\"font-family: Trebuchet MS\"><span style=\", geneva;font-size: 11pt\">Sommes nous dans le lien,la concertation, la coop\u00e9ration ? Ou bien, sommes&#160; nous dans la querelle,&#160; la lutte ?<\/span><\/p>\n<p style=\"font-family: Trebuchet MS\"><span style=\"color: #407f00;, geneva;font-size: 11pt\"><em>Le concerto fait dialoguer un orchestre et un soliste. Parfois, c&#039;est un instrument de l&#039;orchestre qui va se d\u00e9tacher de l&#039;ensemble et vient dialoguer en solo avec le soliste officiel.<\/em><\/span><\/p>\n<p style=\"font-family: Trebuchet MS\"><span style=\", geneva;font-size: 11pt\">Dans nos entreprises, nos \u00e9quipes, nos familles, les groupes que nous formons, comment prenons nous chacun notre place ? Comment accordons nous nos prises de paroles personnelles, les prises de paroles que nous prenons au nom de notre fonction, notre r\u00f4le&#8230; ? Comment voyons nous le leadership, la prise de parole, le pouvoir ?<\/span><\/p>\n<p style=\"font-family: Trebuchet MS\"><span style=\", geneva;font-size: 11pt;color: #407f00\"><em>L&#039;orchestre, dans un concert, symphonie ou concerto, est pos\u00e9 comme un &quot;tout&quot;, une somme irr\u00e9ductible \u00e0 l&#039;addition de ses parties et il leur est transcendant. La situation du concerto a pour effet de faire (psychologiquement) &quot;serrer les rangs&quot; \u00e0 l&#039;orchestre, devant le soliste. L&#039;orchestre se posant en orchestre devant le soliste et vice versa, on a une situation en miroir, en imitation.<\/em><\/span><\/p>\n<p style=\"font-family: Trebuchet MS\"><span style=\", geneva;font-size: 11pt\"><span style=\"color: #000000\">Dans nos entreprises, nos quartiers, nos familles, comment le &quot;nous&quot; se forme ? Comment l&#039;\u00e9quipe et le leader se construisent mutuellement ? Comment nous posons nous face \u00e0 l&#039;autre qui est diff\u00e9rent ?<br \/><\/span><\/span><\/p>\n<p style=\"font-family: Trebuchet MS\"><span style=\", geneva;font-size: 11pt\"><span style=\"color: #000000\"><br \/><\/span><span style=\"color: #407f00\"><em>&quot;Extraits de &quot;Dictionnaire de la musique&quot;, Larousse, 1987&quot;<\/em><\/span><\/span><\/p>\n","protected":false},"excerpt":{"rendered":"<p>CONCERTIENCE = l&rsquo;art du concerto = se quereller ou cr\u00e9er du lien ?<br \/>\nNos prestations de formations, accompagnements, conf\u00e9rences visent \u00e0 \u00ab\u00a0r\u00e9v\u00e9ler la musique des personnes, des \u00e9quipes et des organisations\u00a0\u00bb.<br \/>\nChez Concertience, vous d\u00e9veloppez vos comp\u00e9tences relationnelles dans vos engagements professionnels et citoyens, en vous appuyant sur la Communication NonViolente (CNV), pour :<br \/>\nCultiver le bien-\u00eatre des personnes au travail (le votre et celui des autres),<br \/>\nFavoriser des choix conscients et responsables,<br \/>\nD\u00e9velopper des relations de qualit\u00e9 et de coop\u00e9ration,<br \/>\nContribuer \u00e0 un changement de culture dans votre environnement.\u00a0<\/p>\n","protected":false},"author":1,"featured_media":0,"comment_status":"open","ping_status":"closed","sticky":false,"template":"","format":"standard","meta":{"footnotes":""},"categories":[2],"tags":[],"class_list":["post-236","post","type-post","status-publish","format-standard","hentry","category-notre-offre-globale"],"yoast_head":"<!-- This site is optimized with the Yoast SEO plugin v27.5 - https:\/\/yoast.com\/product\/yoast-seo-wordpress\/ -->\n<title>Concertience : R\u00e9v\u00e9ler la musique des personnes, des \u00e9quipes et des organisations - Le blog de Fran\u00e7oise Keller<\/title>\n<meta name=\"robots\" content=\"index, follow, max-snippet:-1, max-image-preview:large, max-video-preview:-1\" \/>\n<link rel=\"canonical\" href=\"https:\/\/concertience.fr\/leblog\/concertience\/\" \/>\n<meta property=\"og:locale\" content=\"fr_FR\" \/>\n<meta property=\"og:type\" content=\"article\" \/>\n<meta property=\"og:title\" content=\"Concertience : R\u00e9v\u00e9ler la musique des personnes, des \u00e9quipes et des organisations - Le blog de Fran\u00e7oise Keller\" \/>\n<meta property=\"og:description\" content=\"CONCERTIENCE = l&#039;art du concerto = se quereller ou cr\u00e9er du lien ? Nos prestations de formations, accompagnements, conf\u00e9rences visent \u00e0 &quot;r\u00e9v\u00e9ler la musique des personnes, des \u00e9quipes et des organisations&quot;. Chez Concertience, vous d\u00e9veloppez vos comp\u00e9tences relationnelles dans vos engagements professionnels et citoyens, en vous appuyant sur la Communication NonViolente (CNV), pour : Cultiver le bien-\u00eatre des personnes au travail (le votre et celui des autres), Favoriser des choix conscients et responsables, D\u00e9velopper des relations de qualit\u00e9 et de coop\u00e9ration, Contribuer \u00e0 un changement de culture dans votre environnement.\u00a0\" \/>\n<meta property=\"og:url\" content=\"https:\/\/concertience.fr\/leblog\/concertience\/\" \/>\n<meta property=\"og:site_name\" content=\"Le blog de Fran\u00e7oise Keller\" \/>\n<meta property=\"article:published_time\" content=\"2006-09-25T15:48:42+00:00\" \/>\n<meta property=\"og:image\" content=\"https:\/\/francoise-keller.typepad.com\/.a\/6a00d834435ec653ef0240a4bef305200d-320wi\" \/>\n<meta name=\"author\" content=\"Pierrick\" \/>\n<meta name=\"twitter:card\" content=\"summary_large_image\" \/>\n<meta name=\"twitter:label1\" content=\"\u00c9crit par\" \/>\n\t<meta name=\"twitter:data1\" content=\"Pierrick\" \/>\n\t<meta name=\"twitter:label2\" content=\"Dur\u00e9e de lecture estim\u00e9e\" \/>\n\t<meta name=\"twitter:data2\" content=\"3 minutes\" \/>\n<script type=\"application\/ld+json\" class=\"yoast-schema-graph\">{\"@context\":\"https:\\\/\\\/schema.org\",\"@graph\":[{\"@type\":\"Article\",\"@id\":\"https:\\\/\\\/concertience.fr\\\/leblog\\\/concertience\\\/#article\",\"isPartOf\":{\"@id\":\"https:\\\/\\\/concertience.fr\\\/leblog\\\/concertience\\\/\"},\"author\":{\"name\":\"Pierrick\",\"@id\":\"https:\\\/\\\/concertience.fr\\\/leblog\\\/#\\\/schema\\\/person\\\/a01b04493c0cb1de0b2030c8b8d5676f\"},\"headline\":\"Concertience : R\u00e9v\u00e9ler la musique des personnes, des \u00e9quipes et des organisations\",\"datePublished\":\"2006-09-25T15:48:42+00:00\",\"mainEntityOfPage\":{\"@id\":\"https:\\\/\\\/concertience.fr\\\/leblog\\\/concertience\\\/\"},\"wordCount\":613,\"commentCount\":0,\"image\":{\"@id\":\"https:\\\/\\\/concertience.fr\\\/leblog\\\/concertience\\\/#primaryimage\"},\"thumbnailUrl\":\"https:\\\/\\\/francoise-keller.typepad.com\\\/.a\\\/6a00d834435ec653ef0240a4bef305200d-320wi\",\"articleSection\":[\"Notre offre globale\"],\"inLanguage\":\"fr-FR\",\"potentialAction\":[{\"@type\":\"CommentAction\",\"name\":\"Comment\",\"target\":[\"https:\\\/\\\/concertience.fr\\\/leblog\\\/concertience\\\/#respond\"]}]},{\"@type\":\"WebPage\",\"@id\":\"https:\\\/\\\/concertience.fr\\\/leblog\\\/concertience\\\/\",\"url\":\"https:\\\/\\\/concertience.fr\\\/leblog\\\/concertience\\\/\",\"name\":\"Concertience : R\u00e9v\u00e9ler la musique des personnes, des \u00e9quipes et des organisations - Le blog de Fran\u00e7oise Keller\",\"isPartOf\":{\"@id\":\"https:\\\/\\\/concertience.fr\\\/leblog\\\/#website\"},\"primaryImageOfPage\":{\"@id\":\"https:\\\/\\\/concertience.fr\\\/leblog\\\/concertience\\\/#primaryimage\"},\"image\":{\"@id\":\"https:\\\/\\\/concertience.fr\\\/leblog\\\/concertience\\\/#primaryimage\"},\"thumbnailUrl\":\"https:\\\/\\\/francoise-keller.typepad.com\\\/.a\\\/6a00d834435ec653ef0240a4bef305200d-320wi\",\"datePublished\":\"2006-09-25T15:48:42+00:00\",\"author\":{\"@id\":\"https:\\\/\\\/concertience.fr\\\/leblog\\\/#\\\/schema\\\/person\\\/a01b04493c0cb1de0b2030c8b8d5676f\"},\"breadcrumb\":{\"@id\":\"https:\\\/\\\/concertience.fr\\\/leblog\\\/concertience\\\/#breadcrumb\"},\"inLanguage\":\"fr-FR\",\"potentialAction\":[{\"@type\":\"ReadAction\",\"target\":[\"https:\\\/\\\/concertience.fr\\\/leblog\\\/concertience\\\/\"]}]},{\"@type\":\"ImageObject\",\"inLanguage\":\"fr-FR\",\"@id\":\"https:\\\/\\\/concertience.fr\\\/leblog\\\/concertience\\\/#primaryimage\",\"url\":\"https:\\\/\\\/francoise-keller.typepad.com\\\/.a\\\/6a00d834435ec653ef0240a4bef305200d-320wi\",\"contentUrl\":\"https:\\\/\\\/francoise-keller.typepad.com\\\/.a\\\/6a00d834435ec653ef0240a4bef305200d-320wi\"},{\"@type\":\"BreadcrumbList\",\"@id\":\"https:\\\/\\\/concertience.fr\\\/leblog\\\/concertience\\\/#breadcrumb\",\"itemListElement\":[{\"@type\":\"ListItem\",\"position\":1,\"name\":\"Accueil\",\"item\":\"https:\\\/\\\/concertience.fr\\\/leblog\\\/\"},{\"@type\":\"ListItem\",\"position\":2,\"name\":\"Notre offre globale\",\"item\":\"https:\\\/\\\/concertience.fr\\\/leblog\\\/notre-offre-globale\\\/\"},{\"@type\":\"ListItem\",\"position\":3,\"name\":\"Concertience : R\u00e9v\u00e9ler la musique des personnes, des \u00e9quipes et des organisations\"}]},{\"@type\":\"WebSite\",\"@id\":\"https:\\\/\\\/concertience.fr\\\/leblog\\\/#website\",\"url\":\"https:\\\/\\\/concertience.fr\\\/leblog\\\/\",\"name\":\"Le blog de Fran\u00e7oise Keller\",\"description\":\"Le blog de Fran\u00e7oise Keller, Concertience\",\"potentialAction\":[{\"@type\":\"SearchAction\",\"target\":{\"@type\":\"EntryPoint\",\"urlTemplate\":\"https:\\\/\\\/concertience.fr\\\/leblog\\\/?s={search_term_string}\"},\"query-input\":{\"@type\":\"PropertyValueSpecification\",\"valueRequired\":true,\"valueName\":\"search_term_string\"}}],\"inLanguage\":\"fr-FR\"},{\"@type\":\"Person\",\"@id\":\"https:\\\/\\\/concertience.fr\\\/leblog\\\/#\\\/schema\\\/person\\\/a01b04493c0cb1de0b2030c8b8d5676f\",\"name\":\"Pierrick\"}]}<\/script>\n<!-- \/ Yoast SEO plugin. -->","yoast_head_json":{"title":"Concertience : R\u00e9v\u00e9ler la musique des personnes, des \u00e9quipes et des organisations - Le blog de Fran\u00e7oise Keller","robots":{"index":"index","follow":"follow","max-snippet":"max-snippet:-1","max-image-preview":"max-image-preview:large","max-video-preview":"max-video-preview:-1"},"canonical":"https:\/\/concertience.fr\/leblog\/concertience\/","og_locale":"fr_FR","og_type":"article","og_title":"Concertience : R\u00e9v\u00e9ler la musique des personnes, des \u00e9quipes et des organisations - Le blog de Fran\u00e7oise Keller","og_description":"CONCERTIENCE = l'art du concerto = se quereller ou cr\u00e9er du lien ? Nos prestations de formations, accompagnements, conf\u00e9rences visent \u00e0 \"r\u00e9v\u00e9ler la musique des personnes, des \u00e9quipes et des organisations\". Chez Concertience, vous d\u00e9veloppez vos comp\u00e9tences relationnelles dans vos engagements professionnels et citoyens, en vous appuyant sur la Communication NonViolente (CNV), pour : Cultiver le bien-\u00eatre des personnes au travail (le votre et celui des autres), Favoriser des choix conscients et responsables, D\u00e9velopper des relations de qualit\u00e9 et de coop\u00e9ration, Contribuer \u00e0 un changement de culture dans votre environnement.\u00a0","og_url":"https:\/\/concertience.fr\/leblog\/concertience\/","og_site_name":"Le blog de Fran\u00e7oise Keller","article_published_time":"2006-09-25T15:48:42+00:00","og_image":[{"url":"https:\/\/francoise-keller.typepad.com\/.a\/6a00d834435ec653ef0240a4bef305200d-320wi","type":"","width":"","height":""}],"author":"Pierrick","twitter_card":"summary_large_image","twitter_misc":{"\u00c9crit par":"Pierrick","Dur\u00e9e de lecture estim\u00e9e":"3 minutes"},"schema":{"@context":"https:\/\/schema.org","@graph":[{"@type":"Article","@id":"https:\/\/concertience.fr\/leblog\/concertience\/#article","isPartOf":{"@id":"https:\/\/concertience.fr\/leblog\/concertience\/"},"author":{"name":"Pierrick","@id":"https:\/\/concertience.fr\/leblog\/#\/schema\/person\/a01b04493c0cb1de0b2030c8b8d5676f"},"headline":"Concertience : R\u00e9v\u00e9ler la musique des personnes, des \u00e9quipes et des organisations","datePublished":"2006-09-25T15:48:42+00:00","mainEntityOfPage":{"@id":"https:\/\/concertience.fr\/leblog\/concertience\/"},"wordCount":613,"commentCount":0,"image":{"@id":"https:\/\/concertience.fr\/leblog\/concertience\/#primaryimage"},"thumbnailUrl":"https:\/\/francoise-keller.typepad.com\/.a\/6a00d834435ec653ef0240a4bef305200d-320wi","articleSection":["Notre offre globale"],"inLanguage":"fr-FR","potentialAction":[{"@type":"CommentAction","name":"Comment","target":["https:\/\/concertience.fr\/leblog\/concertience\/#respond"]}]},{"@type":"WebPage","@id":"https:\/\/concertience.fr\/leblog\/concertience\/","url":"https:\/\/concertience.fr\/leblog\/concertience\/","name":"Concertience : R\u00e9v\u00e9ler la musique des personnes, des \u00e9quipes et des organisations - Le blog de Fran\u00e7oise Keller","isPartOf":{"@id":"https:\/\/concertience.fr\/leblog\/#website"},"primaryImageOfPage":{"@id":"https:\/\/concertience.fr\/leblog\/concertience\/#primaryimage"},"image":{"@id":"https:\/\/concertience.fr\/leblog\/concertience\/#primaryimage"},"thumbnailUrl":"https:\/\/francoise-keller.typepad.com\/.a\/6a00d834435ec653ef0240a4bef305200d-320wi","datePublished":"2006-09-25T15:48:42+00:00","author":{"@id":"https:\/\/concertience.fr\/leblog\/#\/schema\/person\/a01b04493c0cb1de0b2030c8b8d5676f"},"breadcrumb":{"@id":"https:\/\/concertience.fr\/leblog\/concertience\/#breadcrumb"},"inLanguage":"fr-FR","potentialAction":[{"@type":"ReadAction","target":["https:\/\/concertience.fr\/leblog\/concertience\/"]}]},{"@type":"ImageObject","inLanguage":"fr-FR","@id":"https:\/\/concertience.fr\/leblog\/concertience\/#primaryimage","url":"https:\/\/francoise-keller.typepad.com\/.a\/6a00d834435ec653ef0240a4bef305200d-320wi","contentUrl":"https:\/\/francoise-keller.typepad.com\/.a\/6a00d834435ec653ef0240a4bef305200d-320wi"},{"@type":"BreadcrumbList","@id":"https:\/\/concertience.fr\/leblog\/concertience\/#breadcrumb","itemListElement":[{"@type":"ListItem","position":1,"name":"Accueil","item":"https:\/\/concertience.fr\/leblog\/"},{"@type":"ListItem","position":2,"name":"Notre offre globale","item":"https:\/\/concertience.fr\/leblog\/notre-offre-globale\/"},{"@type":"ListItem","position":3,"name":"Concertience : R\u00e9v\u00e9ler la musique des personnes, des \u00e9quipes et des organisations"}]},{"@type":"WebSite","@id":"https:\/\/concertience.fr\/leblog\/#website","url":"https:\/\/concertience.fr\/leblog\/","name":"Le blog de Fran\u00e7oise Keller","description":"Le blog de Fran\u00e7oise Keller, Concertience","potentialAction":[{"@type":"SearchAction","target":{"@type":"EntryPoint","urlTemplate":"https:\/\/concertience.fr\/leblog\/?s={search_term_string}"},"query-input":{"@type":"PropertyValueSpecification","valueRequired":true,"valueName":"search_term_string"}}],"inLanguage":"fr-FR"},{"@type":"Person","@id":"https:\/\/concertience.fr\/leblog\/#\/schema\/person\/a01b04493c0cb1de0b2030c8b8d5676f","name":"Pierrick"}]}},"_links":{"self":[{"href":"https:\/\/concertience.fr\/leblog\/wp-json\/wp\/v2\/posts\/236","targetHints":{"allow":["GET"]}}],"collection":[{"href":"https:\/\/concertience.fr\/leblog\/wp-json\/wp\/v2\/posts"}],"about":[{"href":"https:\/\/concertience.fr\/leblog\/wp-json\/wp\/v2\/types\/post"}],"author":[{"embeddable":true,"href":"https:\/\/concertience.fr\/leblog\/wp-json\/wp\/v2\/users\/1"}],"replies":[{"embeddable":true,"href":"https:\/\/concertience.fr\/leblog\/wp-json\/wp\/v2\/comments?post=236"}],"version-history":[{"count":0,"href":"https:\/\/concertience.fr\/leblog\/wp-json\/wp\/v2\/posts\/236\/revisions"}],"wp:attachment":[{"href":"https:\/\/concertience.fr\/leblog\/wp-json\/wp\/v2\/media?parent=236"}],"wp:term":[{"taxonomy":"category","embeddable":true,"href":"https:\/\/concertience.fr\/leblog\/wp-json\/wp\/v2\/categories?post=236"},{"taxonomy":"post_tag","embeddable":true,"href":"https:\/\/concertience.fr\/leblog\/wp-json\/wp\/v2\/tags?post=236"}],"curies":[{"name":"wp","href":"https:\/\/api.w.org\/{rel}","templated":true}]}}