{"id":235,"date":"2006-09-30T15:45:44","date_gmt":"2006-09-30T13:45:44","guid":{"rendered":"https:\/\/concertience.fr\/leblog\/2006\/09\/30\/coaching_mode_e\/"},"modified":"2006-09-30T15:45:44","modified_gmt":"2006-09-30T13:45:44","slug":"coaching_mode_e","status":"publish","type":"post","link":"https:\/\/concertience.fr\/leblog\/coaching_mode_e\/","title":{"rendered":"COACHING Mode Emploi"},"content":{"rendered":"<p>Coaching&#8230; Un mot \u00e0 la mode&#8230; Des livres sur le coaching pleins les rayons de librairie&#8230;.<\/p>\n<p>Mais, pour le manager, le dirigeant, la PME, faire appel \u00e0 un coach n&rsquo;est pas chose ais\u00e9e.<\/p>\n<p>Sur le site &quot;envie d&rsquo;entreprendre&quot;, je propose donc 3 chroniques pour ceux qui veulent r\u00e9ussir leur vie professionnelle et leur entreprise et qui aimeraient savoir ce que le coaching peut leur apporter&#8230;<\/p>\n<p>&#8211; &quot;Comment choisir un coach ?&quot; &#8211;&nbsp; <a href=\"http:\/\/www.enviedentreprendre.com\/2006\/09\/mais_comment_do.html\">&quot;Choisir mon coach&quot;<\/a>&nbsp; <\/p>\n<p>&#8211; &quot;Se faire coacher, je me lance !&quot; &#8211; chronique disponible le 2 octobre sur le site <a href=\"http:\/\/www.enviedentreprendre.com\/2005\/05\/franoise_keller.html\">&quot;Je me lance !&quot;<\/a> <\/p>\n<p>&#8211; &quot;Je me fais coacher &#8211; Etre acteur de son coaching&quot; &#8211; chronique disponible \u00e0 partir du 6 novembre sur le site <a href=\"http:\/\/www.enviedentreprendre.com\/2005\/05\/franoise_keller.html\">&quot;Acteur de mon coaching&quot;<\/a> <\/p>\n","protected":false},"excerpt":{"rendered":"<p>Coaching&#8230; Un mot \u00e0 la mode&#8230; Des livres sur le coaching pleins les rayons de librairie&#8230;. Mais, pour le manager, le dirigeant, la PME, faire appel \u00e0 un coach n&rsquo;est pas chose ais\u00e9e. Sur le site &quot;envie d&rsquo;entreprendre&quot;, je propose donc 3 chroniques pour ceux qui veulent r\u00e9ussir leur vie professionnelle et leur entreprise et<a class=\"excerpt-read-more\" href=\"https:\/\/concertience.fr\/leblog\/coaching_mode_e\/\" title=\"ReadCOACHING Mode Emploi\">&#8230; Lire plus &raquo;<\/a><\/p>\n","protected":false},"author":1,"featured_media":0,"comment_status":"open","ping_status":"open","sticky":false,"template":"","format":"standard","meta":{"footnotes":""},"categories":[62],"tags":[],"class_list":["post-235","post","type-post","status-publish","format-standard","hentry","category-notre-offre-en-coaching"],"yoast_head":"<!-- This site is optimized with the Yoast SEO plugin v27.5 - https:\/\/yoast.com\/product\/yoast-seo-wordpress\/ -->\n<title>COACHING Mode Emploi - Le blog de Fran\u00e7oise Keller<\/title>\n<meta name=\"robots\" content=\"index, follow, max-snippet:-1, max-image-preview:large, max-video-preview:-1\" \/>\n<link rel=\"canonical\" href=\"https:\/\/concertience.fr\/leblog\/coaching_mode_e\/\" \/>\n<meta property=\"og:locale\" content=\"fr_FR\" \/>\n<meta property=\"og:type\" content=\"article\" \/>\n<meta property=\"og:title\" content=\"COACHING Mode Emploi - Le blog de Fran\u00e7oise Keller\" \/>\n<meta property=\"og:description\" content=\"Coaching&#8230; Un mot \u00e0 la mode&#8230; Des livres sur le coaching pleins les rayons de librairie&#8230;. Mais, pour le manager, le dirigeant, la PME, faire appel \u00e0 un coach n&rsquo;est pas chose ais\u00e9e. Sur le site &quot;envie d&rsquo;entreprendre&quot;, je propose donc 3 chroniques pour ceux qui veulent r\u00e9ussir leur vie professionnelle et leur entreprise et... Lire plus &raquo;\" \/>\n<meta property=\"og:url\" content=\"https:\/\/concertience.fr\/leblog\/coaching_mode_e\/\" \/>\n<meta property=\"og:site_name\" content=\"Le blog de Fran\u00e7oise Keller\" \/>\n<meta property=\"article:published_time\" content=\"2006-09-30T13:45:44+00:00\" \/>\n<meta name=\"author\" content=\"Pierrick\" \/>\n<meta name=\"twitter:card\" content=\"summary_large_image\" \/>\n<meta name=\"twitter:label1\" content=\"\u00c9crit par\" \/>\n\t<meta name=\"twitter:data1\" content=\"Pierrick\" \/>\n\t<meta name=\"twitter:label2\" content=\"Dur\u00e9e de lecture estim\u00e9e\" \/>\n\t<meta name=\"twitter:data2\" content=\"1 minute\" \/>\n<script type=\"application\/ld+json\" class=\"yoast-schema-graph\">{\"@context\":\"https:\\\/\\\/schema.org\",\"@graph\":[{\"@type\":\"Article\",\"@id\":\"https:\\\/\\\/concertience.fr\\\/leblog\\\/coaching_mode_e\\\/#article\",\"isPartOf\":{\"@id\":\"https:\\\/\\\/concertience.fr\\\/leblog\\\/coaching_mode_e\\\/\"},\"author\":{\"name\":\"Pierrick\",\"@id\":\"https:\\\/\\\/concertience.fr\\\/leblog\\\/#\\\/schema\\\/person\\\/a01b04493c0cb1de0b2030c8b8d5676f\"},\"headline\":\"COACHING Mode Emploi\",\"datePublished\":\"2006-09-30T13:45:44+00:00\",\"mainEntityOfPage\":{\"@id\":\"https:\\\/\\\/concertience.fr\\\/leblog\\\/coaching_mode_e\\\/\"},\"wordCount\":136,\"commentCount\":0,\"articleSection\":[\"Notre offre en coaching\"],\"inLanguage\":\"fr-FR\",\"potentialAction\":[{\"@type\":\"CommentAction\",\"name\":\"Comment\",\"target\":[\"https:\\\/\\\/concertience.fr\\\/leblog\\\/coaching_mode_e\\\/#respond\"]}]},{\"@type\":\"WebPage\",\"@id\":\"https:\\\/\\\/concertience.fr\\\/leblog\\\/coaching_mode_e\\\/\",\"url\":\"https:\\\/\\\/concertience.fr\\\/leblog\\\/coaching_mode_e\\\/\",\"name\":\"COACHING Mode Emploi - Le blog de Fran\u00e7oise Keller\",\"isPartOf\":{\"@id\":\"https:\\\/\\\/concertience.fr\\\/leblog\\\/#website\"},\"datePublished\":\"2006-09-30T13:45:44+00:00\",\"author\":{\"@id\":\"https:\\\/\\\/concertience.fr\\\/leblog\\\/#\\\/schema\\\/person\\\/a01b04493c0cb1de0b2030c8b8d5676f\"},\"breadcrumb\":{\"@id\":\"https:\\\/\\\/concertience.fr\\\/leblog\\\/coaching_mode_e\\\/#breadcrumb\"},\"inLanguage\":\"fr-FR\",\"potentialAction\":[{\"@type\":\"ReadAction\",\"target\":[\"https:\\\/\\\/concertience.fr\\\/leblog\\\/coaching_mode_e\\\/\"]}]},{\"@type\":\"BreadcrumbList\",\"@id\":\"https:\\\/\\\/concertience.fr\\\/leblog\\\/coaching_mode_e\\\/#breadcrumb\",\"itemListElement\":[{\"@type\":\"ListItem\",\"position\":1,\"name\":\"Accueil\",\"item\":\"https:\\\/\\\/concertience.fr\\\/leblog\\\/\"},{\"@type\":\"ListItem\",\"position\":2,\"name\":\"Notre offre en coaching\",\"item\":\"https:\\\/\\\/concertience.fr\\\/leblog\\\/notre-offre-en-coaching\\\/\"},{\"@type\":\"ListItem\",\"position\":3,\"name\":\"COACHING Mode Emploi\"}]},{\"@type\":\"WebSite\",\"@id\":\"https:\\\/\\\/concertience.fr\\\/leblog\\\/#website\",\"url\":\"https:\\\/\\\/concertience.fr\\\/leblog\\\/\",\"name\":\"Le blog de Fran\u00e7oise Keller\",\"description\":\"Le blog de Fran\u00e7oise Keller, Concertience\",\"potentialAction\":[{\"@type\":\"SearchAction\",\"target\":{\"@type\":\"EntryPoint\",\"urlTemplate\":\"https:\\\/\\\/concertience.fr\\\/leblog\\\/?s={search_term_string}\"},\"query-input\":{\"@type\":\"PropertyValueSpecification\",\"valueRequired\":true,\"valueName\":\"search_term_string\"}}],\"inLanguage\":\"fr-FR\"},{\"@type\":\"Person\",\"@id\":\"https:\\\/\\\/concertience.fr\\\/leblog\\\/#\\\/schema\\\/person\\\/a01b04493c0cb1de0b2030c8b8d5676f\",\"name\":\"Pierrick\"}]}<\/script>\n<!-- \/ Yoast SEO plugin. -->","yoast_head_json":{"title":"COACHING Mode Emploi - Le blog de Fran\u00e7oise Keller","robots":{"index":"index","follow":"follow","max-snippet":"max-snippet:-1","max-image-preview":"max-image-preview:large","max-video-preview":"max-video-preview:-1"},"canonical":"https:\/\/concertience.fr\/leblog\/coaching_mode_e\/","og_locale":"fr_FR","og_type":"article","og_title":"COACHING Mode Emploi - Le blog de Fran\u00e7oise Keller","og_description":"Coaching&#8230; Un mot \u00e0 la mode&#8230; Des livres sur le coaching pleins les rayons de librairie&#8230;. Mais, pour le manager, le dirigeant, la PME, faire appel \u00e0 un coach n&rsquo;est pas chose ais\u00e9e. Sur le site &quot;envie d&rsquo;entreprendre&quot;, je propose donc 3 chroniques pour ceux qui veulent r\u00e9ussir leur vie professionnelle et leur entreprise et... Lire plus &raquo;","og_url":"https:\/\/concertience.fr\/leblog\/coaching_mode_e\/","og_site_name":"Le blog de Fran\u00e7oise Keller","article_published_time":"2006-09-30T13:45:44+00:00","author":"Pierrick","twitter_card":"summary_large_image","twitter_misc":{"\u00c9crit par":"Pierrick","Dur\u00e9e de lecture estim\u00e9e":"1 minute"},"schema":{"@context":"https:\/\/schema.org","@graph":[{"@type":"Article","@id":"https:\/\/concertience.fr\/leblog\/coaching_mode_e\/#article","isPartOf":{"@id":"https:\/\/concertience.fr\/leblog\/coaching_mode_e\/"},"author":{"name":"Pierrick","@id":"https:\/\/concertience.fr\/leblog\/#\/schema\/person\/a01b04493c0cb1de0b2030c8b8d5676f"},"headline":"COACHING Mode Emploi","datePublished":"2006-09-30T13:45:44+00:00","mainEntityOfPage":{"@id":"https:\/\/concertience.fr\/leblog\/coaching_mode_e\/"},"wordCount":136,"commentCount":0,"articleSection":["Notre offre en coaching"],"inLanguage":"fr-FR","potentialAction":[{"@type":"CommentAction","name":"Comment","target":["https:\/\/concertience.fr\/leblog\/coaching_mode_e\/#respond"]}]},{"@type":"WebPage","@id":"https:\/\/concertience.fr\/leblog\/coaching_mode_e\/","url":"https:\/\/concertience.fr\/leblog\/coaching_mode_e\/","name":"COACHING Mode Emploi - Le blog de Fran\u00e7oise Keller","isPartOf":{"@id":"https:\/\/concertience.fr\/leblog\/#website"},"datePublished":"2006-09-30T13:45:44+00:00","author":{"@id":"https:\/\/concertience.fr\/leblog\/#\/schema\/person\/a01b04493c0cb1de0b2030c8b8d5676f"},"breadcrumb":{"@id":"https:\/\/concertience.fr\/leblog\/coaching_mode_e\/#breadcrumb"},"inLanguage":"fr-FR","potentialAction":[{"@type":"ReadAction","target":["https:\/\/concertience.fr\/leblog\/coaching_mode_e\/"]}]},{"@type":"BreadcrumbList","@id":"https:\/\/concertience.fr\/leblog\/coaching_mode_e\/#breadcrumb","itemListElement":[{"@type":"ListItem","position":1,"name":"Accueil","item":"https:\/\/concertience.fr\/leblog\/"},{"@type":"ListItem","position":2,"name":"Notre offre en coaching","item":"https:\/\/concertience.fr\/leblog\/notre-offre-en-coaching\/"},{"@type":"ListItem","position":3,"name":"COACHING Mode Emploi"}]},{"@type":"WebSite","@id":"https:\/\/concertience.fr\/leblog\/#website","url":"https:\/\/concertience.fr\/leblog\/","name":"Le blog de Fran\u00e7oise Keller","description":"Le blog de Fran\u00e7oise Keller, Concertience","potentialAction":[{"@type":"SearchAction","target":{"@type":"EntryPoint","urlTemplate":"https:\/\/concertience.fr\/leblog\/?s={search_term_string}"},"query-input":{"@type":"PropertyValueSpecification","valueRequired":true,"valueName":"search_term_string"}}],"inLanguage":"fr-FR"},{"@type":"Person","@id":"https:\/\/concertience.fr\/leblog\/#\/schema\/person\/a01b04493c0cb1de0b2030c8b8d5676f","name":"Pierrick"}]}},"_links":{"self":[{"href":"https:\/\/concertience.fr\/leblog\/wp-json\/wp\/v2\/posts\/235","targetHints":{"allow":["GET"]}}],"collection":[{"href":"https:\/\/concertience.fr\/leblog\/wp-json\/wp\/v2\/posts"}],"about":[{"href":"https:\/\/concertience.fr\/leblog\/wp-json\/wp\/v2\/types\/post"}],"author":[{"embeddable":true,"href":"https:\/\/concertience.fr\/leblog\/wp-json\/wp\/v2\/users\/1"}],"replies":[{"embeddable":true,"href":"https:\/\/concertience.fr\/leblog\/wp-json\/wp\/v2\/comments?post=235"}],"version-history":[{"count":0,"href":"https:\/\/concertience.fr\/leblog\/wp-json\/wp\/v2\/posts\/235\/revisions"}],"wp:attachment":[{"href":"https:\/\/concertience.fr\/leblog\/wp-json\/wp\/v2\/media?parent=235"}],"wp:term":[{"taxonomy":"category","embeddable":true,"href":"https:\/\/concertience.fr\/leblog\/wp-json\/wp\/v2\/categories?post=235"},{"taxonomy":"post_tag","embeddable":true,"href":"https:\/\/concertience.fr\/leblog\/wp-json\/wp\/v2\/tags?post=235"}],"curies":[{"name":"wp","href":"https:\/\/api.w.org\/{rel}","templated":true}]}}