{"id":223,"date":"2008-02-01T20:40:16","date_gmt":"2008-02-01T19:40:16","guid":{"rendered":"https:\/\/concertience.fr\/leblog\/2008\/02\/01\/optimiser-votre\/"},"modified":"2008-02-01T20:40:16","modified_gmt":"2008-02-01T19:40:16","slug":"optimiser-votre","status":"publish","type":"post","link":"https:\/\/concertience.fr\/leblog\/optimiser-votre\/","title":{"rendered":"Optimiser votre communication en environnement professionnel"},"content":{"rendered":"<p><span style=\"color: #ff3300\"><strong>Optimiser votre communication en environnement professionnel<\/strong><\/span><\/p>\n<p class=\"MsoNormal\"><span style=\"color: #ff3300\"><em><span style=\"font-size: 10pt\">Gagner en efficacit\u00e9,<br \/>&#160; &#160; vivre avec moins de stress,<br \/>&#160; &#160;&#160; &#160;&#160; travailler avec plus de<br \/>\nplaisir,<br \/>&#160; &#160;&#160; &#160;&#160; &#160;&#160; &#160;d\u00e9velopper des<br \/>\nrelations gagnant-gagnant<br \/>&#160; &#160;&#160; &#160;&#160; &#160;&#160; &#160;&#160; &#160; oser la<br \/>\nconfiance et la coop\u00e9ration en \u00e9quipe&#8230;<\/span><span style=\"font-size: 10pt\"><br \/>&#160; &#160;&#160; &#160;&#160; &#160;&#160; &#160;&#160; &#160;&#160; &#160;&#160; &#160;&#160; &#160;&#160; &#160;&#160; &#160;&#160; &#160;&#160; &#160;&#160; &#160;&#160; &#160;&#160; &#160;&#160; &#160;&#160; &#160;&#160; &#160;&#160; &#160;&#160; &#160;&#160; &#160;&#160; &#160;&#160; &#160;&#160; &#160;&#160; &#160;&#160; &#160;&#160; &#160;&#160; &#160;&#160; &#160;&#160; &#160;&#160; &#160;&#160; &#160;&#160; &#160;&#160; &#160;&#160; &#160;&#160; &#160;&#160; &#160; <strong>c\u2019est possible !<\/strong><\/span><strong>&#160;<\/strong><\/em><\/span><\/p>\n<p class=\"MsoNormal\"><span style=\"color: #000000\">Un cursus de base d&#039;introduction \u00e0 la Communication NonViolente pour toute personne d\u00e9sireuse de d\u00e9velopper des relations humaines de qualit\u00e9 dans son milieu professionnel : dirigeant, manager, charg\u00e9 de client\u00e8le, chef de projet, responsable de communication, directeur ressources humaines, animateurs de r\u00e9seau&#8230;<\/span><\/p>\n<p class=\"MsoNormal\"><a href=\"http:\/\/francoise-keller.typepad.com\/weblog\/files\/base_pro_concertience_2008.pdf\"><\/a><a href=\"http:\/\/francoise-keller.typepad.com\/files\/programme-d%C3%A9taill%C3%A9-optimiser-communication-cnv.pdf\"><span class=\"at-xid-6a00d834435ec653ef010536a16bb4970b\">T\u00e9l\u00e9chargement Programme d\u00e9taill\u00e9 Optimiser Communication CNV<\/span><\/a> <\/p>\n<p class=\"MsoNormal\"><a href=\"http:\/\/francoise-keller.typepad.com\/2010\/Programme%20CNV%20FK%202010%20%203%20volets.pdf\">T\u00e9l\u00e9charger programme CNV 2010<\/a><\/p>\n<p class=\"MsoNormal\"><a href=\"http:\/\/francoise-keller.typepad.com\/files\/programme-cnv-fk-2009-3-volets-4.pdf\"><span style=\"color: #000000\"><br \/><\/span><\/a>\n<\/p>\n<p class=\"MsoNormal\">\n<p class=\"MsoBodyText\" style=\"margin-top: 6pt;text-align: justify\">\n<p class=\"MsoNormal\">\n<p class=\"MsoNormal\">\n","protected":false},"excerpt":{"rendered":"<p>Optimiser votre communication en environnement professionnel Gagner en efficacit\u00e9,&#160; &#160; vivre avec moins de stress,&#160; &#160;&#160; &#160;&#160; travailler avec plus de plaisir,&#160; &#160;&#160; &#160;&#160; &#160;&#160; &#160;d\u00e9velopper des relations gagnant-gagnant&#160; &#160;&#160; &#160;&#160; &#160;&#160; &#160;&#160; &#160; oser la confiance et la coop\u00e9ration en \u00e9quipe&#8230;&#160; &#160;&#160; &#160;&#160; &#160;&#160; &#160;&#160; &#160;&#160; &#160;&#160; &#160;&#160; &#160;&#160; &#160;&#160; &#160;&#160; &#160;&#160; &#160;&#160; &#160;&#160;<a class=\"excerpt-read-more\" href=\"https:\/\/concertience.fr\/leblog\/optimiser-votre\/\" title=\"ReadOptimiser votre communication en environnement professionnel\">&#8230; Lire plus &raquo;<\/a><\/p>\n","protected":false},"author":1,"featured_media":0,"comment_status":"open","ping_status":"open","sticky":false,"template":"","format":"standard","meta":{"footnotes":""},"categories":[4],"tags":[],"class_list":["post-223","post","type-post","status-publish","format-standard","hentry","category-notre-offre-de-formation"],"yoast_head":"<!-- This site is optimized with the Yoast SEO plugin v27.5 - https:\/\/yoast.com\/product\/yoast-seo-wordpress\/ -->\n<title>Optimiser votre communication en environnement professionnel - Le blog de Fran\u00e7oise Keller<\/title>\n<meta name=\"robots\" content=\"index, follow, max-snippet:-1, max-image-preview:large, max-video-preview:-1\" \/>\n<link rel=\"canonical\" href=\"https:\/\/concertience.fr\/leblog\/optimiser-votre\/\" \/>\n<meta property=\"og:locale\" content=\"fr_FR\" \/>\n<meta property=\"og:type\" content=\"article\" \/>\n<meta property=\"og:title\" content=\"Optimiser votre communication en environnement professionnel - Le blog de Fran\u00e7oise Keller\" \/>\n<meta property=\"og:description\" content=\"Optimiser votre communication en environnement professionnel Gagner en efficacit\u00e9,&#160; &#160; vivre avec moins de stress,&#160; &#160;&#160; &#160;&#160; travailler avec plus de plaisir,&#160; &#160;&#160; &#160;&#160; &#160;&#160; &#160;d\u00e9velopper des relations gagnant-gagnant&#160; &#160;&#160; &#160;&#160; &#160;&#160; &#160;&#160; &#160; oser la confiance et la coop\u00e9ration en \u00e9quipe&#8230;&#160; &#160;&#160; &#160;&#160; &#160;&#160; &#160;&#160; &#160;&#160; &#160;&#160; &#160;&#160; &#160;&#160; &#160;&#160; &#160;&#160; &#160;&#160; &#160;&#160; &#160;&#160;... Lire plus &raquo;\" \/>\n<meta property=\"og:url\" content=\"https:\/\/concertience.fr\/leblog\/optimiser-votre\/\" \/>\n<meta property=\"og:site_name\" content=\"Le blog de Fran\u00e7oise Keller\" \/>\n<meta property=\"article:published_time\" content=\"2008-02-01T19:40:16+00:00\" \/>\n<meta name=\"author\" content=\"Pierrick\" \/>\n<meta name=\"twitter:card\" content=\"summary_large_image\" \/>\n<meta name=\"twitter:label1\" content=\"\u00c9crit par\" \/>\n\t<meta name=\"twitter:data1\" content=\"Pierrick\" \/>\n<script type=\"application\/ld+json\" class=\"yoast-schema-graph\">{\"@context\":\"https:\\\/\\\/schema.org\",\"@graph\":[{\"@type\":\"Article\",\"@id\":\"https:\\\/\\\/concertience.fr\\\/leblog\\\/optimiser-votre\\\/#article\",\"isPartOf\":{\"@id\":\"https:\\\/\\\/concertience.fr\\\/leblog\\\/optimiser-votre\\\/\"},\"author\":{\"name\":\"Pierrick\",\"@id\":\"https:\\\/\\\/concertience.fr\\\/leblog\\\/#\\\/schema\\\/person\\\/a01b04493c0cb1de0b2030c8b8d5676f\"},\"headline\":\"Optimiser votre communication en environnement professionnel\",\"datePublished\":\"2008-02-01T19:40:16+00:00\",\"mainEntityOfPage\":{\"@id\":\"https:\\\/\\\/concertience.fr\\\/leblog\\\/optimiser-votre\\\/\"},\"wordCount\":101,\"commentCount\":0,\"articleSection\":[\"Notre offre de formation\"],\"inLanguage\":\"fr-FR\",\"potentialAction\":[{\"@type\":\"CommentAction\",\"name\":\"Comment\",\"target\":[\"https:\\\/\\\/concertience.fr\\\/leblog\\\/optimiser-votre\\\/#respond\"]}]},{\"@type\":\"WebPage\",\"@id\":\"https:\\\/\\\/concertience.fr\\\/leblog\\\/optimiser-votre\\\/\",\"url\":\"https:\\\/\\\/concertience.fr\\\/leblog\\\/optimiser-votre\\\/\",\"name\":\"Optimiser votre communication en environnement professionnel - Le blog de Fran\u00e7oise Keller\",\"isPartOf\":{\"@id\":\"https:\\\/\\\/concertience.fr\\\/leblog\\\/#website\"},\"datePublished\":\"2008-02-01T19:40:16+00:00\",\"author\":{\"@id\":\"https:\\\/\\\/concertience.fr\\\/leblog\\\/#\\\/schema\\\/person\\\/a01b04493c0cb1de0b2030c8b8d5676f\"},\"breadcrumb\":{\"@id\":\"https:\\\/\\\/concertience.fr\\\/leblog\\\/optimiser-votre\\\/#breadcrumb\"},\"inLanguage\":\"fr-FR\",\"potentialAction\":[{\"@type\":\"ReadAction\",\"target\":[\"https:\\\/\\\/concertience.fr\\\/leblog\\\/optimiser-votre\\\/\"]}]},{\"@type\":\"BreadcrumbList\",\"@id\":\"https:\\\/\\\/concertience.fr\\\/leblog\\\/optimiser-votre\\\/#breadcrumb\",\"itemListElement\":[{\"@type\":\"ListItem\",\"position\":1,\"name\":\"Accueil\",\"item\":\"https:\\\/\\\/concertience.fr\\\/leblog\\\/\"},{\"@type\":\"ListItem\",\"position\":2,\"name\":\"Notre offre de formation\",\"item\":\"https:\\\/\\\/concertience.fr\\\/leblog\\\/notre-offre-de-formation\\\/\"},{\"@type\":\"ListItem\",\"position\":3,\"name\":\"Optimiser votre communication en environnement professionnel\"}]},{\"@type\":\"WebSite\",\"@id\":\"https:\\\/\\\/concertience.fr\\\/leblog\\\/#website\",\"url\":\"https:\\\/\\\/concertience.fr\\\/leblog\\\/\",\"name\":\"Le blog de Fran\u00e7oise Keller\",\"description\":\"Le blog de Fran\u00e7oise Keller, Concertience\",\"potentialAction\":[{\"@type\":\"SearchAction\",\"target\":{\"@type\":\"EntryPoint\",\"urlTemplate\":\"https:\\\/\\\/concertience.fr\\\/leblog\\\/?s={search_term_string}\"},\"query-input\":{\"@type\":\"PropertyValueSpecification\",\"valueRequired\":true,\"valueName\":\"search_term_string\"}}],\"inLanguage\":\"fr-FR\"},{\"@type\":\"Person\",\"@id\":\"https:\\\/\\\/concertience.fr\\\/leblog\\\/#\\\/schema\\\/person\\\/a01b04493c0cb1de0b2030c8b8d5676f\",\"name\":\"Pierrick\"}]}<\/script>\n<!-- \/ Yoast SEO plugin. -->","yoast_head_json":{"title":"Optimiser votre communication en environnement professionnel - Le blog de Fran\u00e7oise Keller","robots":{"index":"index","follow":"follow","max-snippet":"max-snippet:-1","max-image-preview":"max-image-preview:large","max-video-preview":"max-video-preview:-1"},"canonical":"https:\/\/concertience.fr\/leblog\/optimiser-votre\/","og_locale":"fr_FR","og_type":"article","og_title":"Optimiser votre communication en environnement professionnel - Le blog de Fran\u00e7oise Keller","og_description":"Optimiser votre communication en environnement professionnel Gagner en efficacit\u00e9,&#160; &#160; vivre avec moins de stress,&#160; &#160;&#160; &#160;&#160; travailler avec plus de plaisir,&#160; &#160;&#160; &#160;&#160; &#160;&#160; &#160;d\u00e9velopper des relations gagnant-gagnant&#160; &#160;&#160; &#160;&#160; &#160;&#160; &#160;&#160; &#160; oser la confiance et la coop\u00e9ration en \u00e9quipe&#8230;&#160; &#160;&#160; &#160;&#160; &#160;&#160; &#160;&#160; &#160;&#160; &#160;&#160; &#160;&#160; &#160;&#160; &#160;&#160; &#160;&#160; &#160;&#160; &#160;&#160; &#160;&#160;... Lire plus &raquo;","og_url":"https:\/\/concertience.fr\/leblog\/optimiser-votre\/","og_site_name":"Le blog de Fran\u00e7oise Keller","article_published_time":"2008-02-01T19:40:16+00:00","author":"Pierrick","twitter_card":"summary_large_image","twitter_misc":{"\u00c9crit par":"Pierrick"},"schema":{"@context":"https:\/\/schema.org","@graph":[{"@type":"Article","@id":"https:\/\/concertience.fr\/leblog\/optimiser-votre\/#article","isPartOf":{"@id":"https:\/\/concertience.fr\/leblog\/optimiser-votre\/"},"author":{"name":"Pierrick","@id":"https:\/\/concertience.fr\/leblog\/#\/schema\/person\/a01b04493c0cb1de0b2030c8b8d5676f"},"headline":"Optimiser votre communication en environnement professionnel","datePublished":"2008-02-01T19:40:16+00:00","mainEntityOfPage":{"@id":"https:\/\/concertience.fr\/leblog\/optimiser-votre\/"},"wordCount":101,"commentCount":0,"articleSection":["Notre offre de formation"],"inLanguage":"fr-FR","potentialAction":[{"@type":"CommentAction","name":"Comment","target":["https:\/\/concertience.fr\/leblog\/optimiser-votre\/#respond"]}]},{"@type":"WebPage","@id":"https:\/\/concertience.fr\/leblog\/optimiser-votre\/","url":"https:\/\/concertience.fr\/leblog\/optimiser-votre\/","name":"Optimiser votre communication en environnement professionnel - Le blog de Fran\u00e7oise Keller","isPartOf":{"@id":"https:\/\/concertience.fr\/leblog\/#website"},"datePublished":"2008-02-01T19:40:16+00:00","author":{"@id":"https:\/\/concertience.fr\/leblog\/#\/schema\/person\/a01b04493c0cb1de0b2030c8b8d5676f"},"breadcrumb":{"@id":"https:\/\/concertience.fr\/leblog\/optimiser-votre\/#breadcrumb"},"inLanguage":"fr-FR","potentialAction":[{"@type":"ReadAction","target":["https:\/\/concertience.fr\/leblog\/optimiser-votre\/"]}]},{"@type":"BreadcrumbList","@id":"https:\/\/concertience.fr\/leblog\/optimiser-votre\/#breadcrumb","itemListElement":[{"@type":"ListItem","position":1,"name":"Accueil","item":"https:\/\/concertience.fr\/leblog\/"},{"@type":"ListItem","position":2,"name":"Notre offre de formation","item":"https:\/\/concertience.fr\/leblog\/notre-offre-de-formation\/"},{"@type":"ListItem","position":3,"name":"Optimiser votre communication en environnement professionnel"}]},{"@type":"WebSite","@id":"https:\/\/concertience.fr\/leblog\/#website","url":"https:\/\/concertience.fr\/leblog\/","name":"Le blog de Fran\u00e7oise Keller","description":"Le blog de Fran\u00e7oise Keller, Concertience","potentialAction":[{"@type":"SearchAction","target":{"@type":"EntryPoint","urlTemplate":"https:\/\/concertience.fr\/leblog\/?s={search_term_string}"},"query-input":{"@type":"PropertyValueSpecification","valueRequired":true,"valueName":"search_term_string"}}],"inLanguage":"fr-FR"},{"@type":"Person","@id":"https:\/\/concertience.fr\/leblog\/#\/schema\/person\/a01b04493c0cb1de0b2030c8b8d5676f","name":"Pierrick"}]}},"_links":{"self":[{"href":"https:\/\/concertience.fr\/leblog\/wp-json\/wp\/v2\/posts\/223","targetHints":{"allow":["GET"]}}],"collection":[{"href":"https:\/\/concertience.fr\/leblog\/wp-json\/wp\/v2\/posts"}],"about":[{"href":"https:\/\/concertience.fr\/leblog\/wp-json\/wp\/v2\/types\/post"}],"author":[{"embeddable":true,"href":"https:\/\/concertience.fr\/leblog\/wp-json\/wp\/v2\/users\/1"}],"replies":[{"embeddable":true,"href":"https:\/\/concertience.fr\/leblog\/wp-json\/wp\/v2\/comments?post=223"}],"version-history":[{"count":0,"href":"https:\/\/concertience.fr\/leblog\/wp-json\/wp\/v2\/posts\/223\/revisions"}],"wp:attachment":[{"href":"https:\/\/concertience.fr\/leblog\/wp-json\/wp\/v2\/media?parent=223"}],"wp:term":[{"taxonomy":"category","embeddable":true,"href":"https:\/\/concertience.fr\/leblog\/wp-json\/wp\/v2\/categories?post=223"},{"taxonomy":"post_tag","embeddable":true,"href":"https:\/\/concertience.fr\/leblog\/wp-json\/wp\/v2\/tags?post=223"}],"curies":[{"name":"wp","href":"https:\/\/api.w.org\/{rel}","templated":true}]}}