{"id":212,"date":"2009-03-10T20:22:21","date_gmt":"2009-03-10T19:22:21","guid":{"rendered":"https:\/\/concertience.fr\/leblog\/2009\/03\/10\/accueillir-et-transformer-la-colere-avec-la-cnv-et-le-qigong\/"},"modified":"2020-03-31T13:23:17","modified_gmt":"2020-03-31T11:23:17","slug":"accueillir-et-transformer-la-colere-avec-la-cnv-et-le-qigong","status":"publish","type":"post","link":"https:\/\/concertience.fr\/leblog\/accueillir-et-transformer-la-colere-avec-la-cnv-et-le-qigong\/","title":{"rendered":"Accueillir et transformer la col\u00e8re avec la CNV et le QiGong"},"content":{"rendered":"\n<div class=\"wp-block-image\"><figure class=\"aligncenter size-large\"><img data-opt-id=977201463  fetchpriority=\"high\" decoding=\"async\" width=\"125\" height=\"118\" src=\"https:\/\/mlkqhmyobbaq.i.optimole.com\/w:auto\/h:auto\/q:mauto\/ig:avif\/https:\/\/concertience.fr\/leblog\/wp-content\/uploads\/sites\/2\/2020\/03\/Colère.jpg\" alt=\"\" class=\"wp-image-835\"\/><\/figure><\/div>\n\n\n<p><span style=\"color: #ff3300;\"><strong>Accueillir et transformer la col\u00e8re avec la Communication NonViolente et le Qi Gong<\/strong><\/span><\/p>\n<p>La col\u00e8re est\u00a0une \u00e9motion particuli\u00e8re \u00e0 la fois embarrassante et pr\u00e9cieuse :<br \/>embarrassante car elle mobilise notre \u00e9nergie et ne nous aide pas directement \u00e0\u00a0communiquer ; pr\u00e9cieuse car elle nous indique qu\u2019il se passe quelque chose\u00a0d\u2019essentiel pour nous\u2026 Mais quoi ?<\/p>\n<p>L\u2019objectif de\u00a0ce stage est d\u2019exp\u00e9rimenter et d\u2019int\u00e9grer l\u2019utilisation sp\u00e9cifique que nous\u00a0faisons de la col\u00e8re, avec la <strong><span style=\"color: #ff3300;\">Communication NonViolente <\/span><\/strong>et le <span style=\"color: #ff3300;\"><strong>Qi Gong<\/strong><\/span>.<\/p>\n<p>Un stage de 2 jours, les <strong><span style=\"color: #ff3300;\">25 et 26 avril 2009<\/span><\/strong>, \u00e0 Lyon<\/p>\n<p>Je me r\u00e9jouis d&rsquo;animer ce stage avec <strong>Coralie Rossillon<\/strong>. J&rsquo;appr\u00e9cie notre complicit\u00e9 et la compl\u00e9mentarit\u00e9 de nos approches.<\/p>\n<p>Pr\u00e9-requis : 6 jours d&rsquo;introduction \u00e0 la Communication NonViolente<\/p>","protected":false},"excerpt":{"rendered":"<p>Accueillir et transformer la col\u00e8re avec la Communication NonViolente et le Qi Gong La col\u00e8re est\u00a0une \u00e9motion particuli\u00e8re \u00e0 la fois embarrassante et pr\u00e9cieuse :embarrassante car elle mobilise notre \u00e9nergie et ne nous aide pas directement \u00e0\u00a0communiquer ; pr\u00e9cieuse car elle nous indique qu\u2019il se passe quelque chose\u00a0d\u2019essentiel pour nous\u2026 Mais quoi ? L\u2019objectif de\u00a0ce<a class=\"excerpt-read-more\" href=\"https:\/\/concertience.fr\/leblog\/accueillir-et-transformer-la-colere-avec-la-cnv-et-le-qigong\/\" title=\"ReadAccueillir et transformer la col\u00e8re avec la CNV et le QiGong\">&#8230; Lire plus &raquo;<\/a><\/p>\n","protected":false},"author":1,"featured_media":0,"comment_status":"open","ping_status":"open","sticky":false,"template":"","format":"standard","meta":{"footnotes":""},"categories":[4],"tags":[],"class_list":["post-212","post","type-post","status-publish","format-standard","hentry","category-notre-offre-de-formation"],"yoast_head":"<!-- This site is optimized with the Yoast SEO plugin v27.5 - https:\/\/yoast.com\/product\/yoast-seo-wordpress\/ -->\n<title>Accueillir et transformer la col\u00e8re avec la CNV et le QiGong - Le blog de Fran\u00e7oise Keller<\/title>\n<meta name=\"robots\" content=\"index, follow, max-snippet:-1, max-image-preview:large, max-video-preview:-1\" \/>\n<link rel=\"canonical\" href=\"https:\/\/concertience.fr\/leblog\/accueillir-et-transformer-la-colere-avec-la-cnv-et-le-qigong\/\" \/>\n<meta property=\"og:locale\" content=\"fr_FR\" \/>\n<meta property=\"og:type\" content=\"article\" \/>\n<meta property=\"og:title\" content=\"Accueillir et transformer la col\u00e8re avec la CNV et le QiGong - Le blog de Fran\u00e7oise Keller\" \/>\n<meta property=\"og:description\" content=\"Accueillir et transformer la col\u00e8re avec la Communication NonViolente et le Qi Gong La col\u00e8re est\u00a0une \u00e9motion particuli\u00e8re \u00e0 la fois embarrassante et pr\u00e9cieuse :embarrassante car elle mobilise notre \u00e9nergie et ne nous aide pas directement \u00e0\u00a0communiquer ; pr\u00e9cieuse car elle nous indique qu\u2019il se passe quelque chose\u00a0d\u2019essentiel pour nous\u2026 Mais quoi ? L\u2019objectif de\u00a0ce... Lire plus &raquo;\" \/>\n<meta property=\"og:url\" content=\"https:\/\/concertience.fr\/leblog\/accueillir-et-transformer-la-colere-avec-la-cnv-et-le-qigong\/\" \/>\n<meta property=\"og:site_name\" content=\"Le blog de Fran\u00e7oise Keller\" \/>\n<meta property=\"article:published_time\" content=\"2009-03-10T19:22:21+00:00\" \/>\n<meta property=\"article:modified_time\" content=\"2020-03-31T11:23:17+00:00\" \/>\n<meta property=\"og:image\" content=\"https:\/\/mlkqhmyobbaq.i.optimole.com\/w:auto\/h:auto\/q:mauto\/ig:avif\/https:\/\/concertience.fr\/leblog\/wp-content\/uploads\/sites\/2\/2020\/03\/Colère.jpg\" \/>\n<meta name=\"author\" content=\"Pierrick\" \/>\n<meta name=\"twitter:card\" content=\"summary_large_image\" \/>\n<meta name=\"twitter:label1\" content=\"\u00c9crit par\" \/>\n\t<meta name=\"twitter:data1\" content=\"Pierrick\" \/>\n\t<meta name=\"twitter:label2\" content=\"Dur\u00e9e de lecture estim\u00e9e\" \/>\n\t<meta name=\"twitter:data2\" content=\"1 minute\" \/>\n<script type=\"application\/ld+json\" class=\"yoast-schema-graph\">{\"@context\":\"https:\\\/\\\/schema.org\",\"@graph\":[{\"@type\":\"Article\",\"@id\":\"https:\\\/\\\/concertience.fr\\\/leblog\\\/accueillir-et-transformer-la-colere-avec-la-cnv-et-le-qigong\\\/#article\",\"isPartOf\":{\"@id\":\"https:\\\/\\\/concertience.fr\\\/leblog\\\/accueillir-et-transformer-la-colere-avec-la-cnv-et-le-qigong\\\/\"},\"author\":{\"name\":\"Pierrick\",\"@id\":\"https:\\\/\\\/concertience.fr\\\/leblog\\\/#\\\/schema\\\/person\\\/a01b04493c0cb1de0b2030c8b8d5676f\"},\"headline\":\"Accueillir et transformer la col\u00e8re avec la CNV et le QiGong\",\"datePublished\":\"2009-03-10T19:22:21+00:00\",\"dateModified\":\"2020-03-31T11:23:17+00:00\",\"mainEntityOfPage\":{\"@id\":\"https:\\\/\\\/concertience.fr\\\/leblog\\\/accueillir-et-transformer-la-colere-avec-la-cnv-et-le-qigong\\\/\"},\"wordCount\":142,\"commentCount\":1,\"articleSection\":[\"Notre offre de formation\"],\"inLanguage\":\"fr-FR\",\"potentialAction\":[{\"@type\":\"CommentAction\",\"name\":\"Comment\",\"target\":[\"https:\\\/\\\/concertience.fr\\\/leblog\\\/accueillir-et-transformer-la-colere-avec-la-cnv-et-le-qigong\\\/#respond\"]}]},{\"@type\":\"WebPage\",\"@id\":\"https:\\\/\\\/concertience.fr\\\/leblog\\\/accueillir-et-transformer-la-colere-avec-la-cnv-et-le-qigong\\\/\",\"url\":\"https:\\\/\\\/concertience.fr\\\/leblog\\\/accueillir-et-transformer-la-colere-avec-la-cnv-et-le-qigong\\\/\",\"name\":\"Accueillir et transformer la col\u00e8re avec la CNV et le QiGong - Le blog de Fran\u00e7oise Keller\",\"isPartOf\":{\"@id\":\"https:\\\/\\\/concertience.fr\\\/leblog\\\/#website\"},\"datePublished\":\"2009-03-10T19:22:21+00:00\",\"dateModified\":\"2020-03-31T11:23:17+00:00\",\"author\":{\"@id\":\"https:\\\/\\\/concertience.fr\\\/leblog\\\/#\\\/schema\\\/person\\\/a01b04493c0cb1de0b2030c8b8d5676f\"},\"breadcrumb\":{\"@id\":\"https:\\\/\\\/concertience.fr\\\/leblog\\\/accueillir-et-transformer-la-colere-avec-la-cnv-et-le-qigong\\\/#breadcrumb\"},\"inLanguage\":\"fr-FR\",\"potentialAction\":[{\"@type\":\"ReadAction\",\"target\":[\"https:\\\/\\\/concertience.fr\\\/leblog\\\/accueillir-et-transformer-la-colere-avec-la-cnv-et-le-qigong\\\/\"]}]},{\"@type\":\"BreadcrumbList\",\"@id\":\"https:\\\/\\\/concertience.fr\\\/leblog\\\/accueillir-et-transformer-la-colere-avec-la-cnv-et-le-qigong\\\/#breadcrumb\",\"itemListElement\":[{\"@type\":\"ListItem\",\"position\":1,\"name\":\"Accueil\",\"item\":\"https:\\\/\\\/concertience.fr\\\/leblog\\\/\"},{\"@type\":\"ListItem\",\"position\":2,\"name\":\"Notre offre de formation\",\"item\":\"https:\\\/\\\/concertience.fr\\\/leblog\\\/notre-offre-de-formation\\\/\"},{\"@type\":\"ListItem\",\"position\":3,\"name\":\"Accueillir et transformer la col\u00e8re avec la CNV et le QiGong\"}]},{\"@type\":\"WebSite\",\"@id\":\"https:\\\/\\\/concertience.fr\\\/leblog\\\/#website\",\"url\":\"https:\\\/\\\/concertience.fr\\\/leblog\\\/\",\"name\":\"Le blog de Fran\u00e7oise Keller\",\"description\":\"Le blog de Fran\u00e7oise Keller, Concertience\",\"potentialAction\":[{\"@type\":\"SearchAction\",\"target\":{\"@type\":\"EntryPoint\",\"urlTemplate\":\"https:\\\/\\\/concertience.fr\\\/leblog\\\/?s={search_term_string}\"},\"query-input\":{\"@type\":\"PropertyValueSpecification\",\"valueRequired\":true,\"valueName\":\"search_term_string\"}}],\"inLanguage\":\"fr-FR\"},{\"@type\":\"Person\",\"@id\":\"https:\\\/\\\/concertience.fr\\\/leblog\\\/#\\\/schema\\\/person\\\/a01b04493c0cb1de0b2030c8b8d5676f\",\"name\":\"Pierrick\"}]}<\/script>\n<!-- \/ Yoast SEO plugin. -->","yoast_head_json":{"title":"Accueillir et transformer la col\u00e8re avec la CNV et le QiGong - Le blog de Fran\u00e7oise Keller","robots":{"index":"index","follow":"follow","max-snippet":"max-snippet:-1","max-image-preview":"max-image-preview:large","max-video-preview":"max-video-preview:-1"},"canonical":"https:\/\/concertience.fr\/leblog\/accueillir-et-transformer-la-colere-avec-la-cnv-et-le-qigong\/","og_locale":"fr_FR","og_type":"article","og_title":"Accueillir et transformer la col\u00e8re avec la CNV et le QiGong - Le blog de Fran\u00e7oise Keller","og_description":"Accueillir et transformer la col\u00e8re avec la Communication NonViolente et le Qi Gong La col\u00e8re est\u00a0une \u00e9motion particuli\u00e8re \u00e0 la fois embarrassante et pr\u00e9cieuse :embarrassante car elle mobilise notre \u00e9nergie et ne nous aide pas directement \u00e0\u00a0communiquer ; pr\u00e9cieuse car elle nous indique qu\u2019il se passe quelque chose\u00a0d\u2019essentiel pour nous\u2026 Mais quoi ? L\u2019objectif de\u00a0ce... Lire plus &raquo;","og_url":"https:\/\/concertience.fr\/leblog\/accueillir-et-transformer-la-colere-avec-la-cnv-et-le-qigong\/","og_site_name":"Le blog de Fran\u00e7oise Keller","article_published_time":"2009-03-10T19:22:21+00:00","article_modified_time":"2020-03-31T11:23:17+00:00","og_image":[{"url":"https:\/\/mlkqhmyobbaq.i.optimole.com\/w:auto\/h:auto\/q:mauto\/ig:avif\/https:\/\/concertience.fr\/leblog\/wp-content\/uploads\/sites\/2\/2020\/03\/Colère.jpg","type":"","width":"","height":""}],"author":"Pierrick","twitter_card":"summary_large_image","twitter_misc":{"\u00c9crit par":"Pierrick","Dur\u00e9e de lecture estim\u00e9e":"1 minute"},"schema":{"@context":"https:\/\/schema.org","@graph":[{"@type":"Article","@id":"https:\/\/concertience.fr\/leblog\/accueillir-et-transformer-la-colere-avec-la-cnv-et-le-qigong\/#article","isPartOf":{"@id":"https:\/\/concertience.fr\/leblog\/accueillir-et-transformer-la-colere-avec-la-cnv-et-le-qigong\/"},"author":{"name":"Pierrick","@id":"https:\/\/concertience.fr\/leblog\/#\/schema\/person\/a01b04493c0cb1de0b2030c8b8d5676f"},"headline":"Accueillir et transformer la col\u00e8re avec la CNV et le QiGong","datePublished":"2009-03-10T19:22:21+00:00","dateModified":"2020-03-31T11:23:17+00:00","mainEntityOfPage":{"@id":"https:\/\/concertience.fr\/leblog\/accueillir-et-transformer-la-colere-avec-la-cnv-et-le-qigong\/"},"wordCount":142,"commentCount":1,"articleSection":["Notre offre de formation"],"inLanguage":"fr-FR","potentialAction":[{"@type":"CommentAction","name":"Comment","target":["https:\/\/concertience.fr\/leblog\/accueillir-et-transformer-la-colere-avec-la-cnv-et-le-qigong\/#respond"]}]},{"@type":"WebPage","@id":"https:\/\/concertience.fr\/leblog\/accueillir-et-transformer-la-colere-avec-la-cnv-et-le-qigong\/","url":"https:\/\/concertience.fr\/leblog\/accueillir-et-transformer-la-colere-avec-la-cnv-et-le-qigong\/","name":"Accueillir et transformer la col\u00e8re avec la CNV et le QiGong - Le blog de Fran\u00e7oise Keller","isPartOf":{"@id":"https:\/\/concertience.fr\/leblog\/#website"},"datePublished":"2009-03-10T19:22:21+00:00","dateModified":"2020-03-31T11:23:17+00:00","author":{"@id":"https:\/\/concertience.fr\/leblog\/#\/schema\/person\/a01b04493c0cb1de0b2030c8b8d5676f"},"breadcrumb":{"@id":"https:\/\/concertience.fr\/leblog\/accueillir-et-transformer-la-colere-avec-la-cnv-et-le-qigong\/#breadcrumb"},"inLanguage":"fr-FR","potentialAction":[{"@type":"ReadAction","target":["https:\/\/concertience.fr\/leblog\/accueillir-et-transformer-la-colere-avec-la-cnv-et-le-qigong\/"]}]},{"@type":"BreadcrumbList","@id":"https:\/\/concertience.fr\/leblog\/accueillir-et-transformer-la-colere-avec-la-cnv-et-le-qigong\/#breadcrumb","itemListElement":[{"@type":"ListItem","position":1,"name":"Accueil","item":"https:\/\/concertience.fr\/leblog\/"},{"@type":"ListItem","position":2,"name":"Notre offre de formation","item":"https:\/\/concertience.fr\/leblog\/notre-offre-de-formation\/"},{"@type":"ListItem","position":3,"name":"Accueillir et transformer la col\u00e8re avec la CNV et le QiGong"}]},{"@type":"WebSite","@id":"https:\/\/concertience.fr\/leblog\/#website","url":"https:\/\/concertience.fr\/leblog\/","name":"Le blog de Fran\u00e7oise Keller","description":"Le blog de Fran\u00e7oise Keller, Concertience","potentialAction":[{"@type":"SearchAction","target":{"@type":"EntryPoint","urlTemplate":"https:\/\/concertience.fr\/leblog\/?s={search_term_string}"},"query-input":{"@type":"PropertyValueSpecification","valueRequired":true,"valueName":"search_term_string"}}],"inLanguage":"fr-FR"},{"@type":"Person","@id":"https:\/\/concertience.fr\/leblog\/#\/schema\/person\/a01b04493c0cb1de0b2030c8b8d5676f","name":"Pierrick"}]}},"_links":{"self":[{"href":"https:\/\/concertience.fr\/leblog\/wp-json\/wp\/v2\/posts\/212","targetHints":{"allow":["GET"]}}],"collection":[{"href":"https:\/\/concertience.fr\/leblog\/wp-json\/wp\/v2\/posts"}],"about":[{"href":"https:\/\/concertience.fr\/leblog\/wp-json\/wp\/v2\/types\/post"}],"author":[{"embeddable":true,"href":"https:\/\/concertience.fr\/leblog\/wp-json\/wp\/v2\/users\/1"}],"replies":[{"embeddable":true,"href":"https:\/\/concertience.fr\/leblog\/wp-json\/wp\/v2\/comments?post=212"}],"version-history":[{"count":1,"href":"https:\/\/concertience.fr\/leblog\/wp-json\/wp\/v2\/posts\/212\/revisions"}],"predecessor-version":[{"id":836,"href":"https:\/\/concertience.fr\/leblog\/wp-json\/wp\/v2\/posts\/212\/revisions\/836"}],"wp:attachment":[{"href":"https:\/\/concertience.fr\/leblog\/wp-json\/wp\/v2\/media?parent=212"}],"wp:term":[{"taxonomy":"category","embeddable":true,"href":"https:\/\/concertience.fr\/leblog\/wp-json\/wp\/v2\/categories?post=212"},{"taxonomy":"post_tag","embeddable":true,"href":"https:\/\/concertience.fr\/leblog\/wp-json\/wp\/v2\/tags?post=212"}],"curies":[{"name":"wp","href":"https:\/\/api.w.org\/{rel}","templated":true}]}}