{"id":197,"date":"2009-09-17T07:34:29","date_gmt":"2009-09-17T05:34:29","guid":{"rendered":"https:\/\/concertience.fr\/leblog\/2009\/09\/17\/cnv-chretiens-1\/"},"modified":"2020-03-30T22:39:19","modified_gmt":"2020-03-30T20:39:19","slug":"cnv-chretiens-1","status":"publish","type":"post","link":"https:\/\/concertience.fr\/leblog\/cnv-chretiens-1\/","title":{"rendered":"CNV et spiritualit\u00e9 chr\u00e9tienne"},"content":{"rendered":"<p>Je suis contente de contribuer \u00e0 proposer une premi\u00e8re journ\u00e9e d&#039;exp\u00e9rimentation et de partage sur un th\u00e8me qui m&#039;est cher : <span style=\"color: #ff0000\">&quot;<\/span><span style=\"color: #ff0000\">CNV et spiritualit\u00e9 chr\u00e9tienne<\/span><span style=\"color: #ff0000\">&quot;<\/span>.<\/p>\n<p>Cette journ\u00e9e s&#039;adresse \u00e0 des personnes qui sont form\u00e9es \u00e0 la CNV, qui se reconnaissent dans la foi, la spiritualit\u00e9 ou la culture chr\u00e9tienne, et qui ont envie de visiter les liens entre la CNV et la spiritualit\u00e9 chr\u00e9tienne.<\/p>\n<p>Informations et inscriptions sur le blog d&#039;Etienne S\u00e9guier, journaliste \u00e0 La Vie :&#160;<span style=\"text-decoration: underline\"><a href=\"http:\/\/cultivetestalents.over-blog.com\" target=\"_blank\" rel=\"noopener noreferrer\">&quot;Cultive des talents&quot;<\/a> <\/span> <\/p><\/p>\n","protected":false},"excerpt":{"rendered":"<p>Je suis contente de contribuer \u00e0 proposer une premi\u00e8re journ\u00e9e d&#039;exp\u00e9rimentation et de partage sur un th\u00e8me qui m&#039;est cher : &quot;CNV et spiritualit\u00e9 chr\u00e9tienne&quot;. Cette journ\u00e9e s&#039;adresse \u00e0 des personnes qui sont form\u00e9es \u00e0 la CNV, qui se reconnaissent dans la foi, la spiritualit\u00e9 ou la culture chr\u00e9tienne, et qui ont envie de visiter<a class=\"excerpt-read-more\" href=\"https:\/\/concertience.fr\/leblog\/cnv-chretiens-1\/\" title=\"ReadCNV et spiritualit\u00e9 chr\u00e9tienne\">&#8230; Lire plus &raquo;<\/a><\/p>\n","protected":false},"author":1,"featured_media":0,"comment_status":"open","ping_status":"open","sticky":false,"template":"","format":"standard","meta":{"footnotes":""},"categories":[5],"tags":[7,10,63],"class_list":["post-197","post","type-post","status-publish","format-standard","hentry","category-regards-croises","tag-cnv","tag-communication-nonviolente","tag-spiritualite-non-violence"],"yoast_head":"<!-- This site is optimized with the Yoast SEO plugin v27.5 - https:\/\/yoast.com\/product\/yoast-seo-wordpress\/ -->\n<title>CNV et spiritualit\u00e9 chr\u00e9tienne - Le blog de Fran\u00e7oise Keller<\/title>\n<meta name=\"robots\" content=\"index, follow, max-snippet:-1, max-image-preview:large, max-video-preview:-1\" \/>\n<link rel=\"canonical\" href=\"https:\/\/concertience.fr\/leblog\/cnv-chretiens-1\/\" \/>\n<meta property=\"og:locale\" content=\"fr_FR\" \/>\n<meta property=\"og:type\" content=\"article\" \/>\n<meta property=\"og:title\" content=\"CNV et spiritualit\u00e9 chr\u00e9tienne - Le blog de Fran\u00e7oise Keller\" \/>\n<meta property=\"og:description\" content=\"Je suis contente de contribuer \u00e0 proposer une premi\u00e8re journ\u00e9e d&#039;exp\u00e9rimentation et de partage sur un th\u00e8me qui m&#039;est cher : &quot;CNV et spiritualit\u00e9 chr\u00e9tienne&quot;. Cette journ\u00e9e s&#039;adresse \u00e0 des personnes qui sont form\u00e9es \u00e0 la CNV, qui se reconnaissent dans la foi, la spiritualit\u00e9 ou la culture chr\u00e9tienne, et qui ont envie de visiter... Lire plus &raquo;\" \/>\n<meta property=\"og:url\" content=\"https:\/\/concertience.fr\/leblog\/cnv-chretiens-1\/\" \/>\n<meta property=\"og:site_name\" content=\"Le blog de Fran\u00e7oise Keller\" \/>\n<meta property=\"article:published_time\" content=\"2009-09-17T05:34:29+00:00\" \/>\n<meta property=\"article:modified_time\" content=\"2020-03-30T20:39:19+00:00\" \/>\n<meta name=\"author\" content=\"Pierrick\" \/>\n<meta name=\"twitter:card\" content=\"summary_large_image\" \/>\n<meta name=\"twitter:label1\" content=\"\u00c9crit par\" \/>\n\t<meta name=\"twitter:data1\" content=\"Pierrick\" \/>\n<script type=\"application\/ld+json\" class=\"yoast-schema-graph\">{\"@context\":\"https:\\\/\\\/schema.org\",\"@graph\":[{\"@type\":\"Article\",\"@id\":\"https:\\\/\\\/concertience.fr\\\/leblog\\\/cnv-chretiens-1\\\/#article\",\"isPartOf\":{\"@id\":\"https:\\\/\\\/concertience.fr\\\/leblog\\\/cnv-chretiens-1\\\/\"},\"author\":{\"name\":\"Pierrick\",\"@id\":\"https:\\\/\\\/concertience.fr\\\/leblog\\\/#\\\/schema\\\/person\\\/a01b04493c0cb1de0b2030c8b8d5676f\"},\"headline\":\"CNV et spiritualit\u00e9 chr\u00e9tienne\",\"datePublished\":\"2009-09-17T05:34:29+00:00\",\"dateModified\":\"2020-03-30T20:39:19+00:00\",\"mainEntityOfPage\":{\"@id\":\"https:\\\/\\\/concertience.fr\\\/leblog\\\/cnv-chretiens-1\\\/\"},\"wordCount\":97,\"commentCount\":0,\"keywords\":[\"CNV\",\"Communication NonViolente\",\"Spiritualit\u00e9 non violence\"],\"articleSection\":[\"Regards crois\u00e9s\"],\"inLanguage\":\"fr-FR\",\"potentialAction\":[{\"@type\":\"CommentAction\",\"name\":\"Comment\",\"target\":[\"https:\\\/\\\/concertience.fr\\\/leblog\\\/cnv-chretiens-1\\\/#respond\"]}]},{\"@type\":\"WebPage\",\"@id\":\"https:\\\/\\\/concertience.fr\\\/leblog\\\/cnv-chretiens-1\\\/\",\"url\":\"https:\\\/\\\/concertience.fr\\\/leblog\\\/cnv-chretiens-1\\\/\",\"name\":\"CNV et spiritualit\u00e9 chr\u00e9tienne - Le blog de Fran\u00e7oise Keller\",\"isPartOf\":{\"@id\":\"https:\\\/\\\/concertience.fr\\\/leblog\\\/#website\"},\"datePublished\":\"2009-09-17T05:34:29+00:00\",\"dateModified\":\"2020-03-30T20:39:19+00:00\",\"author\":{\"@id\":\"https:\\\/\\\/concertience.fr\\\/leblog\\\/#\\\/schema\\\/person\\\/a01b04493c0cb1de0b2030c8b8d5676f\"},\"breadcrumb\":{\"@id\":\"https:\\\/\\\/concertience.fr\\\/leblog\\\/cnv-chretiens-1\\\/#breadcrumb\"},\"inLanguage\":\"fr-FR\",\"potentialAction\":[{\"@type\":\"ReadAction\",\"target\":[\"https:\\\/\\\/concertience.fr\\\/leblog\\\/cnv-chretiens-1\\\/\"]}]},{\"@type\":\"BreadcrumbList\",\"@id\":\"https:\\\/\\\/concertience.fr\\\/leblog\\\/cnv-chretiens-1\\\/#breadcrumb\",\"itemListElement\":[{\"@type\":\"ListItem\",\"position\":1,\"name\":\"Accueil\",\"item\":\"https:\\\/\\\/concertience.fr\\\/leblog\\\/\"},{\"@type\":\"ListItem\",\"position\":2,\"name\":\"Regards crois\u00e9s\",\"item\":\"https:\\\/\\\/concertience.fr\\\/leblog\\\/regards-croises\\\/\"},{\"@type\":\"ListItem\",\"position\":3,\"name\":\"CNV et spiritualit\u00e9 chr\u00e9tienne\"}]},{\"@type\":\"WebSite\",\"@id\":\"https:\\\/\\\/concertience.fr\\\/leblog\\\/#website\",\"url\":\"https:\\\/\\\/concertience.fr\\\/leblog\\\/\",\"name\":\"Le blog de Fran\u00e7oise Keller\",\"description\":\"Le blog de Fran\u00e7oise Keller, Concertience\",\"potentialAction\":[{\"@type\":\"SearchAction\",\"target\":{\"@type\":\"EntryPoint\",\"urlTemplate\":\"https:\\\/\\\/concertience.fr\\\/leblog\\\/?s={search_term_string}\"},\"query-input\":{\"@type\":\"PropertyValueSpecification\",\"valueRequired\":true,\"valueName\":\"search_term_string\"}}],\"inLanguage\":\"fr-FR\"},{\"@type\":\"Person\",\"@id\":\"https:\\\/\\\/concertience.fr\\\/leblog\\\/#\\\/schema\\\/person\\\/a01b04493c0cb1de0b2030c8b8d5676f\",\"name\":\"Pierrick\"}]}<\/script>\n<!-- \/ Yoast SEO plugin. -->","yoast_head_json":{"title":"CNV et spiritualit\u00e9 chr\u00e9tienne - Le blog de Fran\u00e7oise Keller","robots":{"index":"index","follow":"follow","max-snippet":"max-snippet:-1","max-image-preview":"max-image-preview:large","max-video-preview":"max-video-preview:-1"},"canonical":"https:\/\/concertience.fr\/leblog\/cnv-chretiens-1\/","og_locale":"fr_FR","og_type":"article","og_title":"CNV et spiritualit\u00e9 chr\u00e9tienne - Le blog de Fran\u00e7oise Keller","og_description":"Je suis contente de contribuer \u00e0 proposer une premi\u00e8re journ\u00e9e d&#039;exp\u00e9rimentation et de partage sur un th\u00e8me qui m&#039;est cher : &quot;CNV et spiritualit\u00e9 chr\u00e9tienne&quot;. Cette journ\u00e9e s&#039;adresse \u00e0 des personnes qui sont form\u00e9es \u00e0 la CNV, qui se reconnaissent dans la foi, la spiritualit\u00e9 ou la culture chr\u00e9tienne, et qui ont envie de visiter... Lire plus &raquo;","og_url":"https:\/\/concertience.fr\/leblog\/cnv-chretiens-1\/","og_site_name":"Le blog de Fran\u00e7oise Keller","article_published_time":"2009-09-17T05:34:29+00:00","article_modified_time":"2020-03-30T20:39:19+00:00","author":"Pierrick","twitter_card":"summary_large_image","twitter_misc":{"\u00c9crit par":"Pierrick"},"schema":{"@context":"https:\/\/schema.org","@graph":[{"@type":"Article","@id":"https:\/\/concertience.fr\/leblog\/cnv-chretiens-1\/#article","isPartOf":{"@id":"https:\/\/concertience.fr\/leblog\/cnv-chretiens-1\/"},"author":{"name":"Pierrick","@id":"https:\/\/concertience.fr\/leblog\/#\/schema\/person\/a01b04493c0cb1de0b2030c8b8d5676f"},"headline":"CNV et spiritualit\u00e9 chr\u00e9tienne","datePublished":"2009-09-17T05:34:29+00:00","dateModified":"2020-03-30T20:39:19+00:00","mainEntityOfPage":{"@id":"https:\/\/concertience.fr\/leblog\/cnv-chretiens-1\/"},"wordCount":97,"commentCount":0,"keywords":["CNV","Communication NonViolente","Spiritualit\u00e9 non violence"],"articleSection":["Regards crois\u00e9s"],"inLanguage":"fr-FR","potentialAction":[{"@type":"CommentAction","name":"Comment","target":["https:\/\/concertience.fr\/leblog\/cnv-chretiens-1\/#respond"]}]},{"@type":"WebPage","@id":"https:\/\/concertience.fr\/leblog\/cnv-chretiens-1\/","url":"https:\/\/concertience.fr\/leblog\/cnv-chretiens-1\/","name":"CNV et spiritualit\u00e9 chr\u00e9tienne - Le blog de Fran\u00e7oise Keller","isPartOf":{"@id":"https:\/\/concertience.fr\/leblog\/#website"},"datePublished":"2009-09-17T05:34:29+00:00","dateModified":"2020-03-30T20:39:19+00:00","author":{"@id":"https:\/\/concertience.fr\/leblog\/#\/schema\/person\/a01b04493c0cb1de0b2030c8b8d5676f"},"breadcrumb":{"@id":"https:\/\/concertience.fr\/leblog\/cnv-chretiens-1\/#breadcrumb"},"inLanguage":"fr-FR","potentialAction":[{"@type":"ReadAction","target":["https:\/\/concertience.fr\/leblog\/cnv-chretiens-1\/"]}]},{"@type":"BreadcrumbList","@id":"https:\/\/concertience.fr\/leblog\/cnv-chretiens-1\/#breadcrumb","itemListElement":[{"@type":"ListItem","position":1,"name":"Accueil","item":"https:\/\/concertience.fr\/leblog\/"},{"@type":"ListItem","position":2,"name":"Regards crois\u00e9s","item":"https:\/\/concertience.fr\/leblog\/regards-croises\/"},{"@type":"ListItem","position":3,"name":"CNV et spiritualit\u00e9 chr\u00e9tienne"}]},{"@type":"WebSite","@id":"https:\/\/concertience.fr\/leblog\/#website","url":"https:\/\/concertience.fr\/leblog\/","name":"Le blog de Fran\u00e7oise Keller","description":"Le blog de Fran\u00e7oise Keller, Concertience","potentialAction":[{"@type":"SearchAction","target":{"@type":"EntryPoint","urlTemplate":"https:\/\/concertience.fr\/leblog\/?s={search_term_string}"},"query-input":{"@type":"PropertyValueSpecification","valueRequired":true,"valueName":"search_term_string"}}],"inLanguage":"fr-FR"},{"@type":"Person","@id":"https:\/\/concertience.fr\/leblog\/#\/schema\/person\/a01b04493c0cb1de0b2030c8b8d5676f","name":"Pierrick"}]}},"_links":{"self":[{"href":"https:\/\/concertience.fr\/leblog\/wp-json\/wp\/v2\/posts\/197","targetHints":{"allow":["GET"]}}],"collection":[{"href":"https:\/\/concertience.fr\/leblog\/wp-json\/wp\/v2\/posts"}],"about":[{"href":"https:\/\/concertience.fr\/leblog\/wp-json\/wp\/v2\/types\/post"}],"author":[{"embeddable":true,"href":"https:\/\/concertience.fr\/leblog\/wp-json\/wp\/v2\/users\/1"}],"replies":[{"embeddable":true,"href":"https:\/\/concertience.fr\/leblog\/wp-json\/wp\/v2\/comments?post=197"}],"version-history":[{"count":1,"href":"https:\/\/concertience.fr\/leblog\/wp-json\/wp\/v2\/posts\/197\/revisions"}],"predecessor-version":[{"id":808,"href":"https:\/\/concertience.fr\/leblog\/wp-json\/wp\/v2\/posts\/197\/revisions\/808"}],"wp:attachment":[{"href":"https:\/\/concertience.fr\/leblog\/wp-json\/wp\/v2\/media?parent=197"}],"wp:term":[{"taxonomy":"category","embeddable":true,"href":"https:\/\/concertience.fr\/leblog\/wp-json\/wp\/v2\/categories?post=197"},{"taxonomy":"post_tag","embeddable":true,"href":"https:\/\/concertience.fr\/leblog\/wp-json\/wp\/v2\/tags?post=197"}],"curies":[{"name":"wp","href":"https:\/\/api.w.org\/{rel}","templated":true}]}}