{"id":189,"date":"2009-12-08T11:14:08","date_gmt":"2009-12-08T10:14:08","guid":{"rendered":"https:\/\/concertience.fr\/leblog\/2009\/12\/08\/decouvrir-la-gouvernance-par-consentement\/"},"modified":"2020-03-31T12:51:01","modified_gmt":"2020-03-31T10:51:01","slug":"decouvrir-la-gouvernance-par-consentement","status":"publish","type":"post","link":"https:\/\/concertience.fr\/leblog\/decouvrir-la-gouvernance-par-consentement\/","title":{"rendered":"D\u00e9couvrir la gouvernance par consentement"},"content":{"rendered":"\n<div class=\"wp-block-image\"><figure class=\"aligncenter size-large\"><img data-opt-id=1343043812  fetchpriority=\"high\" decoding=\"async\" width=\"302\" height=\"200\" src=\"https:\/\/mlkqhmyobbaq.i.optimole.com\/w:auto\/h:auto\/q:mauto\/ig:avif\/https:\/\/concertience.fr\/leblog\/wp-content\/uploads\/sites\/2\/2020\/03\/Conférence-sociocratie.png\" alt=\"\" class=\"wp-image-716\" srcset=\"https:\/\/mlkqhmyobbaq.i.optimole.com\/w:302\/h:200\/q:mauto\/ig:avif\/https:\/\/concertience.fr\/leblog\/wp-content\/uploads\/sites\/2\/2020\/03\/Conf\u00e9rence-sociocratie.png 302w, https:\/\/mlkqhmyobbaq.i.optimole.com\/w:300\/h:199\/q:mauto\/ig:avif\/https:\/\/concertience.fr\/leblog\/wp-content\/uploads\/sites\/2\/2020\/03\/Conf\u00e9rence-sociocratie.png 300w\" sizes=\"(max-width: 302px) 100vw, 302px\" \/><\/figure><\/div>\n\n\n<p>La prochaine conf\u00e9rence de pr\u00e9sentation de la gouvernance par consentement (sociocratie) a lieu ce<span style=\"color: #0000bf;\"> jeudi 10 d\u00e9cembre 2009, de 20h \u00e0 22H 15, \u00e0 la Cit\u00e9 de l&rsquo;Environnement<\/span>, 355 All\u00e9e Jacques Monod, 69800 Saint-Priest.<\/p>\n<p>Elle sera anim\u00e9e par <strong>Pascal Corniquet<\/strong>, qui met en place ce mode de gouvernance dans un groupe \u00e9conomique et social <a href=\"http:\/\/www.groupesolidaire.org\" target=\"_blank\" rel=\"noopener noreferrer\">Solid&rsquo;Aire<\/a>, <strong>Pierre Tavernier<\/strong>, consultant, et <strong>moi-m\u00eame<\/strong>. Nous sommes tous trois membres fondateurs du Centre Fran\u00e7ais de sociocratie, en cours de certification \u00e0 la gouvernance sociocratique, supervis\u00e9s par Gilles Charest, sp\u00e9cialiste francophone du sujet venant du Qu\u00e9bec.<\/p>\n<p>Vous cherchez \u00e0 d\u00e9velopper <strong>l&rsquo;intelligence collective<\/strong> ? Vous en avez marre de la distance qui existe entre dirigeants, managements et op\u00e9rationnels ? Vous \u00eates inquiets de savoir que<span style=\"color: #c00000;\"> 56 % des employ\u00e9s et cadres interm\u00e9diaires en France pensent chercher un nouveau poste lorsque la situation \u00e9conomique s&rsquo;am\u00e9liorera<\/span> (\u00e9tude SHL France) ? Vous \u00eates \u00e0 la recherche de modes collaboratifs efficaces pour travailler en r\u00e9seau, avec des partenaires, avec vos clients ? Vous \u00eates fatigu\u00e9s de la solitude du dirigeant et vous aspirez \u00e0 davantage de solidarit\u00e9 ?<\/p>\n<p>Que vous soyez engag\u00e9s en entreprise, en collectivit\u00e9 locale, en association, cette conf\u00e9rence peut vous donner des pistes concr\u00e8tes.<\/p>","protected":false},"excerpt":{"rendered":"<p>La prochaine conf\u00e9rence de pr\u00e9sentation de la gouvernance par consentement (sociocratie) a lieu ce jeudi 10 d\u00e9cembre 2009, de 20h \u00e0 22H 15, \u00e0 la Cit\u00e9 de l&rsquo;Environnement, 355 All\u00e9e Jacques Monod, 69800 Saint-Priest. Elle sera anim\u00e9e par Pascal Corniquet, qui met en place ce mode de gouvernance dans un groupe \u00e9conomique et social Solid&rsquo;Aire,<a class=\"excerpt-read-more\" href=\"https:\/\/concertience.fr\/leblog\/decouvrir-la-gouvernance-par-consentement\/\" title=\"ReadD\u00e9couvrir la gouvernance par consentement\">&#8230; Lire plus &raquo;<\/a><\/p>\n","protected":false},"author":1,"featured_media":0,"comment_status":"open","ping_status":"open","sticky":false,"template":"","format":"standard","meta":{"footnotes":""},"categories":[32],"tags":[43,22,35],"class_list":["post-189","post","type-post","status-publish","format-standard","hentry","category-sociocratie","tag-gouvernance","tag-management","tag-sociocratie"],"yoast_head":"<!-- This site is optimized with the Yoast SEO plugin v27.5 - https:\/\/yoast.com\/product\/yoast-seo-wordpress\/ -->\n<title>D\u00e9couvrir la gouvernance par consentement - Le blog de Fran\u00e7oise Keller<\/title>\n<meta name=\"robots\" content=\"index, follow, max-snippet:-1, max-image-preview:large, max-video-preview:-1\" \/>\n<link rel=\"canonical\" href=\"https:\/\/concertience.fr\/leblog\/decouvrir-la-gouvernance-par-consentement\/\" \/>\n<meta property=\"og:locale\" content=\"fr_FR\" \/>\n<meta property=\"og:type\" content=\"article\" \/>\n<meta property=\"og:title\" content=\"D\u00e9couvrir la gouvernance par consentement - Le blog de Fran\u00e7oise Keller\" \/>\n<meta property=\"og:description\" content=\"La prochaine conf\u00e9rence de pr\u00e9sentation de la gouvernance par consentement (sociocratie) a lieu ce jeudi 10 d\u00e9cembre 2009, de 20h \u00e0 22H 15, \u00e0 la Cit\u00e9 de l&rsquo;Environnement, 355 All\u00e9e Jacques Monod, 69800 Saint-Priest. Elle sera anim\u00e9e par Pascal Corniquet, qui met en place ce mode de gouvernance dans un groupe \u00e9conomique et social Solid&rsquo;Aire,... Lire plus &raquo;\" \/>\n<meta property=\"og:url\" content=\"https:\/\/concertience.fr\/leblog\/decouvrir-la-gouvernance-par-consentement\/\" \/>\n<meta property=\"og:site_name\" content=\"Le blog de Fran\u00e7oise Keller\" \/>\n<meta property=\"article:published_time\" content=\"2009-12-08T10:14:08+00:00\" \/>\n<meta property=\"article:modified_time\" content=\"2020-03-31T10:51:01+00:00\" \/>\n<meta property=\"og:image\" content=\"https:\/\/mlkqhmyobbaq.i.optimole.com\/w:auto\/h:auto\/q:mauto\/ig:avif\/https:\/\/concertience.fr\/leblog\/wp-content\/uploads\/sites\/2\/2020\/03\/Conférence-sociocratie.png\" \/>\n<meta name=\"author\" content=\"Pierrick\" \/>\n<meta name=\"twitter:card\" content=\"summary_large_image\" \/>\n<meta name=\"twitter:label1\" content=\"\u00c9crit par\" \/>\n\t<meta name=\"twitter:data1\" content=\"Pierrick\" \/>\n\t<meta name=\"twitter:label2\" content=\"Dur\u00e9e de lecture estim\u00e9e\" \/>\n\t<meta name=\"twitter:data2\" content=\"1 minute\" \/>\n<script type=\"application\/ld+json\" class=\"yoast-schema-graph\">{\"@context\":\"https:\\\/\\\/schema.org\",\"@graph\":[{\"@type\":\"Article\",\"@id\":\"https:\\\/\\\/concertience.fr\\\/leblog\\\/decouvrir-la-gouvernance-par-consentement\\\/#article\",\"isPartOf\":{\"@id\":\"https:\\\/\\\/concertience.fr\\\/leblog\\\/decouvrir-la-gouvernance-par-consentement\\\/\"},\"author\":{\"name\":\"Pierrick\",\"@id\":\"https:\\\/\\\/concertience.fr\\\/leblog\\\/#\\\/schema\\\/person\\\/a01b04493c0cb1de0b2030c8b8d5676f\"},\"headline\":\"D\u00e9couvrir la gouvernance par consentement\",\"datePublished\":\"2009-12-08T10:14:08+00:00\",\"dateModified\":\"2020-03-31T10:51:01+00:00\",\"mainEntityOfPage\":{\"@id\":\"https:\\\/\\\/concertience.fr\\\/leblog\\\/decouvrir-la-gouvernance-par-consentement\\\/\"},\"wordCount\":208,\"commentCount\":0,\"keywords\":[\"Gouvernance\",\"Management\",\"Sociocratie\"],\"articleSection\":[\"Sociocratie\"],\"inLanguage\":\"fr-FR\",\"potentialAction\":[{\"@type\":\"CommentAction\",\"name\":\"Comment\",\"target\":[\"https:\\\/\\\/concertience.fr\\\/leblog\\\/decouvrir-la-gouvernance-par-consentement\\\/#respond\"]}]},{\"@type\":\"WebPage\",\"@id\":\"https:\\\/\\\/concertience.fr\\\/leblog\\\/decouvrir-la-gouvernance-par-consentement\\\/\",\"url\":\"https:\\\/\\\/concertience.fr\\\/leblog\\\/decouvrir-la-gouvernance-par-consentement\\\/\",\"name\":\"D\u00e9couvrir la gouvernance par consentement - Le blog de Fran\u00e7oise Keller\",\"isPartOf\":{\"@id\":\"https:\\\/\\\/concertience.fr\\\/leblog\\\/#website\"},\"datePublished\":\"2009-12-08T10:14:08+00:00\",\"dateModified\":\"2020-03-31T10:51:01+00:00\",\"author\":{\"@id\":\"https:\\\/\\\/concertience.fr\\\/leblog\\\/#\\\/schema\\\/person\\\/a01b04493c0cb1de0b2030c8b8d5676f\"},\"breadcrumb\":{\"@id\":\"https:\\\/\\\/concertience.fr\\\/leblog\\\/decouvrir-la-gouvernance-par-consentement\\\/#breadcrumb\"},\"inLanguage\":\"fr-FR\",\"potentialAction\":[{\"@type\":\"ReadAction\",\"target\":[\"https:\\\/\\\/concertience.fr\\\/leblog\\\/decouvrir-la-gouvernance-par-consentement\\\/\"]}]},{\"@type\":\"BreadcrumbList\",\"@id\":\"https:\\\/\\\/concertience.fr\\\/leblog\\\/decouvrir-la-gouvernance-par-consentement\\\/#breadcrumb\",\"itemListElement\":[{\"@type\":\"ListItem\",\"position\":1,\"name\":\"Accueil\",\"item\":\"https:\\\/\\\/concertience.fr\\\/leblog\\\/\"},{\"@type\":\"ListItem\",\"position\":2,\"name\":\"Sociocratie\",\"item\":\"https:\\\/\\\/concertience.fr\\\/leblog\\\/sociocratie\\\/\"},{\"@type\":\"ListItem\",\"position\":3,\"name\":\"D\u00e9couvrir la gouvernance par consentement\"}]},{\"@type\":\"WebSite\",\"@id\":\"https:\\\/\\\/concertience.fr\\\/leblog\\\/#website\",\"url\":\"https:\\\/\\\/concertience.fr\\\/leblog\\\/\",\"name\":\"Le blog de Fran\u00e7oise Keller\",\"description\":\"Le blog de Fran\u00e7oise Keller, Concertience\",\"potentialAction\":[{\"@type\":\"SearchAction\",\"target\":{\"@type\":\"EntryPoint\",\"urlTemplate\":\"https:\\\/\\\/concertience.fr\\\/leblog\\\/?s={search_term_string}\"},\"query-input\":{\"@type\":\"PropertyValueSpecification\",\"valueRequired\":true,\"valueName\":\"search_term_string\"}}],\"inLanguage\":\"fr-FR\"},{\"@type\":\"Person\",\"@id\":\"https:\\\/\\\/concertience.fr\\\/leblog\\\/#\\\/schema\\\/person\\\/a01b04493c0cb1de0b2030c8b8d5676f\",\"name\":\"Pierrick\"}]}<\/script>\n<!-- \/ Yoast SEO plugin. -->","yoast_head_json":{"title":"D\u00e9couvrir la gouvernance par consentement - Le blog de Fran\u00e7oise Keller","robots":{"index":"index","follow":"follow","max-snippet":"max-snippet:-1","max-image-preview":"max-image-preview:large","max-video-preview":"max-video-preview:-1"},"canonical":"https:\/\/concertience.fr\/leblog\/decouvrir-la-gouvernance-par-consentement\/","og_locale":"fr_FR","og_type":"article","og_title":"D\u00e9couvrir la gouvernance par consentement - Le blog de Fran\u00e7oise Keller","og_description":"La prochaine conf\u00e9rence de pr\u00e9sentation de la gouvernance par consentement (sociocratie) a lieu ce jeudi 10 d\u00e9cembre 2009, de 20h \u00e0 22H 15, \u00e0 la Cit\u00e9 de l&rsquo;Environnement, 355 All\u00e9e Jacques Monod, 69800 Saint-Priest. Elle sera anim\u00e9e par Pascal Corniquet, qui met en place ce mode de gouvernance dans un groupe \u00e9conomique et social Solid&rsquo;Aire,... Lire plus &raquo;","og_url":"https:\/\/concertience.fr\/leblog\/decouvrir-la-gouvernance-par-consentement\/","og_site_name":"Le blog de Fran\u00e7oise Keller","article_published_time":"2009-12-08T10:14:08+00:00","article_modified_time":"2020-03-31T10:51:01+00:00","og_image":[{"url":"https:\/\/mlkqhmyobbaq.i.optimole.com\/w:auto\/h:auto\/q:mauto\/ig:avif\/https:\/\/concertience.fr\/leblog\/wp-content\/uploads\/sites\/2\/2020\/03\/Conférence-sociocratie.png","type":"","width":"","height":""}],"author":"Pierrick","twitter_card":"summary_large_image","twitter_misc":{"\u00c9crit par":"Pierrick","Dur\u00e9e de lecture estim\u00e9e":"1 minute"},"schema":{"@context":"https:\/\/schema.org","@graph":[{"@type":"Article","@id":"https:\/\/concertience.fr\/leblog\/decouvrir-la-gouvernance-par-consentement\/#article","isPartOf":{"@id":"https:\/\/concertience.fr\/leblog\/decouvrir-la-gouvernance-par-consentement\/"},"author":{"name":"Pierrick","@id":"https:\/\/concertience.fr\/leblog\/#\/schema\/person\/a01b04493c0cb1de0b2030c8b8d5676f"},"headline":"D\u00e9couvrir la gouvernance par consentement","datePublished":"2009-12-08T10:14:08+00:00","dateModified":"2020-03-31T10:51:01+00:00","mainEntityOfPage":{"@id":"https:\/\/concertience.fr\/leblog\/decouvrir-la-gouvernance-par-consentement\/"},"wordCount":208,"commentCount":0,"keywords":["Gouvernance","Management","Sociocratie"],"articleSection":["Sociocratie"],"inLanguage":"fr-FR","potentialAction":[{"@type":"CommentAction","name":"Comment","target":["https:\/\/concertience.fr\/leblog\/decouvrir-la-gouvernance-par-consentement\/#respond"]}]},{"@type":"WebPage","@id":"https:\/\/concertience.fr\/leblog\/decouvrir-la-gouvernance-par-consentement\/","url":"https:\/\/concertience.fr\/leblog\/decouvrir-la-gouvernance-par-consentement\/","name":"D\u00e9couvrir la gouvernance par consentement - Le blog de Fran\u00e7oise Keller","isPartOf":{"@id":"https:\/\/concertience.fr\/leblog\/#website"},"datePublished":"2009-12-08T10:14:08+00:00","dateModified":"2020-03-31T10:51:01+00:00","author":{"@id":"https:\/\/concertience.fr\/leblog\/#\/schema\/person\/a01b04493c0cb1de0b2030c8b8d5676f"},"breadcrumb":{"@id":"https:\/\/concertience.fr\/leblog\/decouvrir-la-gouvernance-par-consentement\/#breadcrumb"},"inLanguage":"fr-FR","potentialAction":[{"@type":"ReadAction","target":["https:\/\/concertience.fr\/leblog\/decouvrir-la-gouvernance-par-consentement\/"]}]},{"@type":"BreadcrumbList","@id":"https:\/\/concertience.fr\/leblog\/decouvrir-la-gouvernance-par-consentement\/#breadcrumb","itemListElement":[{"@type":"ListItem","position":1,"name":"Accueil","item":"https:\/\/concertience.fr\/leblog\/"},{"@type":"ListItem","position":2,"name":"Sociocratie","item":"https:\/\/concertience.fr\/leblog\/sociocratie\/"},{"@type":"ListItem","position":3,"name":"D\u00e9couvrir la gouvernance par consentement"}]},{"@type":"WebSite","@id":"https:\/\/concertience.fr\/leblog\/#website","url":"https:\/\/concertience.fr\/leblog\/","name":"Le blog de Fran\u00e7oise Keller","description":"Le blog de Fran\u00e7oise Keller, Concertience","potentialAction":[{"@type":"SearchAction","target":{"@type":"EntryPoint","urlTemplate":"https:\/\/concertience.fr\/leblog\/?s={search_term_string}"},"query-input":{"@type":"PropertyValueSpecification","valueRequired":true,"valueName":"search_term_string"}}],"inLanguage":"fr-FR"},{"@type":"Person","@id":"https:\/\/concertience.fr\/leblog\/#\/schema\/person\/a01b04493c0cb1de0b2030c8b8d5676f","name":"Pierrick"}]}},"_links":{"self":[{"href":"https:\/\/concertience.fr\/leblog\/wp-json\/wp\/v2\/posts\/189","targetHints":{"allow":["GET"]}}],"collection":[{"href":"https:\/\/concertience.fr\/leblog\/wp-json\/wp\/v2\/posts"}],"about":[{"href":"https:\/\/concertience.fr\/leblog\/wp-json\/wp\/v2\/types\/post"}],"author":[{"embeddable":true,"href":"https:\/\/concertience.fr\/leblog\/wp-json\/wp\/v2\/users\/1"}],"replies":[{"embeddable":true,"href":"https:\/\/concertience.fr\/leblog\/wp-json\/wp\/v2\/comments?post=189"}],"version-history":[{"count":2,"href":"https:\/\/concertience.fr\/leblog\/wp-json\/wp\/v2\/posts\/189\/revisions"}],"predecessor-version":[{"id":824,"href":"https:\/\/concertience.fr\/leblog\/wp-json\/wp\/v2\/posts\/189\/revisions\/824"}],"wp:attachment":[{"href":"https:\/\/concertience.fr\/leblog\/wp-json\/wp\/v2\/media?parent=189"}],"wp:term":[{"taxonomy":"category","embeddable":true,"href":"https:\/\/concertience.fr\/leblog\/wp-json\/wp\/v2\/categories?post=189"},{"taxonomy":"post_tag","embeddable":true,"href":"https:\/\/concertience.fr\/leblog\/wp-json\/wp\/v2\/tags?post=189"}],"curies":[{"name":"wp","href":"https:\/\/api.w.org\/{rel}","templated":true}]}}