{"id":188,"date":"2009-12-16T19:05:21","date_gmt":"2009-12-16T18:05:21","guid":{"rendered":"https:\/\/concertience.fr\/leblog\/2009\/12\/16\/la-communication-nonviolente-dans-les-medias\/"},"modified":"2020-03-30T22:35:57","modified_gmt":"2020-03-30T20:35:57","slug":"la-communication-nonviolente-dans-les-medias","status":"publish","type":"post","link":"https:\/\/concertience.fr\/leblog\/la-communication-nonviolente-dans-les-medias\/","title":{"rendered":"La Communication NonViolente dans les m\u00e9dias&#8230;"},"content":{"rendered":"<p>Je suis tr\u00e8s heureuse de voir que la Communication NonViolente devient plus visible dans notre pays et que ce qu&#039;elle apporte est de plus en plus reconnu.<\/p>\n<p>Quelques pr\u00e9sences dans les m\u00e9dias :<\/p>\n<p>&#8211; la vid\u00e9o de Karim : <\/p>\n<p align=\"center\" class=\"asset asset-video\" style=\"margin: 0pt auto\">\n<\/p>\n<p>&#8211; Un article dans Le Monde le 13 d\u00e9cembre : &quot;Le \u00ab langage du coeur \u00bb, arme anti-conflits&quot;, de Pascale Santi<\/p>\n<p>&#8211; Un reportage &quot;Halte au stress&quot; dans l&#039;\u00e9mission &quot;7 \u00e0 voir&quot; du 6 d\u00e9cembre avec des t\u00e9moignages de ce que la CNV peut apporter en entreprise &#8211; <a href=\"http:\/\/programmes.france3.fr\/7-a-voir\/?id_article=494\">Halte au stress<\/a> <\/p>\n<\/p>\n<p><\/p>\n","protected":false},"excerpt":{"rendered":"<p>Je suis tr\u00e8s heureuse de voir que la Communication NonViolente devient plus visible dans notre pays et que ce qu&#039;elle apporte est de plus en plus reconnu. Quelques pr\u00e9sences dans les m\u00e9dias : &#8211; la vid\u00e9o de Karim : &#8211; Un article dans Le Monde le 13 d\u00e9cembre : &quot;Le \u00ab langage du coeur \u00bb,<a class=\"excerpt-read-more\" href=\"https:\/\/concertience.fr\/leblog\/la-communication-nonviolente-dans-les-medias\/\" title=\"ReadLa Communication NonViolente dans les m\u00e9dias&#8230;\">&#8230; Lire plus &raquo;<\/a><\/p>\n","protected":false},"author":1,"featured_media":0,"comment_status":"open","ping_status":"open","sticky":false,"template":"","format":"standard","meta":{"footnotes":""},"categories":[9],"tags":[65],"class_list":["post-188","post","type-post","status-publish","format-standard","hentry","category-communication-nonviolente-cnv","tag-stress-violence-communication"],"yoast_head":"<!-- This site is optimized with the Yoast SEO plugin v27.5 - https:\/\/yoast.com\/product\/yoast-seo-wordpress\/ -->\n<title>La Communication NonViolente dans les m\u00e9dias... - Le blog de Fran\u00e7oise Keller<\/title>\n<meta name=\"robots\" content=\"index, follow, max-snippet:-1, max-image-preview:large, max-video-preview:-1\" \/>\n<link rel=\"canonical\" href=\"https:\/\/concertience.fr\/leblog\/la-communication-nonviolente-dans-les-medias\/\" \/>\n<meta property=\"og:locale\" content=\"fr_FR\" \/>\n<meta property=\"og:type\" content=\"article\" \/>\n<meta property=\"og:title\" content=\"La Communication NonViolente dans les m\u00e9dias... - Le blog de Fran\u00e7oise Keller\" \/>\n<meta property=\"og:description\" content=\"Je suis tr\u00e8s heureuse de voir que la Communication NonViolente devient plus visible dans notre pays et que ce qu&#039;elle apporte est de plus en plus reconnu. Quelques pr\u00e9sences dans les m\u00e9dias : &#8211; la vid\u00e9o de Karim : &#8211; Un article dans Le Monde le 13 d\u00e9cembre : &quot;Le \u00ab langage du coeur \u00bb,... Lire plus &raquo;\" \/>\n<meta property=\"og:url\" content=\"https:\/\/concertience.fr\/leblog\/la-communication-nonviolente-dans-les-medias\/\" \/>\n<meta property=\"og:site_name\" content=\"Le blog de Fran\u00e7oise Keller\" \/>\n<meta property=\"article:published_time\" content=\"2009-12-16T18:05:21+00:00\" \/>\n<meta property=\"article:modified_time\" content=\"2020-03-30T20:35:57+00:00\" \/>\n<meta name=\"author\" content=\"Pierrick\" \/>\n<meta name=\"twitter:card\" content=\"summary_large_image\" \/>\n<meta name=\"twitter:label1\" content=\"\u00c9crit par\" \/>\n\t<meta name=\"twitter:data1\" content=\"Pierrick\" \/>\n<script type=\"application\/ld+json\" class=\"yoast-schema-graph\">{\"@context\":\"https:\\\/\\\/schema.org\",\"@graph\":[{\"@type\":\"Article\",\"@id\":\"https:\\\/\\\/concertience.fr\\\/leblog\\\/la-communication-nonviolente-dans-les-medias\\\/#article\",\"isPartOf\":{\"@id\":\"https:\\\/\\\/concertience.fr\\\/leblog\\\/la-communication-nonviolente-dans-les-medias\\\/\"},\"author\":{\"name\":\"Pierrick\",\"@id\":\"https:\\\/\\\/concertience.fr\\\/leblog\\\/#\\\/schema\\\/person\\\/a01b04493c0cb1de0b2030c8b8d5676f\"},\"headline\":\"La Communication NonViolente dans les m\u00e9dias&#8230;\",\"datePublished\":\"2009-12-16T18:05:21+00:00\",\"dateModified\":\"2020-03-30T20:35:57+00:00\",\"mainEntityOfPage\":{\"@id\":\"https:\\\/\\\/concertience.fr\\\/leblog\\\/la-communication-nonviolente-dans-les-medias\\\/\"},\"wordCount\":103,\"commentCount\":0,\"keywords\":[\"Stress\"],\"articleSection\":[\"Communication NonViolente (CNV)\"],\"inLanguage\":\"fr-FR\",\"potentialAction\":[{\"@type\":\"CommentAction\",\"name\":\"Comment\",\"target\":[\"https:\\\/\\\/concertience.fr\\\/leblog\\\/la-communication-nonviolente-dans-les-medias\\\/#respond\"]}]},{\"@type\":\"WebPage\",\"@id\":\"https:\\\/\\\/concertience.fr\\\/leblog\\\/la-communication-nonviolente-dans-les-medias\\\/\",\"url\":\"https:\\\/\\\/concertience.fr\\\/leblog\\\/la-communication-nonviolente-dans-les-medias\\\/\",\"name\":\"La Communication NonViolente dans les m\u00e9dias... - Le blog de Fran\u00e7oise Keller\",\"isPartOf\":{\"@id\":\"https:\\\/\\\/concertience.fr\\\/leblog\\\/#website\"},\"datePublished\":\"2009-12-16T18:05:21+00:00\",\"dateModified\":\"2020-03-30T20:35:57+00:00\",\"author\":{\"@id\":\"https:\\\/\\\/concertience.fr\\\/leblog\\\/#\\\/schema\\\/person\\\/a01b04493c0cb1de0b2030c8b8d5676f\"},\"breadcrumb\":{\"@id\":\"https:\\\/\\\/concertience.fr\\\/leblog\\\/la-communication-nonviolente-dans-les-medias\\\/#breadcrumb\"},\"inLanguage\":\"fr-FR\",\"potentialAction\":[{\"@type\":\"ReadAction\",\"target\":[\"https:\\\/\\\/concertience.fr\\\/leblog\\\/la-communication-nonviolente-dans-les-medias\\\/\"]}]},{\"@type\":\"BreadcrumbList\",\"@id\":\"https:\\\/\\\/concertience.fr\\\/leblog\\\/la-communication-nonviolente-dans-les-medias\\\/#breadcrumb\",\"itemListElement\":[{\"@type\":\"ListItem\",\"position\":1,\"name\":\"Accueil\",\"item\":\"https:\\\/\\\/concertience.fr\\\/leblog\\\/\"},{\"@type\":\"ListItem\",\"position\":2,\"name\":\"Communication NonViolente (CNV)\",\"item\":\"https:\\\/\\\/concertience.fr\\\/leblog\\\/communication-nonviolente-cnv\\\/\"},{\"@type\":\"ListItem\",\"position\":3,\"name\":\"La Communication NonViolente dans les m\u00e9dias&#8230;\"}]},{\"@type\":\"WebSite\",\"@id\":\"https:\\\/\\\/concertience.fr\\\/leblog\\\/#website\",\"url\":\"https:\\\/\\\/concertience.fr\\\/leblog\\\/\",\"name\":\"Le blog de Fran\u00e7oise Keller\",\"description\":\"Le blog de Fran\u00e7oise Keller, Concertience\",\"potentialAction\":[{\"@type\":\"SearchAction\",\"target\":{\"@type\":\"EntryPoint\",\"urlTemplate\":\"https:\\\/\\\/concertience.fr\\\/leblog\\\/?s={search_term_string}\"},\"query-input\":{\"@type\":\"PropertyValueSpecification\",\"valueRequired\":true,\"valueName\":\"search_term_string\"}}],\"inLanguage\":\"fr-FR\"},{\"@type\":\"Person\",\"@id\":\"https:\\\/\\\/concertience.fr\\\/leblog\\\/#\\\/schema\\\/person\\\/a01b04493c0cb1de0b2030c8b8d5676f\",\"name\":\"Pierrick\"}]}<\/script>\n<!-- \/ Yoast SEO plugin. -->","yoast_head_json":{"title":"La Communication NonViolente dans les m\u00e9dias... - Le blog de Fran\u00e7oise Keller","robots":{"index":"index","follow":"follow","max-snippet":"max-snippet:-1","max-image-preview":"max-image-preview:large","max-video-preview":"max-video-preview:-1"},"canonical":"https:\/\/concertience.fr\/leblog\/la-communication-nonviolente-dans-les-medias\/","og_locale":"fr_FR","og_type":"article","og_title":"La Communication NonViolente dans les m\u00e9dias... - Le blog de Fran\u00e7oise Keller","og_description":"Je suis tr\u00e8s heureuse de voir que la Communication NonViolente devient plus visible dans notre pays et que ce qu&#039;elle apporte est de plus en plus reconnu. Quelques pr\u00e9sences dans les m\u00e9dias : &#8211; la vid\u00e9o de Karim : &#8211; Un article dans Le Monde le 13 d\u00e9cembre : &quot;Le \u00ab langage du coeur \u00bb,... Lire plus &raquo;","og_url":"https:\/\/concertience.fr\/leblog\/la-communication-nonviolente-dans-les-medias\/","og_site_name":"Le blog de Fran\u00e7oise Keller","article_published_time":"2009-12-16T18:05:21+00:00","article_modified_time":"2020-03-30T20:35:57+00:00","author":"Pierrick","twitter_card":"summary_large_image","twitter_misc":{"\u00c9crit par":"Pierrick"},"schema":{"@context":"https:\/\/schema.org","@graph":[{"@type":"Article","@id":"https:\/\/concertience.fr\/leblog\/la-communication-nonviolente-dans-les-medias\/#article","isPartOf":{"@id":"https:\/\/concertience.fr\/leblog\/la-communication-nonviolente-dans-les-medias\/"},"author":{"name":"Pierrick","@id":"https:\/\/concertience.fr\/leblog\/#\/schema\/person\/a01b04493c0cb1de0b2030c8b8d5676f"},"headline":"La Communication NonViolente dans les m\u00e9dias&#8230;","datePublished":"2009-12-16T18:05:21+00:00","dateModified":"2020-03-30T20:35:57+00:00","mainEntityOfPage":{"@id":"https:\/\/concertience.fr\/leblog\/la-communication-nonviolente-dans-les-medias\/"},"wordCount":103,"commentCount":0,"keywords":["Stress"],"articleSection":["Communication NonViolente (CNV)"],"inLanguage":"fr-FR","potentialAction":[{"@type":"CommentAction","name":"Comment","target":["https:\/\/concertience.fr\/leblog\/la-communication-nonviolente-dans-les-medias\/#respond"]}]},{"@type":"WebPage","@id":"https:\/\/concertience.fr\/leblog\/la-communication-nonviolente-dans-les-medias\/","url":"https:\/\/concertience.fr\/leblog\/la-communication-nonviolente-dans-les-medias\/","name":"La Communication NonViolente dans les m\u00e9dias... - Le blog de Fran\u00e7oise Keller","isPartOf":{"@id":"https:\/\/concertience.fr\/leblog\/#website"},"datePublished":"2009-12-16T18:05:21+00:00","dateModified":"2020-03-30T20:35:57+00:00","author":{"@id":"https:\/\/concertience.fr\/leblog\/#\/schema\/person\/a01b04493c0cb1de0b2030c8b8d5676f"},"breadcrumb":{"@id":"https:\/\/concertience.fr\/leblog\/la-communication-nonviolente-dans-les-medias\/#breadcrumb"},"inLanguage":"fr-FR","potentialAction":[{"@type":"ReadAction","target":["https:\/\/concertience.fr\/leblog\/la-communication-nonviolente-dans-les-medias\/"]}]},{"@type":"BreadcrumbList","@id":"https:\/\/concertience.fr\/leblog\/la-communication-nonviolente-dans-les-medias\/#breadcrumb","itemListElement":[{"@type":"ListItem","position":1,"name":"Accueil","item":"https:\/\/concertience.fr\/leblog\/"},{"@type":"ListItem","position":2,"name":"Communication NonViolente (CNV)","item":"https:\/\/concertience.fr\/leblog\/communication-nonviolente-cnv\/"},{"@type":"ListItem","position":3,"name":"La Communication NonViolente dans les m\u00e9dias&#8230;"}]},{"@type":"WebSite","@id":"https:\/\/concertience.fr\/leblog\/#website","url":"https:\/\/concertience.fr\/leblog\/","name":"Le blog de Fran\u00e7oise Keller","description":"Le blog de Fran\u00e7oise Keller, Concertience","potentialAction":[{"@type":"SearchAction","target":{"@type":"EntryPoint","urlTemplate":"https:\/\/concertience.fr\/leblog\/?s={search_term_string}"},"query-input":{"@type":"PropertyValueSpecification","valueRequired":true,"valueName":"search_term_string"}}],"inLanguage":"fr-FR"},{"@type":"Person","@id":"https:\/\/concertience.fr\/leblog\/#\/schema\/person\/a01b04493c0cb1de0b2030c8b8d5676f","name":"Pierrick"}]}},"_links":{"self":[{"href":"https:\/\/concertience.fr\/leblog\/wp-json\/wp\/v2\/posts\/188","targetHints":{"allow":["GET"]}}],"collection":[{"href":"https:\/\/concertience.fr\/leblog\/wp-json\/wp\/v2\/posts"}],"about":[{"href":"https:\/\/concertience.fr\/leblog\/wp-json\/wp\/v2\/types\/post"}],"author":[{"embeddable":true,"href":"https:\/\/concertience.fr\/leblog\/wp-json\/wp\/v2\/users\/1"}],"replies":[{"embeddable":true,"href":"https:\/\/concertience.fr\/leblog\/wp-json\/wp\/v2\/comments?post=188"}],"version-history":[{"count":1,"href":"https:\/\/concertience.fr\/leblog\/wp-json\/wp\/v2\/posts\/188\/revisions"}],"predecessor-version":[{"id":807,"href":"https:\/\/concertience.fr\/leblog\/wp-json\/wp\/v2\/posts\/188\/revisions\/807"}],"wp:attachment":[{"href":"https:\/\/concertience.fr\/leblog\/wp-json\/wp\/v2\/media?parent=188"}],"wp:term":[{"taxonomy":"category","embeddable":true,"href":"https:\/\/concertience.fr\/leblog\/wp-json\/wp\/v2\/categories?post=188"},{"taxonomy":"post_tag","embeddable":true,"href":"https:\/\/concertience.fr\/leblog\/wp-json\/wp\/v2\/tags?post=188"}],"curies":[{"name":"wp","href":"https:\/\/api.w.org\/{rel}","templated":true}]}}