{"id":181,"date":"2010-09-09T12:16:22","date_gmt":"2010-09-09T10:16:22","guid":{"rendered":"https:\/\/concertience.fr\/leblog\/2010\/09\/09\/formation-roue-des-talents-une-premiere-en-france\/"},"modified":"2020-03-30T22:42:47","modified_gmt":"2020-03-30T20:42:47","slug":"formation-roue-des-talents-une-premiere-en-france","status":"publish","type":"post","link":"https:\/\/concertience.fr\/leblog\/formation-roue-des-talents-une-premiere-en-france\/","title":{"rendered":"Formation \u00ab\u00a0Roue des talents\u00a0\u00bb &#8211; Une premi\u00e8re en France !"},"content":{"rendered":"\n<div class=\"wp-block-image\"><figure class=\"aligncenter size-large\"><img data-opt-id=1611377480  fetchpriority=\"high\" decoding=\"async\" width=\"300\" height=\"200\" src=\"https:\/\/mlkqhmyobbaq.i.optimole.com\/w:auto\/h:auto\/q:mauto\/ig:avif\/https:\/\/concertience.fr\/leblog\/wp-content\/uploads\/sites\/2\/2020\/03\/6a00d834435ec653ef01b7c7fb308a970b.jpg\" alt=\"\" class=\"wp-image-551\"\/><\/figure><\/div>\n\n\n<p style=\"text-align: center;\"><em>\u00a0\u00a0<span style=\"text-decoration: underline;\"><em style=\"font-size: inherit; color: #191e23;\">Favoriser la coop\u00e9ration, l&rsquo;intelligence collective ou le management participatif&#8230;<\/em><\/span><\/em><\/p>\n<p style=\"text-align: center;\"><em>D\u00e9velopper des r\u00e9seaux, des habitats group\u00e9s, des projets associatifs&#8230;<\/em><\/p>\n<p style=\"text-align: center;\"><em>\u00catre acteur de dialogue dans sa famille, dans son quartier, dans son entreprise&#8230;.<\/em><\/p>\n<p style=\"text-align: center;\"><em>Tout cela suppose de mieux comprendre <strong>comment nous exer\u00e7ons notre propre pouvoir<\/strong>, comment nous nous affirmons, comment nous exer\u00e7ons nos talents, comment nous prenons notre place et <strong>comment nous permettons aux autres d&rsquo;exercer aussi leur pouvoir<\/strong>.<\/em><\/p>\n<p>J&rsquo;ai d\u00e9couvert il y a 3 ans le test de la roue des talents d\u00e9velopp\u00e9 par Gilles Charest et Ghislaine Cimon (Qu\u00e9bec), je l&rsquo;utilise pour moi et dans de nombreux accompagnements individuels et d&rsquo;\u00e9quipe, et je trouve cette approche vraiment int\u00e9ressante et apprenante.<\/p>\n<p>J&rsquo;organise donc une formation, anim\u00e9e pour la premi\u00e8re fois en France, par <strong><span style=\"color: #0000bf;\">Ghislaine Cimon<\/span><\/strong> sur la roue des talents du <strong><span style=\"color: #0000bf;\">27 au 29 septembre 2010<\/span><\/strong>.<\/p>\n<p>\u00a0<\/p>","protected":false},"excerpt":{"rendered":"<p>\u00a0\u00a0Favoriser la coop\u00e9ration, l&rsquo;intelligence collective ou le management participatif&#8230; D\u00e9velopper des r\u00e9seaux, des habitats group\u00e9s, des projets associatifs&#8230; \u00catre acteur de dialogue dans sa famille, dans son quartier, dans son entreprise&#8230;. Tout cela suppose de mieux comprendre comment nous exer\u00e7ons notre propre pouvoir, comment nous nous affirmons, comment nous exer\u00e7ons nos talents, comment nous prenons<a class=\"excerpt-read-more\" href=\"https:\/\/concertience.fr\/leblog\/formation-roue-des-talents-une-premiere-en-france\/\" title=\"ReadFormation \u00ab\u00a0Roue des talents\u00a0\u00bb &#8211; Une premi\u00e8re en France !\">&#8230; Lire plus &raquo;<\/a><\/p>\n","protected":false},"author":1,"featured_media":0,"comment_status":"open","ping_status":"open","sticky":false,"template":"","format":"standard","meta":{"footnotes":""},"categories":[4],"tags":[25,19,22],"class_list":["post-181","post","type-post","status-publish","format-standard","hentry","category-notre-offre-de-formation","tag-leader","tag-leadership","tag-management"],"yoast_head":"<!-- This site is optimized with the Yoast SEO plugin v27.5 - https:\/\/yoast.com\/product\/yoast-seo-wordpress\/ -->\n<title>Formation &quot;Roue des talents&quot; - Une premi\u00e8re en France ! - Le blog de Fran\u00e7oise Keller<\/title>\n<meta name=\"robots\" content=\"index, follow, max-snippet:-1, max-image-preview:large, max-video-preview:-1\" \/>\n<link rel=\"canonical\" href=\"https:\/\/concertience.fr\/leblog\/formation-roue-des-talents-une-premiere-en-france\/\" \/>\n<meta property=\"og:locale\" content=\"fr_FR\" \/>\n<meta property=\"og:type\" content=\"article\" \/>\n<meta property=\"og:title\" content=\"Formation &quot;Roue des talents&quot; - Une premi\u00e8re en France ! - Le blog de Fran\u00e7oise Keller\" \/>\n<meta property=\"og:description\" content=\"\u00a0\u00a0Favoriser la coop\u00e9ration, l&rsquo;intelligence collective ou le management participatif&#8230; D\u00e9velopper des r\u00e9seaux, des habitats group\u00e9s, des projets associatifs&#8230; \u00catre acteur de dialogue dans sa famille, dans son quartier, dans son entreprise&#8230;. Tout cela suppose de mieux comprendre comment nous exer\u00e7ons notre propre pouvoir, comment nous nous affirmons, comment nous exer\u00e7ons nos talents, comment nous prenons... Lire plus &raquo;\" \/>\n<meta property=\"og:url\" content=\"https:\/\/concertience.fr\/leblog\/formation-roue-des-talents-une-premiere-en-france\/\" \/>\n<meta property=\"og:site_name\" content=\"Le blog de Fran\u00e7oise Keller\" \/>\n<meta property=\"article:published_time\" content=\"2010-09-09T10:16:22+00:00\" \/>\n<meta property=\"article:modified_time\" content=\"2020-03-30T20:42:47+00:00\" \/>\n<meta property=\"og:image\" content=\"https:\/\/mlkqhmyobbaq.i.optimole.com\/w:auto\/h:auto\/q:mauto\/ig:avif\/https:\/\/concertience.fr\/leblog\/wp-content\/uploads\/sites\/2\/2020\/03\/6a00d834435ec653ef01b7c7fb308a970b.jpg\" \/>\n<meta name=\"author\" content=\"Pierrick\" \/>\n<meta name=\"twitter:card\" content=\"summary_large_image\" \/>\n<meta name=\"twitter:label1\" content=\"\u00c9crit par\" \/>\n\t<meta name=\"twitter:data1\" content=\"Pierrick\" \/>\n\t<meta name=\"twitter:label2\" content=\"Dur\u00e9e de lecture estim\u00e9e\" \/>\n\t<meta name=\"twitter:data2\" content=\"1 minute\" \/>\n<script type=\"application\/ld+json\" class=\"yoast-schema-graph\">{\"@context\":\"https:\\\/\\\/schema.org\",\"@graph\":[{\"@type\":\"Article\",\"@id\":\"https:\\\/\\\/concertience.fr\\\/leblog\\\/formation-roue-des-talents-une-premiere-en-france\\\/#article\",\"isPartOf\":{\"@id\":\"https:\\\/\\\/concertience.fr\\\/leblog\\\/formation-roue-des-talents-une-premiere-en-france\\\/\"},\"author\":{\"name\":\"Pierrick\",\"@id\":\"https:\\\/\\\/concertience.fr\\\/leblog\\\/#\\\/schema\\\/person\\\/a01b04493c0cb1de0b2030c8b8d5676f\"},\"headline\":\"Formation \u00ab\u00a0Roue des talents\u00a0\u00bb &#8211; Une premi\u00e8re en France !\",\"datePublished\":\"2010-09-09T10:16:22+00:00\",\"dateModified\":\"2020-03-30T20:42:47+00:00\",\"mainEntityOfPage\":{\"@id\":\"https:\\\/\\\/concertience.fr\\\/leblog\\\/formation-roue-des-talents-une-premiere-en-france\\\/\"},\"wordCount\":159,\"commentCount\":0,\"image\":{\"@id\":\"https:\\\/\\\/concertience.fr\\\/leblog\\\/formation-roue-des-talents-une-premiere-en-france\\\/#primaryimage\"},\"thumbnailUrl\":\"https:\\/\\/concertience.fr\\/leblog\\/wp-content\\/uploads\\/sites\\/2\\/2020\\/03\\/6a00d834435ec653ef01b7c7fb308a970b.jpg\",\"keywords\":[\"Leader\",\"Leadership\",\"Management\"],\"articleSection\":[\"Notre offre de formation\"],\"inLanguage\":\"fr-FR\",\"potentialAction\":[{\"@type\":\"CommentAction\",\"name\":\"Comment\",\"target\":[\"https:\\\/\\\/concertience.fr\\\/leblog\\\/formation-roue-des-talents-une-premiere-en-france\\\/#respond\"]}]},{\"@type\":\"WebPage\",\"@id\":\"https:\\\/\\\/concertience.fr\\\/leblog\\\/formation-roue-des-talents-une-premiere-en-france\\\/\",\"url\":\"https:\\\/\\\/concertience.fr\\\/leblog\\\/formation-roue-des-talents-une-premiere-en-france\\\/\",\"name\":\"Formation \\\"Roue des talents\\\" - Une premi\u00e8re en France ! - Le blog de Fran\u00e7oise Keller\",\"isPartOf\":{\"@id\":\"https:\\\/\\\/concertience.fr\\\/leblog\\\/#website\"},\"primaryImageOfPage\":{\"@id\":\"https:\\\/\\\/concertience.fr\\\/leblog\\\/formation-roue-des-talents-une-premiere-en-france\\\/#primaryimage\"},\"image\":{\"@id\":\"https:\\\/\\\/concertience.fr\\\/leblog\\\/formation-roue-des-talents-une-premiere-en-france\\\/#primaryimage\"},\"thumbnailUrl\":\"https:\\/\\/concertience.fr\\/leblog\\/wp-content\\/uploads\\/sites\\/2\\/2020\\/03\\/6a00d834435ec653ef01b7c7fb308a970b.jpg\",\"datePublished\":\"2010-09-09T10:16:22+00:00\",\"dateModified\":\"2020-03-30T20:42:47+00:00\",\"author\":{\"@id\":\"https:\\\/\\\/concertience.fr\\\/leblog\\\/#\\\/schema\\\/person\\\/a01b04493c0cb1de0b2030c8b8d5676f\"},\"breadcrumb\":{\"@id\":\"https:\\\/\\\/concertience.fr\\\/leblog\\\/formation-roue-des-talents-une-premiere-en-france\\\/#breadcrumb\"},\"inLanguage\":\"fr-FR\",\"potentialAction\":[{\"@type\":\"ReadAction\",\"target\":[\"https:\\\/\\\/concertience.fr\\\/leblog\\\/formation-roue-des-talents-une-premiere-en-france\\\/\"]}]},{\"@type\":\"ImageObject\",\"inLanguage\":\"fr-FR\",\"@id\":\"https:\\\/\\\/concertience.fr\\\/leblog\\\/formation-roue-des-talents-une-premiere-en-france\\\/#primaryimage\",\"url\":\"https:\\/\\/concertience.fr\\/leblog\\/wp-content\\/uploads\\/sites\\/2\\/2020\\/03\\/6a00d834435ec653ef01b7c7fb308a970b.jpg\",\"contentUrl\":\"https:\\/\\/concertience.fr\\/leblog\\/wp-content\\/uploads\\/sites\\/2\\/2020\\/03\\/6a00d834435ec653ef01b7c7fb308a970b.jpg\",\"width\":300,\"height\":200},{\"@type\":\"BreadcrumbList\",\"@id\":\"https:\\\/\\\/concertience.fr\\\/leblog\\\/formation-roue-des-talents-une-premiere-en-france\\\/#breadcrumb\",\"itemListElement\":[{\"@type\":\"ListItem\",\"position\":1,\"name\":\"Accueil\",\"item\":\"https:\\\/\\\/concertience.fr\\\/leblog\\\/\"},{\"@type\":\"ListItem\",\"position\":2,\"name\":\"Notre offre de formation\",\"item\":\"https:\\\/\\\/concertience.fr\\\/leblog\\\/notre-offre-de-formation\\\/\"},{\"@type\":\"ListItem\",\"position\":3,\"name\":\"Formation \u00ab\u00a0Roue des talents\u00a0\u00bb &#8211; Une premi\u00e8re en France !\"}]},{\"@type\":\"WebSite\",\"@id\":\"https:\\\/\\\/concertience.fr\\\/leblog\\\/#website\",\"url\":\"https:\\\/\\\/concertience.fr\\\/leblog\\\/\",\"name\":\"Le blog de Fran\u00e7oise Keller\",\"description\":\"Le blog de Fran\u00e7oise Keller, Concertience\",\"potentialAction\":[{\"@type\":\"SearchAction\",\"target\":{\"@type\":\"EntryPoint\",\"urlTemplate\":\"https:\\\/\\\/concertience.fr\\\/leblog\\\/?s={search_term_string}\"},\"query-input\":{\"@type\":\"PropertyValueSpecification\",\"valueRequired\":true,\"valueName\":\"search_term_string\"}}],\"inLanguage\":\"fr-FR\"},{\"@type\":\"Person\",\"@id\":\"https:\\\/\\\/concertience.fr\\\/leblog\\\/#\\\/schema\\\/person\\\/a01b04493c0cb1de0b2030c8b8d5676f\",\"name\":\"Pierrick\"}]}<\/script>\n<!-- \/ Yoast SEO plugin. -->","yoast_head_json":{"title":"Formation \"Roue des talents\" - Une premi\u00e8re en France ! - Le blog de Fran\u00e7oise Keller","robots":{"index":"index","follow":"follow","max-snippet":"max-snippet:-1","max-image-preview":"max-image-preview:large","max-video-preview":"max-video-preview:-1"},"canonical":"https:\/\/concertience.fr\/leblog\/formation-roue-des-talents-une-premiere-en-france\/","og_locale":"fr_FR","og_type":"article","og_title":"Formation \"Roue des talents\" - Une premi\u00e8re en France ! - Le blog de Fran\u00e7oise Keller","og_description":"\u00a0\u00a0Favoriser la coop\u00e9ration, l&rsquo;intelligence collective ou le management participatif&#8230; D\u00e9velopper des r\u00e9seaux, des habitats group\u00e9s, des projets associatifs&#8230; \u00catre acteur de dialogue dans sa famille, dans son quartier, dans son entreprise&#8230;. Tout cela suppose de mieux comprendre comment nous exer\u00e7ons notre propre pouvoir, comment nous nous affirmons, comment nous exer\u00e7ons nos talents, comment nous prenons... Lire plus &raquo;","og_url":"https:\/\/concertience.fr\/leblog\/formation-roue-des-talents-une-premiere-en-france\/","og_site_name":"Le blog de Fran\u00e7oise Keller","article_published_time":"2010-09-09T10:16:22+00:00","article_modified_time":"2020-03-30T20:42:47+00:00","og_image":[{"url":"https:\/\/mlkqhmyobbaq.i.optimole.com\/w:auto\/h:auto\/q:mauto\/ig:avif\/https:\/\/concertience.fr\/leblog\/wp-content\/uploads\/sites\/2\/2020\/03\/6a00d834435ec653ef01b7c7fb308a970b.jpg","type":"","width":"","height":""}],"author":"Pierrick","twitter_card":"summary_large_image","twitter_misc":{"\u00c9crit par":"Pierrick","Dur\u00e9e de lecture estim\u00e9e":"1 minute"},"schema":{"@context":"https:\/\/schema.org","@graph":[{"@type":"Article","@id":"https:\/\/concertience.fr\/leblog\/formation-roue-des-talents-une-premiere-en-france\/#article","isPartOf":{"@id":"https:\/\/concertience.fr\/leblog\/formation-roue-des-talents-une-premiere-en-france\/"},"author":{"name":"Pierrick","@id":"https:\/\/concertience.fr\/leblog\/#\/schema\/person\/a01b04493c0cb1de0b2030c8b8d5676f"},"headline":"Formation \u00ab\u00a0Roue des talents\u00a0\u00bb &#8211; Une premi\u00e8re en France !","datePublished":"2010-09-09T10:16:22+00:00","dateModified":"2020-03-30T20:42:47+00:00","mainEntityOfPage":{"@id":"https:\/\/concertience.fr\/leblog\/formation-roue-des-talents-une-premiere-en-france\/"},"wordCount":159,"commentCount":0,"image":{"@id":"https:\/\/concertience.fr\/leblog\/formation-roue-des-talents-une-premiere-en-france\/#primaryimage"},"thumbnailUrl":"https:\/\/mlkqhmyobbaq.i.optimole.com\/w:auto\/h:auto\/q:mauto\/ig:avif\/https:\/\/concertience.fr\/leblog\/wp-content\/uploads\/sites\/2\/2020\/03\/6a00d834435ec653ef01b7c7fb308a970b.jpg","keywords":["Leader","Leadership","Management"],"articleSection":["Notre offre de formation"],"inLanguage":"fr-FR","potentialAction":[{"@type":"CommentAction","name":"Comment","target":["https:\/\/concertience.fr\/leblog\/formation-roue-des-talents-une-premiere-en-france\/#respond"]}]},{"@type":"WebPage","@id":"https:\/\/concertience.fr\/leblog\/formation-roue-des-talents-une-premiere-en-france\/","url":"https:\/\/concertience.fr\/leblog\/formation-roue-des-talents-une-premiere-en-france\/","name":"Formation \"Roue des talents\" - Une premi\u00e8re en France ! - Le blog de Fran\u00e7oise Keller","isPartOf":{"@id":"https:\/\/concertience.fr\/leblog\/#website"},"primaryImageOfPage":{"@id":"https:\/\/concertience.fr\/leblog\/formation-roue-des-talents-une-premiere-en-france\/#primaryimage"},"image":{"@id":"https:\/\/concertience.fr\/leblog\/formation-roue-des-talents-une-premiere-en-france\/#primaryimage"},"thumbnailUrl":"https:\/\/mlkqhmyobbaq.i.optimole.com\/w:auto\/h:auto\/q:mauto\/ig:avif\/https:\/\/concertience.fr\/leblog\/wp-content\/uploads\/sites\/2\/2020\/03\/6a00d834435ec653ef01b7c7fb308a970b.jpg","datePublished":"2010-09-09T10:16:22+00:00","dateModified":"2020-03-30T20:42:47+00:00","author":{"@id":"https:\/\/concertience.fr\/leblog\/#\/schema\/person\/a01b04493c0cb1de0b2030c8b8d5676f"},"breadcrumb":{"@id":"https:\/\/concertience.fr\/leblog\/formation-roue-des-talents-une-premiere-en-france\/#breadcrumb"},"inLanguage":"fr-FR","potentialAction":[{"@type":"ReadAction","target":["https:\/\/concertience.fr\/leblog\/formation-roue-des-talents-une-premiere-en-france\/"]}]},{"@type":"ImageObject","inLanguage":"fr-FR","@id":"https:\/\/concertience.fr\/leblog\/formation-roue-des-talents-une-premiere-en-france\/#primaryimage","url":"https:\/\/mlkqhmyobbaq.i.optimole.com\/w:auto\/h:auto\/q:mauto\/ig:avif\/https:\/\/concertience.fr\/leblog\/wp-content\/uploads\/sites\/2\/2020\/03\/6a00d834435ec653ef01b7c7fb308a970b.jpg","contentUrl":"https:\/\/mlkqhmyobbaq.i.optimole.com\/w:auto\/h:auto\/q:mauto\/ig:avif\/https:\/\/concertience.fr\/leblog\/wp-content\/uploads\/sites\/2\/2020\/03\/6a00d834435ec653ef01b7c7fb308a970b.jpg","width":300,"height":200},{"@type":"BreadcrumbList","@id":"https:\/\/concertience.fr\/leblog\/formation-roue-des-talents-une-premiere-en-france\/#breadcrumb","itemListElement":[{"@type":"ListItem","position":1,"name":"Accueil","item":"https:\/\/concertience.fr\/leblog\/"},{"@type":"ListItem","position":2,"name":"Notre offre de formation","item":"https:\/\/concertience.fr\/leblog\/notre-offre-de-formation\/"},{"@type":"ListItem","position":3,"name":"Formation \u00ab\u00a0Roue des talents\u00a0\u00bb &#8211; Une premi\u00e8re en France !"}]},{"@type":"WebSite","@id":"https:\/\/concertience.fr\/leblog\/#website","url":"https:\/\/concertience.fr\/leblog\/","name":"Le blog de Fran\u00e7oise Keller","description":"Le blog de Fran\u00e7oise Keller, Concertience","potentialAction":[{"@type":"SearchAction","target":{"@type":"EntryPoint","urlTemplate":"https:\/\/concertience.fr\/leblog\/?s={search_term_string}"},"query-input":{"@type":"PropertyValueSpecification","valueRequired":true,"valueName":"search_term_string"}}],"inLanguage":"fr-FR"},{"@type":"Person","@id":"https:\/\/concertience.fr\/leblog\/#\/schema\/person\/a01b04493c0cb1de0b2030c8b8d5676f","name":"Pierrick"}]}},"_links":{"self":[{"href":"https:\/\/concertience.fr\/leblog\/wp-json\/wp\/v2\/posts\/181","targetHints":{"allow":["GET"]}}],"collection":[{"href":"https:\/\/concertience.fr\/leblog\/wp-json\/wp\/v2\/posts"}],"about":[{"href":"https:\/\/concertience.fr\/leblog\/wp-json\/wp\/v2\/types\/post"}],"author":[{"embeddable":true,"href":"https:\/\/concertience.fr\/leblog\/wp-json\/wp\/v2\/users\/1"}],"replies":[{"embeddable":true,"href":"https:\/\/concertience.fr\/leblog\/wp-json\/wp\/v2\/comments?post=181"}],"version-history":[{"count":2,"href":"https:\/\/concertience.fr\/leblog\/wp-json\/wp\/v2\/posts\/181\/revisions"}],"predecessor-version":[{"id":815,"href":"https:\/\/concertience.fr\/leblog\/wp-json\/wp\/v2\/posts\/181\/revisions\/815"}],"wp:attachment":[{"href":"https:\/\/concertience.fr\/leblog\/wp-json\/wp\/v2\/media?parent=181"}],"wp:term":[{"taxonomy":"category","embeddable":true,"href":"https:\/\/concertience.fr\/leblog\/wp-json\/wp\/v2\/categories?post=181"},{"taxonomy":"post_tag","embeddable":true,"href":"https:\/\/concertience.fr\/leblog\/wp-json\/wp\/v2\/tags?post=181"}],"curies":[{"name":"wp","href":"https:\/\/api.w.org\/{rel}","templated":true}]}}