{"id":178,"date":"2010-10-06T17:52:49","date_gmt":"2010-10-06T15:52:49","guid":{"rendered":"https:\/\/concertience.fr\/leblog\/2010\/10\/06\/architecture-et-developpement-durable\/"},"modified":"2010-10-06T17:52:49","modified_gmt":"2010-10-06T15:52:49","slug":"architecture-et-developpement-durable","status":"publish","type":"post","link":"https:\/\/concertience.fr\/leblog\/architecture-et-developpement-durable\/","title":{"rendered":"Architecture et d\u00e9veloppement durable"},"content":{"rendered":"<p>C&#039;est Thierry Roche, architecte, qui m&#039;a fait d\u00e9couvrir cet ouvrage collectif&#160; beau et inspirant. Il y a donc quelques pages qui pr\u00e9sentent la Cit\u00e9 de l&#039;Environnement et le projet de gouvernance novateur que nous avons commenc\u00e9.<\/p>\n<p><\/p>\n","protected":false},"excerpt":{"rendered":"<p>C&#039;est Thierry Roche, architecte, qui m&#039;a fait d\u00e9couvrir cet ouvrage collectif&#160; beau et inspirant. Il y a donc quelques pages qui pr\u00e9sentent la Cit\u00e9 de l&#039;Environnement et le projet de gouvernance novateur que nous avons commenc\u00e9.<\/p>\n","protected":false},"author":1,"featured_media":0,"comment_status":"open","ping_status":"open","sticky":false,"template":"","format":"standard","meta":{"footnotes":""},"categories":[5],"tags":[],"class_list":["post-178","post","type-post","status-publish","format-standard","hentry","category-regards-croises"],"yoast_head":"<!-- This site is optimized with the Yoast SEO plugin v27.5 - https:\/\/yoast.com\/product\/yoast-seo-wordpress\/ -->\n<title>Architecture et d\u00e9veloppement durable - Le blog de Fran\u00e7oise Keller<\/title>\n<meta name=\"robots\" content=\"index, follow, max-snippet:-1, max-image-preview:large, max-video-preview:-1\" \/>\n<link rel=\"canonical\" href=\"https:\/\/concertience.fr\/leblog\/architecture-et-developpement-durable\/\" \/>\n<meta property=\"og:locale\" content=\"fr_FR\" \/>\n<meta property=\"og:type\" content=\"article\" \/>\n<meta property=\"og:title\" content=\"Architecture et d\u00e9veloppement durable - Le blog de Fran\u00e7oise Keller\" \/>\n<meta property=\"og:description\" content=\"C&#039;est Thierry Roche, architecte, qui m&#039;a fait d\u00e9couvrir cet ouvrage collectif&#160; beau et inspirant. Il y a donc quelques pages qui pr\u00e9sentent la Cit\u00e9 de l&#039;Environnement et le projet de gouvernance novateur que nous avons commenc\u00e9.\" \/>\n<meta property=\"og:url\" content=\"https:\/\/concertience.fr\/leblog\/architecture-et-developpement-durable\/\" \/>\n<meta property=\"og:site_name\" content=\"Le blog de Fran\u00e7oise Keller\" \/>\n<meta property=\"article:published_time\" content=\"2010-10-06T15:52:49+00:00\" \/>\n<meta name=\"author\" content=\"Pierrick\" \/>\n<meta name=\"twitter:card\" content=\"summary_large_image\" \/>\n<meta name=\"twitter:label1\" content=\"\u00c9crit par\" \/>\n\t<meta name=\"twitter:data1\" content=\"Pierrick\" \/>\n<script type=\"application\/ld+json\" class=\"yoast-schema-graph\">{\"@context\":\"https:\\\/\\\/schema.org\",\"@graph\":[{\"@type\":\"Article\",\"@id\":\"https:\\\/\\\/concertience.fr\\\/leblog\\\/architecture-et-developpement-durable\\\/#article\",\"isPartOf\":{\"@id\":\"https:\\\/\\\/concertience.fr\\\/leblog\\\/architecture-et-developpement-durable\\\/\"},\"author\":{\"name\":\"Pierrick\",\"@id\":\"https:\\\/\\\/concertience.fr\\\/leblog\\\/#\\\/schema\\\/person\\\/a01b04493c0cb1de0b2030c8b8d5676f\"},\"headline\":\"Architecture et d\u00e9veloppement durable\",\"datePublished\":\"2010-10-06T15:52:49+00:00\",\"mainEntityOfPage\":{\"@id\":\"https:\\\/\\\/concertience.fr\\\/leblog\\\/architecture-et-developpement-durable\\\/\"},\"wordCount\":46,\"commentCount\":0,\"articleSection\":[\"Regards crois\u00e9s\"],\"inLanguage\":\"fr-FR\",\"potentialAction\":[{\"@type\":\"CommentAction\",\"name\":\"Comment\",\"target\":[\"https:\\\/\\\/concertience.fr\\\/leblog\\\/architecture-et-developpement-durable\\\/#respond\"]}]},{\"@type\":\"WebPage\",\"@id\":\"https:\\\/\\\/concertience.fr\\\/leblog\\\/architecture-et-developpement-durable\\\/\",\"url\":\"https:\\\/\\\/concertience.fr\\\/leblog\\\/architecture-et-developpement-durable\\\/\",\"name\":\"Architecture et d\u00e9veloppement durable - Le blog de Fran\u00e7oise Keller\",\"isPartOf\":{\"@id\":\"https:\\\/\\\/concertience.fr\\\/leblog\\\/#website\"},\"datePublished\":\"2010-10-06T15:52:49+00:00\",\"author\":{\"@id\":\"https:\\\/\\\/concertience.fr\\\/leblog\\\/#\\\/schema\\\/person\\\/a01b04493c0cb1de0b2030c8b8d5676f\"},\"breadcrumb\":{\"@id\":\"https:\\\/\\\/concertience.fr\\\/leblog\\\/architecture-et-developpement-durable\\\/#breadcrumb\"},\"inLanguage\":\"fr-FR\",\"potentialAction\":[{\"@type\":\"ReadAction\",\"target\":[\"https:\\\/\\\/concertience.fr\\\/leblog\\\/architecture-et-developpement-durable\\\/\"]}]},{\"@type\":\"BreadcrumbList\",\"@id\":\"https:\\\/\\\/concertience.fr\\\/leblog\\\/architecture-et-developpement-durable\\\/#breadcrumb\",\"itemListElement\":[{\"@type\":\"ListItem\",\"position\":1,\"name\":\"Accueil\",\"item\":\"https:\\\/\\\/concertience.fr\\\/leblog\\\/\"},{\"@type\":\"ListItem\",\"position\":2,\"name\":\"Regards crois\u00e9s\",\"item\":\"https:\\\/\\\/concertience.fr\\\/leblog\\\/regards-croises\\\/\"},{\"@type\":\"ListItem\",\"position\":3,\"name\":\"Architecture et d\u00e9veloppement durable\"}]},{\"@type\":\"WebSite\",\"@id\":\"https:\\\/\\\/concertience.fr\\\/leblog\\\/#website\",\"url\":\"https:\\\/\\\/concertience.fr\\\/leblog\\\/\",\"name\":\"Le blog de Fran\u00e7oise Keller\",\"description\":\"Le blog de Fran\u00e7oise Keller, Concertience\",\"potentialAction\":[{\"@type\":\"SearchAction\",\"target\":{\"@type\":\"EntryPoint\",\"urlTemplate\":\"https:\\\/\\\/concertience.fr\\\/leblog\\\/?s={search_term_string}\"},\"query-input\":{\"@type\":\"PropertyValueSpecification\",\"valueRequired\":true,\"valueName\":\"search_term_string\"}}],\"inLanguage\":\"fr-FR\"},{\"@type\":\"Person\",\"@id\":\"https:\\\/\\\/concertience.fr\\\/leblog\\\/#\\\/schema\\\/person\\\/a01b04493c0cb1de0b2030c8b8d5676f\",\"name\":\"Pierrick\"}]}<\/script>\n<!-- \/ Yoast SEO plugin. -->","yoast_head_json":{"title":"Architecture et d\u00e9veloppement durable - Le blog de Fran\u00e7oise Keller","robots":{"index":"index","follow":"follow","max-snippet":"max-snippet:-1","max-image-preview":"max-image-preview:large","max-video-preview":"max-video-preview:-1"},"canonical":"https:\/\/concertience.fr\/leblog\/architecture-et-developpement-durable\/","og_locale":"fr_FR","og_type":"article","og_title":"Architecture et d\u00e9veloppement durable - Le blog de Fran\u00e7oise Keller","og_description":"C&#039;est Thierry Roche, architecte, qui m&#039;a fait d\u00e9couvrir cet ouvrage collectif&#160; beau et inspirant. Il y a donc quelques pages qui pr\u00e9sentent la Cit\u00e9 de l&#039;Environnement et le projet de gouvernance novateur que nous avons commenc\u00e9.","og_url":"https:\/\/concertience.fr\/leblog\/architecture-et-developpement-durable\/","og_site_name":"Le blog de Fran\u00e7oise Keller","article_published_time":"2010-10-06T15:52:49+00:00","author":"Pierrick","twitter_card":"summary_large_image","twitter_misc":{"\u00c9crit par":"Pierrick"},"schema":{"@context":"https:\/\/schema.org","@graph":[{"@type":"Article","@id":"https:\/\/concertience.fr\/leblog\/architecture-et-developpement-durable\/#article","isPartOf":{"@id":"https:\/\/concertience.fr\/leblog\/architecture-et-developpement-durable\/"},"author":{"name":"Pierrick","@id":"https:\/\/concertience.fr\/leblog\/#\/schema\/person\/a01b04493c0cb1de0b2030c8b8d5676f"},"headline":"Architecture et d\u00e9veloppement durable","datePublished":"2010-10-06T15:52:49+00:00","mainEntityOfPage":{"@id":"https:\/\/concertience.fr\/leblog\/architecture-et-developpement-durable\/"},"wordCount":46,"commentCount":0,"articleSection":["Regards crois\u00e9s"],"inLanguage":"fr-FR","potentialAction":[{"@type":"CommentAction","name":"Comment","target":["https:\/\/concertience.fr\/leblog\/architecture-et-developpement-durable\/#respond"]}]},{"@type":"WebPage","@id":"https:\/\/concertience.fr\/leblog\/architecture-et-developpement-durable\/","url":"https:\/\/concertience.fr\/leblog\/architecture-et-developpement-durable\/","name":"Architecture et d\u00e9veloppement durable - Le blog de Fran\u00e7oise Keller","isPartOf":{"@id":"https:\/\/concertience.fr\/leblog\/#website"},"datePublished":"2010-10-06T15:52:49+00:00","author":{"@id":"https:\/\/concertience.fr\/leblog\/#\/schema\/person\/a01b04493c0cb1de0b2030c8b8d5676f"},"breadcrumb":{"@id":"https:\/\/concertience.fr\/leblog\/architecture-et-developpement-durable\/#breadcrumb"},"inLanguage":"fr-FR","potentialAction":[{"@type":"ReadAction","target":["https:\/\/concertience.fr\/leblog\/architecture-et-developpement-durable\/"]}]},{"@type":"BreadcrumbList","@id":"https:\/\/concertience.fr\/leblog\/architecture-et-developpement-durable\/#breadcrumb","itemListElement":[{"@type":"ListItem","position":1,"name":"Accueil","item":"https:\/\/concertience.fr\/leblog\/"},{"@type":"ListItem","position":2,"name":"Regards crois\u00e9s","item":"https:\/\/concertience.fr\/leblog\/regards-croises\/"},{"@type":"ListItem","position":3,"name":"Architecture et d\u00e9veloppement durable"}]},{"@type":"WebSite","@id":"https:\/\/concertience.fr\/leblog\/#website","url":"https:\/\/concertience.fr\/leblog\/","name":"Le blog de Fran\u00e7oise Keller","description":"Le blog de Fran\u00e7oise Keller, Concertience","potentialAction":[{"@type":"SearchAction","target":{"@type":"EntryPoint","urlTemplate":"https:\/\/concertience.fr\/leblog\/?s={search_term_string}"},"query-input":{"@type":"PropertyValueSpecification","valueRequired":true,"valueName":"search_term_string"}}],"inLanguage":"fr-FR"},{"@type":"Person","@id":"https:\/\/concertience.fr\/leblog\/#\/schema\/person\/a01b04493c0cb1de0b2030c8b8d5676f","name":"Pierrick"}]}},"_links":{"self":[{"href":"https:\/\/concertience.fr\/leblog\/wp-json\/wp\/v2\/posts\/178","targetHints":{"allow":["GET"]}}],"collection":[{"href":"https:\/\/concertience.fr\/leblog\/wp-json\/wp\/v2\/posts"}],"about":[{"href":"https:\/\/concertience.fr\/leblog\/wp-json\/wp\/v2\/types\/post"}],"author":[{"embeddable":true,"href":"https:\/\/concertience.fr\/leblog\/wp-json\/wp\/v2\/users\/1"}],"replies":[{"embeddable":true,"href":"https:\/\/concertience.fr\/leblog\/wp-json\/wp\/v2\/comments?post=178"}],"version-history":[{"count":0,"href":"https:\/\/concertience.fr\/leblog\/wp-json\/wp\/v2\/posts\/178\/revisions"}],"wp:attachment":[{"href":"https:\/\/concertience.fr\/leblog\/wp-json\/wp\/v2\/media?parent=178"}],"wp:term":[{"taxonomy":"category","embeddable":true,"href":"https:\/\/concertience.fr\/leblog\/wp-json\/wp\/v2\/categories?post=178"},{"taxonomy":"post_tag","embeddable":true,"href":"https:\/\/concertience.fr\/leblog\/wp-json\/wp\/v2\/tags?post=178"}],"curies":[{"name":"wp","href":"https:\/\/api.w.org\/{rel}","templated":true}]}}