{"id":176,"date":"2010-10-13T21:04:18","date_gmt":"2010-10-13T19:04:18","guid":{"rendered":"https:\/\/concertience.fr\/leblog\/2010\/10\/13\/prochaines-formations-en-gouvernance-sociocratique\/"},"modified":"2020-03-30T21:52:16","modified_gmt":"2020-03-30T19:52:16","slug":"prochaines-formations-en-gouvernance-sociocratique","status":"publish","type":"post","link":"https:\/\/concertience.fr\/leblog\/prochaines-formations-en-gouvernance-sociocratique\/","title":{"rendered":"Prochaines formations en gouvernance sociocratique"},"content":{"rendered":"\n<div class=\"wp-block-image\"><figure class=\"aligncenter size-large\"><img data-opt-id=2146776057  fetchpriority=\"high\" decoding=\"async\" width=\"274\" height=\"200\" src=\"https:\/\/mlkqhmyobbaq.i.optimole.com\/w:auto\/h:auto\/q:mauto\/ig:avif\/https:\/\/concertience.fr\/leblog\/wp-content\/uploads\/sites\/2\/2020\/03\/Sociocratie.jpg\" alt=\"\" class=\"wp-image-754\"\/><\/figure><\/div>\n\n\n<p><span style=\"color: #6000bf;\"><em>Sortir de la solitude du dirigeant<\/em><\/span><\/p>\n<p><span style=\"color: #6000bf;\"><em>Permettre une coop\u00e9ration fructueuse entre conseils d&rsquo;administrations et \u00e9quipes op\u00e9rationnelles dans les associations<\/em><\/span><\/p>\n<p><span style=\"color: #6000bf;\"><em>P\u00e9r\u00e9niser et diffuser dans les organisations des fonctionnements de coop\u00e9ration port\u00e9s par des personnes particuli\u00e8res<\/em><\/span><\/p>\n<p><span style=\"color: #6000bf;\"><em>Optimiser le fonctionnement des \u00e9quipes de direction et des r\u00e9unions<\/em><\/span><\/p>\n<p><span style=\"color: #6000bf;\"><em>Permettre aux organisations d&rsquo;\u00eatre \u00e0 la fois efficaces et respectueuses des personnes<\/em><\/span><\/p>\n<p><span style=\"color: #6000bf;\"><em>Faciliter le \u00ab\u00a0vivre ensemble\u00a0\u00bb, le \u00ab\u00a0habiter ensemble\u00a0\u00bb, le \u00ab\u00a0travailler ensemble\u00a0\u00bb<\/em><\/span><\/p>\n<p><span style=\"color: #6000bf;\"><em>Transformer les conflits et les tensions en occasions de croissance et de coh\u00e9sion<\/em><\/span><\/p>\n<p><span style=\"color: #6000bf;\"><em>Retrouver le plaisir de diriger, de d\u00e9cider et de construire<br \/><\/em><\/span><\/p>\n<p>Voici quelques motivations \u00e0 se former \u00e0 la gouvernance par consentement (sociocratie).<\/p>","protected":false},"excerpt":{"rendered":"<p>Sortir de la solitude du dirigeant Permettre une coop\u00e9ration fructueuse entre conseils d&rsquo;administrations et \u00e9quipes op\u00e9rationnelles dans les associations P\u00e9r\u00e9niser et diffuser dans les organisations des fonctionnements de coop\u00e9ration port\u00e9s par des personnes particuli\u00e8res Optimiser le fonctionnement des \u00e9quipes de direction et des r\u00e9unions Permettre aux organisations d&rsquo;\u00eatre \u00e0 la fois efficaces et respectueuses des<a class=\"excerpt-read-more\" href=\"https:\/\/concertience.fr\/leblog\/prochaines-formations-en-gouvernance-sociocratique\/\" title=\"ReadProchaines formations en gouvernance sociocratique\">&#8230; Lire plus &raquo;<\/a><\/p>\n","protected":false},"author":1,"featured_media":0,"comment_status":"open","ping_status":"open","sticky":false,"template":"","format":"standard","meta":{"footnotes":""},"categories":[32],"tags":[],"class_list":["post-176","post","type-post","status-publish","format-standard","hentry","category-sociocratie"],"yoast_head":"<!-- This site is optimized with the Yoast SEO plugin v27.4 - https:\/\/yoast.com\/product\/yoast-seo-wordpress\/ -->\n<title>Prochaines formations en gouvernance sociocratique - Le blog de Fran\u00e7oise Keller<\/title>\n<meta name=\"robots\" content=\"index, follow, max-snippet:-1, max-image-preview:large, max-video-preview:-1\" \/>\n<link rel=\"canonical\" href=\"https:\/\/concertience.fr\/leblog\/prochaines-formations-en-gouvernance-sociocratique\/\" \/>\n<meta property=\"og:locale\" content=\"fr_FR\" \/>\n<meta property=\"og:type\" content=\"article\" \/>\n<meta property=\"og:title\" content=\"Prochaines formations en gouvernance sociocratique - Le blog de Fran\u00e7oise Keller\" \/>\n<meta property=\"og:description\" content=\"Sortir de la solitude du dirigeant Permettre une coop\u00e9ration fructueuse entre conseils d&rsquo;administrations et \u00e9quipes op\u00e9rationnelles dans les associations P\u00e9r\u00e9niser et diffuser dans les organisations des fonctionnements de coop\u00e9ration port\u00e9s par des personnes particuli\u00e8res Optimiser le fonctionnement des \u00e9quipes de direction et des r\u00e9unions Permettre aux organisations d&rsquo;\u00eatre \u00e0 la fois efficaces et respectueuses des... Lire plus &raquo;\" \/>\n<meta property=\"og:url\" content=\"https:\/\/concertience.fr\/leblog\/prochaines-formations-en-gouvernance-sociocratique\/\" \/>\n<meta property=\"og:site_name\" content=\"Le blog de Fran\u00e7oise Keller\" \/>\n<meta property=\"article:published_time\" content=\"2010-10-13T19:04:18+00:00\" \/>\n<meta property=\"article:modified_time\" content=\"2020-03-30T19:52:16+00:00\" \/>\n<meta property=\"og:image\" content=\"https:\/\/mlkqhmyobbaq.i.optimole.com\/w:auto\/h:auto\/q:mauto\/ig:avif\/https:\/\/concertience.fr\/leblog\/wp-content\/uploads\/sites\/2\/2020\/03\/Sociocratie.jpg\" \/>\n<meta name=\"author\" content=\"Pierrick\" \/>\n<meta name=\"twitter:card\" content=\"summary_large_image\" \/>\n<meta name=\"twitter:label1\" content=\"\u00c9crit par\" \/>\n\t<meta name=\"twitter:data1\" content=\"Pierrick\" \/>\n\t<meta name=\"twitter:label2\" content=\"Dur\u00e9e de lecture estim\u00e9e\" \/>\n\t<meta name=\"twitter:data2\" content=\"1 minute\" \/>\n<script type=\"application\/ld+json\" class=\"yoast-schema-graph\">{\"@context\":\"https:\\\/\\\/schema.org\",\"@graph\":[{\"@type\":\"Article\",\"@id\":\"https:\\\/\\\/concertience.fr\\\/leblog\\\/prochaines-formations-en-gouvernance-sociocratique\\\/#article\",\"isPartOf\":{\"@id\":\"https:\\\/\\\/concertience.fr\\\/leblog\\\/prochaines-formations-en-gouvernance-sociocratique\\\/\"},\"author\":{\"name\":\"Pierrick\",\"@id\":\"https:\\\/\\\/concertience.fr\\\/leblog\\\/#\\\/schema\\\/person\\\/a01b04493c0cb1de0b2030c8b8d5676f\"},\"headline\":\"Prochaines formations en gouvernance sociocratique\",\"datePublished\":\"2010-10-13T19:04:18+00:00\",\"dateModified\":\"2020-03-30T19:52:16+00:00\",\"mainEntityOfPage\":{\"@id\":\"https:\\\/\\\/concertience.fr\\\/leblog\\\/prochaines-formations-en-gouvernance-sociocratique\\\/\"},\"wordCount\":115,\"commentCount\":0,\"image\":{\"@id\":\"https:\\\/\\\/concertience.fr\\\/leblog\\\/prochaines-formations-en-gouvernance-sociocratique\\\/#primaryimage\"},\"thumbnailUrl\":\"https:\\/\\/concertience.fr\\/leblog\\/wp-content\\/uploads\\/sites\\/2\\/2020\\/03\\/Sociocratie.jpg\",\"articleSection\":[\"Sociocratie\"],\"inLanguage\":\"fr-FR\",\"potentialAction\":[{\"@type\":\"CommentAction\",\"name\":\"Comment\",\"target\":[\"https:\\\/\\\/concertience.fr\\\/leblog\\\/prochaines-formations-en-gouvernance-sociocratique\\\/#respond\"]}]},{\"@type\":\"WebPage\",\"@id\":\"https:\\\/\\\/concertience.fr\\\/leblog\\\/prochaines-formations-en-gouvernance-sociocratique\\\/\",\"url\":\"https:\\\/\\\/concertience.fr\\\/leblog\\\/prochaines-formations-en-gouvernance-sociocratique\\\/\",\"name\":\"Prochaines formations en gouvernance sociocratique - Le blog de Fran\u00e7oise Keller\",\"isPartOf\":{\"@id\":\"https:\\\/\\\/concertience.fr\\\/leblog\\\/#website\"},\"primaryImageOfPage\":{\"@id\":\"https:\\\/\\\/concertience.fr\\\/leblog\\\/prochaines-formations-en-gouvernance-sociocratique\\\/#primaryimage\"},\"image\":{\"@id\":\"https:\\\/\\\/concertience.fr\\\/leblog\\\/prochaines-formations-en-gouvernance-sociocratique\\\/#primaryimage\"},\"thumbnailUrl\":\"https:\\/\\/concertience.fr\\/leblog\\/wp-content\\/uploads\\/sites\\/2\\/2020\\/03\\/Sociocratie.jpg\",\"datePublished\":\"2010-10-13T19:04:18+00:00\",\"dateModified\":\"2020-03-30T19:52:16+00:00\",\"author\":{\"@id\":\"https:\\\/\\\/concertience.fr\\\/leblog\\\/#\\\/schema\\\/person\\\/a01b04493c0cb1de0b2030c8b8d5676f\"},\"breadcrumb\":{\"@id\":\"https:\\\/\\\/concertience.fr\\\/leblog\\\/prochaines-formations-en-gouvernance-sociocratique\\\/#breadcrumb\"},\"inLanguage\":\"fr-FR\",\"potentialAction\":[{\"@type\":\"ReadAction\",\"target\":[\"https:\\\/\\\/concertience.fr\\\/leblog\\\/prochaines-formations-en-gouvernance-sociocratique\\\/\"]}]},{\"@type\":\"ImageObject\",\"inLanguage\":\"fr-FR\",\"@id\":\"https:\\\/\\\/concertience.fr\\\/leblog\\\/prochaines-formations-en-gouvernance-sociocratique\\\/#primaryimage\",\"url\":\"https:\\/\\/concertience.fr\\/leblog\\/wp-content\\/uploads\\/sites\\/2\\/2020\\/03\\/Sociocratie.jpg\",\"contentUrl\":\"https:\\/\\/concertience.fr\\/leblog\\/wp-content\\/uploads\\/sites\\/2\\/2020\\/03\\/Sociocratie.jpg\",\"width\":274,\"height\":200},{\"@type\":\"BreadcrumbList\",\"@id\":\"https:\\\/\\\/concertience.fr\\\/leblog\\\/prochaines-formations-en-gouvernance-sociocratique\\\/#breadcrumb\",\"itemListElement\":[{\"@type\":\"ListItem\",\"position\":1,\"name\":\"Accueil\",\"item\":\"https:\\\/\\\/concertience.fr\\\/leblog\\\/\"},{\"@type\":\"ListItem\",\"position\":2,\"name\":\"Sociocratie\",\"item\":\"https:\\\/\\\/concertience.fr\\\/leblog\\\/sociocratie\\\/\"},{\"@type\":\"ListItem\",\"position\":3,\"name\":\"Prochaines formations en gouvernance sociocratique\"}]},{\"@type\":\"WebSite\",\"@id\":\"https:\\\/\\\/concertience.fr\\\/leblog\\\/#website\",\"url\":\"https:\\\/\\\/concertience.fr\\\/leblog\\\/\",\"name\":\"Le blog de Fran\u00e7oise Keller\",\"description\":\"Le blog de Fran\u00e7oise Keller, Concertience\",\"potentialAction\":[{\"@type\":\"SearchAction\",\"target\":{\"@type\":\"EntryPoint\",\"urlTemplate\":\"https:\\\/\\\/concertience.fr\\\/leblog\\\/?s={search_term_string}\"},\"query-input\":{\"@type\":\"PropertyValueSpecification\",\"valueRequired\":true,\"valueName\":\"search_term_string\"}}],\"inLanguage\":\"fr-FR\"},{\"@type\":\"Person\",\"@id\":\"https:\\\/\\\/concertience.fr\\\/leblog\\\/#\\\/schema\\\/person\\\/a01b04493c0cb1de0b2030c8b8d5676f\",\"name\":\"Pierrick\"}]}<\/script>\n<!-- \/ Yoast SEO plugin. -->","yoast_head_json":{"title":"Prochaines formations en gouvernance sociocratique - Le blog de Fran\u00e7oise Keller","robots":{"index":"index","follow":"follow","max-snippet":"max-snippet:-1","max-image-preview":"max-image-preview:large","max-video-preview":"max-video-preview:-1"},"canonical":"https:\/\/concertience.fr\/leblog\/prochaines-formations-en-gouvernance-sociocratique\/","og_locale":"fr_FR","og_type":"article","og_title":"Prochaines formations en gouvernance sociocratique - Le blog de Fran\u00e7oise Keller","og_description":"Sortir de la solitude du dirigeant Permettre une coop\u00e9ration fructueuse entre conseils d&rsquo;administrations et \u00e9quipes op\u00e9rationnelles dans les associations P\u00e9r\u00e9niser et diffuser dans les organisations des fonctionnements de coop\u00e9ration port\u00e9s par des personnes particuli\u00e8res Optimiser le fonctionnement des \u00e9quipes de direction et des r\u00e9unions Permettre aux organisations d&rsquo;\u00eatre \u00e0 la fois efficaces et respectueuses des... Lire plus &raquo;","og_url":"https:\/\/concertience.fr\/leblog\/prochaines-formations-en-gouvernance-sociocratique\/","og_site_name":"Le blog de Fran\u00e7oise Keller","article_published_time":"2010-10-13T19:04:18+00:00","article_modified_time":"2020-03-30T19:52:16+00:00","og_image":[{"url":"https:\/\/mlkqhmyobbaq.i.optimole.com\/w:auto\/h:auto\/q:mauto\/ig:avif\/https:\/\/concertience.fr\/leblog\/wp-content\/uploads\/sites\/2\/2020\/03\/Sociocratie.jpg","type":"","width":"","height":""}],"author":"Pierrick","twitter_card":"summary_large_image","twitter_misc":{"\u00c9crit par":"Pierrick","Dur\u00e9e de lecture estim\u00e9e":"1 minute"},"schema":{"@context":"https:\/\/schema.org","@graph":[{"@type":"Article","@id":"https:\/\/concertience.fr\/leblog\/prochaines-formations-en-gouvernance-sociocratique\/#article","isPartOf":{"@id":"https:\/\/concertience.fr\/leblog\/prochaines-formations-en-gouvernance-sociocratique\/"},"author":{"name":"Pierrick","@id":"https:\/\/concertience.fr\/leblog\/#\/schema\/person\/a01b04493c0cb1de0b2030c8b8d5676f"},"headline":"Prochaines formations en gouvernance sociocratique","datePublished":"2010-10-13T19:04:18+00:00","dateModified":"2020-03-30T19:52:16+00:00","mainEntityOfPage":{"@id":"https:\/\/concertience.fr\/leblog\/prochaines-formations-en-gouvernance-sociocratique\/"},"wordCount":115,"commentCount":0,"image":{"@id":"https:\/\/concertience.fr\/leblog\/prochaines-formations-en-gouvernance-sociocratique\/#primaryimage"},"thumbnailUrl":"https:\/\/mlkqhmyobbaq.i.optimole.com\/w:auto\/h:auto\/q:mauto\/ig:avif\/https:\/\/concertience.fr\/leblog\/wp-content\/uploads\/sites\/2\/2020\/03\/Sociocratie.jpg","articleSection":["Sociocratie"],"inLanguage":"fr-FR","potentialAction":[{"@type":"CommentAction","name":"Comment","target":["https:\/\/concertience.fr\/leblog\/prochaines-formations-en-gouvernance-sociocratique\/#respond"]}]},{"@type":"WebPage","@id":"https:\/\/concertience.fr\/leblog\/prochaines-formations-en-gouvernance-sociocratique\/","url":"https:\/\/concertience.fr\/leblog\/prochaines-formations-en-gouvernance-sociocratique\/","name":"Prochaines formations en gouvernance sociocratique - Le blog de Fran\u00e7oise Keller","isPartOf":{"@id":"https:\/\/concertience.fr\/leblog\/#website"},"primaryImageOfPage":{"@id":"https:\/\/concertience.fr\/leblog\/prochaines-formations-en-gouvernance-sociocratique\/#primaryimage"},"image":{"@id":"https:\/\/concertience.fr\/leblog\/prochaines-formations-en-gouvernance-sociocratique\/#primaryimage"},"thumbnailUrl":"https:\/\/mlkqhmyobbaq.i.optimole.com\/w:auto\/h:auto\/q:mauto\/ig:avif\/https:\/\/concertience.fr\/leblog\/wp-content\/uploads\/sites\/2\/2020\/03\/Sociocratie.jpg","datePublished":"2010-10-13T19:04:18+00:00","dateModified":"2020-03-30T19:52:16+00:00","author":{"@id":"https:\/\/concertience.fr\/leblog\/#\/schema\/person\/a01b04493c0cb1de0b2030c8b8d5676f"},"breadcrumb":{"@id":"https:\/\/concertience.fr\/leblog\/prochaines-formations-en-gouvernance-sociocratique\/#breadcrumb"},"inLanguage":"fr-FR","potentialAction":[{"@type":"ReadAction","target":["https:\/\/concertience.fr\/leblog\/prochaines-formations-en-gouvernance-sociocratique\/"]}]},{"@type":"ImageObject","inLanguage":"fr-FR","@id":"https:\/\/concertience.fr\/leblog\/prochaines-formations-en-gouvernance-sociocratique\/#primaryimage","url":"https:\/\/mlkqhmyobbaq.i.optimole.com\/w:auto\/h:auto\/q:mauto\/ig:avif\/https:\/\/concertience.fr\/leblog\/wp-content\/uploads\/sites\/2\/2020\/03\/Sociocratie.jpg","contentUrl":"https:\/\/mlkqhmyobbaq.i.optimole.com\/w:auto\/h:auto\/q:mauto\/ig:avif\/https:\/\/concertience.fr\/leblog\/wp-content\/uploads\/sites\/2\/2020\/03\/Sociocratie.jpg","width":274,"height":200},{"@type":"BreadcrumbList","@id":"https:\/\/concertience.fr\/leblog\/prochaines-formations-en-gouvernance-sociocratique\/#breadcrumb","itemListElement":[{"@type":"ListItem","position":1,"name":"Accueil","item":"https:\/\/concertience.fr\/leblog\/"},{"@type":"ListItem","position":2,"name":"Sociocratie","item":"https:\/\/concertience.fr\/leblog\/sociocratie\/"},{"@type":"ListItem","position":3,"name":"Prochaines formations en gouvernance sociocratique"}]},{"@type":"WebSite","@id":"https:\/\/concertience.fr\/leblog\/#website","url":"https:\/\/concertience.fr\/leblog\/","name":"Le blog de Fran\u00e7oise Keller","description":"Le blog de Fran\u00e7oise Keller, Concertience","potentialAction":[{"@type":"SearchAction","target":{"@type":"EntryPoint","urlTemplate":"https:\/\/concertience.fr\/leblog\/?s={search_term_string}"},"query-input":{"@type":"PropertyValueSpecification","valueRequired":true,"valueName":"search_term_string"}}],"inLanguage":"fr-FR"},{"@type":"Person","@id":"https:\/\/concertience.fr\/leblog\/#\/schema\/person\/a01b04493c0cb1de0b2030c8b8d5676f","name":"Pierrick"}]}},"_links":{"self":[{"href":"https:\/\/concertience.fr\/leblog\/wp-json\/wp\/v2\/posts\/176","targetHints":{"allow":["GET"]}}],"collection":[{"href":"https:\/\/concertience.fr\/leblog\/wp-json\/wp\/v2\/posts"}],"about":[{"href":"https:\/\/concertience.fr\/leblog\/wp-json\/wp\/v2\/types\/post"}],"author":[{"embeddable":true,"href":"https:\/\/concertience.fr\/leblog\/wp-json\/wp\/v2\/users\/1"}],"replies":[{"embeddable":true,"href":"https:\/\/concertience.fr\/leblog\/wp-json\/wp\/v2\/comments?post=176"}],"version-history":[{"count":1,"href":"https:\/\/concertience.fr\/leblog\/wp-json\/wp\/v2\/posts\/176\/revisions"}],"predecessor-version":[{"id":776,"href":"https:\/\/concertience.fr\/leblog\/wp-json\/wp\/v2\/posts\/176\/revisions\/776"}],"wp:attachment":[{"href":"https:\/\/concertience.fr\/leblog\/wp-json\/wp\/v2\/media?parent=176"}],"wp:term":[{"taxonomy":"category","embeddable":true,"href":"https:\/\/concertience.fr\/leblog\/wp-json\/wp\/v2\/categories?post=176"},{"taxonomy":"post_tag","embeddable":true,"href":"https:\/\/concertience.fr\/leblog\/wp-json\/wp\/v2\/tags?post=176"}],"curies":[{"name":"wp","href":"https:\/\/api.w.org\/{rel}","templated":true}]}}