{"id":170,"date":"2010-11-26T14:29:02","date_gmt":"2010-11-26T13:29:02","guid":{"rendered":"https:\/\/concertience.fr\/leblog\/2010\/11\/26\/offrir-une-alternative-aux-eleves-en-situation-de-decrochage-scolaire-parlons-en\/"},"modified":"2020-03-30T22:39:50","modified_gmt":"2020-03-30T20:39:50","slug":"offrir-une-alternative-aux-eleves-en-situation-de-decrochage-scolaire-parlons-en","status":"publish","type":"post","link":"https:\/\/concertience.fr\/leblog\/offrir-une-alternative-aux-eleves-en-situation-de-decrochage-scolaire-parlons-en\/","title":{"rendered":"Offrir une alternative aux \u00e9l\u00e8ves en situation de d\u00e9crochage scolaire Parlons-en !"},"content":{"rendered":"<p><span style=\"color: #6000bf;\">\u00ab\u00a0Si nous d\u00e9veloppons une communication qui permet \u00e0<\/span> <span style=\"color: #6000bf;\">chacun d&rsquo;\u00eatre en lien avec ses motivations et d&rsquo;accueillir celles de l&rsquo;autre, nous mettons en<\/span> <span style=\"color: #6000bf;\">place les conditions de base qui permettront \u00e0 l&rsquo;\u00e9l\u00e8ve de d\u00e9velopper un projet r\u00e9aliste,<\/span> <span style=\"color: #6000bf;\">r\u00e9alisable et concret et de le mettre en oeuvre.\u00a0\u00bb<\/span><\/p>\n<p>Le lyc\u00e9e du Guiers Val d&rsquo;Ainan, qui a mis la Communication NonViolente au coeur de son projet d&rsquo;\u00e9tablissement depuis 3 ans, organise une conf\u00e9rence spectacle le 2 d\u00e9cembre 2010. Ayant particip\u00e9 au lancement de ce projet, je suis contente de le voir \u00e9voluer au service des \u00e9l\u00e8ves et de la communaut\u00e9 \u00e9ducative.<\/p>\n<p>Afin de faire d\u00e9couvrir cette approche, les responsables de l&rsquo;\u00e9ducation (directeurs d&rsquo;\u00e9tablissements, responsables des structures relais&#8230;) sont invit\u00e9s \u00e0 cette pr\u00e9sentation. Pour toute information ou r\u00e9servation, contacter directement le lyc\u00e9e.<\/p>\n<p><a href=\"http:\/\/www.theatredufildelavie.com\/\" target=\"_self\" rel=\"noopener noreferrer\">Th\u00e9atre du fil de la vie &#8211; Compagnie de th\u00e9atre<\/a><\/p>\n","protected":false},"excerpt":{"rendered":"<p>\u00ab\u00a0Si nous d\u00e9veloppons une communication qui permet \u00e0 chacun d&rsquo;\u00eatre en lien avec ses motivations et d&rsquo;accueillir celles de l&rsquo;autre, nous mettons en place les conditions de base qui permettront \u00e0 l&rsquo;\u00e9l\u00e8ve de d\u00e9velopper un projet r\u00e9aliste, r\u00e9alisable et concret et de le mettre en oeuvre.\u00a0\u00bb Le lyc\u00e9e du Guiers Val d&rsquo;Ainan, qui a mis<a class=\"excerpt-read-more\" href=\"https:\/\/concertience.fr\/leblog\/offrir-une-alternative-aux-eleves-en-situation-de-decrochage-scolaire-parlons-en\/\" title=\"ReadOffrir une alternative aux \u00e9l\u00e8ves en situation de d\u00e9crochage scolaire Parlons-en !\">&#8230; Lire plus &raquo;<\/a><\/p>\n","protected":false},"author":1,"featured_media":0,"comment_status":"open","ping_status":"open","sticky":false,"template":"","format":"standard","meta":{"footnotes":""},"categories":[5],"tags":[83],"class_list":["post-170","post","type-post","status-publish","format-standard","hentry","category-regards-croises","tag-education"],"yoast_head":"<!-- This site is optimized with the Yoast SEO plugin v27.5 - https:\/\/yoast.com\/product\/yoast-seo-wordpress\/ -->\n<title>Offrir une alternative aux \u00e9l\u00e8ves en situation de d\u00e9crochage scolaire Parlons-en ! - Le blog de Fran\u00e7oise Keller<\/title>\n<meta name=\"robots\" content=\"index, follow, max-snippet:-1, max-image-preview:large, max-video-preview:-1\" \/>\n<link rel=\"canonical\" href=\"https:\/\/concertience.fr\/leblog\/offrir-une-alternative-aux-eleves-en-situation-de-decrochage-scolaire-parlons-en\/\" \/>\n<meta property=\"og:locale\" content=\"fr_FR\" \/>\n<meta property=\"og:type\" content=\"article\" \/>\n<meta property=\"og:title\" content=\"Offrir une alternative aux \u00e9l\u00e8ves en situation de d\u00e9crochage scolaire Parlons-en ! - Le blog de Fran\u00e7oise Keller\" \/>\n<meta property=\"og:description\" content=\"\u00ab\u00a0Si nous d\u00e9veloppons une communication qui permet \u00e0 chacun d&rsquo;\u00eatre en lien avec ses motivations et d&rsquo;accueillir celles de l&rsquo;autre, nous mettons en place les conditions de base qui permettront \u00e0 l&rsquo;\u00e9l\u00e8ve de d\u00e9velopper un projet r\u00e9aliste, r\u00e9alisable et concret et de le mettre en oeuvre.\u00a0\u00bb Le lyc\u00e9e du Guiers Val d&rsquo;Ainan, qui a mis... Lire plus &raquo;\" \/>\n<meta property=\"og:url\" content=\"https:\/\/concertience.fr\/leblog\/offrir-une-alternative-aux-eleves-en-situation-de-decrochage-scolaire-parlons-en\/\" \/>\n<meta property=\"og:site_name\" content=\"Le blog de Fran\u00e7oise Keller\" \/>\n<meta property=\"article:published_time\" content=\"2010-11-26T13:29:02+00:00\" \/>\n<meta property=\"article:modified_time\" content=\"2020-03-30T20:39:50+00:00\" \/>\n<meta name=\"author\" content=\"Pierrick\" \/>\n<meta name=\"twitter:card\" content=\"summary_large_image\" \/>\n<meta name=\"twitter:label1\" content=\"\u00c9crit par\" \/>\n\t<meta name=\"twitter:data1\" content=\"Pierrick\" \/>\n\t<meta name=\"twitter:label2\" content=\"Dur\u00e9e de lecture estim\u00e9e\" \/>\n\t<meta name=\"twitter:data2\" content=\"1 minute\" \/>\n<script type=\"application\/ld+json\" class=\"yoast-schema-graph\">{\"@context\":\"https:\\\/\\\/schema.org\",\"@graph\":[{\"@type\":\"Article\",\"@id\":\"https:\\\/\\\/concertience.fr\\\/leblog\\\/offrir-une-alternative-aux-eleves-en-situation-de-decrochage-scolaire-parlons-en\\\/#article\",\"isPartOf\":{\"@id\":\"https:\\\/\\\/concertience.fr\\\/leblog\\\/offrir-une-alternative-aux-eleves-en-situation-de-decrochage-scolaire-parlons-en\\\/\"},\"author\":{\"name\":\"Pierrick\",\"@id\":\"https:\\\/\\\/concertience.fr\\\/leblog\\\/#\\\/schema\\\/person\\\/a01b04493c0cb1de0b2030c8b8d5676f\"},\"headline\":\"Offrir une alternative aux \u00e9l\u00e8ves en situation de d\u00e9crochage scolaire Parlons-en !\",\"datePublished\":\"2010-11-26T13:29:02+00:00\",\"dateModified\":\"2020-03-30T20:39:50+00:00\",\"mainEntityOfPage\":{\"@id\":\"https:\\\/\\\/concertience.fr\\\/leblog\\\/offrir-une-alternative-aux-eleves-en-situation-de-decrochage-scolaire-parlons-en\\\/\"},\"wordCount\":169,\"commentCount\":0,\"keywords\":[\"Education\"],\"articleSection\":[\"Regards crois\u00e9s\"],\"inLanguage\":\"fr-FR\",\"potentialAction\":[{\"@type\":\"CommentAction\",\"name\":\"Comment\",\"target\":[\"https:\\\/\\\/concertience.fr\\\/leblog\\\/offrir-une-alternative-aux-eleves-en-situation-de-decrochage-scolaire-parlons-en\\\/#respond\"]}]},{\"@type\":\"WebPage\",\"@id\":\"https:\\\/\\\/concertience.fr\\\/leblog\\\/offrir-une-alternative-aux-eleves-en-situation-de-decrochage-scolaire-parlons-en\\\/\",\"url\":\"https:\\\/\\\/concertience.fr\\\/leblog\\\/offrir-une-alternative-aux-eleves-en-situation-de-decrochage-scolaire-parlons-en\\\/\",\"name\":\"Offrir une alternative aux \u00e9l\u00e8ves en situation de d\u00e9crochage scolaire Parlons-en ! - Le blog de Fran\u00e7oise Keller\",\"isPartOf\":{\"@id\":\"https:\\\/\\\/concertience.fr\\\/leblog\\\/#website\"},\"datePublished\":\"2010-11-26T13:29:02+00:00\",\"dateModified\":\"2020-03-30T20:39:50+00:00\",\"author\":{\"@id\":\"https:\\\/\\\/concertience.fr\\\/leblog\\\/#\\\/schema\\\/person\\\/a01b04493c0cb1de0b2030c8b8d5676f\"},\"breadcrumb\":{\"@id\":\"https:\\\/\\\/concertience.fr\\\/leblog\\\/offrir-une-alternative-aux-eleves-en-situation-de-decrochage-scolaire-parlons-en\\\/#breadcrumb\"},\"inLanguage\":\"fr-FR\",\"potentialAction\":[{\"@type\":\"ReadAction\",\"target\":[\"https:\\\/\\\/concertience.fr\\\/leblog\\\/offrir-une-alternative-aux-eleves-en-situation-de-decrochage-scolaire-parlons-en\\\/\"]}]},{\"@type\":\"BreadcrumbList\",\"@id\":\"https:\\\/\\\/concertience.fr\\\/leblog\\\/offrir-une-alternative-aux-eleves-en-situation-de-decrochage-scolaire-parlons-en\\\/#breadcrumb\",\"itemListElement\":[{\"@type\":\"ListItem\",\"position\":1,\"name\":\"Accueil\",\"item\":\"https:\\\/\\\/concertience.fr\\\/leblog\\\/\"},{\"@type\":\"ListItem\",\"position\":2,\"name\":\"Non class\u00e9\",\"item\":\"https:\\\/\\\/concertience.fr\\\/leblog\\\/non-classe\\\/\"},{\"@type\":\"ListItem\",\"position\":3,\"name\":\"Offrir une alternative aux \u00e9l\u00e8ves en situation de d\u00e9crochage scolaire Parlons-en !\"}]},{\"@type\":\"WebSite\",\"@id\":\"https:\\\/\\\/concertience.fr\\\/leblog\\\/#website\",\"url\":\"https:\\\/\\\/concertience.fr\\\/leblog\\\/\",\"name\":\"Le blog de Fran\u00e7oise Keller\",\"description\":\"Le blog de Fran\u00e7oise Keller, Concertience\",\"potentialAction\":[{\"@type\":\"SearchAction\",\"target\":{\"@type\":\"EntryPoint\",\"urlTemplate\":\"https:\\\/\\\/concertience.fr\\\/leblog\\\/?s={search_term_string}\"},\"query-input\":{\"@type\":\"PropertyValueSpecification\",\"valueRequired\":true,\"valueName\":\"search_term_string\"}}],\"inLanguage\":\"fr-FR\"},{\"@type\":\"Person\",\"@id\":\"https:\\\/\\\/concertience.fr\\\/leblog\\\/#\\\/schema\\\/person\\\/a01b04493c0cb1de0b2030c8b8d5676f\",\"name\":\"Pierrick\"}]}<\/script>\n<!-- \/ Yoast SEO plugin. -->","yoast_head_json":{"title":"Offrir une alternative aux \u00e9l\u00e8ves en situation de d\u00e9crochage scolaire Parlons-en ! - Le blog de Fran\u00e7oise Keller","robots":{"index":"index","follow":"follow","max-snippet":"max-snippet:-1","max-image-preview":"max-image-preview:large","max-video-preview":"max-video-preview:-1"},"canonical":"https:\/\/concertience.fr\/leblog\/offrir-une-alternative-aux-eleves-en-situation-de-decrochage-scolaire-parlons-en\/","og_locale":"fr_FR","og_type":"article","og_title":"Offrir une alternative aux \u00e9l\u00e8ves en situation de d\u00e9crochage scolaire Parlons-en ! - Le blog de Fran\u00e7oise Keller","og_description":"\u00ab\u00a0Si nous d\u00e9veloppons une communication qui permet \u00e0 chacun d&rsquo;\u00eatre en lien avec ses motivations et d&rsquo;accueillir celles de l&rsquo;autre, nous mettons en place les conditions de base qui permettront \u00e0 l&rsquo;\u00e9l\u00e8ve de d\u00e9velopper un projet r\u00e9aliste, r\u00e9alisable et concret et de le mettre en oeuvre.\u00a0\u00bb Le lyc\u00e9e du Guiers Val d&rsquo;Ainan, qui a mis... Lire plus &raquo;","og_url":"https:\/\/concertience.fr\/leblog\/offrir-une-alternative-aux-eleves-en-situation-de-decrochage-scolaire-parlons-en\/","og_site_name":"Le blog de Fran\u00e7oise Keller","article_published_time":"2010-11-26T13:29:02+00:00","article_modified_time":"2020-03-30T20:39:50+00:00","author":"Pierrick","twitter_card":"summary_large_image","twitter_misc":{"\u00c9crit par":"Pierrick","Dur\u00e9e de lecture estim\u00e9e":"1 minute"},"schema":{"@context":"https:\/\/schema.org","@graph":[{"@type":"Article","@id":"https:\/\/concertience.fr\/leblog\/offrir-une-alternative-aux-eleves-en-situation-de-decrochage-scolaire-parlons-en\/#article","isPartOf":{"@id":"https:\/\/concertience.fr\/leblog\/offrir-une-alternative-aux-eleves-en-situation-de-decrochage-scolaire-parlons-en\/"},"author":{"name":"Pierrick","@id":"https:\/\/concertience.fr\/leblog\/#\/schema\/person\/a01b04493c0cb1de0b2030c8b8d5676f"},"headline":"Offrir une alternative aux \u00e9l\u00e8ves en situation de d\u00e9crochage scolaire Parlons-en !","datePublished":"2010-11-26T13:29:02+00:00","dateModified":"2020-03-30T20:39:50+00:00","mainEntityOfPage":{"@id":"https:\/\/concertience.fr\/leblog\/offrir-une-alternative-aux-eleves-en-situation-de-decrochage-scolaire-parlons-en\/"},"wordCount":169,"commentCount":0,"keywords":["Education"],"articleSection":["Regards crois\u00e9s"],"inLanguage":"fr-FR","potentialAction":[{"@type":"CommentAction","name":"Comment","target":["https:\/\/concertience.fr\/leblog\/offrir-une-alternative-aux-eleves-en-situation-de-decrochage-scolaire-parlons-en\/#respond"]}]},{"@type":"WebPage","@id":"https:\/\/concertience.fr\/leblog\/offrir-une-alternative-aux-eleves-en-situation-de-decrochage-scolaire-parlons-en\/","url":"https:\/\/concertience.fr\/leblog\/offrir-une-alternative-aux-eleves-en-situation-de-decrochage-scolaire-parlons-en\/","name":"Offrir une alternative aux \u00e9l\u00e8ves en situation de d\u00e9crochage scolaire Parlons-en ! - Le blog de Fran\u00e7oise Keller","isPartOf":{"@id":"https:\/\/concertience.fr\/leblog\/#website"},"datePublished":"2010-11-26T13:29:02+00:00","dateModified":"2020-03-30T20:39:50+00:00","author":{"@id":"https:\/\/concertience.fr\/leblog\/#\/schema\/person\/a01b04493c0cb1de0b2030c8b8d5676f"},"breadcrumb":{"@id":"https:\/\/concertience.fr\/leblog\/offrir-une-alternative-aux-eleves-en-situation-de-decrochage-scolaire-parlons-en\/#breadcrumb"},"inLanguage":"fr-FR","potentialAction":[{"@type":"ReadAction","target":["https:\/\/concertience.fr\/leblog\/offrir-une-alternative-aux-eleves-en-situation-de-decrochage-scolaire-parlons-en\/"]}]},{"@type":"BreadcrumbList","@id":"https:\/\/concertience.fr\/leblog\/offrir-une-alternative-aux-eleves-en-situation-de-decrochage-scolaire-parlons-en\/#breadcrumb","itemListElement":[{"@type":"ListItem","position":1,"name":"Accueil","item":"https:\/\/concertience.fr\/leblog\/"},{"@type":"ListItem","position":2,"name":"Non class\u00e9","item":"https:\/\/concertience.fr\/leblog\/non-classe\/"},{"@type":"ListItem","position":3,"name":"Offrir une alternative aux \u00e9l\u00e8ves en situation de d\u00e9crochage scolaire Parlons-en !"}]},{"@type":"WebSite","@id":"https:\/\/concertience.fr\/leblog\/#website","url":"https:\/\/concertience.fr\/leblog\/","name":"Le blog de Fran\u00e7oise Keller","description":"Le blog de Fran\u00e7oise Keller, Concertience","potentialAction":[{"@type":"SearchAction","target":{"@type":"EntryPoint","urlTemplate":"https:\/\/concertience.fr\/leblog\/?s={search_term_string}"},"query-input":{"@type":"PropertyValueSpecification","valueRequired":true,"valueName":"search_term_string"}}],"inLanguage":"fr-FR"},{"@type":"Person","@id":"https:\/\/concertience.fr\/leblog\/#\/schema\/person\/a01b04493c0cb1de0b2030c8b8d5676f","name":"Pierrick"}]}},"_links":{"self":[{"href":"https:\/\/concertience.fr\/leblog\/wp-json\/wp\/v2\/posts\/170","targetHints":{"allow":["GET"]}}],"collection":[{"href":"https:\/\/concertience.fr\/leblog\/wp-json\/wp\/v2\/posts"}],"about":[{"href":"https:\/\/concertience.fr\/leblog\/wp-json\/wp\/v2\/types\/post"}],"author":[{"embeddable":true,"href":"https:\/\/concertience.fr\/leblog\/wp-json\/wp\/v2\/users\/1"}],"replies":[{"embeddable":true,"href":"https:\/\/concertience.fr\/leblog\/wp-json\/wp\/v2\/comments?post=170"}],"version-history":[{"count":1,"href":"https:\/\/concertience.fr\/leblog\/wp-json\/wp\/v2\/posts\/170\/revisions"}],"predecessor-version":[{"id":763,"href":"https:\/\/concertience.fr\/leblog\/wp-json\/wp\/v2\/posts\/170\/revisions\/763"}],"wp:attachment":[{"href":"https:\/\/concertience.fr\/leblog\/wp-json\/wp\/v2\/media?parent=170"}],"wp:term":[{"taxonomy":"category","embeddable":true,"href":"https:\/\/concertience.fr\/leblog\/wp-json\/wp\/v2\/categories?post=170"},{"taxonomy":"post_tag","embeddable":true,"href":"https:\/\/concertience.fr\/leblog\/wp-json\/wp\/v2\/tags?post=170"}],"curies":[{"name":"wp","href":"https:\/\/api.w.org\/{rel}","templated":true}]}}