{"id":160,"date":"2011-05-01T13:25:02","date_gmt":"2011-05-01T11:25:02","guid":{"rendered":"https:\/\/concertience.fr\/leblog\/2011\/05\/01\/coaching-collectif\/"},"modified":"2020-03-30T21:27:33","modified_gmt":"2020-03-30T19:27:33","slug":"coaching-collectif","status":"publish","type":"post","link":"https:\/\/concertience.fr\/leblog\/coaching-collectif\/","title":{"rendered":"Coaching collectif"},"content":{"rendered":"\n<div class=\"wp-block-image\"><figure class=\"aligncenter size-large\"><img data-opt-id=1611377480  fetchpriority=\"high\" decoding=\"async\" width=\"300\" height=\"200\" src=\"https:\/\/mlkqhmyobbaq.i.optimole.com\/w:auto\/h:auto\/q:mauto\/ig:avif\/https:\/\/concertience.fr\/leblog\/wp-content\/uploads\/sites\/2\/2020\/03\/6a00d834435ec653ef01b7c7fb308a970b.jpg\" alt=\"\" class=\"wp-image-551\"\/><\/figure><\/div>\n\n\n<p><em> <em style=\"font-size: inherit; color: #191e23;\">Nous avons parfois besoin d&rsquo;un temps diff\u00e9rent, d&rsquo;un temps lent, d&rsquo;un temps de qualit\u00e9 pour consolider notre \u00e9quipe, pour nous dire ce que nous n&rsquo;avons pas le temps de nous dire dans le quotiden, pour prendre du recul, pour am\u00e9liorer notre fonctionnement collectif.<\/em><\/em><\/p>\n<p>Le coaching collectif permet d&rsquo;accompagner une \u00e9quipe dans ce type de travail.<\/p>\n<p>Nous apportons notre comp\u00e9tence et notre soutien pour :<\/p>\n<ul>\n<li>mettre en place des processus de travail qui favorisent la prise de parole de chacun, l&rsquo;\u00e9coute mutuelle, la co-construction<\/li>\n<li>permettre \u00e0 la fois une parole authentique, un travail approfondi et la mise en oeuvre d&rsquo;actions concr\u00e8tes d\u00e9cid\u00e9es ensemble<\/li>\n<li>faciliter l&rsquo;expression des d\u00e9saccords et leur r\u00e9solution<\/li>\n<li>offrir un temps de ressourcement, une exp\u00e9rience v\u00e9cue de mani\u00e8re positive, un moment qui marque l&rsquo;histoire collective de l&rsquo;\u00e9quipe<\/li>\n<\/ul>\n<p>Nous adaptons le dispositif, le choix des intervenants en fonction des besoins du client.<br \/>Contactez nous si vous souhaitez aller plus loin avec votre \u00e9quipe !<\/p>","protected":false},"excerpt":{"rendered":"<p>Nous avons parfois besoin d&rsquo;un temps diff\u00e9rent, d&rsquo;un temps lent, d&rsquo;un temps de qualit\u00e9 pour consolider notre \u00e9quipe, pour nous dire ce que nous n&rsquo;avons pas le temps de nous dire dans le quotiden, pour prendre du recul, pour am\u00e9liorer notre fonctionnement collectif. Le coaching collectif permet d&rsquo;accompagner une \u00e9quipe dans ce type de travail.<a class=\"excerpt-read-more\" href=\"https:\/\/concertience.fr\/leblog\/coaching-collectif\/\" title=\"ReadCoaching collectif\">&#8230; Lire plus &raquo;<\/a><\/p>\n","protected":false},"author":1,"featured_media":0,"comment_status":"open","ping_status":"open","sticky":false,"template":"","format":"standard","meta":{"footnotes":""},"categories":[62],"tags":[],"class_list":["post-160","post","type-post","status-publish","format-standard","hentry","category-notre-offre-en-coaching"],"yoast_head":"<!-- This site is optimized with the Yoast SEO plugin v27.4 - https:\/\/yoast.com\/product\/yoast-seo-wordpress\/ -->\n<title>Coaching collectif - Le blog de Fran\u00e7oise Keller<\/title>\n<meta name=\"robots\" content=\"index, follow, max-snippet:-1, max-image-preview:large, max-video-preview:-1\" \/>\n<link rel=\"canonical\" href=\"https:\/\/concertience.fr\/leblog\/coaching-collectif\/\" \/>\n<meta property=\"og:locale\" content=\"fr_FR\" \/>\n<meta property=\"og:type\" content=\"article\" \/>\n<meta property=\"og:title\" content=\"Coaching collectif - Le blog de Fran\u00e7oise Keller\" \/>\n<meta property=\"og:description\" content=\"Nous avons parfois besoin d&rsquo;un temps diff\u00e9rent, d&rsquo;un temps lent, d&rsquo;un temps de qualit\u00e9 pour consolider notre \u00e9quipe, pour nous dire ce que nous n&rsquo;avons pas le temps de nous dire dans le quotiden, pour prendre du recul, pour am\u00e9liorer notre fonctionnement collectif. Le coaching collectif permet d&rsquo;accompagner une \u00e9quipe dans ce type de travail.... Lire plus &raquo;\" \/>\n<meta property=\"og:url\" content=\"https:\/\/concertience.fr\/leblog\/coaching-collectif\/\" \/>\n<meta property=\"og:site_name\" content=\"Le blog de Fran\u00e7oise Keller\" \/>\n<meta property=\"article:published_time\" content=\"2011-05-01T11:25:02+00:00\" \/>\n<meta property=\"article:modified_time\" content=\"2020-03-30T19:27:33+00:00\" \/>\n<meta property=\"og:image\" content=\"https:\/\/mlkqhmyobbaq.i.optimole.com\/w:auto\/h:auto\/q:mauto\/ig:avif\/https:\/\/concertience.fr\/leblog\/wp-content\/uploads\/sites\/2\/2020\/03\/6a00d834435ec653ef01b7c7fb308a970b.jpg\" \/>\n<meta name=\"author\" content=\"Pierrick\" \/>\n<meta name=\"twitter:card\" content=\"summary_large_image\" \/>\n<meta name=\"twitter:label1\" content=\"\u00c9crit par\" \/>\n\t<meta name=\"twitter:data1\" content=\"Pierrick\" \/>\n\t<meta name=\"twitter:label2\" content=\"Dur\u00e9e de lecture estim\u00e9e\" \/>\n\t<meta name=\"twitter:data2\" content=\"1 minute\" \/>\n<script type=\"application\/ld+json\" class=\"yoast-schema-graph\">{\"@context\":\"https:\\\/\\\/schema.org\",\"@graph\":[{\"@type\":\"Article\",\"@id\":\"https:\\\/\\\/concertience.fr\\\/leblog\\\/coaching-collectif\\\/#article\",\"isPartOf\":{\"@id\":\"https:\\\/\\\/concertience.fr\\\/leblog\\\/coaching-collectif\\\/\"},\"author\":{\"name\":\"Pierrick\",\"@id\":\"https:\\\/\\\/concertience.fr\\\/leblog\\\/#\\\/schema\\\/person\\\/a01b04493c0cb1de0b2030c8b8d5676f\"},\"headline\":\"Coaching collectif\",\"datePublished\":\"2011-05-01T11:25:02+00:00\",\"dateModified\":\"2020-03-30T19:27:33+00:00\",\"mainEntityOfPage\":{\"@id\":\"https:\\\/\\\/concertience.fr\\\/leblog\\\/coaching-collectif\\\/\"},\"wordCount\":174,\"commentCount\":0,\"image\":{\"@id\":\"https:\\\/\\\/concertience.fr\\\/leblog\\\/coaching-collectif\\\/#primaryimage\"},\"thumbnailUrl\":\"https:\\/\\/concertience.fr\\/leblog\\/wp-content\\/uploads\\/sites\\/2\\/2020\\/03\\/6a00d834435ec653ef01b7c7fb308a970b.jpg\",\"articleSection\":[\"Notre offre en coaching\"],\"inLanguage\":\"fr-FR\",\"potentialAction\":[{\"@type\":\"CommentAction\",\"name\":\"Comment\",\"target\":[\"https:\\\/\\\/concertience.fr\\\/leblog\\\/coaching-collectif\\\/#respond\"]}]},{\"@type\":\"WebPage\",\"@id\":\"https:\\\/\\\/concertience.fr\\\/leblog\\\/coaching-collectif\\\/\",\"url\":\"https:\\\/\\\/concertience.fr\\\/leblog\\\/coaching-collectif\\\/\",\"name\":\"Coaching collectif - Le blog de Fran\u00e7oise Keller\",\"isPartOf\":{\"@id\":\"https:\\\/\\\/concertience.fr\\\/leblog\\\/#website\"},\"primaryImageOfPage\":{\"@id\":\"https:\\\/\\\/concertience.fr\\\/leblog\\\/coaching-collectif\\\/#primaryimage\"},\"image\":{\"@id\":\"https:\\\/\\\/concertience.fr\\\/leblog\\\/coaching-collectif\\\/#primaryimage\"},\"thumbnailUrl\":\"https:\\/\\/concertience.fr\\/leblog\\/wp-content\\/uploads\\/sites\\/2\\/2020\\/03\\/6a00d834435ec653ef01b7c7fb308a970b.jpg\",\"datePublished\":\"2011-05-01T11:25:02+00:00\",\"dateModified\":\"2020-03-30T19:27:33+00:00\",\"author\":{\"@id\":\"https:\\\/\\\/concertience.fr\\\/leblog\\\/#\\\/schema\\\/person\\\/a01b04493c0cb1de0b2030c8b8d5676f\"},\"breadcrumb\":{\"@id\":\"https:\\\/\\\/concertience.fr\\\/leblog\\\/coaching-collectif\\\/#breadcrumb\"},\"inLanguage\":\"fr-FR\",\"potentialAction\":[{\"@type\":\"ReadAction\",\"target\":[\"https:\\\/\\\/concertience.fr\\\/leblog\\\/coaching-collectif\\\/\"]}]},{\"@type\":\"ImageObject\",\"inLanguage\":\"fr-FR\",\"@id\":\"https:\\\/\\\/concertience.fr\\\/leblog\\\/coaching-collectif\\\/#primaryimage\",\"url\":\"https:\\/\\/concertience.fr\\/leblog\\/wp-content\\/uploads\\/sites\\/2\\/2020\\/03\\/6a00d834435ec653ef01b7c7fb308a970b.jpg\",\"contentUrl\":\"https:\\/\\/concertience.fr\\/leblog\\/wp-content\\/uploads\\/sites\\/2\\/2020\\/03\\/6a00d834435ec653ef01b7c7fb308a970b.jpg\",\"width\":300,\"height\":200},{\"@type\":\"BreadcrumbList\",\"@id\":\"https:\\\/\\\/concertience.fr\\\/leblog\\\/coaching-collectif\\\/#breadcrumb\",\"itemListElement\":[{\"@type\":\"ListItem\",\"position\":1,\"name\":\"Accueil\",\"item\":\"https:\\\/\\\/concertience.fr\\\/leblog\\\/\"},{\"@type\":\"ListItem\",\"position\":2,\"name\":\"Notre offre en coaching\",\"item\":\"https:\\\/\\\/concertience.fr\\\/leblog\\\/notre-offre-en-coaching\\\/\"},{\"@type\":\"ListItem\",\"position\":3,\"name\":\"Coaching collectif\"}]},{\"@type\":\"WebSite\",\"@id\":\"https:\\\/\\\/concertience.fr\\\/leblog\\\/#website\",\"url\":\"https:\\\/\\\/concertience.fr\\\/leblog\\\/\",\"name\":\"Le blog de Fran\u00e7oise Keller\",\"description\":\"Le blog de Fran\u00e7oise Keller, Concertience\",\"potentialAction\":[{\"@type\":\"SearchAction\",\"target\":{\"@type\":\"EntryPoint\",\"urlTemplate\":\"https:\\\/\\\/concertience.fr\\\/leblog\\\/?s={search_term_string}\"},\"query-input\":{\"@type\":\"PropertyValueSpecification\",\"valueRequired\":true,\"valueName\":\"search_term_string\"}}],\"inLanguage\":\"fr-FR\"},{\"@type\":\"Person\",\"@id\":\"https:\\\/\\\/concertience.fr\\\/leblog\\\/#\\\/schema\\\/person\\\/a01b04493c0cb1de0b2030c8b8d5676f\",\"name\":\"Pierrick\"}]}<\/script>\n<!-- \/ Yoast SEO plugin. -->","yoast_head_json":{"title":"Coaching collectif - Le blog de Fran\u00e7oise Keller","robots":{"index":"index","follow":"follow","max-snippet":"max-snippet:-1","max-image-preview":"max-image-preview:large","max-video-preview":"max-video-preview:-1"},"canonical":"https:\/\/concertience.fr\/leblog\/coaching-collectif\/","og_locale":"fr_FR","og_type":"article","og_title":"Coaching collectif - Le blog de Fran\u00e7oise Keller","og_description":"Nous avons parfois besoin d&rsquo;un temps diff\u00e9rent, d&rsquo;un temps lent, d&rsquo;un temps de qualit\u00e9 pour consolider notre \u00e9quipe, pour nous dire ce que nous n&rsquo;avons pas le temps de nous dire dans le quotiden, pour prendre du recul, pour am\u00e9liorer notre fonctionnement collectif. Le coaching collectif permet d&rsquo;accompagner une \u00e9quipe dans ce type de travail.... Lire plus &raquo;","og_url":"https:\/\/concertience.fr\/leblog\/coaching-collectif\/","og_site_name":"Le blog de Fran\u00e7oise Keller","article_published_time":"2011-05-01T11:25:02+00:00","article_modified_time":"2020-03-30T19:27:33+00:00","og_image":[{"url":"https:\/\/mlkqhmyobbaq.i.optimole.com\/w:auto\/h:auto\/q:mauto\/ig:avif\/https:\/\/concertience.fr\/leblog\/wp-content\/uploads\/sites\/2\/2020\/03\/6a00d834435ec653ef01b7c7fb308a970b.jpg","type":"","width":"","height":""}],"author":"Pierrick","twitter_card":"summary_large_image","twitter_misc":{"\u00c9crit par":"Pierrick","Dur\u00e9e de lecture estim\u00e9e":"1 minute"},"schema":{"@context":"https:\/\/schema.org","@graph":[{"@type":"Article","@id":"https:\/\/concertience.fr\/leblog\/coaching-collectif\/#article","isPartOf":{"@id":"https:\/\/concertience.fr\/leblog\/coaching-collectif\/"},"author":{"name":"Pierrick","@id":"https:\/\/concertience.fr\/leblog\/#\/schema\/person\/a01b04493c0cb1de0b2030c8b8d5676f"},"headline":"Coaching collectif","datePublished":"2011-05-01T11:25:02+00:00","dateModified":"2020-03-30T19:27:33+00:00","mainEntityOfPage":{"@id":"https:\/\/concertience.fr\/leblog\/coaching-collectif\/"},"wordCount":174,"commentCount":0,"image":{"@id":"https:\/\/concertience.fr\/leblog\/coaching-collectif\/#primaryimage"},"thumbnailUrl":"https:\/\/mlkqhmyobbaq.i.optimole.com\/w:auto\/h:auto\/q:mauto\/ig:avif\/https:\/\/concertience.fr\/leblog\/wp-content\/uploads\/sites\/2\/2020\/03\/6a00d834435ec653ef01b7c7fb308a970b.jpg","articleSection":["Notre offre en coaching"],"inLanguage":"fr-FR","potentialAction":[{"@type":"CommentAction","name":"Comment","target":["https:\/\/concertience.fr\/leblog\/coaching-collectif\/#respond"]}]},{"@type":"WebPage","@id":"https:\/\/concertience.fr\/leblog\/coaching-collectif\/","url":"https:\/\/concertience.fr\/leblog\/coaching-collectif\/","name":"Coaching collectif - Le blog de Fran\u00e7oise Keller","isPartOf":{"@id":"https:\/\/concertience.fr\/leblog\/#website"},"primaryImageOfPage":{"@id":"https:\/\/concertience.fr\/leblog\/coaching-collectif\/#primaryimage"},"image":{"@id":"https:\/\/concertience.fr\/leblog\/coaching-collectif\/#primaryimage"},"thumbnailUrl":"https:\/\/mlkqhmyobbaq.i.optimole.com\/w:auto\/h:auto\/q:mauto\/ig:avif\/https:\/\/concertience.fr\/leblog\/wp-content\/uploads\/sites\/2\/2020\/03\/6a00d834435ec653ef01b7c7fb308a970b.jpg","datePublished":"2011-05-01T11:25:02+00:00","dateModified":"2020-03-30T19:27:33+00:00","author":{"@id":"https:\/\/concertience.fr\/leblog\/#\/schema\/person\/a01b04493c0cb1de0b2030c8b8d5676f"},"breadcrumb":{"@id":"https:\/\/concertience.fr\/leblog\/coaching-collectif\/#breadcrumb"},"inLanguage":"fr-FR","potentialAction":[{"@type":"ReadAction","target":["https:\/\/concertience.fr\/leblog\/coaching-collectif\/"]}]},{"@type":"ImageObject","inLanguage":"fr-FR","@id":"https:\/\/concertience.fr\/leblog\/coaching-collectif\/#primaryimage","url":"https:\/\/mlkqhmyobbaq.i.optimole.com\/w:auto\/h:auto\/q:mauto\/ig:avif\/https:\/\/concertience.fr\/leblog\/wp-content\/uploads\/sites\/2\/2020\/03\/6a00d834435ec653ef01b7c7fb308a970b.jpg","contentUrl":"https:\/\/mlkqhmyobbaq.i.optimole.com\/w:auto\/h:auto\/q:mauto\/ig:avif\/https:\/\/concertience.fr\/leblog\/wp-content\/uploads\/sites\/2\/2020\/03\/6a00d834435ec653ef01b7c7fb308a970b.jpg","width":300,"height":200},{"@type":"BreadcrumbList","@id":"https:\/\/concertience.fr\/leblog\/coaching-collectif\/#breadcrumb","itemListElement":[{"@type":"ListItem","position":1,"name":"Accueil","item":"https:\/\/concertience.fr\/leblog\/"},{"@type":"ListItem","position":2,"name":"Notre offre en coaching","item":"https:\/\/concertience.fr\/leblog\/notre-offre-en-coaching\/"},{"@type":"ListItem","position":3,"name":"Coaching collectif"}]},{"@type":"WebSite","@id":"https:\/\/concertience.fr\/leblog\/#website","url":"https:\/\/concertience.fr\/leblog\/","name":"Le blog de Fran\u00e7oise Keller","description":"Le blog de Fran\u00e7oise Keller, Concertience","potentialAction":[{"@type":"SearchAction","target":{"@type":"EntryPoint","urlTemplate":"https:\/\/concertience.fr\/leblog\/?s={search_term_string}"},"query-input":{"@type":"PropertyValueSpecification","valueRequired":true,"valueName":"search_term_string"}}],"inLanguage":"fr-FR"},{"@type":"Person","@id":"https:\/\/concertience.fr\/leblog\/#\/schema\/person\/a01b04493c0cb1de0b2030c8b8d5676f","name":"Pierrick"}]}},"_links":{"self":[{"href":"https:\/\/concertience.fr\/leblog\/wp-json\/wp\/v2\/posts\/160","targetHints":{"allow":["GET"]}}],"collection":[{"href":"https:\/\/concertience.fr\/leblog\/wp-json\/wp\/v2\/posts"}],"about":[{"href":"https:\/\/concertience.fr\/leblog\/wp-json\/wp\/v2\/types\/post"}],"author":[{"embeddable":true,"href":"https:\/\/concertience.fr\/leblog\/wp-json\/wp\/v2\/users\/1"}],"replies":[{"embeddable":true,"href":"https:\/\/concertience.fr\/leblog\/wp-json\/wp\/v2\/comments?post=160"}],"version-history":[{"count":1,"href":"https:\/\/concertience.fr\/leblog\/wp-json\/wp\/v2\/posts\/160\/revisions"}],"predecessor-version":[{"id":749,"href":"https:\/\/concertience.fr\/leblog\/wp-json\/wp\/v2\/posts\/160\/revisions\/749"}],"wp:attachment":[{"href":"https:\/\/concertience.fr\/leblog\/wp-json\/wp\/v2\/media?parent=160"}],"wp:term":[{"taxonomy":"category","embeddable":true,"href":"https:\/\/concertience.fr\/leblog\/wp-json\/wp\/v2\/categories?post=160"},{"taxonomy":"post_tag","embeddable":true,"href":"https:\/\/concertience.fr\/leblog\/wp-json\/wp\/v2\/tags?post=160"}],"curies":[{"name":"wp","href":"https:\/\/api.w.org\/{rel}","templated":true}]}}