{"id":1560,"date":"2026-03-11T14:36:00","date_gmt":"2026-03-11T13:36:00","guid":{"rendered":"https:\/\/concertience.fr\/leblog\/?p=1560"},"modified":"2026-03-20T10:31:40","modified_gmt":"2026-03-20T09:31:40","slug":"5-clefs-pour-incarner-et-rayonner-la-cnv-dans-mes-engagements-professionnels-et-citoyens","status":"publish","type":"post","link":"https:\/\/concertience.fr\/leblog\/5-clefs-pour-incarner-et-rayonner-la-cnv-dans-mes-engagements-professionnels-et-citoyens\/","title":{"rendered":"5 clefs pour incarner et rayonner la CNV dans mes engagements professionnels et citoyens"},"content":{"rendered":"\n<p>Pour mieux faire conna\u00eetre ce cursus d&rsquo;approfondissement de la CNV qui a accompagn\u00e9 plus de 150 personnes depuis plus de 10 ans, nous offrons des webinaires gratuits. Ces webinaires ne sont certainement pas des webinaires de promotion et de marketing mais d&rsquo;abord un cadeau que nous offrons avec g\u00e9n\u00e9rosit\u00e9.<\/p>\n\n\n<div class=\"wp-block-image\">\n<figure class=\"aligncenter size-large is-resized\"><img data-opt-id=726808142  fetchpriority=\"high\" decoding=\"async\" width=\"1024\" height=\"683\" src=\"https:\/\/mlkqhmyobbaq.i.optimole.com\/w:1024\/h:683\/q:mauto\/ig:avif\/https:\/\/concertience.fr\/leblog\/wp-content\/uploads\/sites\/2\/2026\/03\/nina-mercado-CnrDuY0tFrg-unsplash-2.jpg\" alt=\"\" class=\"wp-image-1563\" style=\"aspect-ratio:1.4992854035916237;width:369px;height:auto\" srcset=\"https:\/\/mlkqhmyobbaq.i.optimole.com\/w:1024\/h:683\/q:mauto\/ig:avif\/https:\/\/concertience.fr\/leblog\/wp-content\/uploads\/sites\/2\/2026\/03\/nina-mercado-CnrDuY0tFrg-unsplash-2.jpg 1024w, https:\/\/mlkqhmyobbaq.i.optimole.com\/w:300\/h:200\/q:mauto\/ig:avif\/https:\/\/concertience.fr\/leblog\/wp-content\/uploads\/sites\/2\/2026\/03\/nina-mercado-CnrDuY0tFrg-unsplash-2.jpg 300w, https:\/\/mlkqhmyobbaq.i.optimole.com\/w:768\/h:512\/q:mauto\/ig:avif\/https:\/\/concertience.fr\/leblog\/wp-content\/uploads\/sites\/2\/2026\/03\/nina-mercado-CnrDuY0tFrg-unsplash-2.jpg 768w, https:\/\/mlkqhmyobbaq.i.optimole.com\/w:1536\/h:1024\/q:mauto\/ig:avif\/https:\/\/concertience.fr\/leblog\/wp-content\/uploads\/sites\/2\/2026\/03\/nina-mercado-CnrDuY0tFrg-unsplash-2.jpg 1536w, https:\/\/mlkqhmyobbaq.i.optimole.com\/w:1620\/h:1080\/q:mauto\/ig:avif\/https:\/\/concertience.fr\/leblog\/wp-content\/uploads\/sites\/2\/2026\/03\/nina-mercado-CnrDuY0tFrg-unsplash-2.jpg 1920w\" sizes=\"(max-width: 1024px) 100vw, 1024px\" \/><\/figure>\n<\/div>\n\n\n<p>5 clefs, inspir\u00e9es de la CNV, qui, de notre point de vue, offrent des leviers concrets, puissants et pragmatiques pour vivre la CNV dans nos \u00ab\u00a0vraies vies\u00a0\u00bb.<\/p>\n\n\n\n<p>5 clefs qui permettent d&rsquo;inspirer les personnes autour de nous, de leur permettre de go\u00fbter au paradigme de la CNV, sans leur expliquer le processus, sans cr\u00e9er des r\u00e9sistances et avec une vraie puissance de transformation.<\/p>\n\n\n\n<p>5 clefs que nous utilisons quotidiennement dans nos postures professionnelles et engag\u00e9es et que nous avons peaufin\u00e9es avec les personnes que nous accompagnons.<\/p>\n\n\n\n<ul class=\"wp-block-list\">\n<li>Vous \u00eates salari\u00e9.e d&rsquo;une organisation et vous souhaitez diffuser ce que vous avez appris en formation CNV, autour de vous ?<\/li>\n\n\n\n<li>Vous voulez vivre la CNV dans votre posture professionnelle de fa\u00e7on plus naturelle et plus r\u00e9guli\u00e8re ?<\/li>\n\n\n\n<li>Vous avez \u00e9t\u00e9 touch\u00e9.e par la puissance du processus CNV et vous souhaitez que la CNV prenne une place dans votre m\u00e9tier tout en restant dans votre mission de vie ?<\/li>\n\n\n\n<li>Devenir formateur, formatrice CNV vous tente et en m\u00eame temps vous aimez votre m\u00e9tier actuel ; vous avez besoin de discerner plus clairement la fa\u00e7on dont vous voulez orienter votre vie ?<\/li>\n\n\n\n<li>Vous \u00eates en transition professionnelle et vous voulez clarifier votre projet ?<\/li>\n\n\n\n<li>Vous \u00eates RH ou responsable formation et vous aimeriez que les apprentissages de vos collaborateurs en formation CNV se diffusent au del\u00e0 de leurs seules personnes, aient une dimension plus syst\u00e9mique ?<\/li>\n\n\n\n<li>Vous \u00eates dirigeant.e et vous portez un projet humaniste. Vous aimeriez que ce projet puisse \u00eatre port\u00e9 par l&rsquo;ensemble de vos collaborateurs et particuli\u00e8rement par ceux qui incarnent le projet ?<\/li>\n<\/ul>\n\n\n\n<p>Alors&#8230; Ces webinaires et peut-\u00eatre ce cursus sont pour vous !<\/p>\n\n\n\n<p>Et si vous souhaitez nous rejoindre aussi dans le cursus 2026 en France, vous \u00eates bienvenus ! Les dates du cursus 2026 Maroc ne sont pas encore fix\u00e9es. Nous sommes \u00e9galement disponibles pour animer ce cursus dans d&rsquo;autres pays !<\/p>\n\n\n\n<p>Photo de&nbsp;Nina Mercado&nbsp;sur&nbsp;Unsplash<\/p>\n\n\n\n<div class=\"wp-block-buttons is-layout-flex wp-block-buttons-is-layout-flex\">\n<div class=\"wp-block-button\"><a class=\"wp-block-button__link has-white-color has-text-color has-background has-link-color wp-element-button\" href=\"https:\/\/concertience.fr\/wp-content\/uploads\/2025\/08\/Plaquette-Cursus-2026-1.0.pdf\" style=\"background-color:#5aae3f\">Flyer cursus 2026 Lyon<\/a><\/div>\n<\/div>\n\n\n\n<p>Les prochains webinaires sont accessibles ci-dessous :<\/p>\n\n\n\n<div class=\"wp-block-buttons is-layout-flex wp-block-buttons-is-layout-flex\">\n<div class=\"wp-block-button\"><a class=\"wp-block-button__link has-black-color has-text-color has-background has-link-color wp-element-button\" href=\"https:\/\/cnvc.zoom.us\/meeting\/register\/NKh77GbqR_OkH5LdqEnYEw\" style=\"background-color:#f9a534\">Webinaire du 23 mars 2026<\/a><\/div>\n<\/div>\n\n\n\n<p>P.S Parce que je ne publie sur mon blog qu&rsquo;une toute petite partie de ce que je publie chaque semaine, suivez moi aussi sur Linkedin !<\/p>\n\n\n\n<p>Suivez moi sur les r\u00e9seaux sociaux !<\/p>\n\n\n\n<div class=\"wp-block-buttons is-layout-flex wp-block-buttons-is-layout-flex\">\n<div class=\"wp-block-button\"><a class=\"wp-block-button__link has-black-color has-text-color has-background has-link-color wp-element-button\" href=\"http:\/\/www.linkedin.com\/in\/francoise-keller\" style=\"background-color:#b4d012\" target=\"_blank\" rel=\"noreferrer noopener\">Suivez moi sur Linkedin<\/a><\/div>\n<\/div>\n\n\n\n<div class=\"wp-block-buttons is-layout-flex wp-block-buttons-is-layout-flex\">\n<div class=\"wp-block-button\"><a class=\"wp-block-button__link has-black-color has-text-color has-background has-link-color wp-element-button\" href=\"https:\/\/www.facebook.com\/profile.php?id=61551678165231\" style=\"background-color:#b4d012\" target=\"_blank\" rel=\"noreferrer noopener\">Suivez moi sur Facebook<\/a><\/div>\n<\/div>\n\n\n\n<div class=\"wp-block-buttons is-layout-flex wp-block-buttons-is-layout-flex\">\n<div class=\"wp-block-button\"><a class=\"wp-block-button__link has-black-color has-text-color has-background has-link-color wp-element-button\" href=\"https:\/\/mastodon.social\/@francoise_keller\" style=\"background-color:#b4d012\" target=\"_blank\" rel=\"noreferrer noopener\">Suivez moi sur Mastodon<\/a><\/div>\n<\/div>\n\n\n\n<p><\/p>\n\n\n\n<figure class=\"wp-block-image size-large is-resized\"><a href=\"https:\/\/cnvc.zoom.us\/meeting\/register\/NKh77GbqR_OkH5LdqEnYEw\"><img data-opt-id=1056533712  fetchpriority=\"high\" decoding=\"async\" width=\"576\" height=\"1024\" src=\"https:\/\/mlkqhmyobbaq.i.optimole.com\/w:576\/h:1024\/q:mauto\/ig:avif\/https:\/\/concertience.fr\/leblog\/wp-content\/uploads\/sites\/2\/2026\/03\/Cursus-Linkedin-Webinaire-23-mars-2026.jpg\" alt=\"\" class=\"wp-image-1561\" style=\"aspect-ratio:0.5625069534581866;width:348px;height:auto\" srcset=\"https:\/\/mlkqhmyobbaq.i.optimole.com\/w:576\/h:1024\/q:mauto\/ig:avif\/https:\/\/concertience.fr\/leblog\/wp-content\/uploads\/sites\/2\/2026\/03\/Cursus-Linkedin-Webinaire-23-mars-2026.jpg 576w, https:\/\/mlkqhmyobbaq.i.optimole.com\/w:169\/h:300\/q:mauto\/ig:avif\/https:\/\/concertience.fr\/leblog\/wp-content\/uploads\/sites\/2\/2026\/03\/Cursus-Linkedin-Webinaire-23-mars-2026.jpg 169w, https:\/\/mlkqhmyobbaq.i.optimole.com\/w:607\/h:1080\/q:mauto\/ig:avif\/https:\/\/concertience.fr\/leblog\/wp-content\/uploads\/sites\/2\/2026\/03\/Cursus-Linkedin-Webinaire-23-mars-2026.jpg 768w, https:\/\/mlkqhmyobbaq.i.optimole.com\/w:607\/h:1080\/q:mauto\/ig:avif\/https:\/\/concertience.fr\/leblog\/wp-content\/uploads\/sites\/2\/2026\/03\/Cursus-Linkedin-Webinaire-23-mars-2026.jpg 864w, https:\/\/mlkqhmyobbaq.i.optimole.com\/w:607\/h:1080\/q:mauto\/ig:avif\/https:\/\/concertience.fr\/leblog\/wp-content\/uploads\/sites\/2\/2026\/03\/Cursus-Linkedin-Webinaire-23-mars-2026.jpg 1080w\" sizes=\"(max-width: 576px) 100vw, 576px\" \/><\/a><\/figure>\n\n\n\n<figure class=\"wp-block-image size-large is-resized\"><img data-opt-id=1342022805  data-opt-src=\"https:\/\/mlkqhmyobbaq.i.optimole.com\/w:576\/h:1024\/q:mauto\/ig:avif\/https:\/\/concertience.fr\/leblog\/wp-content\/uploads\/sites\/2\/2026\/03\/Cursus-Linkedin-Webinaire-6-mars-2026-2.jpg\"  decoding=\"async\" width=\"576\" height=\"1024\" src=\"data:image/svg+xml,%3Csvg%20viewBox%3D%220%200%20576%201024%22%20width%3D%22576%22%20height%3D%221024%22%20xmlns%3D%22http%3A%2F%2Fwww.w3.org%2F2000%2Fsvg%22%3E%3Crect%20width%3D%22576%22%20height%3D%221024%22%20fill%3D%22transparent%22%2F%3E%3C%2Fsvg%3E\" alt=\"\" class=\"wp-image-1562\" style=\"aspect-ratio:0.5625069534581866;width:353px;height:auto\" old-srcset=\"https:\/\/mlkqhmyobbaq.i.optimole.com\/w:576\/h:1024\/q:mauto\/ig:avif\/https:\/\/concertience.fr\/leblog\/wp-content\/uploads\/sites\/2\/2026\/03\/Cursus-Linkedin-Webinaire-6-mars-2026-2.jpg 576w, https:\/\/mlkqhmyobbaq.i.optimole.com\/w:169\/h:300\/q:mauto\/ig:avif\/https:\/\/concertience.fr\/leblog\/wp-content\/uploads\/sites\/2\/2026\/03\/Cursus-Linkedin-Webinaire-6-mars-2026-2.jpg 169w, https:\/\/mlkqhmyobbaq.i.optimole.com\/w:607\/h:1080\/q:mauto\/ig:avif\/https:\/\/concertience.fr\/leblog\/wp-content\/uploads\/sites\/2\/2026\/03\/Cursus-Linkedin-Webinaire-6-mars-2026-2.jpg 768w, https:\/\/mlkqhmyobbaq.i.optimole.com\/w:607\/h:1080\/q:mauto\/ig:avif\/https:\/\/concertience.fr\/leblog\/wp-content\/uploads\/sites\/2\/2026\/03\/Cursus-Linkedin-Webinaire-6-mars-2026-2.jpg 864w, https:\/\/mlkqhmyobbaq.i.optimole.com\/w:607\/h:1080\/q:mauto\/ig:avif\/https:\/\/concertience.fr\/leblog\/wp-content\/uploads\/sites\/2\/2026\/03\/Cursus-Linkedin-Webinaire-6-mars-2026-2.jpg 1080w\" \/><\/figure>\n","protected":false},"excerpt":{"rendered":"<p>Pour mieux faire conna\u00eetre ce cursus d&rsquo;approfondissement de la CNV qui a accompagn\u00e9 plus de 150 personnes depuis plus de 10 ans, nous offrons des webinaires gratuits. Ces webinaires ne sont certainement pas des webinaires de promotion et de marketing mais d&rsquo;abord un cadeau que nous offrons avec g\u00e9n\u00e9rosit\u00e9. 5 clefs, inspir\u00e9es de la CNV,<a class=\"excerpt-read-more\" href=\"https:\/\/concertience.fr\/leblog\/5-clefs-pour-incarner-et-rayonner-la-cnv-dans-mes-engagements-professionnels-et-citoyens\/\" title=\"Read5 clefs pour incarner et rayonner la CNV dans mes engagements professionnels et citoyens\">&#8230; Lire plus &raquo;<\/a><\/p>\n","protected":false},"author":2,"featured_media":1563,"comment_status":"open","ping_status":"closed","sticky":false,"template":"","format":"standard","meta":{"footnotes":""},"categories":[1],"tags":[],"class_list":["post-1560","post","type-post","status-publish","format-standard","has-post-thumbnail","hentry","category-non-classe"],"yoast_head":"<!-- This site is optimized with the Yoast SEO plugin v27.4 - https:\/\/yoast.com\/product\/yoast-seo-wordpress\/ -->\n<title>5 clefs pour incarner et rayonner la CNV dans mes engagements professionnels et citoyens - Le blog de Fran\u00e7oise Keller<\/title>\n<meta name=\"robots\" content=\"index, follow, max-snippet:-1, max-image-preview:large, max-video-preview:-1\" \/>\n<link rel=\"canonical\" href=\"https:\/\/concertience.fr\/leblog\/5-clefs-pour-incarner-et-rayonner-la-cnv-dans-mes-engagements-professionnels-et-citoyens\/\" \/>\n<meta property=\"og:locale\" content=\"fr_FR\" \/>\n<meta property=\"og:type\" content=\"article\" \/>\n<meta property=\"og:title\" content=\"5 clefs pour incarner et rayonner la CNV dans mes engagements professionnels et citoyens - Le blog de Fran\u00e7oise Keller\" \/>\n<meta property=\"og:description\" content=\"Pour mieux faire conna\u00eetre ce cursus d&rsquo;approfondissement de la CNV qui a accompagn\u00e9 plus de 150 personnes depuis plus de 10 ans, nous offrons des webinaires gratuits. Ces webinaires ne sont certainement pas des webinaires de promotion et de marketing mais d&rsquo;abord un cadeau que nous offrons avec g\u00e9n\u00e9rosit\u00e9. 5 clefs, inspir\u00e9es de la CNV,... Lire plus &raquo;\" \/>\n<meta property=\"og:url\" content=\"https:\/\/concertience.fr\/leblog\/5-clefs-pour-incarner-et-rayonner-la-cnv-dans-mes-engagements-professionnels-et-citoyens\/\" \/>\n<meta property=\"og:site_name\" content=\"Le blog de Fran\u00e7oise Keller\" \/>\n<meta property=\"article:published_time\" content=\"2026-03-11T13:36:00+00:00\" \/>\n<meta property=\"article:modified_time\" content=\"2026-03-20T09:31:40+00:00\" \/>\n<meta property=\"og:image\" content=\"https:\/\/mlkqhmyobbaq.i.optimole.com\/w:auto\/h:auto\/q:mauto\/ig:avif\/https:\/\/concertience.fr\/leblog\/wp-content\/uploads\/sites\/2\/2026\/03\/nina-mercado-CnrDuY0tFrg-unsplash-2.jpg\" \/>\n\t<meta property=\"og:image:width\" content=\"1920\" \/>\n\t<meta property=\"og:image:height\" content=\"1280\" \/>\n\t<meta property=\"og:image:type\" content=\"image\/jpeg\" \/>\n<meta name=\"author\" content=\"francoisesiteweb\" \/>\n<meta name=\"twitter:card\" content=\"summary_large_image\" \/>\n<meta name=\"twitter:label1\" content=\"\u00c9crit par\" \/>\n\t<meta name=\"twitter:data1\" content=\"francoisesiteweb\" \/>\n\t<meta name=\"twitter:label2\" content=\"Dur\u00e9e de lecture estim\u00e9e\" \/>\n\t<meta name=\"twitter:data2\" content=\"3 minutes\" \/>\n<script type=\"application\/ld+json\" class=\"yoast-schema-graph\">{\"@context\":\"https:\\\/\\\/schema.org\",\"@graph\":[{\"@type\":\"Article\",\"@id\":\"https:\\\/\\\/concertience.fr\\\/leblog\\\/5-clefs-pour-incarner-et-rayonner-la-cnv-dans-mes-engagements-professionnels-et-citoyens\\\/#article\",\"isPartOf\":{\"@id\":\"https:\\\/\\\/concertience.fr\\\/leblog\\\/5-clefs-pour-incarner-et-rayonner-la-cnv-dans-mes-engagements-professionnels-et-citoyens\\\/\"},\"author\":{\"name\":\"francoisesiteweb\",\"@id\":\"https:\\\/\\\/concertience.fr\\\/leblog\\\/#\\\/schema\\\/person\\\/a8a3ffb4a05b55c3e77e954cd93c49d8\"},\"headline\":\"5 clefs pour incarner et rayonner la CNV dans mes engagements professionnels et citoyens\",\"datePublished\":\"2026-03-11T13:36:00+00:00\",\"dateModified\":\"2026-03-20T09:31:40+00:00\",\"mainEntityOfPage\":{\"@id\":\"https:\\\/\\\/concertience.fr\\\/leblog\\\/5-clefs-pour-incarner-et-rayonner-la-cnv-dans-mes-engagements-professionnels-et-citoyens\\\/\"},\"wordCount\":453,\"commentCount\":0,\"image\":{\"@id\":\"https:\\\/\\\/concertience.fr\\\/leblog\\\/5-clefs-pour-incarner-et-rayonner-la-cnv-dans-mes-engagements-professionnels-et-citoyens\\\/#primaryimage\"},\"thumbnailUrl\":\"https:\\/\\/concertience.fr\\/leblog\\/wp-content\\/uploads\\/sites\\/2\\/2026\\/03\\/nina-mercado-CnrDuY0tFrg-unsplash-2.jpg\",\"inLanguage\":\"fr-FR\",\"potentialAction\":[{\"@type\":\"CommentAction\",\"name\":\"Comment\",\"target\":[\"https:\\\/\\\/concertience.fr\\\/leblog\\\/5-clefs-pour-incarner-et-rayonner-la-cnv-dans-mes-engagements-professionnels-et-citoyens\\\/#respond\"]}]},{\"@type\":\"WebPage\",\"@id\":\"https:\\\/\\\/concertience.fr\\\/leblog\\\/5-clefs-pour-incarner-et-rayonner-la-cnv-dans-mes-engagements-professionnels-et-citoyens\\\/\",\"url\":\"https:\\\/\\\/concertience.fr\\\/leblog\\\/5-clefs-pour-incarner-et-rayonner-la-cnv-dans-mes-engagements-professionnels-et-citoyens\\\/\",\"name\":\"5 clefs pour incarner et rayonner la CNV dans mes engagements professionnels et citoyens - Le blog de Fran\u00e7oise Keller\",\"isPartOf\":{\"@id\":\"https:\\\/\\\/concertience.fr\\\/leblog\\\/#website\"},\"primaryImageOfPage\":{\"@id\":\"https:\\\/\\\/concertience.fr\\\/leblog\\\/5-clefs-pour-incarner-et-rayonner-la-cnv-dans-mes-engagements-professionnels-et-citoyens\\\/#primaryimage\"},\"image\":{\"@id\":\"https:\\\/\\\/concertience.fr\\\/leblog\\\/5-clefs-pour-incarner-et-rayonner-la-cnv-dans-mes-engagements-professionnels-et-citoyens\\\/#primaryimage\"},\"thumbnailUrl\":\"https:\\/\\/concertience.fr\\/leblog\\/wp-content\\/uploads\\/sites\\/2\\/2026\\/03\\/nina-mercado-CnrDuY0tFrg-unsplash-2.jpg\",\"datePublished\":\"2026-03-11T13:36:00+00:00\",\"dateModified\":\"2026-03-20T09:31:40+00:00\",\"author\":{\"@id\":\"https:\\\/\\\/concertience.fr\\\/leblog\\\/#\\\/schema\\\/person\\\/a8a3ffb4a05b55c3e77e954cd93c49d8\"},\"breadcrumb\":{\"@id\":\"https:\\\/\\\/concertience.fr\\\/leblog\\\/5-clefs-pour-incarner-et-rayonner-la-cnv-dans-mes-engagements-professionnels-et-citoyens\\\/#breadcrumb\"},\"inLanguage\":\"fr-FR\",\"potentialAction\":[{\"@type\":\"ReadAction\",\"target\":[\"https:\\\/\\\/concertience.fr\\\/leblog\\\/5-clefs-pour-incarner-et-rayonner-la-cnv-dans-mes-engagements-professionnels-et-citoyens\\\/\"]}]},{\"@type\":\"ImageObject\",\"inLanguage\":\"fr-FR\",\"@id\":\"https:\\\/\\\/concertience.fr\\\/leblog\\\/5-clefs-pour-incarner-et-rayonner-la-cnv-dans-mes-engagements-professionnels-et-citoyens\\\/#primaryimage\",\"url\":\"https:\\/\\/concertience.fr\\/leblog\\/wp-content\\/uploads\\/sites\\/2\\/2026\\/03\\/nina-mercado-CnrDuY0tFrg-unsplash-2.jpg\",\"contentUrl\":\"https:\\/\\/concertience.fr\\/leblog\\/wp-content\\/uploads\\/sites\\/2\\/2026\\/03\\/nina-mercado-CnrDuY0tFrg-unsplash-2.jpg\",\"width\":1920,\"height\":1280},{\"@type\":\"BreadcrumbList\",\"@id\":\"https:\\\/\\\/concertience.fr\\\/leblog\\\/5-clefs-pour-incarner-et-rayonner-la-cnv-dans-mes-engagements-professionnels-et-citoyens\\\/#breadcrumb\",\"itemListElement\":[{\"@type\":\"ListItem\",\"position\":1,\"name\":\"Accueil\",\"item\":\"https:\\\/\\\/concertience.fr\\\/leblog\\\/\"},{\"@type\":\"ListItem\",\"position\":2,\"name\":\"Non class\u00e9\",\"item\":\"https:\\\/\\\/concertience.fr\\\/leblog\\\/non-classe\\\/\"},{\"@type\":\"ListItem\",\"position\":3,\"name\":\"5 clefs pour incarner et rayonner la CNV dans mes engagements professionnels et citoyens\"}]},{\"@type\":\"WebSite\",\"@id\":\"https:\\\/\\\/concertience.fr\\\/leblog\\\/#website\",\"url\":\"https:\\\/\\\/concertience.fr\\\/leblog\\\/\",\"name\":\"Le blog de Fran\u00e7oise Keller\",\"description\":\"Le blog de Fran\u00e7oise Keller, Concertience\",\"potentialAction\":[{\"@type\":\"SearchAction\",\"target\":{\"@type\":\"EntryPoint\",\"urlTemplate\":\"https:\\\/\\\/concertience.fr\\\/leblog\\\/?s={search_term_string}\"},\"query-input\":{\"@type\":\"PropertyValueSpecification\",\"valueRequired\":true,\"valueName\":\"search_term_string\"}}],\"inLanguage\":\"fr-FR\"},{\"@type\":\"Person\",\"@id\":\"https:\\\/\\\/concertience.fr\\\/leblog\\\/#\\\/schema\\\/person\\\/a8a3ffb4a05b55c3e77e954cd93c49d8\",\"name\":\"francoisesiteweb\"}]}<\/script>\n<!-- \/ Yoast SEO plugin. -->","yoast_head_json":{"title":"5 clefs pour incarner et rayonner la CNV dans mes engagements professionnels et citoyens - Le blog de Fran\u00e7oise Keller","robots":{"index":"index","follow":"follow","max-snippet":"max-snippet:-1","max-image-preview":"max-image-preview:large","max-video-preview":"max-video-preview:-1"},"canonical":"https:\/\/concertience.fr\/leblog\/5-clefs-pour-incarner-et-rayonner-la-cnv-dans-mes-engagements-professionnels-et-citoyens\/","og_locale":"fr_FR","og_type":"article","og_title":"5 clefs pour incarner et rayonner la CNV dans mes engagements professionnels et citoyens - Le blog de Fran\u00e7oise Keller","og_description":"Pour mieux faire conna\u00eetre ce cursus d&rsquo;approfondissement de la CNV qui a accompagn\u00e9 plus de 150 personnes depuis plus de 10 ans, nous offrons des webinaires gratuits. Ces webinaires ne sont certainement pas des webinaires de promotion et de marketing mais d&rsquo;abord un cadeau que nous offrons avec g\u00e9n\u00e9rosit\u00e9. 5 clefs, inspir\u00e9es de la CNV,... Lire plus &raquo;","og_url":"https:\/\/concertience.fr\/leblog\/5-clefs-pour-incarner-et-rayonner-la-cnv-dans-mes-engagements-professionnels-et-citoyens\/","og_site_name":"Le blog de Fran\u00e7oise Keller","article_published_time":"2026-03-11T13:36:00+00:00","article_modified_time":"2026-03-20T09:31:40+00:00","og_image":[{"width":1920,"height":1280,"url":"https:\/\/mlkqhmyobbaq.i.optimole.com\/w:auto\/h:auto\/q:mauto\/ig:avif\/https:\/\/concertience.fr\/leblog\/wp-content\/uploads\/sites\/2\/2026\/03\/nina-mercado-CnrDuY0tFrg-unsplash-2.jpg","type":"image\/jpeg"}],"author":"francoisesiteweb","twitter_card":"summary_large_image","twitter_misc":{"\u00c9crit par":"francoisesiteweb","Dur\u00e9e de lecture estim\u00e9e":"3 minutes"},"schema":{"@context":"https:\/\/schema.org","@graph":[{"@type":"Article","@id":"https:\/\/concertience.fr\/leblog\/5-clefs-pour-incarner-et-rayonner-la-cnv-dans-mes-engagements-professionnels-et-citoyens\/#article","isPartOf":{"@id":"https:\/\/concertience.fr\/leblog\/5-clefs-pour-incarner-et-rayonner-la-cnv-dans-mes-engagements-professionnels-et-citoyens\/"},"author":{"name":"francoisesiteweb","@id":"https:\/\/concertience.fr\/leblog\/#\/schema\/person\/a8a3ffb4a05b55c3e77e954cd93c49d8"},"headline":"5 clefs pour incarner et rayonner la CNV dans mes engagements professionnels et citoyens","datePublished":"2026-03-11T13:36:00+00:00","dateModified":"2026-03-20T09:31:40+00:00","mainEntityOfPage":{"@id":"https:\/\/concertience.fr\/leblog\/5-clefs-pour-incarner-et-rayonner-la-cnv-dans-mes-engagements-professionnels-et-citoyens\/"},"wordCount":453,"commentCount":0,"image":{"@id":"https:\/\/concertience.fr\/leblog\/5-clefs-pour-incarner-et-rayonner-la-cnv-dans-mes-engagements-professionnels-et-citoyens\/#primaryimage"},"thumbnailUrl":"https:\/\/mlkqhmyobbaq.i.optimole.com\/w:auto\/h:auto\/q:mauto\/ig:avif\/https:\/\/concertience.fr\/leblog\/wp-content\/uploads\/sites\/2\/2026\/03\/nina-mercado-CnrDuY0tFrg-unsplash-2.jpg","inLanguage":"fr-FR","potentialAction":[{"@type":"CommentAction","name":"Comment","target":["https:\/\/concertience.fr\/leblog\/5-clefs-pour-incarner-et-rayonner-la-cnv-dans-mes-engagements-professionnels-et-citoyens\/#respond"]}]},{"@type":"WebPage","@id":"https:\/\/concertience.fr\/leblog\/5-clefs-pour-incarner-et-rayonner-la-cnv-dans-mes-engagements-professionnels-et-citoyens\/","url":"https:\/\/concertience.fr\/leblog\/5-clefs-pour-incarner-et-rayonner-la-cnv-dans-mes-engagements-professionnels-et-citoyens\/","name":"5 clefs pour incarner et rayonner la CNV dans mes engagements professionnels et citoyens - Le blog de Fran\u00e7oise Keller","isPartOf":{"@id":"https:\/\/concertience.fr\/leblog\/#website"},"primaryImageOfPage":{"@id":"https:\/\/concertience.fr\/leblog\/5-clefs-pour-incarner-et-rayonner-la-cnv-dans-mes-engagements-professionnels-et-citoyens\/#primaryimage"},"image":{"@id":"https:\/\/concertience.fr\/leblog\/5-clefs-pour-incarner-et-rayonner-la-cnv-dans-mes-engagements-professionnels-et-citoyens\/#primaryimage"},"thumbnailUrl":"https:\/\/mlkqhmyobbaq.i.optimole.com\/w:auto\/h:auto\/q:mauto\/ig:avif\/https:\/\/concertience.fr\/leblog\/wp-content\/uploads\/sites\/2\/2026\/03\/nina-mercado-CnrDuY0tFrg-unsplash-2.jpg","datePublished":"2026-03-11T13:36:00+00:00","dateModified":"2026-03-20T09:31:40+00:00","author":{"@id":"https:\/\/concertience.fr\/leblog\/#\/schema\/person\/a8a3ffb4a05b55c3e77e954cd93c49d8"},"breadcrumb":{"@id":"https:\/\/concertience.fr\/leblog\/5-clefs-pour-incarner-et-rayonner-la-cnv-dans-mes-engagements-professionnels-et-citoyens\/#breadcrumb"},"inLanguage":"fr-FR","potentialAction":[{"@type":"ReadAction","target":["https:\/\/concertience.fr\/leblog\/5-clefs-pour-incarner-et-rayonner-la-cnv-dans-mes-engagements-professionnels-et-citoyens\/"]}]},{"@type":"ImageObject","inLanguage":"fr-FR","@id":"https:\/\/concertience.fr\/leblog\/5-clefs-pour-incarner-et-rayonner-la-cnv-dans-mes-engagements-professionnels-et-citoyens\/#primaryimage","url":"https:\/\/mlkqhmyobbaq.i.optimole.com\/w:auto\/h:auto\/q:mauto\/ig:avif\/https:\/\/concertience.fr\/leblog\/wp-content\/uploads\/sites\/2\/2026\/03\/nina-mercado-CnrDuY0tFrg-unsplash-2.jpg","contentUrl":"https:\/\/mlkqhmyobbaq.i.optimole.com\/w:auto\/h:auto\/q:mauto\/ig:avif\/https:\/\/concertience.fr\/leblog\/wp-content\/uploads\/sites\/2\/2026\/03\/nina-mercado-CnrDuY0tFrg-unsplash-2.jpg","width":1920,"height":1280},{"@type":"BreadcrumbList","@id":"https:\/\/concertience.fr\/leblog\/5-clefs-pour-incarner-et-rayonner-la-cnv-dans-mes-engagements-professionnels-et-citoyens\/#breadcrumb","itemListElement":[{"@type":"ListItem","position":1,"name":"Accueil","item":"https:\/\/concertience.fr\/leblog\/"},{"@type":"ListItem","position":2,"name":"Non class\u00e9","item":"https:\/\/concertience.fr\/leblog\/non-classe\/"},{"@type":"ListItem","position":3,"name":"5 clefs pour incarner et rayonner la CNV dans mes engagements professionnels et citoyens"}]},{"@type":"WebSite","@id":"https:\/\/concertience.fr\/leblog\/#website","url":"https:\/\/concertience.fr\/leblog\/","name":"Le blog de Fran\u00e7oise Keller","description":"Le blog de Fran\u00e7oise Keller, Concertience","potentialAction":[{"@type":"SearchAction","target":{"@type":"EntryPoint","urlTemplate":"https:\/\/concertience.fr\/leblog\/?s={search_term_string}"},"query-input":{"@type":"PropertyValueSpecification","valueRequired":true,"valueName":"search_term_string"}}],"inLanguage":"fr-FR"},{"@type":"Person","@id":"https:\/\/concertience.fr\/leblog\/#\/schema\/person\/a8a3ffb4a05b55c3e77e954cd93c49d8","name":"francoisesiteweb"}]}},"_links":{"self":[{"href":"https:\/\/concertience.fr\/leblog\/wp-json\/wp\/v2\/posts\/1560","targetHints":{"allow":["GET"]}}],"collection":[{"href":"https:\/\/concertience.fr\/leblog\/wp-json\/wp\/v2\/posts"}],"about":[{"href":"https:\/\/concertience.fr\/leblog\/wp-json\/wp\/v2\/types\/post"}],"author":[{"embeddable":true,"href":"https:\/\/concertience.fr\/leblog\/wp-json\/wp\/v2\/users\/2"}],"replies":[{"embeddable":true,"href":"https:\/\/concertience.fr\/leblog\/wp-json\/wp\/v2\/comments?post=1560"}],"version-history":[{"count":4,"href":"https:\/\/concertience.fr\/leblog\/wp-json\/wp\/v2\/posts\/1560\/revisions"}],"predecessor-version":[{"id":1570,"href":"https:\/\/concertience.fr\/leblog\/wp-json\/wp\/v2\/posts\/1560\/revisions\/1570"}],"wp:featuredmedia":[{"embeddable":true,"href":"https:\/\/concertience.fr\/leblog\/wp-json\/wp\/v2\/media\/1563"}],"wp:attachment":[{"href":"https:\/\/concertience.fr\/leblog\/wp-json\/wp\/v2\/media?parent=1560"}],"wp:term":[{"taxonomy":"category","embeddable":true,"href":"https:\/\/concertience.fr\/leblog\/wp-json\/wp\/v2\/categories?post=1560"},{"taxonomy":"post_tag","embeddable":true,"href":"https:\/\/concertience.fr\/leblog\/wp-json\/wp\/v2\/tags?post=1560"}],"curies":[{"name":"wp","href":"https:\/\/api.w.org\/{rel}","templated":true}]}}