{"id":1547,"date":"2025-12-16T14:14:48","date_gmt":"2025-12-16T13:14:48","guid":{"rendered":"https:\/\/concertience.fr\/leblog\/?p=1547"},"modified":"2025-12-16T14:16:29","modified_gmt":"2025-12-16T13:16:29","slug":"et-si-en-2026-nous-nous-ancrions-dans-la-gratitude","status":"publish","type":"post","link":"https:\/\/concertience.fr\/leblog\/et-si-en-2026-nous-nous-ancrions-dans-la-gratitude\/","title":{"rendered":"Et si, en 2026, nous nous ancrions dans la gratitude ?"},"content":{"rendered":"\n<p>3 mythes sur la gratitude \u00e0 d\u00e9couvrir ! Attention, danger : ne croyez pas tout ce que vous lisez sur la gratitude. Faites le tri !<br>Je vous offre mon premier tri.<br><br>La gratitude n&rsquo;est pas ce que vous croyez.<br><br>La gratitude est bien davantage que ce que vous croyez.<br><br>La gratitude va transformer votre ann\u00e9e 2026 (ou pas).<br><br>La gratitude, \u00e9nergie renouvelable, gratuite et contagieuse !<\/p>\n\n\n\n<p>Et d&rsquo;autres surprises \u00e0 d\u00e9couvrir en janvier !<\/p>\n\n\n\n<p><br>J<strong>e propose un nouveau stage sur ce th\u00e8me les 15 et 16 janvier 2026.<\/strong><\/p>\n\n\n\n<p><a href=\"https:\/\/concertience.fr\/inscription\/\">Rejoignez-nous !<\/a><br><br>D&rsquo;autres ressources ici car c&rsquo;est un th\u00e8me que je travaille depuis des ann\u00e9es (parce que mon cot\u00e9 perfectionniste et ma peur de l&rsquo;\u00e9go-centrisme ne m&rsquo;avaient pas appris que la gratitude pouvait \u00eatre une des ressources les plus utiles pour moi et pour les collectifs) : https:\/\/concertience.fr\/leblog\/pratiquer-la-gratitude-au-quotidien\/<br><\/p>\n\n\n\n<div data-wp-interactive=\"core\/file\" class=\"wp-block-file\"><object data-wp-bind--hidden=\"!state.hasPdfPreview\" hidden class=\"wp-block-file__embed\" data=\"https:\/\/concertience.fr\/leblog\/wp-content\/uploads\/sites\/2\/2025\/12\/3-mythes-sur-la-gratitude-F-Keller-compressed.pdf\" type=\"application\/pdf\" style=\"width:100%;height:600px\" aria-label=\"Contenu embarqu\u00e9 3 mythes sur la gratitude F Keller compressed.\"><\/object><a id=\"wp-block-file--media-f1ffc8eb-f088-4c82-8d4f-c9bad6eda5d5\" href=\"https:\/\/concertience.fr\/leblog\/wp-content\/uploads\/sites\/2\/2025\/12\/3-mythes-sur-la-gratitude-F-Keller-compressed.pdf\">3 mythes sur la gratitude F Keller compressed<\/a><a href=\"https:\/\/concertience.fr\/leblog\/wp-content\/uploads\/sites\/2\/2025\/12\/3-mythes-sur-la-gratitude-F-Keller-compressed.pdf\" class=\"wp-block-file__button wp-element-button\" download aria-describedby=\"wp-block-file--media-f1ffc8eb-f088-4c82-8d4f-c9bad6eda5d5\">T\u00e9l\u00e9charger<\/a><\/div>\n","protected":false},"excerpt":{"rendered":"<p>3 mythes sur la gratitude \u00e0 d\u00e9couvrir ! Attention, danger : ne croyez pas tout ce que vous lisez sur la gratitude. Faites le tri !Je vous offre mon premier tri. La gratitude n&rsquo;est pas ce que vous croyez. La gratitude est bien davantage que ce que vous croyez. La gratitude va transformer votre ann\u00e9e<a class=\"excerpt-read-more\" href=\"https:\/\/concertience.fr\/leblog\/et-si-en-2026-nous-nous-ancrions-dans-la-gratitude\/\" title=\"ReadEt si, en 2026, nous nous ancrions dans la gratitude ?\">&#8230; Lire plus &raquo;<\/a><\/p>\n","protected":false},"author":2,"featured_media":1550,"comment_status":"open","ping_status":"closed","sticky":false,"template":"","format":"standard","meta":{"footnotes":""},"categories":[3,84,9,4],"tags":[7,10,129,104,22],"class_list":["post-1547","post","type-post","status-publish","format-standard","has-post-thumbnail","hentry","category-actualites","category-articles-emissions-f-keller","category-communication-nonviolente-cnv","category-notre-offre-de-formation","tag-cnv","tag-communication-nonviolente","tag-ecologie-2","tag-gratitude","tag-management"],"yoast_head":"<!-- This site is optimized with the Yoast SEO plugin v27.5 - https:\/\/yoast.com\/product\/yoast-seo-wordpress\/ -->\n<title>Et si, en 2026, nous nous ancrions dans la gratitude ? - Le blog de Fran\u00e7oise Keller<\/title>\n<meta name=\"robots\" content=\"index, follow, max-snippet:-1, max-image-preview:large, max-video-preview:-1\" \/>\n<link rel=\"canonical\" href=\"https:\/\/concertience.fr\/leblog\/et-si-en-2026-nous-nous-ancrions-dans-la-gratitude\/\" \/>\n<meta property=\"og:locale\" content=\"fr_FR\" \/>\n<meta property=\"og:type\" content=\"article\" \/>\n<meta property=\"og:title\" content=\"Et si, en 2026, nous nous ancrions dans la gratitude ? - Le blog de Fran\u00e7oise Keller\" \/>\n<meta property=\"og:description\" content=\"3 mythes sur la gratitude \u00e0 d\u00e9couvrir ! Attention, danger : ne croyez pas tout ce que vous lisez sur la gratitude. Faites le tri !Je vous offre mon premier tri. La gratitude n&rsquo;est pas ce que vous croyez. La gratitude est bien davantage que ce que vous croyez. La gratitude va transformer votre ann\u00e9e... Lire plus &raquo;\" \/>\n<meta property=\"og:url\" content=\"https:\/\/concertience.fr\/leblog\/et-si-en-2026-nous-nous-ancrions-dans-la-gratitude\/\" \/>\n<meta property=\"og:site_name\" content=\"Le blog de Fran\u00e7oise Keller\" \/>\n<meta property=\"article:published_time\" content=\"2025-12-16T13:14:48+00:00\" \/>\n<meta property=\"article:modified_time\" content=\"2025-12-16T13:16:29+00:00\" \/>\n<meta property=\"og:image\" content=\"https:\/\/mlkqhmyobbaq.i.optimole.com\/w:auto\/h:auto\/q:mauto\/ig:avif\/https:\/\/concertience.fr\/leblog\/wp-content\/uploads\/sites\/2\/2025\/12\/3-mythes-sur-la-gratitude.jpg\" \/>\n\t<meta property=\"og:image:width\" content=\"1200\" \/>\n\t<meta property=\"og:image:height\" content=\"1500\" \/>\n\t<meta property=\"og:image:type\" content=\"image\/jpeg\" \/>\n<meta name=\"author\" content=\"francoisesiteweb\" \/>\n<meta name=\"twitter:card\" content=\"summary_large_image\" \/>\n<meta name=\"twitter:label1\" content=\"\u00c9crit par\" \/>\n\t<meta name=\"twitter:data1\" content=\"francoisesiteweb\" \/>\n\t<meta name=\"twitter:label2\" content=\"Dur\u00e9e de lecture estim\u00e9e\" \/>\n\t<meta name=\"twitter:data2\" content=\"1 minute\" \/>\n<script type=\"application\/ld+json\" class=\"yoast-schema-graph\">{\"@context\":\"https:\\\/\\\/schema.org\",\"@graph\":[{\"@type\":\"Article\",\"@id\":\"https:\\\/\\\/concertience.fr\\\/leblog\\\/et-si-en-2026-nous-nous-ancrions-dans-la-gratitude\\\/#article\",\"isPartOf\":{\"@id\":\"https:\\\/\\\/concertience.fr\\\/leblog\\\/et-si-en-2026-nous-nous-ancrions-dans-la-gratitude\\\/\"},\"author\":{\"name\":\"francoisesiteweb\",\"@id\":\"https:\\\/\\\/concertience.fr\\\/leblog\\\/#\\\/schema\\\/person\\\/a8a3ffb4a05b55c3e77e954cd93c49d8\"},\"headline\":\"Et si, en 2026, nous nous ancrions dans la gratitude ?\",\"datePublished\":\"2025-12-16T13:14:48+00:00\",\"dateModified\":\"2025-12-16T13:16:29+00:00\",\"mainEntityOfPage\":{\"@id\":\"https:\\\/\\\/concertience.fr\\\/leblog\\\/et-si-en-2026-nous-nous-ancrions-dans-la-gratitude\\\/\"},\"wordCount\":158,\"commentCount\":0,\"image\":{\"@id\":\"https:\\\/\\\/concertience.fr\\\/leblog\\\/et-si-en-2026-nous-nous-ancrions-dans-la-gratitude\\\/#primaryimage\"},\"thumbnailUrl\":\"https:\\/\\/concertience.fr\\/leblog\\/wp-content\\/uploads\\/sites\\/2\\/2025\\/12\\/3-mythes-sur-la-gratitude.jpg\",\"keywords\":[\"CNV\",\"Communication NonViolente\",\"\u00e9cologie\",\"Gratitude\",\"Management\"],\"articleSection\":[\"Actualit\u00e9s\",\"Articles, \u00e9missions F Keller\",\"Communication NonViolente (CNV)\",\"Notre offre de formation\"],\"inLanguage\":\"fr-FR\",\"potentialAction\":[{\"@type\":\"CommentAction\",\"name\":\"Comment\",\"target\":[\"https:\\\/\\\/concertience.fr\\\/leblog\\\/et-si-en-2026-nous-nous-ancrions-dans-la-gratitude\\\/#respond\"]}]},{\"@type\":\"WebPage\",\"@id\":\"https:\\\/\\\/concertience.fr\\\/leblog\\\/et-si-en-2026-nous-nous-ancrions-dans-la-gratitude\\\/\",\"url\":\"https:\\\/\\\/concertience.fr\\\/leblog\\\/et-si-en-2026-nous-nous-ancrions-dans-la-gratitude\\\/\",\"name\":\"Et si, en 2026, nous nous ancrions dans la gratitude ? - Le blog de Fran\u00e7oise Keller\",\"isPartOf\":{\"@id\":\"https:\\\/\\\/concertience.fr\\\/leblog\\\/#website\"},\"primaryImageOfPage\":{\"@id\":\"https:\\\/\\\/concertience.fr\\\/leblog\\\/et-si-en-2026-nous-nous-ancrions-dans-la-gratitude\\\/#primaryimage\"},\"image\":{\"@id\":\"https:\\\/\\\/concertience.fr\\\/leblog\\\/et-si-en-2026-nous-nous-ancrions-dans-la-gratitude\\\/#primaryimage\"},\"thumbnailUrl\":\"https:\\/\\/concertience.fr\\/leblog\\/wp-content\\/uploads\\/sites\\/2\\/2025\\/12\\/3-mythes-sur-la-gratitude.jpg\",\"datePublished\":\"2025-12-16T13:14:48+00:00\",\"dateModified\":\"2025-12-16T13:16:29+00:00\",\"author\":{\"@id\":\"https:\\\/\\\/concertience.fr\\\/leblog\\\/#\\\/schema\\\/person\\\/a8a3ffb4a05b55c3e77e954cd93c49d8\"},\"breadcrumb\":{\"@id\":\"https:\\\/\\\/concertience.fr\\\/leblog\\\/et-si-en-2026-nous-nous-ancrions-dans-la-gratitude\\\/#breadcrumb\"},\"inLanguage\":\"fr-FR\",\"potentialAction\":[{\"@type\":\"ReadAction\",\"target\":[\"https:\\\/\\\/concertience.fr\\\/leblog\\\/et-si-en-2026-nous-nous-ancrions-dans-la-gratitude\\\/\"]}]},{\"@type\":\"ImageObject\",\"inLanguage\":\"fr-FR\",\"@id\":\"https:\\\/\\\/concertience.fr\\\/leblog\\\/et-si-en-2026-nous-nous-ancrions-dans-la-gratitude\\\/#primaryimage\",\"url\":\"https:\\/\\/concertience.fr\\/leblog\\/wp-content\\/uploads\\/sites\\/2\\/2025\\/12\\/3-mythes-sur-la-gratitude.jpg\",\"contentUrl\":\"https:\\/\\/concertience.fr\\/leblog\\/wp-content\\/uploads\\/sites\\/2\\/2025\\/12\\/3-mythes-sur-la-gratitude.jpg\",\"width\":1200,\"height\":1500},{\"@type\":\"BreadcrumbList\",\"@id\":\"https:\\\/\\\/concertience.fr\\\/leblog\\\/et-si-en-2026-nous-nous-ancrions-dans-la-gratitude\\\/#breadcrumb\",\"itemListElement\":[{\"@type\":\"ListItem\",\"position\":1,\"name\":\"Accueil\",\"item\":\"https:\\\/\\\/concertience.fr\\\/leblog\\\/\"},{\"@type\":\"ListItem\",\"position\":2,\"name\":\"Communication NonViolente (CNV)\",\"item\":\"https:\\\/\\\/concertience.fr\\\/leblog\\\/communication-nonviolente-cnv\\\/\"},{\"@type\":\"ListItem\",\"position\":3,\"name\":\"Et si, en 2026, nous nous ancrions dans la gratitude ?\"}]},{\"@type\":\"WebSite\",\"@id\":\"https:\\\/\\\/concertience.fr\\\/leblog\\\/#website\",\"url\":\"https:\\\/\\\/concertience.fr\\\/leblog\\\/\",\"name\":\"Le blog de Fran\u00e7oise Keller\",\"description\":\"Le blog de Fran\u00e7oise Keller, Concertience\",\"potentialAction\":[{\"@type\":\"SearchAction\",\"target\":{\"@type\":\"EntryPoint\",\"urlTemplate\":\"https:\\\/\\\/concertience.fr\\\/leblog\\\/?s={search_term_string}\"},\"query-input\":{\"@type\":\"PropertyValueSpecification\",\"valueRequired\":true,\"valueName\":\"search_term_string\"}}],\"inLanguage\":\"fr-FR\"},{\"@type\":\"Person\",\"@id\":\"https:\\\/\\\/concertience.fr\\\/leblog\\\/#\\\/schema\\\/person\\\/a8a3ffb4a05b55c3e77e954cd93c49d8\",\"name\":\"francoisesiteweb\"}]}<\/script>\n<!-- \/ Yoast SEO plugin. -->","yoast_head_json":{"title":"Et si, en 2026, nous nous ancrions dans la gratitude ? - Le blog de Fran\u00e7oise Keller","robots":{"index":"index","follow":"follow","max-snippet":"max-snippet:-1","max-image-preview":"max-image-preview:large","max-video-preview":"max-video-preview:-1"},"canonical":"https:\/\/concertience.fr\/leblog\/et-si-en-2026-nous-nous-ancrions-dans-la-gratitude\/","og_locale":"fr_FR","og_type":"article","og_title":"Et si, en 2026, nous nous ancrions dans la gratitude ? - Le blog de Fran\u00e7oise Keller","og_description":"3 mythes sur la gratitude \u00e0 d\u00e9couvrir ! Attention, danger : ne croyez pas tout ce que vous lisez sur la gratitude. Faites le tri !Je vous offre mon premier tri. La gratitude n&rsquo;est pas ce que vous croyez. La gratitude est bien davantage que ce que vous croyez. La gratitude va transformer votre ann\u00e9e... Lire plus &raquo;","og_url":"https:\/\/concertience.fr\/leblog\/et-si-en-2026-nous-nous-ancrions-dans-la-gratitude\/","og_site_name":"Le blog de Fran\u00e7oise Keller","article_published_time":"2025-12-16T13:14:48+00:00","article_modified_time":"2025-12-16T13:16:29+00:00","og_image":[{"width":1200,"height":1500,"url":"https:\/\/mlkqhmyobbaq.i.optimole.com\/w:auto\/h:auto\/q:mauto\/ig:avif\/https:\/\/concertience.fr\/leblog\/wp-content\/uploads\/sites\/2\/2025\/12\/3-mythes-sur-la-gratitude.jpg","type":"image\/jpeg"}],"author":"francoisesiteweb","twitter_card":"summary_large_image","twitter_misc":{"\u00c9crit par":"francoisesiteweb","Dur\u00e9e de lecture estim\u00e9e":"1 minute"},"schema":{"@context":"https:\/\/schema.org","@graph":[{"@type":"Article","@id":"https:\/\/concertience.fr\/leblog\/et-si-en-2026-nous-nous-ancrions-dans-la-gratitude\/#article","isPartOf":{"@id":"https:\/\/concertience.fr\/leblog\/et-si-en-2026-nous-nous-ancrions-dans-la-gratitude\/"},"author":{"name":"francoisesiteweb","@id":"https:\/\/concertience.fr\/leblog\/#\/schema\/person\/a8a3ffb4a05b55c3e77e954cd93c49d8"},"headline":"Et si, en 2026, nous nous ancrions dans la gratitude ?","datePublished":"2025-12-16T13:14:48+00:00","dateModified":"2025-12-16T13:16:29+00:00","mainEntityOfPage":{"@id":"https:\/\/concertience.fr\/leblog\/et-si-en-2026-nous-nous-ancrions-dans-la-gratitude\/"},"wordCount":158,"commentCount":0,"image":{"@id":"https:\/\/concertience.fr\/leblog\/et-si-en-2026-nous-nous-ancrions-dans-la-gratitude\/#primaryimage"},"thumbnailUrl":"https:\/\/mlkqhmyobbaq.i.optimole.com\/w:auto\/h:auto\/q:mauto\/ig:avif\/https:\/\/concertience.fr\/leblog\/wp-content\/uploads\/sites\/2\/2025\/12\/3-mythes-sur-la-gratitude.jpg","keywords":["CNV","Communication NonViolente","\u00e9cologie","Gratitude","Management"],"articleSection":["Actualit\u00e9s","Articles, \u00e9missions F Keller","Communication NonViolente (CNV)","Notre offre de formation"],"inLanguage":"fr-FR","potentialAction":[{"@type":"CommentAction","name":"Comment","target":["https:\/\/concertience.fr\/leblog\/et-si-en-2026-nous-nous-ancrions-dans-la-gratitude\/#respond"]}]},{"@type":"WebPage","@id":"https:\/\/concertience.fr\/leblog\/et-si-en-2026-nous-nous-ancrions-dans-la-gratitude\/","url":"https:\/\/concertience.fr\/leblog\/et-si-en-2026-nous-nous-ancrions-dans-la-gratitude\/","name":"Et si, en 2026, nous nous ancrions dans la gratitude ? - Le blog de Fran\u00e7oise Keller","isPartOf":{"@id":"https:\/\/concertience.fr\/leblog\/#website"},"primaryImageOfPage":{"@id":"https:\/\/concertience.fr\/leblog\/et-si-en-2026-nous-nous-ancrions-dans-la-gratitude\/#primaryimage"},"image":{"@id":"https:\/\/concertience.fr\/leblog\/et-si-en-2026-nous-nous-ancrions-dans-la-gratitude\/#primaryimage"},"thumbnailUrl":"https:\/\/mlkqhmyobbaq.i.optimole.com\/w:auto\/h:auto\/q:mauto\/ig:avif\/https:\/\/concertience.fr\/leblog\/wp-content\/uploads\/sites\/2\/2025\/12\/3-mythes-sur-la-gratitude.jpg","datePublished":"2025-12-16T13:14:48+00:00","dateModified":"2025-12-16T13:16:29+00:00","author":{"@id":"https:\/\/concertience.fr\/leblog\/#\/schema\/person\/a8a3ffb4a05b55c3e77e954cd93c49d8"},"breadcrumb":{"@id":"https:\/\/concertience.fr\/leblog\/et-si-en-2026-nous-nous-ancrions-dans-la-gratitude\/#breadcrumb"},"inLanguage":"fr-FR","potentialAction":[{"@type":"ReadAction","target":["https:\/\/concertience.fr\/leblog\/et-si-en-2026-nous-nous-ancrions-dans-la-gratitude\/"]}]},{"@type":"ImageObject","inLanguage":"fr-FR","@id":"https:\/\/concertience.fr\/leblog\/et-si-en-2026-nous-nous-ancrions-dans-la-gratitude\/#primaryimage","url":"https:\/\/mlkqhmyobbaq.i.optimole.com\/w:auto\/h:auto\/q:mauto\/ig:avif\/https:\/\/concertience.fr\/leblog\/wp-content\/uploads\/sites\/2\/2025\/12\/3-mythes-sur-la-gratitude.jpg","contentUrl":"https:\/\/mlkqhmyobbaq.i.optimole.com\/w:auto\/h:auto\/q:mauto\/ig:avif\/https:\/\/concertience.fr\/leblog\/wp-content\/uploads\/sites\/2\/2025\/12\/3-mythes-sur-la-gratitude.jpg","width":1200,"height":1500},{"@type":"BreadcrumbList","@id":"https:\/\/concertience.fr\/leblog\/et-si-en-2026-nous-nous-ancrions-dans-la-gratitude\/#breadcrumb","itemListElement":[{"@type":"ListItem","position":1,"name":"Accueil","item":"https:\/\/concertience.fr\/leblog\/"},{"@type":"ListItem","position":2,"name":"Communication NonViolente (CNV)","item":"https:\/\/concertience.fr\/leblog\/communication-nonviolente-cnv\/"},{"@type":"ListItem","position":3,"name":"Et si, en 2026, nous nous ancrions dans la gratitude ?"}]},{"@type":"WebSite","@id":"https:\/\/concertience.fr\/leblog\/#website","url":"https:\/\/concertience.fr\/leblog\/","name":"Le blog de Fran\u00e7oise Keller","description":"Le blog de Fran\u00e7oise Keller, Concertience","potentialAction":[{"@type":"SearchAction","target":{"@type":"EntryPoint","urlTemplate":"https:\/\/concertience.fr\/leblog\/?s={search_term_string}"},"query-input":{"@type":"PropertyValueSpecification","valueRequired":true,"valueName":"search_term_string"}}],"inLanguage":"fr-FR"},{"@type":"Person","@id":"https:\/\/concertience.fr\/leblog\/#\/schema\/person\/a8a3ffb4a05b55c3e77e954cd93c49d8","name":"francoisesiteweb"}]}},"_links":{"self":[{"href":"https:\/\/concertience.fr\/leblog\/wp-json\/wp\/v2\/posts\/1547","targetHints":{"allow":["GET"]}}],"collection":[{"href":"https:\/\/concertience.fr\/leblog\/wp-json\/wp\/v2\/posts"}],"about":[{"href":"https:\/\/concertience.fr\/leblog\/wp-json\/wp\/v2\/types\/post"}],"author":[{"embeddable":true,"href":"https:\/\/concertience.fr\/leblog\/wp-json\/wp\/v2\/users\/2"}],"replies":[{"embeddable":true,"href":"https:\/\/concertience.fr\/leblog\/wp-json\/wp\/v2\/comments?post=1547"}],"version-history":[{"count":1,"href":"https:\/\/concertience.fr\/leblog\/wp-json\/wp\/v2\/posts\/1547\/revisions"}],"predecessor-version":[{"id":1549,"href":"https:\/\/concertience.fr\/leblog\/wp-json\/wp\/v2\/posts\/1547\/revisions\/1549"}],"wp:featuredmedia":[{"embeddable":true,"href":"https:\/\/concertience.fr\/leblog\/wp-json\/wp\/v2\/media\/1550"}],"wp:attachment":[{"href":"https:\/\/concertience.fr\/leblog\/wp-json\/wp\/v2\/media?parent=1547"}],"wp:term":[{"taxonomy":"category","embeddable":true,"href":"https:\/\/concertience.fr\/leblog\/wp-json\/wp\/v2\/categories?post=1547"},{"taxonomy":"post_tag","embeddable":true,"href":"https:\/\/concertience.fr\/leblog\/wp-json\/wp\/v2\/tags?post=1547"}],"curies":[{"name":"wp","href":"https:\/\/api.w.org\/{rel}","templated":true}]}}