{"id":1504,"date":"2025-09-15T12:27:06","date_gmt":"2025-09-15T10:27:06","guid":{"rendered":"https:\/\/concertience.fr\/leblog\/?p=1504"},"modified":"2025-09-15T12:27:07","modified_gmt":"2025-09-15T10:27:07","slug":"dialogue-francoise-keller-et-fabrice-midal","status":"publish","type":"post","link":"https:\/\/concertience.fr\/leblog\/dialogue-francoise-keller-et-fabrice-midal\/","title":{"rendered":"Dialogue Fran\u00e7oise Keller et Fabrice Midal"},"content":{"rendered":"\n<p>Dans son podcast \u00ab\u00a0Dialogues\u00a0\u00bb, Fabrice Midal m&rsquo;a invit\u00e9e. Une belle rencontre et des \u00e9changes o\u00f9 nous vous offrons, avec authenticit\u00e9 et exp\u00e9rience, nos regards crois\u00e9s sur la Communication NonViolente (CNV).<\/p>\n\n\n\n<p>J&rsquo;ai eu une immense joie \u00e0 vivre ce Dialogue avec une personne que j&rsquo;estime beaucoup. <br><br>J&rsquo;esp\u00e8re que vous aurez beaucoup de joie \u00e0 nous \u00e9couter.<\/p>\n\n\n\n<p>Vos premiers retours sont encourageants :<\/p>\n\n\n\n<ul class=\"wp-block-list\">\n<li>\u00ab\u00a0Merci beaucoup pour ces \u00e9clairages et cette humilit\u00e9 de chacun.\u00a0\u00bb<\/li>\n\n\n\n<li>\u00ab\u00a0Merci \u00e0 vous deux! Quel bonheur d&rsquo;apprendre de nouvelles choses dans cette douceur.\u00a0\u00bb<\/li>\n\n\n\n<li>\u00ab\u00a0Merci pour ce dialogue de grande qualit\u00e9. Avec simplicit\u00e9, douceur et humour Fran\u00e7oise Keller a magnifiquement (re-)pr\u00e9sent\u00e9 la CNV. Belle communaut\u00e9 sous le doigt\u00e9 de Fabrice Midal et son \u00e9quipe. Gratitude pour votre travail et le partage.\u00a0\u00bb<\/li>\n\n\n\n<li>\u00ab\u00a0Tr\u00e8s belle vid\u00e9o. Comme d&rsquo;habitude lorsque je me dis : tiens , je vais m&rsquo;\u00e9couter un dialogue de Fabrice, le sujet abord\u00e9 tombe parfaitement bien dans ma vie. Donc je vais d\u00e9marrer mes gammes et faire mes recherches.\u00a0\u00bb<br><br>Bonne \u00e9coute !<br><br><\/li>\n<\/ul>\n\n\n\n<figure class=\"wp-block-embed is-type-video is-provider-youtube wp-block-embed-youtube wp-embed-aspect-16-9 wp-has-aspect-ratio\"><div class=\"wp-block-embed__wrapper\">\n<iframe title=\"La communication non violente (CNV) - Dialogue avec Fran\u00e7oise Keller\" width=\"1200\" height=\"675\" src=\"https:\/\/www.youtube.com\/embed\/4iU-cpD3Z_s?feature=oembed\" frameborder=\"0\" allow=\"accelerometer; autoplay; clipboard-write; encrypted-media; gyroscope; picture-in-picture; web-share\" referrerpolicy=\"strict-origin-when-cross-origin\" allowfullscreen><\/iframe>\n<\/div><\/figure>\n","protected":false},"excerpt":{"rendered":"<p>Dans son podcast \u00ab\u00a0Dialogues\u00a0\u00bb, Fabrice Midal m&rsquo;a invit\u00e9e. Une belle rencontre et des \u00e9changes o\u00f9 nous vous offrons, avec authenticit\u00e9 et exp\u00e9rience, nos regards crois\u00e9s sur la Communication NonViolente (CNV). J&rsquo;ai eu une immense joie \u00e0 vivre ce Dialogue avec une personne que j&rsquo;estime beaucoup. J&rsquo;esp\u00e8re que vous aurez beaucoup de joie \u00e0 nous \u00e9couter.<a class=\"excerpt-read-more\" href=\"https:\/\/concertience.fr\/leblog\/dialogue-francoise-keller-et-fabrice-midal\/\" title=\"ReadDialogue Fran\u00e7oise Keller et Fabrice Midal\">&#8230; Lire plus &raquo;<\/a><\/p>\n","protected":false},"author":2,"featured_media":0,"comment_status":"open","ping_status":"closed","sticky":false,"template":"","format":"standard","meta":{"footnotes":""},"categories":[84],"tags":[7,10,76],"class_list":["post-1504","post","type-post","status-publish","format-standard","hentry","category-articles-emissions-f-keller","tag-cnv","tag-communication-nonviolente","tag-empathie"],"yoast_head":"<!-- This site is optimized with the Yoast SEO plugin v27.5 - https:\/\/yoast.com\/product\/yoast-seo-wordpress\/ -->\n<title>Dialogue Fran\u00e7oise Keller et Fabrice Midal - Le blog de Fran\u00e7oise Keller<\/title>\n<meta name=\"robots\" content=\"index, follow, max-snippet:-1, max-image-preview:large, max-video-preview:-1\" \/>\n<link rel=\"canonical\" href=\"https:\/\/concertience.fr\/leblog\/dialogue-francoise-keller-et-fabrice-midal\/\" \/>\n<meta property=\"og:locale\" content=\"fr_FR\" \/>\n<meta property=\"og:type\" content=\"article\" \/>\n<meta property=\"og:title\" content=\"Dialogue Fran\u00e7oise Keller et Fabrice Midal - Le blog de Fran\u00e7oise Keller\" \/>\n<meta property=\"og:description\" content=\"Dans son podcast \u00ab\u00a0Dialogues\u00a0\u00bb, Fabrice Midal m&rsquo;a invit\u00e9e. Une belle rencontre et des \u00e9changes o\u00f9 nous vous offrons, avec authenticit\u00e9 et exp\u00e9rience, nos regards crois\u00e9s sur la Communication NonViolente (CNV). J&rsquo;ai eu une immense joie \u00e0 vivre ce Dialogue avec une personne que j&rsquo;estime beaucoup. J&rsquo;esp\u00e8re que vous aurez beaucoup de joie \u00e0 nous \u00e9couter.... Lire plus &raquo;\" \/>\n<meta property=\"og:url\" content=\"https:\/\/concertience.fr\/leblog\/dialogue-francoise-keller-et-fabrice-midal\/\" \/>\n<meta property=\"og:site_name\" content=\"Le blog de Fran\u00e7oise Keller\" \/>\n<meta property=\"article:published_time\" content=\"2025-09-15T10:27:06+00:00\" \/>\n<meta property=\"article:modified_time\" content=\"2025-09-15T10:27:07+00:00\" \/>\n<meta name=\"author\" content=\"francoisesiteweb\" \/>\n<meta name=\"twitter:card\" content=\"summary_large_image\" \/>\n<meta name=\"twitter:label1\" content=\"\u00c9crit par\" \/>\n\t<meta name=\"twitter:data1\" content=\"francoisesiteweb\" \/>\n\t<meta name=\"twitter:label2\" content=\"Dur\u00e9e de lecture estim\u00e9e\" \/>\n\t<meta name=\"twitter:data2\" content=\"1 minute\" \/>\n<script type=\"application\/ld+json\" class=\"yoast-schema-graph\">{\"@context\":\"https:\\\/\\\/schema.org\",\"@graph\":[{\"@type\":\"Article\",\"@id\":\"https:\\\/\\\/concertience.fr\\\/leblog\\\/dialogue-francoise-keller-et-fabrice-midal\\\/#article\",\"isPartOf\":{\"@id\":\"https:\\\/\\\/concertience.fr\\\/leblog\\\/dialogue-francoise-keller-et-fabrice-midal\\\/\"},\"author\":{\"name\":\"francoisesiteweb\",\"@id\":\"https:\\\/\\\/concertience.fr\\\/leblog\\\/#\\\/schema\\\/person\\\/a8a3ffb4a05b55c3e77e954cd93c49d8\"},\"headline\":\"Dialogue Fran\u00e7oise Keller et Fabrice Midal\",\"datePublished\":\"2025-09-15T10:27:06+00:00\",\"dateModified\":\"2025-09-15T10:27:07+00:00\",\"mainEntityOfPage\":{\"@id\":\"https:\\\/\\\/concertience.fr\\\/leblog\\\/dialogue-francoise-keller-et-fabrice-midal\\\/\"},\"wordCount\":185,\"commentCount\":0,\"keywords\":[\"CNV\",\"Communication NonViolente\",\"Empathie\"],\"articleSection\":[\"Articles, \u00e9missions F Keller\"],\"inLanguage\":\"fr-FR\",\"potentialAction\":[{\"@type\":\"CommentAction\",\"name\":\"Comment\",\"target\":[\"https:\\\/\\\/concertience.fr\\\/leblog\\\/dialogue-francoise-keller-et-fabrice-midal\\\/#respond\"]}]},{\"@type\":\"WebPage\",\"@id\":\"https:\\\/\\\/concertience.fr\\\/leblog\\\/dialogue-francoise-keller-et-fabrice-midal\\\/\",\"url\":\"https:\\\/\\\/concertience.fr\\\/leblog\\\/dialogue-francoise-keller-et-fabrice-midal\\\/\",\"name\":\"Dialogue Fran\u00e7oise Keller et Fabrice Midal - Le blog de Fran\u00e7oise Keller\",\"isPartOf\":{\"@id\":\"https:\\\/\\\/concertience.fr\\\/leblog\\\/#website\"},\"datePublished\":\"2025-09-15T10:27:06+00:00\",\"dateModified\":\"2025-09-15T10:27:07+00:00\",\"author\":{\"@id\":\"https:\\\/\\\/concertience.fr\\\/leblog\\\/#\\\/schema\\\/person\\\/a8a3ffb4a05b55c3e77e954cd93c49d8\"},\"breadcrumb\":{\"@id\":\"https:\\\/\\\/concertience.fr\\\/leblog\\\/dialogue-francoise-keller-et-fabrice-midal\\\/#breadcrumb\"},\"inLanguage\":\"fr-FR\",\"potentialAction\":[{\"@type\":\"ReadAction\",\"target\":[\"https:\\\/\\\/concertience.fr\\\/leblog\\\/dialogue-francoise-keller-et-fabrice-midal\\\/\"]}]},{\"@type\":\"BreadcrumbList\",\"@id\":\"https:\\\/\\\/concertience.fr\\\/leblog\\\/dialogue-francoise-keller-et-fabrice-midal\\\/#breadcrumb\",\"itemListElement\":[{\"@type\":\"ListItem\",\"position\":1,\"name\":\"Accueil\",\"item\":\"https:\\\/\\\/concertience.fr\\\/leblog\\\/\"},{\"@type\":\"ListItem\",\"position\":2,\"name\":\"Articles, \u00e9missions F Keller\",\"item\":\"https:\\\/\\\/concertience.fr\\\/leblog\\\/articles-emissions-f-keller\\\/\"},{\"@type\":\"ListItem\",\"position\":3,\"name\":\"Dialogue Fran\u00e7oise Keller et Fabrice Midal\"}]},{\"@type\":\"WebSite\",\"@id\":\"https:\\\/\\\/concertience.fr\\\/leblog\\\/#website\",\"url\":\"https:\\\/\\\/concertience.fr\\\/leblog\\\/\",\"name\":\"Le blog de Fran\u00e7oise Keller\",\"description\":\"Le blog de Fran\u00e7oise Keller, Concertience\",\"potentialAction\":[{\"@type\":\"SearchAction\",\"target\":{\"@type\":\"EntryPoint\",\"urlTemplate\":\"https:\\\/\\\/concertience.fr\\\/leblog\\\/?s={search_term_string}\"},\"query-input\":{\"@type\":\"PropertyValueSpecification\",\"valueRequired\":true,\"valueName\":\"search_term_string\"}}],\"inLanguage\":\"fr-FR\"},{\"@type\":\"Person\",\"@id\":\"https:\\\/\\\/concertience.fr\\\/leblog\\\/#\\\/schema\\\/person\\\/a8a3ffb4a05b55c3e77e954cd93c49d8\",\"name\":\"francoisesiteweb\"}]}<\/script>\n<!-- \/ Yoast SEO plugin. -->","yoast_head_json":{"title":"Dialogue Fran\u00e7oise Keller et Fabrice Midal - Le blog de Fran\u00e7oise Keller","robots":{"index":"index","follow":"follow","max-snippet":"max-snippet:-1","max-image-preview":"max-image-preview:large","max-video-preview":"max-video-preview:-1"},"canonical":"https:\/\/concertience.fr\/leblog\/dialogue-francoise-keller-et-fabrice-midal\/","og_locale":"fr_FR","og_type":"article","og_title":"Dialogue Fran\u00e7oise Keller et Fabrice Midal - Le blog de Fran\u00e7oise Keller","og_description":"Dans son podcast \u00ab\u00a0Dialogues\u00a0\u00bb, Fabrice Midal m&rsquo;a invit\u00e9e. Une belle rencontre et des \u00e9changes o\u00f9 nous vous offrons, avec authenticit\u00e9 et exp\u00e9rience, nos regards crois\u00e9s sur la Communication NonViolente (CNV). J&rsquo;ai eu une immense joie \u00e0 vivre ce Dialogue avec une personne que j&rsquo;estime beaucoup. J&rsquo;esp\u00e8re que vous aurez beaucoup de joie \u00e0 nous \u00e9couter.... Lire plus &raquo;","og_url":"https:\/\/concertience.fr\/leblog\/dialogue-francoise-keller-et-fabrice-midal\/","og_site_name":"Le blog de Fran\u00e7oise Keller","article_published_time":"2025-09-15T10:27:06+00:00","article_modified_time":"2025-09-15T10:27:07+00:00","author":"francoisesiteweb","twitter_card":"summary_large_image","twitter_misc":{"\u00c9crit par":"francoisesiteweb","Dur\u00e9e de lecture estim\u00e9e":"1 minute"},"schema":{"@context":"https:\/\/schema.org","@graph":[{"@type":"Article","@id":"https:\/\/concertience.fr\/leblog\/dialogue-francoise-keller-et-fabrice-midal\/#article","isPartOf":{"@id":"https:\/\/concertience.fr\/leblog\/dialogue-francoise-keller-et-fabrice-midal\/"},"author":{"name":"francoisesiteweb","@id":"https:\/\/concertience.fr\/leblog\/#\/schema\/person\/a8a3ffb4a05b55c3e77e954cd93c49d8"},"headline":"Dialogue Fran\u00e7oise Keller et Fabrice Midal","datePublished":"2025-09-15T10:27:06+00:00","dateModified":"2025-09-15T10:27:07+00:00","mainEntityOfPage":{"@id":"https:\/\/concertience.fr\/leblog\/dialogue-francoise-keller-et-fabrice-midal\/"},"wordCount":185,"commentCount":0,"keywords":["CNV","Communication NonViolente","Empathie"],"articleSection":["Articles, \u00e9missions F Keller"],"inLanguage":"fr-FR","potentialAction":[{"@type":"CommentAction","name":"Comment","target":["https:\/\/concertience.fr\/leblog\/dialogue-francoise-keller-et-fabrice-midal\/#respond"]}]},{"@type":"WebPage","@id":"https:\/\/concertience.fr\/leblog\/dialogue-francoise-keller-et-fabrice-midal\/","url":"https:\/\/concertience.fr\/leblog\/dialogue-francoise-keller-et-fabrice-midal\/","name":"Dialogue Fran\u00e7oise Keller et Fabrice Midal - Le blog de Fran\u00e7oise Keller","isPartOf":{"@id":"https:\/\/concertience.fr\/leblog\/#website"},"datePublished":"2025-09-15T10:27:06+00:00","dateModified":"2025-09-15T10:27:07+00:00","author":{"@id":"https:\/\/concertience.fr\/leblog\/#\/schema\/person\/a8a3ffb4a05b55c3e77e954cd93c49d8"},"breadcrumb":{"@id":"https:\/\/concertience.fr\/leblog\/dialogue-francoise-keller-et-fabrice-midal\/#breadcrumb"},"inLanguage":"fr-FR","potentialAction":[{"@type":"ReadAction","target":["https:\/\/concertience.fr\/leblog\/dialogue-francoise-keller-et-fabrice-midal\/"]}]},{"@type":"BreadcrumbList","@id":"https:\/\/concertience.fr\/leblog\/dialogue-francoise-keller-et-fabrice-midal\/#breadcrumb","itemListElement":[{"@type":"ListItem","position":1,"name":"Accueil","item":"https:\/\/concertience.fr\/leblog\/"},{"@type":"ListItem","position":2,"name":"Articles, \u00e9missions F Keller","item":"https:\/\/concertience.fr\/leblog\/articles-emissions-f-keller\/"},{"@type":"ListItem","position":3,"name":"Dialogue Fran\u00e7oise Keller et Fabrice Midal"}]},{"@type":"WebSite","@id":"https:\/\/concertience.fr\/leblog\/#website","url":"https:\/\/concertience.fr\/leblog\/","name":"Le blog de Fran\u00e7oise Keller","description":"Le blog de Fran\u00e7oise Keller, Concertience","potentialAction":[{"@type":"SearchAction","target":{"@type":"EntryPoint","urlTemplate":"https:\/\/concertience.fr\/leblog\/?s={search_term_string}"},"query-input":{"@type":"PropertyValueSpecification","valueRequired":true,"valueName":"search_term_string"}}],"inLanguage":"fr-FR"},{"@type":"Person","@id":"https:\/\/concertience.fr\/leblog\/#\/schema\/person\/a8a3ffb4a05b55c3e77e954cd93c49d8","name":"francoisesiteweb"}]}},"_links":{"self":[{"href":"https:\/\/concertience.fr\/leblog\/wp-json\/wp\/v2\/posts\/1504","targetHints":{"allow":["GET"]}}],"collection":[{"href":"https:\/\/concertience.fr\/leblog\/wp-json\/wp\/v2\/posts"}],"about":[{"href":"https:\/\/concertience.fr\/leblog\/wp-json\/wp\/v2\/types\/post"}],"author":[{"embeddable":true,"href":"https:\/\/concertience.fr\/leblog\/wp-json\/wp\/v2\/users\/2"}],"replies":[{"embeddable":true,"href":"https:\/\/concertience.fr\/leblog\/wp-json\/wp\/v2\/comments?post=1504"}],"version-history":[{"count":1,"href":"https:\/\/concertience.fr\/leblog\/wp-json\/wp\/v2\/posts\/1504\/revisions"}],"predecessor-version":[{"id":1505,"href":"https:\/\/concertience.fr\/leblog\/wp-json\/wp\/v2\/posts\/1504\/revisions\/1505"}],"wp:attachment":[{"href":"https:\/\/concertience.fr\/leblog\/wp-json\/wp\/v2\/media?parent=1504"}],"wp:term":[{"taxonomy":"category","embeddable":true,"href":"https:\/\/concertience.fr\/leblog\/wp-json\/wp\/v2\/categories?post=1504"},{"taxonomy":"post_tag","embeddable":true,"href":"https:\/\/concertience.fr\/leblog\/wp-json\/wp\/v2\/tags?post=1504"}],"curies":[{"name":"wp","href":"https:\/\/api.w.org\/{rel}","templated":true}]}}