{"id":148,"date":"2011-09-15T17:02:55","date_gmt":"2011-09-15T15:02:55","guid":{"rendered":"https:\/\/concertience.fr\/leblog\/2011\/09\/15\/salon-du-progiciel-annecy-les-equipes-qui-gagnent\/"},"modified":"2020-03-30T21:11:49","modified_gmt":"2020-03-30T19:11:49","slug":"salon-du-progiciel-annecy-les-equipes-qui-gagnent","status":"publish","type":"post","link":"https:\/\/concertience.fr\/leblog\/salon-du-progiciel-annecy-les-equipes-qui-gagnent\/","title":{"rendered":"Salon du progiciel Annecy &#8211; Les \u00e9quipes qui gagnent"},"content":{"rendered":"<p>J&rsquo;animerai un atelier de d\u00e9couverte de la gouvernance sociocratique au <span style=\"color: #008000;\"><strong>salon du progiciel<\/strong><\/span> qui a lieu \u00e0 Annecy l<span style=\"color: #008000;\">e <strong>mercredi 19 octobre<\/strong><\/span>.<\/p>\n<p><span style=\"color: #008000;\">J&rsquo;ai choisi un titre peut-\u00eatre provocateur \u00ab\u00a0Perdre du temps ensemble pour aller plus loin et plus vite\u00a0\u00bb<\/span>.<\/p>\n<p>Mon intention est d&rsquo;approfondir ensemble notre conscience de ce qui fait gagner ou perdre du temps dans les relations et la gouvernance des \u00e9quipes de travail, en particulier des \u00e9quipes projets et des relations fonctionnelles.<\/p>\n<p>Parce qu&rsquo;on n&rsquo;oblige jamais quelqu&rsquo;un a faire quelque chose qu&rsquo;il ne veut pas faire ,<\/p>\n<p>parce que chacun donne le meilleur de lui-m\u00eame quand ses besoins sont pris en compte ,<\/p>\n<p>parce que celui qui n&rsquo;est pas pris en compte peut-\u00eatre tent\u00e9 par la fuite, le d\u00e9sinvestissement, la r\u00e9bellion ,<\/p>\n<p>parce que nous avons \u00e0 trouver des modes de fonctionnement collectifs efficients et respectueux de chacun ,<\/p>\n<p>parce que l&rsquo;excellence technique ne suffit pas pour qu&rsquo;une \u00e9quipe r\u00e9ussisse&#8230;<\/p>\n<p>Nous exp\u00e9rimenterons ensemble et ouvrirons des chemins \u00e0 partir de l&rsquo;exp\u00e9rience de chacun !<\/p>\n","protected":false},"excerpt":{"rendered":"<p>J&rsquo;animerai un atelier de d\u00e9couverte de la gouvernance sociocratique au salon du progiciel qui a lieu \u00e0 Annecy le mercredi 19 octobre. J&rsquo;ai choisi un titre peut-\u00eatre provocateur \u00ab\u00a0Perdre du temps ensemble pour aller plus loin et plus vite\u00a0\u00bb. Mon intention est d&rsquo;approfondir ensemble notre conscience de ce qui fait gagner ou perdre du temps<a class=\"excerpt-read-more\" href=\"https:\/\/concertience.fr\/leblog\/salon-du-progiciel-annecy-les-equipes-qui-gagnent\/\" title=\"ReadSalon du progiciel Annecy &#8211; Les \u00e9quipes qui gagnent\">&#8230; Lire plus &raquo;<\/a><\/p>\n","protected":false},"author":1,"featured_media":0,"comment_status":"open","ping_status":"open","sticky":false,"template":"","format":"standard","meta":{"footnotes":""},"categories":[32],"tags":[],"class_list":["post-148","post","type-post","status-publish","format-standard","hentry","category-sociocratie"],"yoast_head":"<!-- This site is optimized with the Yoast SEO plugin v27.4 - https:\/\/yoast.com\/product\/yoast-seo-wordpress\/ -->\n<title>Salon du progiciel Annecy - Les \u00e9quipes qui gagnent - Le blog de Fran\u00e7oise Keller<\/title>\n<meta name=\"robots\" content=\"index, follow, max-snippet:-1, max-image-preview:large, max-video-preview:-1\" \/>\n<link rel=\"canonical\" href=\"https:\/\/concertience.fr\/leblog\/salon-du-progiciel-annecy-les-equipes-qui-gagnent\/\" \/>\n<meta property=\"og:locale\" content=\"fr_FR\" \/>\n<meta property=\"og:type\" content=\"article\" \/>\n<meta property=\"og:title\" content=\"Salon du progiciel Annecy - Les \u00e9quipes qui gagnent - Le blog de Fran\u00e7oise Keller\" \/>\n<meta property=\"og:description\" content=\"J&rsquo;animerai un atelier de d\u00e9couverte de la gouvernance sociocratique au salon du progiciel qui a lieu \u00e0 Annecy le mercredi 19 octobre. J&rsquo;ai choisi un titre peut-\u00eatre provocateur \u00ab\u00a0Perdre du temps ensemble pour aller plus loin et plus vite\u00a0\u00bb. Mon intention est d&rsquo;approfondir ensemble notre conscience de ce qui fait gagner ou perdre du temps... Lire plus &raquo;\" \/>\n<meta property=\"og:url\" content=\"https:\/\/concertience.fr\/leblog\/salon-du-progiciel-annecy-les-equipes-qui-gagnent\/\" \/>\n<meta property=\"og:site_name\" content=\"Le blog de Fran\u00e7oise Keller\" \/>\n<meta property=\"article:published_time\" content=\"2011-09-15T15:02:55+00:00\" \/>\n<meta property=\"article:modified_time\" content=\"2020-03-30T19:11:49+00:00\" \/>\n<meta name=\"author\" content=\"Pierrick\" \/>\n<meta name=\"twitter:card\" content=\"summary_large_image\" \/>\n<meta name=\"twitter:label1\" content=\"\u00c9crit par\" \/>\n\t<meta name=\"twitter:data1\" content=\"Pierrick\" \/>\n\t<meta name=\"twitter:label2\" content=\"Dur\u00e9e de lecture estim\u00e9e\" \/>\n\t<meta name=\"twitter:data2\" content=\"1 minute\" \/>\n<script type=\"application\/ld+json\" class=\"yoast-schema-graph\">{\"@context\":\"https:\\\/\\\/schema.org\",\"@graph\":[{\"@type\":\"Article\",\"@id\":\"https:\\\/\\\/concertience.fr\\\/leblog\\\/salon-du-progiciel-annecy-les-equipes-qui-gagnent\\\/#article\",\"isPartOf\":{\"@id\":\"https:\\\/\\\/concertience.fr\\\/leblog\\\/salon-du-progiciel-annecy-les-equipes-qui-gagnent\\\/\"},\"author\":{\"name\":\"Pierrick\",\"@id\":\"https:\\\/\\\/concertience.fr\\\/leblog\\\/#\\\/schema\\\/person\\\/a01b04493c0cb1de0b2030c8b8d5676f\"},\"headline\":\"Salon du progiciel Annecy &#8211; Les \u00e9quipes qui gagnent\",\"datePublished\":\"2011-09-15T15:02:55+00:00\",\"dateModified\":\"2020-03-30T19:11:49+00:00\",\"mainEntityOfPage\":{\"@id\":\"https:\\\/\\\/concertience.fr\\\/leblog\\\/salon-du-progiciel-annecy-les-equipes-qui-gagnent\\\/\"},\"wordCount\":186,\"commentCount\":0,\"articleSection\":[\"Sociocratie\"],\"inLanguage\":\"fr-FR\",\"potentialAction\":[{\"@type\":\"CommentAction\",\"name\":\"Comment\",\"target\":[\"https:\\\/\\\/concertience.fr\\\/leblog\\\/salon-du-progiciel-annecy-les-equipes-qui-gagnent\\\/#respond\"]}]},{\"@type\":\"WebPage\",\"@id\":\"https:\\\/\\\/concertience.fr\\\/leblog\\\/salon-du-progiciel-annecy-les-equipes-qui-gagnent\\\/\",\"url\":\"https:\\\/\\\/concertience.fr\\\/leblog\\\/salon-du-progiciel-annecy-les-equipes-qui-gagnent\\\/\",\"name\":\"Salon du progiciel Annecy - Les \u00e9quipes qui gagnent - Le blog de Fran\u00e7oise Keller\",\"isPartOf\":{\"@id\":\"https:\\\/\\\/concertience.fr\\\/leblog\\\/#website\"},\"datePublished\":\"2011-09-15T15:02:55+00:00\",\"dateModified\":\"2020-03-30T19:11:49+00:00\",\"author\":{\"@id\":\"https:\\\/\\\/concertience.fr\\\/leblog\\\/#\\\/schema\\\/person\\\/a01b04493c0cb1de0b2030c8b8d5676f\"},\"breadcrumb\":{\"@id\":\"https:\\\/\\\/concertience.fr\\\/leblog\\\/salon-du-progiciel-annecy-les-equipes-qui-gagnent\\\/#breadcrumb\"},\"inLanguage\":\"fr-FR\",\"potentialAction\":[{\"@type\":\"ReadAction\",\"target\":[\"https:\\\/\\\/concertience.fr\\\/leblog\\\/salon-du-progiciel-annecy-les-equipes-qui-gagnent\\\/\"]}]},{\"@type\":\"BreadcrumbList\",\"@id\":\"https:\\\/\\\/concertience.fr\\\/leblog\\\/salon-du-progiciel-annecy-les-equipes-qui-gagnent\\\/#breadcrumb\",\"itemListElement\":[{\"@type\":\"ListItem\",\"position\":1,\"name\":\"Accueil\",\"item\":\"https:\\\/\\\/concertience.fr\\\/leblog\\\/\"},{\"@type\":\"ListItem\",\"position\":2,\"name\":\"Sociocratie\",\"item\":\"https:\\\/\\\/concertience.fr\\\/leblog\\\/sociocratie\\\/\"},{\"@type\":\"ListItem\",\"position\":3,\"name\":\"Salon du progiciel Annecy &#8211; Les \u00e9quipes qui gagnent\"}]},{\"@type\":\"WebSite\",\"@id\":\"https:\\\/\\\/concertience.fr\\\/leblog\\\/#website\",\"url\":\"https:\\\/\\\/concertience.fr\\\/leblog\\\/\",\"name\":\"Le blog de Fran\u00e7oise Keller\",\"description\":\"Le blog de Fran\u00e7oise Keller, Concertience\",\"potentialAction\":[{\"@type\":\"SearchAction\",\"target\":{\"@type\":\"EntryPoint\",\"urlTemplate\":\"https:\\\/\\\/concertience.fr\\\/leblog\\\/?s={search_term_string}\"},\"query-input\":{\"@type\":\"PropertyValueSpecification\",\"valueRequired\":true,\"valueName\":\"search_term_string\"}}],\"inLanguage\":\"fr-FR\"},{\"@type\":\"Person\",\"@id\":\"https:\\\/\\\/concertience.fr\\\/leblog\\\/#\\\/schema\\\/person\\\/a01b04493c0cb1de0b2030c8b8d5676f\",\"name\":\"Pierrick\"}]}<\/script>\n<!-- \/ Yoast SEO plugin. -->","yoast_head_json":{"title":"Salon du progiciel Annecy - Les \u00e9quipes qui gagnent - Le blog de Fran\u00e7oise Keller","robots":{"index":"index","follow":"follow","max-snippet":"max-snippet:-1","max-image-preview":"max-image-preview:large","max-video-preview":"max-video-preview:-1"},"canonical":"https:\/\/concertience.fr\/leblog\/salon-du-progiciel-annecy-les-equipes-qui-gagnent\/","og_locale":"fr_FR","og_type":"article","og_title":"Salon du progiciel Annecy - Les \u00e9quipes qui gagnent - Le blog de Fran\u00e7oise Keller","og_description":"J&rsquo;animerai un atelier de d\u00e9couverte de la gouvernance sociocratique au salon du progiciel qui a lieu \u00e0 Annecy le mercredi 19 octobre. J&rsquo;ai choisi un titre peut-\u00eatre provocateur \u00ab\u00a0Perdre du temps ensemble pour aller plus loin et plus vite\u00a0\u00bb. Mon intention est d&rsquo;approfondir ensemble notre conscience de ce qui fait gagner ou perdre du temps... Lire plus &raquo;","og_url":"https:\/\/concertience.fr\/leblog\/salon-du-progiciel-annecy-les-equipes-qui-gagnent\/","og_site_name":"Le blog de Fran\u00e7oise Keller","article_published_time":"2011-09-15T15:02:55+00:00","article_modified_time":"2020-03-30T19:11:49+00:00","author":"Pierrick","twitter_card":"summary_large_image","twitter_misc":{"\u00c9crit par":"Pierrick","Dur\u00e9e de lecture estim\u00e9e":"1 minute"},"schema":{"@context":"https:\/\/schema.org","@graph":[{"@type":"Article","@id":"https:\/\/concertience.fr\/leblog\/salon-du-progiciel-annecy-les-equipes-qui-gagnent\/#article","isPartOf":{"@id":"https:\/\/concertience.fr\/leblog\/salon-du-progiciel-annecy-les-equipes-qui-gagnent\/"},"author":{"name":"Pierrick","@id":"https:\/\/concertience.fr\/leblog\/#\/schema\/person\/a01b04493c0cb1de0b2030c8b8d5676f"},"headline":"Salon du progiciel Annecy &#8211; Les \u00e9quipes qui gagnent","datePublished":"2011-09-15T15:02:55+00:00","dateModified":"2020-03-30T19:11:49+00:00","mainEntityOfPage":{"@id":"https:\/\/concertience.fr\/leblog\/salon-du-progiciel-annecy-les-equipes-qui-gagnent\/"},"wordCount":186,"commentCount":0,"articleSection":["Sociocratie"],"inLanguage":"fr-FR","potentialAction":[{"@type":"CommentAction","name":"Comment","target":["https:\/\/concertience.fr\/leblog\/salon-du-progiciel-annecy-les-equipes-qui-gagnent\/#respond"]}]},{"@type":"WebPage","@id":"https:\/\/concertience.fr\/leblog\/salon-du-progiciel-annecy-les-equipes-qui-gagnent\/","url":"https:\/\/concertience.fr\/leblog\/salon-du-progiciel-annecy-les-equipes-qui-gagnent\/","name":"Salon du progiciel Annecy - Les \u00e9quipes qui gagnent - Le blog de Fran\u00e7oise Keller","isPartOf":{"@id":"https:\/\/concertience.fr\/leblog\/#website"},"datePublished":"2011-09-15T15:02:55+00:00","dateModified":"2020-03-30T19:11:49+00:00","author":{"@id":"https:\/\/concertience.fr\/leblog\/#\/schema\/person\/a01b04493c0cb1de0b2030c8b8d5676f"},"breadcrumb":{"@id":"https:\/\/concertience.fr\/leblog\/salon-du-progiciel-annecy-les-equipes-qui-gagnent\/#breadcrumb"},"inLanguage":"fr-FR","potentialAction":[{"@type":"ReadAction","target":["https:\/\/concertience.fr\/leblog\/salon-du-progiciel-annecy-les-equipes-qui-gagnent\/"]}]},{"@type":"BreadcrumbList","@id":"https:\/\/concertience.fr\/leblog\/salon-du-progiciel-annecy-les-equipes-qui-gagnent\/#breadcrumb","itemListElement":[{"@type":"ListItem","position":1,"name":"Accueil","item":"https:\/\/concertience.fr\/leblog\/"},{"@type":"ListItem","position":2,"name":"Sociocratie","item":"https:\/\/concertience.fr\/leblog\/sociocratie\/"},{"@type":"ListItem","position":3,"name":"Salon du progiciel Annecy &#8211; Les \u00e9quipes qui gagnent"}]},{"@type":"WebSite","@id":"https:\/\/concertience.fr\/leblog\/#website","url":"https:\/\/concertience.fr\/leblog\/","name":"Le blog de Fran\u00e7oise Keller","description":"Le blog de Fran\u00e7oise Keller, Concertience","potentialAction":[{"@type":"SearchAction","target":{"@type":"EntryPoint","urlTemplate":"https:\/\/concertience.fr\/leblog\/?s={search_term_string}"},"query-input":{"@type":"PropertyValueSpecification","valueRequired":true,"valueName":"search_term_string"}}],"inLanguage":"fr-FR"},{"@type":"Person","@id":"https:\/\/concertience.fr\/leblog\/#\/schema\/person\/a01b04493c0cb1de0b2030c8b8d5676f","name":"Pierrick"}]}},"_links":{"self":[{"href":"https:\/\/concertience.fr\/leblog\/wp-json\/wp\/v2\/posts\/148","targetHints":{"allow":["GET"]}}],"collection":[{"href":"https:\/\/concertience.fr\/leblog\/wp-json\/wp\/v2\/posts"}],"about":[{"href":"https:\/\/concertience.fr\/leblog\/wp-json\/wp\/v2\/types\/post"}],"author":[{"embeddable":true,"href":"https:\/\/concertience.fr\/leblog\/wp-json\/wp\/v2\/users\/1"}],"replies":[{"embeddable":true,"href":"https:\/\/concertience.fr\/leblog\/wp-json\/wp\/v2\/comments?post=148"}],"version-history":[{"count":1,"href":"https:\/\/concertience.fr\/leblog\/wp-json\/wp\/v2\/posts\/148\/revisions"}],"predecessor-version":[{"id":736,"href":"https:\/\/concertience.fr\/leblog\/wp-json\/wp\/v2\/posts\/148\/revisions\/736"}],"wp:attachment":[{"href":"https:\/\/concertience.fr\/leblog\/wp-json\/wp\/v2\/media?parent=148"}],"wp:term":[{"taxonomy":"category","embeddable":true,"href":"https:\/\/concertience.fr\/leblog\/wp-json\/wp\/v2\/categories?post=148"},{"taxonomy":"post_tag","embeddable":true,"href":"https:\/\/concertience.fr\/leblog\/wp-json\/wp\/v2\/tags?post=148"}],"curies":[{"name":"wp","href":"https:\/\/api.w.org\/{rel}","templated":true}]}}