{"id":1473,"date":"2025-07-19T17:18:11","date_gmt":"2025-07-19T15:18:11","guid":{"rendered":"https:\/\/concertience.fr\/leblog\/?p=1473"},"modified":"2025-07-19T17:18:12","modified_gmt":"2025-07-19T15:18:12","slug":"que-faire-de-nos-emotions-face-a-letat-du-monde","status":"publish","type":"post","link":"https:\/\/concertience.fr\/leblog\/que-faire-de-nos-emotions-face-a-letat-du-monde\/","title":{"rendered":"Que faire de nos \u00e9motions face \u00e0 l&rsquo;\u00e9tat du monde ?"},"content":{"rendered":"<div class=\"wp-block-image\">\n<figure class=\"aligncenter size-large is-resized\"><img data-opt-id=1073972236  fetchpriority=\"high\" decoding=\"async\" width=\"1024\" height=\"1024\" src=\"https:\/\/mlkqhmyobbaq.i.optimole.com\/w:1024\/h:1024\/q:mauto\/ig:avif\/https:\/\/concertience.fr\/leblog\/wp-content\/uploads\/sites\/2\/2025\/07\/Bleu-orange-Collage-Photos-dete-Publication-Instagram.jpg\" alt=\"\" class=\"wp-image-1474\" style=\"width:298px;height:auto\" srcset=\"https:\/\/mlkqhmyobbaq.i.optimole.com\/w:1024\/h:1024\/q:mauto\/ig:avif\/https:\/\/concertience.fr\/leblog\/wp-content\/uploads\/sites\/2\/2025\/07\/Bleu-orange-Collage-Photos-dete-Publication-Instagram.jpg 1024w, https:\/\/mlkqhmyobbaq.i.optimole.com\/w:300\/h:300\/q:mauto\/ig:avif\/https:\/\/concertience.fr\/leblog\/wp-content\/uploads\/sites\/2\/2025\/07\/Bleu-orange-Collage-Photos-dete-Publication-Instagram.jpg 300w, https:\/\/mlkqhmyobbaq.i.optimole.com\/w:150\/h:150\/q:mauto\/ig:avif\/https:\/\/concertience.fr\/leblog\/wp-content\/uploads\/sites\/2\/2025\/07\/Bleu-orange-Collage-Photos-dete-Publication-Instagram.jpg 150w, https:\/\/mlkqhmyobbaq.i.optimole.com\/w:768\/h:768\/q:mauto\/ig:avif\/https:\/\/concertience.fr\/leblog\/wp-content\/uploads\/sites\/2\/2025\/07\/Bleu-orange-Collage-Photos-dete-Publication-Instagram.jpg 768w, https:\/\/mlkqhmyobbaq.i.optimole.com\/w:125\/h:125\/q:mauto\/ig:avif\/dpr:2\/https:\/\/concertience.fr\/leblog\/wp-content\/uploads\/sites\/2\/2025\/07\/Bleu-orange-Collage-Photos-dete-Publication-Instagram.jpg 125w, https:\/\/mlkqhmyobbaq.i.optimole.com\/w:1080\/h:1080\/q:mauto\/ig:avif\/https:\/\/concertience.fr\/leblog\/wp-content\/uploads\/sites\/2\/2025\/07\/Bleu-orange-Collage-Photos-dete-Publication-Instagram.jpg 1080w\" sizes=\"(max-width: 1024px) 100vw, 1024px\" \/><\/figure>\n<\/div>\n\n\n<p>Face \u00e0 l&rsquo;\u00e9tat du monde nous sommes travers\u00e9.e.s par des \u00e9motions : \u00e9merveillement, col\u00e8re, tristesse, anxi\u00e9t\u00e9, culpabilit\u00e9, d\u00e9couragement, d\u00e9termination etc&#8230;<\/p>\n\n\n\n<p>Le processus de Communication NonViolente (CNV) nous accompagne pour accueillir ces \u00e9motions et nous relier aux motivations profondes qui les cr\u00e9ent.<\/p>\n\n\n\n<p>Un th\u00e8me qui m&rsquo;est cher, que j&rsquo;exp\u00e9rimente, que j&rsquo;ai approfondi dans la nouvelle \u00e9dition de \u00ab\u00a0pratiquer la CNV au travail\u00a0\u00bb o\u00f9 j&rsquo;ai mis un nouveau chapitre sur ce th\u00e8me.<\/p>\n\n\n\n<p>J&rsquo;ai \u00e9galement enregistr\u00e9 une \u00e9mission radio sur ce th\u00e8me :&nbsp;<a href=\"https:\/\/www.rcf.fr\/articles\/bien-etre-et-psychologie\/communication-nonviolente-toutes-nos-emissions-avec-francoise\">https:\/\/www.rcf.fr\/articles\/bien-etre-et-psychologie\/communication-nonviolente-toutes-nos-emissions-avec-francoise<\/a><\/p>\n\n\n\n<figure class=\"wp-block-image size-large\"><img data-opt-id=987369955  fetchpriority=\"high\" decoding=\"async\" width=\"1024\" height=\"72\" src=\"https:\/\/mlkqhmyobbaq.i.optimole.com\/w:1024\/h:72\/q:mauto\/ig:avif\/https:\/\/concertience.fr\/leblog\/wp-content\/uploads\/sites\/2\/2025\/03\/filet_concertience.png\" alt=\"\" class=\"wp-image-1427\" srcset=\"https:\/\/mlkqhmyobbaq.i.optimole.com\/w:1024\/h:72\/q:mauto\/ig:avif\/https:\/\/concertience.fr\/leblog\/wp-content\/uploads\/sites\/2\/2025\/03\/filet_concertience.png 1024w, https:\/\/mlkqhmyobbaq.i.optimole.com\/w:300\/h:21\/q:mauto\/ig:avif\/https:\/\/concertience.fr\/leblog\/wp-content\/uploads\/sites\/2\/2025\/03\/filet_concertience.png 300w, https:\/\/mlkqhmyobbaq.i.optimole.com\/w:768\/h:54\/q:mauto\/ig:avif\/https:\/\/concertience.fr\/leblog\/wp-content\/uploads\/sites\/2\/2025\/03\/filet_concertience.png 768w, https:\/\/mlkqhmyobbaq.i.optimole.com\/w:1536\/h:108\/q:mauto\/ig:avif\/https:\/\/concertience.fr\/leblog\/wp-content\/uploads\/sites\/2\/2025\/03\/filet_concertience.png 1536w, https:\/\/mlkqhmyobbaq.i.optimole.com\/w:1920\/h:134\/q:mauto\/ig:avif\/https:\/\/concertience.fr\/leblog\/wp-content\/uploads\/sites\/2\/2025\/03\/filet_concertience.png 2048w\" sizes=\"(max-width: 1024px) 100vw, 1024px\" \/><\/figure>\n\n\n\n<p>Le 3 septembre je vous propose un webinaire gratuit pour partager sur ce sujet, accueillir nos \u00e9motions, pour ouvrir des espaces de dialogue, d&rsquo;action et de vie.<\/p>\n\n\n<div class=\"wp-block-image\">\n<figure class=\"aligncenter size-large is-resized\"><img data-opt-id=1694230716  data-opt-src=\"https:\/\/mlkqhmyobbaq.i.optimole.com\/w:1024\/h:576\/q:mauto\/ig:avif\/https:\/\/concertience.fr\/leblog\/wp-content\/uploads\/sites\/2\/2025\/07\/Webinaire-2025-09-03.jpg\"  decoding=\"async\" width=\"1024\" height=\"576\" src=\"data:image/svg+xml,%3Csvg%20viewBox%3D%220%200%201024%20576%22%20width%3D%221024%22%20height%3D%22576%22%20xmlns%3D%22http%3A%2F%2Fwww.w3.org%2F2000%2Fsvg%22%3E%3Crect%20width%3D%221024%22%20height%3D%22576%22%20fill%3D%22transparent%22%2F%3E%3C%2Fsvg%3E\" alt=\"\" class=\"wp-image-1475\" style=\"width:617px;height:auto\" old-srcset=\"https:\/\/mlkqhmyobbaq.i.optimole.com\/w:1024\/h:576\/q:mauto\/ig:avif\/https:\/\/concertience.fr\/leblog\/wp-content\/uploads\/sites\/2\/2025\/07\/Webinaire-2025-09-03.jpg 1024w, https:\/\/mlkqhmyobbaq.i.optimole.com\/w:300\/h:169\/q:mauto\/ig:avif\/https:\/\/concertience.fr\/leblog\/wp-content\/uploads\/sites\/2\/2025\/07\/Webinaire-2025-09-03.jpg 300w, https:\/\/mlkqhmyobbaq.i.optimole.com\/w:768\/h:432\/q:mauto\/ig:avif\/https:\/\/concertience.fr\/leblog\/wp-content\/uploads\/sites\/2\/2025\/07\/Webinaire-2025-09-03.jpg 768w, https:\/\/mlkqhmyobbaq.i.optimole.com\/w:1536\/h:864\/q:mauto\/ig:avif\/https:\/\/concertience.fr\/leblog\/wp-content\/uploads\/sites\/2\/2025\/07\/Webinaire-2025-09-03.jpg 1536w, https:\/\/mlkqhmyobbaq.i.optimole.com\/w:1920\/h:1080\/q:mauto\/ig:avif\/https:\/\/concertience.fr\/leblog\/wp-content\/uploads\/sites\/2\/2025\/07\/Webinaire-2025-09-03.jpg 1920w\" \/><\/figure>\n<\/div>\n\n\n<p><a href=\"https:\/\/cnvformations.fr\/evenements\/que-faire-de-nos-emotions-face-a-letat-du-monde-2\/\">Toutes les informations et modalit\u00e9s d&rsquo;inscription \u00e0 ce webinaire gratuit sont ici.<\/a><\/p>\n\n\n\n<figure class=\"wp-block-image size-large\"><img data-opt-id=987369955  fetchpriority=\"high\" decoding=\"async\" width=\"1024\" height=\"72\" src=\"https:\/\/mlkqhmyobbaq.i.optimole.com\/w:1024\/h:72\/q:mauto\/ig:avif\/https:\/\/concertience.fr\/leblog\/wp-content\/uploads\/sites\/2\/2025\/03\/filet_concertience.png\" alt=\"\" class=\"wp-image-1427\" srcset=\"https:\/\/mlkqhmyobbaq.i.optimole.com\/w:1024\/h:72\/q:mauto\/ig:avif\/https:\/\/concertience.fr\/leblog\/wp-content\/uploads\/sites\/2\/2025\/03\/filet_concertience.png 1024w, https:\/\/mlkqhmyobbaq.i.optimole.com\/w:300\/h:21\/q:mauto\/ig:avif\/https:\/\/concertience.fr\/leblog\/wp-content\/uploads\/sites\/2\/2025\/03\/filet_concertience.png 300w, https:\/\/mlkqhmyobbaq.i.optimole.com\/w:768\/h:54\/q:mauto\/ig:avif\/https:\/\/concertience.fr\/leblog\/wp-content\/uploads\/sites\/2\/2025\/03\/filet_concertience.png 768w, https:\/\/mlkqhmyobbaq.i.optimole.com\/w:1536\/h:108\/q:mauto\/ig:avif\/https:\/\/concertience.fr\/leblog\/wp-content\/uploads\/sites\/2\/2025\/03\/filet_concertience.png 1536w, https:\/\/mlkqhmyobbaq.i.optimole.com\/w:1920\/h:134\/q:mauto\/ig:avif\/https:\/\/concertience.fr\/leblog\/wp-content\/uploads\/sites\/2\/2025\/03\/filet_concertience.png 2048w\" sizes=\"(max-width: 1024px) 100vw, 1024px\" \/><\/figure>\n\n\n\n<p>Plusieurs nouveaut\u00e9s vous attendent en 2026 sur ce th\u00e8me :<\/p>\n\n\n\n<ul class=\"wp-block-list\">\n<li>Des modules de base en CNV sp\u00e9cifiquement orient\u00e9s vers ce sujet,<\/li>\n\n\n\n<li>Des modules d&rsquo;approfondissement de la CNV : s&rsquo;ancrer dans la gratitude, accueillir et transformer la col\u00e8re, accueillir et transformer la culpabilit\u00e9<\/li>\n<\/ul>\n\n\n\n<div class=\"wp-block-buttons is-content-justification-center is-layout-flex wp-container-core-buttons-is-layout-16018d1d wp-block-buttons-is-layout-flex\">\n<div class=\"wp-block-button\"><a class=\"wp-block-button__link has-vivid-green-cyan-background-color has-background has-medium-font-size has-custom-font-size wp-element-button\" href=\"https:\/\/concertience.fr\/inscription\/\">Nous contacter<\/a><\/div>\n<\/div>\n","protected":false},"excerpt":{"rendered":"<p>Face \u00e0 l&rsquo;\u00e9tat du monde nous sommes travers\u00e9.e.s par des \u00e9motions : \u00e9merveillement, col\u00e8re, tristesse, anxi\u00e9t\u00e9, culpabilit\u00e9, d\u00e9couragement, d\u00e9termination etc&#8230; Le processus de Communication NonViolente (CNV) nous accompagne pour accueillir ces \u00e9motions et nous relier aux motivations profondes qui les cr\u00e9ent. Un th\u00e8me qui m&rsquo;est cher, que j&rsquo;exp\u00e9rimente, que j&rsquo;ai approfondi dans la nouvelle \u00e9dition<a class=\"excerpt-read-more\" href=\"https:\/\/concertience.fr\/leblog\/que-faire-de-nos-emotions-face-a-letat-du-monde\/\" title=\"ReadQue faire de nos \u00e9motions face \u00e0 l&rsquo;\u00e9tat du monde ?\">&#8230; Lire plus &raquo;<\/a><\/p>\n","protected":false},"author":2,"featured_media":1474,"comment_status":"open","ping_status":"closed","sticky":false,"template":"","format":"standard","meta":{"footnotes":""},"categories":[3],"tags":[7,10,79,109],"class_list":["post-1473","post","type-post","status-publish","format-standard","has-post-thumbnail","hentry","category-actualites","tag-cnv","tag-communication-nonviolente","tag-conduite-du-changement","tag-ecologie"],"yoast_head":"<!-- This site is optimized with the Yoast SEO plugin v27.4 - https:\/\/yoast.com\/product\/yoast-seo-wordpress\/ -->\n<title>Que faire de nos \u00e9motions face \u00e0 l&#039;\u00e9tat du monde ? - Le blog de Fran\u00e7oise Keller<\/title>\n<meta name=\"robots\" content=\"index, follow, max-snippet:-1, max-image-preview:large, max-video-preview:-1\" \/>\n<link rel=\"canonical\" href=\"https:\/\/concertience.fr\/leblog\/que-faire-de-nos-emotions-face-a-letat-du-monde\/\" \/>\n<meta property=\"og:locale\" content=\"fr_FR\" \/>\n<meta property=\"og:type\" content=\"article\" \/>\n<meta property=\"og:title\" content=\"Que faire de nos \u00e9motions face \u00e0 l&#039;\u00e9tat du monde ? - Le blog de Fran\u00e7oise Keller\" \/>\n<meta property=\"og:description\" content=\"Face \u00e0 l&rsquo;\u00e9tat du monde nous sommes travers\u00e9.e.s par des \u00e9motions : \u00e9merveillement, col\u00e8re, tristesse, anxi\u00e9t\u00e9, culpabilit\u00e9, d\u00e9couragement, d\u00e9termination etc&#8230; Le processus de Communication NonViolente (CNV) nous accompagne pour accueillir ces \u00e9motions et nous relier aux motivations profondes qui les cr\u00e9ent. Un th\u00e8me qui m&rsquo;est cher, que j&rsquo;exp\u00e9rimente, que j&rsquo;ai approfondi dans la nouvelle \u00e9dition... Lire plus &raquo;\" \/>\n<meta property=\"og:url\" content=\"https:\/\/concertience.fr\/leblog\/que-faire-de-nos-emotions-face-a-letat-du-monde\/\" \/>\n<meta property=\"og:site_name\" content=\"Le blog de Fran\u00e7oise Keller\" \/>\n<meta property=\"article:published_time\" content=\"2025-07-19T15:18:11+00:00\" \/>\n<meta property=\"article:modified_time\" content=\"2025-07-19T15:18:12+00:00\" \/>\n<meta property=\"og:image\" content=\"https:\/\/mlkqhmyobbaq.i.optimole.com\/w:auto\/h:auto\/q:mauto\/ig:avif\/https:\/\/concertience.fr\/leblog\/wp-content\/uploads\/sites\/2\/2025\/07\/Bleu-orange-Collage-Photos-dete-Publication-Instagram.jpg\" \/>\n\t<meta property=\"og:image:width\" content=\"1080\" \/>\n\t<meta property=\"og:image:height\" content=\"1080\" \/>\n\t<meta property=\"og:image:type\" content=\"image\/jpeg\" \/>\n<meta name=\"author\" content=\"francoisesiteweb\" \/>\n<meta name=\"twitter:card\" content=\"summary_large_image\" \/>\n<meta name=\"twitter:label1\" content=\"\u00c9crit par\" \/>\n\t<meta name=\"twitter:data1\" content=\"francoisesiteweb\" \/>\n\t<meta name=\"twitter:label2\" content=\"Dur\u00e9e de lecture estim\u00e9e\" \/>\n\t<meta name=\"twitter:data2\" content=\"2 minutes\" \/>\n<script type=\"application\/ld+json\" class=\"yoast-schema-graph\">{\"@context\":\"https:\\\/\\\/schema.org\",\"@graph\":[{\"@type\":\"Article\",\"@id\":\"https:\\\/\\\/concertience.fr\\\/leblog\\\/que-faire-de-nos-emotions-face-a-letat-du-monde\\\/#article\",\"isPartOf\":{\"@id\":\"https:\\\/\\\/concertience.fr\\\/leblog\\\/que-faire-de-nos-emotions-face-a-letat-du-monde\\\/\"},\"author\":{\"name\":\"francoisesiteweb\",\"@id\":\"https:\\\/\\\/concertience.fr\\\/leblog\\\/#\\\/schema\\\/person\\\/a8a3ffb4a05b55c3e77e954cd93c49d8\"},\"headline\":\"Que faire de nos \u00e9motions face \u00e0 l&rsquo;\u00e9tat du monde ?\",\"datePublished\":\"2025-07-19T15:18:11+00:00\",\"dateModified\":\"2025-07-19T15:18:12+00:00\",\"mainEntityOfPage\":{\"@id\":\"https:\\\/\\\/concertience.fr\\\/leblog\\\/que-faire-de-nos-emotions-face-a-letat-du-monde\\\/\"},\"wordCount\":200,\"commentCount\":0,\"image\":{\"@id\":\"https:\\\/\\\/concertience.fr\\\/leblog\\\/que-faire-de-nos-emotions-face-a-letat-du-monde\\\/#primaryimage\"},\"thumbnailUrl\":\"https:\\/\\/concertience.fr\\/leblog\\/wp-content\\/uploads\\/sites\\/2\\/2025\\/07\\/Bleu-orange-Collage-Photos-dete-Publication-Instagram.jpg\",\"keywords\":[\"CNV\",\"Communication NonViolente\",\"Conduite du changement\",\"Ecologie\"],\"articleSection\":[\"Actualit\u00e9s\"],\"inLanguage\":\"fr-FR\",\"potentialAction\":[{\"@type\":\"CommentAction\",\"name\":\"Comment\",\"target\":[\"https:\\\/\\\/concertience.fr\\\/leblog\\\/que-faire-de-nos-emotions-face-a-letat-du-monde\\\/#respond\"]}]},{\"@type\":\"WebPage\",\"@id\":\"https:\\\/\\\/concertience.fr\\\/leblog\\\/que-faire-de-nos-emotions-face-a-letat-du-monde\\\/\",\"url\":\"https:\\\/\\\/concertience.fr\\\/leblog\\\/que-faire-de-nos-emotions-face-a-letat-du-monde\\\/\",\"name\":\"Que faire de nos \u00e9motions face \u00e0 l'\u00e9tat du monde ? - Le blog de Fran\u00e7oise Keller\",\"isPartOf\":{\"@id\":\"https:\\\/\\\/concertience.fr\\\/leblog\\\/#website\"},\"primaryImageOfPage\":{\"@id\":\"https:\\\/\\\/concertience.fr\\\/leblog\\\/que-faire-de-nos-emotions-face-a-letat-du-monde\\\/#primaryimage\"},\"image\":{\"@id\":\"https:\\\/\\\/concertience.fr\\\/leblog\\\/que-faire-de-nos-emotions-face-a-letat-du-monde\\\/#primaryimage\"},\"thumbnailUrl\":\"https:\\/\\/concertience.fr\\/leblog\\/wp-content\\/uploads\\/sites\\/2\\/2025\\/07\\/Bleu-orange-Collage-Photos-dete-Publication-Instagram.jpg\",\"datePublished\":\"2025-07-19T15:18:11+00:00\",\"dateModified\":\"2025-07-19T15:18:12+00:00\",\"author\":{\"@id\":\"https:\\\/\\\/concertience.fr\\\/leblog\\\/#\\\/schema\\\/person\\\/a8a3ffb4a05b55c3e77e954cd93c49d8\"},\"breadcrumb\":{\"@id\":\"https:\\\/\\\/concertience.fr\\\/leblog\\\/que-faire-de-nos-emotions-face-a-letat-du-monde\\\/#breadcrumb\"},\"inLanguage\":\"fr-FR\",\"potentialAction\":[{\"@type\":\"ReadAction\",\"target\":[\"https:\\\/\\\/concertience.fr\\\/leblog\\\/que-faire-de-nos-emotions-face-a-letat-du-monde\\\/\"]}]},{\"@type\":\"ImageObject\",\"inLanguage\":\"fr-FR\",\"@id\":\"https:\\\/\\\/concertience.fr\\\/leblog\\\/que-faire-de-nos-emotions-face-a-letat-du-monde\\\/#primaryimage\",\"url\":\"https:\\/\\/concertience.fr\\/leblog\\/wp-content\\/uploads\\/sites\\/2\\/2025\\/07\\/Bleu-orange-Collage-Photos-dete-Publication-Instagram.jpg\",\"contentUrl\":\"https:\\/\\/concertience.fr\\/leblog\\/wp-content\\/uploads\\/sites\\/2\\/2025\\/07\\/Bleu-orange-Collage-Photos-dete-Publication-Instagram.jpg\",\"width\":1080,\"height\":1080},{\"@type\":\"BreadcrumbList\",\"@id\":\"https:\\\/\\\/concertience.fr\\\/leblog\\\/que-faire-de-nos-emotions-face-a-letat-du-monde\\\/#breadcrumb\",\"itemListElement\":[{\"@type\":\"ListItem\",\"position\":1,\"name\":\"Accueil\",\"item\":\"https:\\\/\\\/concertience.fr\\\/leblog\\\/\"},{\"@type\":\"ListItem\",\"position\":2,\"name\":\"Actualit\u00e9s\",\"item\":\"https:\\\/\\\/concertience.fr\\\/leblog\\\/actualites\\\/\"},{\"@type\":\"ListItem\",\"position\":3,\"name\":\"Que faire de nos \u00e9motions face \u00e0 l&rsquo;\u00e9tat du monde ?\"}]},{\"@type\":\"WebSite\",\"@id\":\"https:\\\/\\\/concertience.fr\\\/leblog\\\/#website\",\"url\":\"https:\\\/\\\/concertience.fr\\\/leblog\\\/\",\"name\":\"Le blog de Fran\u00e7oise Keller\",\"description\":\"Le blog de Fran\u00e7oise Keller, Concertience\",\"potentialAction\":[{\"@type\":\"SearchAction\",\"target\":{\"@type\":\"EntryPoint\",\"urlTemplate\":\"https:\\\/\\\/concertience.fr\\\/leblog\\\/?s={search_term_string}\"},\"query-input\":{\"@type\":\"PropertyValueSpecification\",\"valueRequired\":true,\"valueName\":\"search_term_string\"}}],\"inLanguage\":\"fr-FR\"},{\"@type\":\"Person\",\"@id\":\"https:\\\/\\\/concertience.fr\\\/leblog\\\/#\\\/schema\\\/person\\\/a8a3ffb4a05b55c3e77e954cd93c49d8\",\"name\":\"francoisesiteweb\"}]}<\/script>\n<!-- \/ Yoast SEO plugin. -->","yoast_head_json":{"title":"Que faire de nos \u00e9motions face \u00e0 l'\u00e9tat du monde ? - Le blog de Fran\u00e7oise Keller","robots":{"index":"index","follow":"follow","max-snippet":"max-snippet:-1","max-image-preview":"max-image-preview:large","max-video-preview":"max-video-preview:-1"},"canonical":"https:\/\/concertience.fr\/leblog\/que-faire-de-nos-emotions-face-a-letat-du-monde\/","og_locale":"fr_FR","og_type":"article","og_title":"Que faire de nos \u00e9motions face \u00e0 l'\u00e9tat du monde ? - Le blog de Fran\u00e7oise Keller","og_description":"Face \u00e0 l&rsquo;\u00e9tat du monde nous sommes travers\u00e9.e.s par des \u00e9motions : \u00e9merveillement, col\u00e8re, tristesse, anxi\u00e9t\u00e9, culpabilit\u00e9, d\u00e9couragement, d\u00e9termination etc&#8230; Le processus de Communication NonViolente (CNV) nous accompagne pour accueillir ces \u00e9motions et nous relier aux motivations profondes qui les cr\u00e9ent. Un th\u00e8me qui m&rsquo;est cher, que j&rsquo;exp\u00e9rimente, que j&rsquo;ai approfondi dans la nouvelle \u00e9dition... Lire plus &raquo;","og_url":"https:\/\/concertience.fr\/leblog\/que-faire-de-nos-emotions-face-a-letat-du-monde\/","og_site_name":"Le blog de Fran\u00e7oise Keller","article_published_time":"2025-07-19T15:18:11+00:00","article_modified_time":"2025-07-19T15:18:12+00:00","og_image":[{"width":1080,"height":1080,"url":"https:\/\/mlkqhmyobbaq.i.optimole.com\/w:auto\/h:auto\/q:mauto\/ig:avif\/https:\/\/concertience.fr\/leblog\/wp-content\/uploads\/sites\/2\/2025\/07\/Bleu-orange-Collage-Photos-dete-Publication-Instagram.jpg","type":"image\/jpeg"}],"author":"francoisesiteweb","twitter_card":"summary_large_image","twitter_misc":{"\u00c9crit par":"francoisesiteweb","Dur\u00e9e de lecture estim\u00e9e":"2 minutes"},"schema":{"@context":"https:\/\/schema.org","@graph":[{"@type":"Article","@id":"https:\/\/concertience.fr\/leblog\/que-faire-de-nos-emotions-face-a-letat-du-monde\/#article","isPartOf":{"@id":"https:\/\/concertience.fr\/leblog\/que-faire-de-nos-emotions-face-a-letat-du-monde\/"},"author":{"name":"francoisesiteweb","@id":"https:\/\/concertience.fr\/leblog\/#\/schema\/person\/a8a3ffb4a05b55c3e77e954cd93c49d8"},"headline":"Que faire de nos \u00e9motions face \u00e0 l&rsquo;\u00e9tat du monde ?","datePublished":"2025-07-19T15:18:11+00:00","dateModified":"2025-07-19T15:18:12+00:00","mainEntityOfPage":{"@id":"https:\/\/concertience.fr\/leblog\/que-faire-de-nos-emotions-face-a-letat-du-monde\/"},"wordCount":200,"commentCount":0,"image":{"@id":"https:\/\/concertience.fr\/leblog\/que-faire-de-nos-emotions-face-a-letat-du-monde\/#primaryimage"},"thumbnailUrl":"https:\/\/mlkqhmyobbaq.i.optimole.com\/w:auto\/h:auto\/q:mauto\/ig:avif\/https:\/\/concertience.fr\/leblog\/wp-content\/uploads\/sites\/2\/2025\/07\/Bleu-orange-Collage-Photos-dete-Publication-Instagram.jpg","keywords":["CNV","Communication NonViolente","Conduite du changement","Ecologie"],"articleSection":["Actualit\u00e9s"],"inLanguage":"fr-FR","potentialAction":[{"@type":"CommentAction","name":"Comment","target":["https:\/\/concertience.fr\/leblog\/que-faire-de-nos-emotions-face-a-letat-du-monde\/#respond"]}]},{"@type":"WebPage","@id":"https:\/\/concertience.fr\/leblog\/que-faire-de-nos-emotions-face-a-letat-du-monde\/","url":"https:\/\/concertience.fr\/leblog\/que-faire-de-nos-emotions-face-a-letat-du-monde\/","name":"Que faire de nos \u00e9motions face \u00e0 l'\u00e9tat du monde ? - Le blog de Fran\u00e7oise Keller","isPartOf":{"@id":"https:\/\/concertience.fr\/leblog\/#website"},"primaryImageOfPage":{"@id":"https:\/\/concertience.fr\/leblog\/que-faire-de-nos-emotions-face-a-letat-du-monde\/#primaryimage"},"image":{"@id":"https:\/\/concertience.fr\/leblog\/que-faire-de-nos-emotions-face-a-letat-du-monde\/#primaryimage"},"thumbnailUrl":"https:\/\/mlkqhmyobbaq.i.optimole.com\/w:auto\/h:auto\/q:mauto\/ig:avif\/https:\/\/concertience.fr\/leblog\/wp-content\/uploads\/sites\/2\/2025\/07\/Bleu-orange-Collage-Photos-dete-Publication-Instagram.jpg","datePublished":"2025-07-19T15:18:11+00:00","dateModified":"2025-07-19T15:18:12+00:00","author":{"@id":"https:\/\/concertience.fr\/leblog\/#\/schema\/person\/a8a3ffb4a05b55c3e77e954cd93c49d8"},"breadcrumb":{"@id":"https:\/\/concertience.fr\/leblog\/que-faire-de-nos-emotions-face-a-letat-du-monde\/#breadcrumb"},"inLanguage":"fr-FR","potentialAction":[{"@type":"ReadAction","target":["https:\/\/concertience.fr\/leblog\/que-faire-de-nos-emotions-face-a-letat-du-monde\/"]}]},{"@type":"ImageObject","inLanguage":"fr-FR","@id":"https:\/\/concertience.fr\/leblog\/que-faire-de-nos-emotions-face-a-letat-du-monde\/#primaryimage","url":"https:\/\/mlkqhmyobbaq.i.optimole.com\/w:auto\/h:auto\/q:mauto\/ig:avif\/https:\/\/concertience.fr\/leblog\/wp-content\/uploads\/sites\/2\/2025\/07\/Bleu-orange-Collage-Photos-dete-Publication-Instagram.jpg","contentUrl":"https:\/\/mlkqhmyobbaq.i.optimole.com\/w:auto\/h:auto\/q:mauto\/ig:avif\/https:\/\/concertience.fr\/leblog\/wp-content\/uploads\/sites\/2\/2025\/07\/Bleu-orange-Collage-Photos-dete-Publication-Instagram.jpg","width":1080,"height":1080},{"@type":"BreadcrumbList","@id":"https:\/\/concertience.fr\/leblog\/que-faire-de-nos-emotions-face-a-letat-du-monde\/#breadcrumb","itemListElement":[{"@type":"ListItem","position":1,"name":"Accueil","item":"https:\/\/concertience.fr\/leblog\/"},{"@type":"ListItem","position":2,"name":"Actualit\u00e9s","item":"https:\/\/concertience.fr\/leblog\/actualites\/"},{"@type":"ListItem","position":3,"name":"Que faire de nos \u00e9motions face \u00e0 l&rsquo;\u00e9tat du monde ?"}]},{"@type":"WebSite","@id":"https:\/\/concertience.fr\/leblog\/#website","url":"https:\/\/concertience.fr\/leblog\/","name":"Le blog de Fran\u00e7oise Keller","description":"Le blog de Fran\u00e7oise Keller, Concertience","potentialAction":[{"@type":"SearchAction","target":{"@type":"EntryPoint","urlTemplate":"https:\/\/concertience.fr\/leblog\/?s={search_term_string}"},"query-input":{"@type":"PropertyValueSpecification","valueRequired":true,"valueName":"search_term_string"}}],"inLanguage":"fr-FR"},{"@type":"Person","@id":"https:\/\/concertience.fr\/leblog\/#\/schema\/person\/a8a3ffb4a05b55c3e77e954cd93c49d8","name":"francoisesiteweb"}]}},"_links":{"self":[{"href":"https:\/\/concertience.fr\/leblog\/wp-json\/wp\/v2\/posts\/1473","targetHints":{"allow":["GET"]}}],"collection":[{"href":"https:\/\/concertience.fr\/leblog\/wp-json\/wp\/v2\/posts"}],"about":[{"href":"https:\/\/concertience.fr\/leblog\/wp-json\/wp\/v2\/types\/post"}],"author":[{"embeddable":true,"href":"https:\/\/concertience.fr\/leblog\/wp-json\/wp\/v2\/users\/2"}],"replies":[{"embeddable":true,"href":"https:\/\/concertience.fr\/leblog\/wp-json\/wp\/v2\/comments?post=1473"}],"version-history":[{"count":1,"href":"https:\/\/concertience.fr\/leblog\/wp-json\/wp\/v2\/posts\/1473\/revisions"}],"predecessor-version":[{"id":1476,"href":"https:\/\/concertience.fr\/leblog\/wp-json\/wp\/v2\/posts\/1473\/revisions\/1476"}],"wp:featuredmedia":[{"embeddable":true,"href":"https:\/\/concertience.fr\/leblog\/wp-json\/wp\/v2\/media\/1474"}],"wp:attachment":[{"href":"https:\/\/concertience.fr\/leblog\/wp-json\/wp\/v2\/media?parent=1473"}],"wp:term":[{"taxonomy":"category","embeddable":true,"href":"https:\/\/concertience.fr\/leblog\/wp-json\/wp\/v2\/categories?post=1473"},{"taxonomy":"post_tag","embeddable":true,"href":"https:\/\/concertience.fr\/leblog\/wp-json\/wp\/v2\/tags?post=1473"}],"curies":[{"name":"wp","href":"https:\/\/api.w.org\/{rel}","templated":true}]}}