{"id":145,"date":"2011-11-03T21:35:03","date_gmt":"2011-11-03T20:35:03","guid":{"rendered":"https:\/\/concertience.fr\/leblog\/2011\/11\/03\/correction-des-liens-de-notre-programme-de-formation\/"},"modified":"2011-11-03T21:35:03","modified_gmt":"2011-11-03T20:35:03","slug":"correction-des-liens-de-notre-programme-de-formation","status":"publish","type":"post","link":"https:\/\/concertience.fr\/leblog\/correction-des-liens-de-notre-programme-de-formation\/","title":{"rendered":"Correction des liens de notre programme de formation"},"content":{"rendered":"<p>Sauf erreur de notre part, tous les liens de la rubrique &quot;notre programme de formation&quot; ont \u00e9t\u00e9 r\u00e9par\u00e9s. Merci \u00e0 ceux qui m&#039;ont signal\u00e9 l&#039;anomalie !<\/p>\n","protected":false},"excerpt":{"rendered":"<p>Sauf erreur de notre part, tous les liens de la rubrique &quot;notre programme de formation&quot; ont \u00e9t\u00e9 r\u00e9par\u00e9s. Merci \u00e0 ceux qui m&#039;ont signal\u00e9 l&#039;anomalie !<\/p>\n","protected":false},"author":1,"featured_media":0,"comment_status":"open","ping_status":"open","sticky":false,"template":"","format":"standard","meta":{"footnotes":""},"categories":[46],"tags":[],"class_list":["post-145","post","type-post","status-publish","format-standard","hentry","category-vie-du-site"],"yoast_head":"<!-- This site is optimized with the Yoast SEO plugin v27.5 - https:\/\/yoast.com\/product\/yoast-seo-wordpress\/ -->\n<title>Correction des liens de notre programme de formation - Le blog de Fran\u00e7oise Keller<\/title>\n<meta name=\"robots\" content=\"index, follow, max-snippet:-1, max-image-preview:large, max-video-preview:-1\" \/>\n<link rel=\"canonical\" href=\"https:\/\/concertience.fr\/leblog\/correction-des-liens-de-notre-programme-de-formation\/\" \/>\n<meta property=\"og:locale\" content=\"fr_FR\" \/>\n<meta property=\"og:type\" content=\"article\" \/>\n<meta property=\"og:title\" content=\"Correction des liens de notre programme de formation - Le blog de Fran\u00e7oise Keller\" \/>\n<meta property=\"og:description\" content=\"Sauf erreur de notre part, tous les liens de la rubrique &quot;notre programme de formation&quot; ont \u00e9t\u00e9 r\u00e9par\u00e9s. Merci \u00e0 ceux qui m&#039;ont signal\u00e9 l&#039;anomalie !\" \/>\n<meta property=\"og:url\" content=\"https:\/\/concertience.fr\/leblog\/correction-des-liens-de-notre-programme-de-formation\/\" \/>\n<meta property=\"og:site_name\" content=\"Le blog de Fran\u00e7oise Keller\" \/>\n<meta property=\"article:published_time\" content=\"2011-11-03T20:35:03+00:00\" \/>\n<meta name=\"author\" content=\"Pierrick\" \/>\n<meta name=\"twitter:card\" content=\"summary_large_image\" \/>\n<meta name=\"twitter:label1\" content=\"\u00c9crit par\" \/>\n\t<meta name=\"twitter:data1\" content=\"Pierrick\" \/>\n<script type=\"application\/ld+json\" class=\"yoast-schema-graph\">{\"@context\":\"https:\\\/\\\/schema.org\",\"@graph\":[{\"@type\":\"Article\",\"@id\":\"https:\\\/\\\/concertience.fr\\\/leblog\\\/correction-des-liens-de-notre-programme-de-formation\\\/#article\",\"isPartOf\":{\"@id\":\"https:\\\/\\\/concertience.fr\\\/leblog\\\/correction-des-liens-de-notre-programme-de-formation\\\/\"},\"author\":{\"name\":\"Pierrick\",\"@id\":\"https:\\\/\\\/concertience.fr\\\/leblog\\\/#\\\/schema\\\/person\\\/a01b04493c0cb1de0b2030c8b8d5676f\"},\"headline\":\"Correction des liens de notre programme de formation\",\"datePublished\":\"2011-11-03T20:35:03+00:00\",\"mainEntityOfPage\":{\"@id\":\"https:\\\/\\\/concertience.fr\\\/leblog\\\/correction-des-liens-de-notre-programme-de-formation\\\/\"},\"wordCount\":38,\"commentCount\":0,\"articleSection\":[\"Vie du site\"],\"inLanguage\":\"fr-FR\",\"potentialAction\":[{\"@type\":\"CommentAction\",\"name\":\"Comment\",\"target\":[\"https:\\\/\\\/concertience.fr\\\/leblog\\\/correction-des-liens-de-notre-programme-de-formation\\\/#respond\"]}]},{\"@type\":\"WebPage\",\"@id\":\"https:\\\/\\\/concertience.fr\\\/leblog\\\/correction-des-liens-de-notre-programme-de-formation\\\/\",\"url\":\"https:\\\/\\\/concertience.fr\\\/leblog\\\/correction-des-liens-de-notre-programme-de-formation\\\/\",\"name\":\"Correction des liens de notre programme de formation - Le blog de Fran\u00e7oise Keller\",\"isPartOf\":{\"@id\":\"https:\\\/\\\/concertience.fr\\\/leblog\\\/#website\"},\"datePublished\":\"2011-11-03T20:35:03+00:00\",\"author\":{\"@id\":\"https:\\\/\\\/concertience.fr\\\/leblog\\\/#\\\/schema\\\/person\\\/a01b04493c0cb1de0b2030c8b8d5676f\"},\"breadcrumb\":{\"@id\":\"https:\\\/\\\/concertience.fr\\\/leblog\\\/correction-des-liens-de-notre-programme-de-formation\\\/#breadcrumb\"},\"inLanguage\":\"fr-FR\",\"potentialAction\":[{\"@type\":\"ReadAction\",\"target\":[\"https:\\\/\\\/concertience.fr\\\/leblog\\\/correction-des-liens-de-notre-programme-de-formation\\\/\"]}]},{\"@type\":\"BreadcrumbList\",\"@id\":\"https:\\\/\\\/concertience.fr\\\/leblog\\\/correction-des-liens-de-notre-programme-de-formation\\\/#breadcrumb\",\"itemListElement\":[{\"@type\":\"ListItem\",\"position\":1,\"name\":\"Accueil\",\"item\":\"https:\\\/\\\/concertience.fr\\\/leblog\\\/\"},{\"@type\":\"ListItem\",\"position\":2,\"name\":\"Vie du site\",\"item\":\"https:\\\/\\\/concertience.fr\\\/leblog\\\/vie-du-site\\\/\"},{\"@type\":\"ListItem\",\"position\":3,\"name\":\"Correction des liens de notre programme de formation\"}]},{\"@type\":\"WebSite\",\"@id\":\"https:\\\/\\\/concertience.fr\\\/leblog\\\/#website\",\"url\":\"https:\\\/\\\/concertience.fr\\\/leblog\\\/\",\"name\":\"Le blog de Fran\u00e7oise Keller\",\"description\":\"Le blog de Fran\u00e7oise Keller, Concertience\",\"potentialAction\":[{\"@type\":\"SearchAction\",\"target\":{\"@type\":\"EntryPoint\",\"urlTemplate\":\"https:\\\/\\\/concertience.fr\\\/leblog\\\/?s={search_term_string}\"},\"query-input\":{\"@type\":\"PropertyValueSpecification\",\"valueRequired\":true,\"valueName\":\"search_term_string\"}}],\"inLanguage\":\"fr-FR\"},{\"@type\":\"Person\",\"@id\":\"https:\\\/\\\/concertience.fr\\\/leblog\\\/#\\\/schema\\\/person\\\/a01b04493c0cb1de0b2030c8b8d5676f\",\"name\":\"Pierrick\"}]}<\/script>\n<!-- \/ Yoast SEO plugin. -->","yoast_head_json":{"title":"Correction des liens de notre programme de formation - Le blog de Fran\u00e7oise Keller","robots":{"index":"index","follow":"follow","max-snippet":"max-snippet:-1","max-image-preview":"max-image-preview:large","max-video-preview":"max-video-preview:-1"},"canonical":"https:\/\/concertience.fr\/leblog\/correction-des-liens-de-notre-programme-de-formation\/","og_locale":"fr_FR","og_type":"article","og_title":"Correction des liens de notre programme de formation - Le blog de Fran\u00e7oise Keller","og_description":"Sauf erreur de notre part, tous les liens de la rubrique &quot;notre programme de formation&quot; ont \u00e9t\u00e9 r\u00e9par\u00e9s. Merci \u00e0 ceux qui m&#039;ont signal\u00e9 l&#039;anomalie !","og_url":"https:\/\/concertience.fr\/leblog\/correction-des-liens-de-notre-programme-de-formation\/","og_site_name":"Le blog de Fran\u00e7oise Keller","article_published_time":"2011-11-03T20:35:03+00:00","author":"Pierrick","twitter_card":"summary_large_image","twitter_misc":{"\u00c9crit par":"Pierrick"},"schema":{"@context":"https:\/\/schema.org","@graph":[{"@type":"Article","@id":"https:\/\/concertience.fr\/leblog\/correction-des-liens-de-notre-programme-de-formation\/#article","isPartOf":{"@id":"https:\/\/concertience.fr\/leblog\/correction-des-liens-de-notre-programme-de-formation\/"},"author":{"name":"Pierrick","@id":"https:\/\/concertience.fr\/leblog\/#\/schema\/person\/a01b04493c0cb1de0b2030c8b8d5676f"},"headline":"Correction des liens de notre programme de formation","datePublished":"2011-11-03T20:35:03+00:00","mainEntityOfPage":{"@id":"https:\/\/concertience.fr\/leblog\/correction-des-liens-de-notre-programme-de-formation\/"},"wordCount":38,"commentCount":0,"articleSection":["Vie du site"],"inLanguage":"fr-FR","potentialAction":[{"@type":"CommentAction","name":"Comment","target":["https:\/\/concertience.fr\/leblog\/correction-des-liens-de-notre-programme-de-formation\/#respond"]}]},{"@type":"WebPage","@id":"https:\/\/concertience.fr\/leblog\/correction-des-liens-de-notre-programme-de-formation\/","url":"https:\/\/concertience.fr\/leblog\/correction-des-liens-de-notre-programme-de-formation\/","name":"Correction des liens de notre programme de formation - Le blog de Fran\u00e7oise Keller","isPartOf":{"@id":"https:\/\/concertience.fr\/leblog\/#website"},"datePublished":"2011-11-03T20:35:03+00:00","author":{"@id":"https:\/\/concertience.fr\/leblog\/#\/schema\/person\/a01b04493c0cb1de0b2030c8b8d5676f"},"breadcrumb":{"@id":"https:\/\/concertience.fr\/leblog\/correction-des-liens-de-notre-programme-de-formation\/#breadcrumb"},"inLanguage":"fr-FR","potentialAction":[{"@type":"ReadAction","target":["https:\/\/concertience.fr\/leblog\/correction-des-liens-de-notre-programme-de-formation\/"]}]},{"@type":"BreadcrumbList","@id":"https:\/\/concertience.fr\/leblog\/correction-des-liens-de-notre-programme-de-formation\/#breadcrumb","itemListElement":[{"@type":"ListItem","position":1,"name":"Accueil","item":"https:\/\/concertience.fr\/leblog\/"},{"@type":"ListItem","position":2,"name":"Vie du site","item":"https:\/\/concertience.fr\/leblog\/vie-du-site\/"},{"@type":"ListItem","position":3,"name":"Correction des liens de notre programme de formation"}]},{"@type":"WebSite","@id":"https:\/\/concertience.fr\/leblog\/#website","url":"https:\/\/concertience.fr\/leblog\/","name":"Le blog de Fran\u00e7oise Keller","description":"Le blog de Fran\u00e7oise Keller, Concertience","potentialAction":[{"@type":"SearchAction","target":{"@type":"EntryPoint","urlTemplate":"https:\/\/concertience.fr\/leblog\/?s={search_term_string}"},"query-input":{"@type":"PropertyValueSpecification","valueRequired":true,"valueName":"search_term_string"}}],"inLanguage":"fr-FR"},{"@type":"Person","@id":"https:\/\/concertience.fr\/leblog\/#\/schema\/person\/a01b04493c0cb1de0b2030c8b8d5676f","name":"Pierrick"}]}},"_links":{"self":[{"href":"https:\/\/concertience.fr\/leblog\/wp-json\/wp\/v2\/posts\/145","targetHints":{"allow":["GET"]}}],"collection":[{"href":"https:\/\/concertience.fr\/leblog\/wp-json\/wp\/v2\/posts"}],"about":[{"href":"https:\/\/concertience.fr\/leblog\/wp-json\/wp\/v2\/types\/post"}],"author":[{"embeddable":true,"href":"https:\/\/concertience.fr\/leblog\/wp-json\/wp\/v2\/users\/1"}],"replies":[{"embeddable":true,"href":"https:\/\/concertience.fr\/leblog\/wp-json\/wp\/v2\/comments?post=145"}],"version-history":[{"count":0,"href":"https:\/\/concertience.fr\/leblog\/wp-json\/wp\/v2\/posts\/145\/revisions"}],"wp:attachment":[{"href":"https:\/\/concertience.fr\/leblog\/wp-json\/wp\/v2\/media?parent=145"}],"wp:term":[{"taxonomy":"category","embeddable":true,"href":"https:\/\/concertience.fr\/leblog\/wp-json\/wp\/v2\/categories?post=145"},{"taxonomy":"post_tag","embeddable":true,"href":"https:\/\/concertience.fr\/leblog\/wp-json\/wp\/v2\/tags?post=145"}],"curies":[{"name":"wp","href":"https:\/\/api.w.org\/{rel}","templated":true}]}}