{"id":138,"date":"2011-12-16T17:29:03","date_gmt":"2011-12-16T16:29:03","guid":{"rendered":"https:\/\/concertience.fr\/leblog\/2011\/12\/16\/gerard-endenburg-a-lyon\/"},"modified":"2020-03-30T21:06:43","modified_gmt":"2020-03-30T19:06:43","slug":"gerard-endenburg-a-lyon","status":"publish","type":"post","link":"https:\/\/concertience.fr\/leblog\/gerard-endenburg-a-lyon\/","title":{"rendered":"G\u00e9rard Endenburg \u00e0 Lyon"},"content":{"rendered":"<p>Nous avons eu le plaisir d&rsquo;accueillir \u00e0 Lyon G\u00e9rard Endenburg, le fondateur de la gouvernance sociocratique qui est pratiqu\u00e9e aujourd&rsquo;hui dans le monde. <span style=\"color: #0000bf;\"><strong>G\u00e9rard Endenburg<\/strong><\/span> est venu pour la premi\u00e8re fois en France pour la certification de la premi\u00e8re promotion de formateurs d&rsquo;Europe francophone en gouvernance par consentement, dont Fran\u00e7oise Keller, Pierre Tavernier.<\/p>\n<p>Voici un premier extrait&#8230;.<\/p>\n\n\n<figure class=\"wp-block-embed-youtube wp-block-embed is-type-video is-provider-youtube wp-embed-aspect-4-3 wp-has-aspect-ratio\"><div class=\"wp-block-embed__wrapper\">\n<iframe title=\"G Endenburg Lyon\" width=\"1200\" height=\"900\" src=\"https:\/\/www.youtube.com\/embed\/hezXa7lwQ4M?feature=oembed\" frameborder=\"0\" allow=\"accelerometer; autoplay; encrypted-media; gyroscope; picture-in-picture\" allowfullscreen><\/iframe>\n<\/div><\/figure>\n","protected":false},"excerpt":{"rendered":"<p>Nous avons eu le plaisir d&rsquo;accueillir \u00e0 Lyon G\u00e9rard Endenburg, le fondateur de la gouvernance sociocratique qui est pratiqu\u00e9e aujourd&rsquo;hui dans le monde. G\u00e9rard Endenburg est venu pour la premi\u00e8re fois en France pour la certification de la premi\u00e8re promotion de formateurs d&rsquo;Europe francophone en gouvernance par consentement, dont Fran\u00e7oise Keller, Pierre Tavernier. Voici un<a class=\"excerpt-read-more\" href=\"https:\/\/concertience.fr\/leblog\/gerard-endenburg-a-lyon\/\" title=\"ReadG\u00e9rard Endenburg \u00e0 Lyon\">&#8230; Lire plus &raquo;<\/a><\/p>\n","protected":false},"author":1,"featured_media":0,"comment_status":"open","ping_status":"open","sticky":false,"template":"","format":"standard","meta":{"footnotes":""},"categories":[12,32],"tags":[43,25,19,22,35],"class_list":["post-138","post","type-post","status-publish","format-standard","hentry","category-notre-offre-de-conferences","category-sociocratie","tag-gouvernance","tag-leader","tag-leadership","tag-management","tag-sociocratie"],"yoast_head":"<!-- This site is optimized with the Yoast SEO plugin v27.5 - https:\/\/yoast.com\/product\/yoast-seo-wordpress\/ -->\n<title>G\u00e9rard Endenburg \u00e0 Lyon - Le blog de Fran\u00e7oise Keller<\/title>\n<meta name=\"robots\" content=\"index, follow, max-snippet:-1, max-image-preview:large, max-video-preview:-1\" \/>\n<link rel=\"canonical\" href=\"https:\/\/concertience.fr\/leblog\/gerard-endenburg-a-lyon\/\" \/>\n<meta property=\"og:locale\" content=\"fr_FR\" \/>\n<meta property=\"og:type\" content=\"article\" \/>\n<meta property=\"og:title\" content=\"G\u00e9rard Endenburg \u00e0 Lyon - Le blog de Fran\u00e7oise Keller\" \/>\n<meta property=\"og:description\" content=\"Nous avons eu le plaisir d&rsquo;accueillir \u00e0 Lyon G\u00e9rard Endenburg, le fondateur de la gouvernance sociocratique qui est pratiqu\u00e9e aujourd&rsquo;hui dans le monde. G\u00e9rard Endenburg est venu pour la premi\u00e8re fois en France pour la certification de la premi\u00e8re promotion de formateurs d&rsquo;Europe francophone en gouvernance par consentement, dont Fran\u00e7oise Keller, Pierre Tavernier. Voici un... Lire plus &raquo;\" \/>\n<meta property=\"og:url\" content=\"https:\/\/concertience.fr\/leblog\/gerard-endenburg-a-lyon\/\" \/>\n<meta property=\"og:site_name\" content=\"Le blog de Fran\u00e7oise Keller\" \/>\n<meta property=\"article:published_time\" content=\"2011-12-16T16:29:03+00:00\" \/>\n<meta property=\"article:modified_time\" content=\"2020-03-30T19:06:43+00:00\" \/>\n<meta name=\"author\" content=\"Pierrick\" \/>\n<meta name=\"twitter:card\" content=\"summary_large_image\" \/>\n<meta name=\"twitter:label1\" content=\"\u00c9crit par\" \/>\n\t<meta name=\"twitter:data1\" content=\"Pierrick\" \/>\n<script type=\"application\/ld+json\" class=\"yoast-schema-graph\">{\"@context\":\"https:\\\/\\\/schema.org\",\"@graph\":[{\"@type\":\"Article\",\"@id\":\"https:\\\/\\\/concertience.fr\\\/leblog\\\/gerard-endenburg-a-lyon\\\/#article\",\"isPartOf\":{\"@id\":\"https:\\\/\\\/concertience.fr\\\/leblog\\\/gerard-endenburg-a-lyon\\\/\"},\"author\":{\"name\":\"Pierrick\",\"@id\":\"https:\\\/\\\/concertience.fr\\\/leblog\\\/#\\\/schema\\\/person\\\/a01b04493c0cb1de0b2030c8b8d5676f\"},\"headline\":\"G\u00e9rard Endenburg \u00e0 Lyon\",\"datePublished\":\"2011-12-16T16:29:03+00:00\",\"dateModified\":\"2020-03-30T19:06:43+00:00\",\"mainEntityOfPage\":{\"@id\":\"https:\\\/\\\/concertience.fr\\\/leblog\\\/gerard-endenburg-a-lyon\\\/\"},\"wordCount\":75,\"commentCount\":0,\"keywords\":[\"Gouvernance\",\"Leader\",\"Leadership\",\"Management\",\"Sociocratie\"],\"articleSection\":[\"Notre offre de conf\u00e9rences\",\"Sociocratie\"],\"inLanguage\":\"fr-FR\",\"potentialAction\":[{\"@type\":\"CommentAction\",\"name\":\"Comment\",\"target\":[\"https:\\\/\\\/concertience.fr\\\/leblog\\\/gerard-endenburg-a-lyon\\\/#respond\"]}]},{\"@type\":\"WebPage\",\"@id\":\"https:\\\/\\\/concertience.fr\\\/leblog\\\/gerard-endenburg-a-lyon\\\/\",\"url\":\"https:\\\/\\\/concertience.fr\\\/leblog\\\/gerard-endenburg-a-lyon\\\/\",\"name\":\"G\u00e9rard Endenburg \u00e0 Lyon - Le blog de Fran\u00e7oise Keller\",\"isPartOf\":{\"@id\":\"https:\\\/\\\/concertience.fr\\\/leblog\\\/#website\"},\"datePublished\":\"2011-12-16T16:29:03+00:00\",\"dateModified\":\"2020-03-30T19:06:43+00:00\",\"author\":{\"@id\":\"https:\\\/\\\/concertience.fr\\\/leblog\\\/#\\\/schema\\\/person\\\/a01b04493c0cb1de0b2030c8b8d5676f\"},\"breadcrumb\":{\"@id\":\"https:\\\/\\\/concertience.fr\\\/leblog\\\/gerard-endenburg-a-lyon\\\/#breadcrumb\"},\"inLanguage\":\"fr-FR\",\"potentialAction\":[{\"@type\":\"ReadAction\",\"target\":[\"https:\\\/\\\/concertience.fr\\\/leblog\\\/gerard-endenburg-a-lyon\\\/\"]}]},{\"@type\":\"BreadcrumbList\",\"@id\":\"https:\\\/\\\/concertience.fr\\\/leblog\\\/gerard-endenburg-a-lyon\\\/#breadcrumb\",\"itemListElement\":[{\"@type\":\"ListItem\",\"position\":1,\"name\":\"Accueil\",\"item\":\"https:\\\/\\\/concertience.fr\\\/leblog\\\/\"},{\"@type\":\"ListItem\",\"position\":2,\"name\":\"Notre offre de conf\u00e9rences\",\"item\":\"https:\\\/\\\/concertience.fr\\\/leblog\\\/notre-offre-de-conferences\\\/\"},{\"@type\":\"ListItem\",\"position\":3,\"name\":\"G\u00e9rard Endenburg \u00e0 Lyon\"}]},{\"@type\":\"WebSite\",\"@id\":\"https:\\\/\\\/concertience.fr\\\/leblog\\\/#website\",\"url\":\"https:\\\/\\\/concertience.fr\\\/leblog\\\/\",\"name\":\"Le blog de Fran\u00e7oise Keller\",\"description\":\"Le blog de Fran\u00e7oise Keller, Concertience\",\"potentialAction\":[{\"@type\":\"SearchAction\",\"target\":{\"@type\":\"EntryPoint\",\"urlTemplate\":\"https:\\\/\\\/concertience.fr\\\/leblog\\\/?s={search_term_string}\"},\"query-input\":{\"@type\":\"PropertyValueSpecification\",\"valueRequired\":true,\"valueName\":\"search_term_string\"}}],\"inLanguage\":\"fr-FR\"},{\"@type\":\"Person\",\"@id\":\"https:\\\/\\\/concertience.fr\\\/leblog\\\/#\\\/schema\\\/person\\\/a01b04493c0cb1de0b2030c8b8d5676f\",\"name\":\"Pierrick\"}]}<\/script>\n<!-- \/ Yoast SEO plugin. -->","yoast_head_json":{"title":"G\u00e9rard Endenburg \u00e0 Lyon - Le blog de Fran\u00e7oise Keller","robots":{"index":"index","follow":"follow","max-snippet":"max-snippet:-1","max-image-preview":"max-image-preview:large","max-video-preview":"max-video-preview:-1"},"canonical":"https:\/\/concertience.fr\/leblog\/gerard-endenburg-a-lyon\/","og_locale":"fr_FR","og_type":"article","og_title":"G\u00e9rard Endenburg \u00e0 Lyon - Le blog de Fran\u00e7oise Keller","og_description":"Nous avons eu le plaisir d&rsquo;accueillir \u00e0 Lyon G\u00e9rard Endenburg, le fondateur de la gouvernance sociocratique qui est pratiqu\u00e9e aujourd&rsquo;hui dans le monde. G\u00e9rard Endenburg est venu pour la premi\u00e8re fois en France pour la certification de la premi\u00e8re promotion de formateurs d&rsquo;Europe francophone en gouvernance par consentement, dont Fran\u00e7oise Keller, Pierre Tavernier. Voici un... Lire plus &raquo;","og_url":"https:\/\/concertience.fr\/leblog\/gerard-endenburg-a-lyon\/","og_site_name":"Le blog de Fran\u00e7oise Keller","article_published_time":"2011-12-16T16:29:03+00:00","article_modified_time":"2020-03-30T19:06:43+00:00","author":"Pierrick","twitter_card":"summary_large_image","twitter_misc":{"\u00c9crit par":"Pierrick"},"schema":{"@context":"https:\/\/schema.org","@graph":[{"@type":"Article","@id":"https:\/\/concertience.fr\/leblog\/gerard-endenburg-a-lyon\/#article","isPartOf":{"@id":"https:\/\/concertience.fr\/leblog\/gerard-endenburg-a-lyon\/"},"author":{"name":"Pierrick","@id":"https:\/\/concertience.fr\/leblog\/#\/schema\/person\/a01b04493c0cb1de0b2030c8b8d5676f"},"headline":"G\u00e9rard Endenburg \u00e0 Lyon","datePublished":"2011-12-16T16:29:03+00:00","dateModified":"2020-03-30T19:06:43+00:00","mainEntityOfPage":{"@id":"https:\/\/concertience.fr\/leblog\/gerard-endenburg-a-lyon\/"},"wordCount":75,"commentCount":0,"keywords":["Gouvernance","Leader","Leadership","Management","Sociocratie"],"articleSection":["Notre offre de conf\u00e9rences","Sociocratie"],"inLanguage":"fr-FR","potentialAction":[{"@type":"CommentAction","name":"Comment","target":["https:\/\/concertience.fr\/leblog\/gerard-endenburg-a-lyon\/#respond"]}]},{"@type":"WebPage","@id":"https:\/\/concertience.fr\/leblog\/gerard-endenburg-a-lyon\/","url":"https:\/\/concertience.fr\/leblog\/gerard-endenburg-a-lyon\/","name":"G\u00e9rard Endenburg \u00e0 Lyon - Le blog de Fran\u00e7oise Keller","isPartOf":{"@id":"https:\/\/concertience.fr\/leblog\/#website"},"datePublished":"2011-12-16T16:29:03+00:00","dateModified":"2020-03-30T19:06:43+00:00","author":{"@id":"https:\/\/concertience.fr\/leblog\/#\/schema\/person\/a01b04493c0cb1de0b2030c8b8d5676f"},"breadcrumb":{"@id":"https:\/\/concertience.fr\/leblog\/gerard-endenburg-a-lyon\/#breadcrumb"},"inLanguage":"fr-FR","potentialAction":[{"@type":"ReadAction","target":["https:\/\/concertience.fr\/leblog\/gerard-endenburg-a-lyon\/"]}]},{"@type":"BreadcrumbList","@id":"https:\/\/concertience.fr\/leblog\/gerard-endenburg-a-lyon\/#breadcrumb","itemListElement":[{"@type":"ListItem","position":1,"name":"Accueil","item":"https:\/\/concertience.fr\/leblog\/"},{"@type":"ListItem","position":2,"name":"Notre offre de conf\u00e9rences","item":"https:\/\/concertience.fr\/leblog\/notre-offre-de-conferences\/"},{"@type":"ListItem","position":3,"name":"G\u00e9rard Endenburg \u00e0 Lyon"}]},{"@type":"WebSite","@id":"https:\/\/concertience.fr\/leblog\/#website","url":"https:\/\/concertience.fr\/leblog\/","name":"Le blog de Fran\u00e7oise Keller","description":"Le blog de Fran\u00e7oise Keller, Concertience","potentialAction":[{"@type":"SearchAction","target":{"@type":"EntryPoint","urlTemplate":"https:\/\/concertience.fr\/leblog\/?s={search_term_string}"},"query-input":{"@type":"PropertyValueSpecification","valueRequired":true,"valueName":"search_term_string"}}],"inLanguage":"fr-FR"},{"@type":"Person","@id":"https:\/\/concertience.fr\/leblog\/#\/schema\/person\/a01b04493c0cb1de0b2030c8b8d5676f","name":"Pierrick"}]}},"_links":{"self":[{"href":"https:\/\/concertience.fr\/leblog\/wp-json\/wp\/v2\/posts\/138","targetHints":{"allow":["GET"]}}],"collection":[{"href":"https:\/\/concertience.fr\/leblog\/wp-json\/wp\/v2\/posts"}],"about":[{"href":"https:\/\/concertience.fr\/leblog\/wp-json\/wp\/v2\/types\/post"}],"author":[{"embeddable":true,"href":"https:\/\/concertience.fr\/leblog\/wp-json\/wp\/v2\/users\/1"}],"replies":[{"embeddable":true,"href":"https:\/\/concertience.fr\/leblog\/wp-json\/wp\/v2\/comments?post=138"}],"version-history":[{"count":2,"href":"https:\/\/concertience.fr\/leblog\/wp-json\/wp\/v2\/posts\/138\/revisions"}],"predecessor-version":[{"id":730,"href":"https:\/\/concertience.fr\/leblog\/wp-json\/wp\/v2\/posts\/138\/revisions\/730"}],"wp:attachment":[{"href":"https:\/\/concertience.fr\/leblog\/wp-json\/wp\/v2\/media?parent=138"}],"wp:term":[{"taxonomy":"category","embeddable":true,"href":"https:\/\/concertience.fr\/leblog\/wp-json\/wp\/v2\/categories?post=138"},{"taxonomy":"post_tag","embeddable":true,"href":"https:\/\/concertience.fr\/leblog\/wp-json\/wp\/v2\/tags?post=138"}],"curies":[{"name":"wp","href":"https:\/\/api.w.org\/{rel}","templated":true}]}}