{"id":136,"date":"2012-01-01T21:29:13","date_gmt":"2012-01-01T20:29:13","guid":{"rendered":"https:\/\/concertience.fr\/leblog\/2012\/01\/01\/cadeau-de-debut-dannee\/"},"modified":"2012-01-01T21:29:13","modified_gmt":"2012-01-01T20:29:13","slug":"cadeau-de-debut-dannee","status":"publish","type":"post","link":"https:\/\/concertience.fr\/leblog\/cadeau-de-debut-dannee\/","title":{"rendered":"Cadeau de d\u00e9but d&rsquo;ann\u00e9e !"},"content":{"rendered":"<p>J&#039;ai la joie de vous faire d\u00e9couvrir la premi\u00e8re \u00e9mission de &quot;radiocnv&quot; o\u00f9 je suis interview\u00e9e par Diane Baran. Une aventure que nous avons la joie de vous partager. Merci \u00e0 Diane pour son enthousiasme, pour ce projet qui peut aider \u00e0 faire conna\u00eetre la CNV !<\/p>\n<p>Je vous souhaite du plaisir \u00e0 nous \u00e9couter, \u00e0 r\u00e9agir et \u00e0 faire conna\u00eetre autour de vous !<\/p>\n<p><a href=\"http:\/\/www.radiocnv.fr\/2011\/12\/francoise-keller\" target=\"_self\" rel=\"noopener noreferrer\">Ecouter Radio CNV<\/a><\/p>\n<p>&#160;<\/p>\n","protected":false},"excerpt":{"rendered":"<p>J&#039;ai la joie de vous faire d\u00e9couvrir la premi\u00e8re \u00e9mission de &quot;radiocnv&quot; o\u00f9 je suis interview\u00e9e par Diane Baran. Une aventure que nous avons la joie de vous partager. Merci \u00e0 Diane pour son enthousiasme, pour ce projet qui peut aider \u00e0 faire conna\u00eetre la CNV ! Je vous souhaite du plaisir \u00e0 nous \u00e9couter,<a class=\"excerpt-read-more\" href=\"https:\/\/concertience.fr\/leblog\/cadeau-de-debut-dannee\/\" title=\"ReadCadeau de d\u00e9but d&rsquo;ann\u00e9e !\">&#8230; Lire plus &raquo;<\/a><\/p>\n","protected":false},"author":1,"featured_media":0,"comment_status":"open","ping_status":"open","sticky":false,"template":"","format":"standard","meta":{"footnotes":""},"categories":[5],"tags":[],"class_list":["post-136","post","type-post","status-publish","format-standard","hentry","category-regards-croises"],"yoast_head":"<!-- This site is optimized with the Yoast SEO plugin v27.4 - https:\/\/yoast.com\/product\/yoast-seo-wordpress\/ -->\n<title>Cadeau de d\u00e9but d&#039;ann\u00e9e ! - Le blog de Fran\u00e7oise Keller<\/title>\n<meta name=\"robots\" content=\"index, follow, max-snippet:-1, max-image-preview:large, max-video-preview:-1\" \/>\n<link rel=\"canonical\" href=\"https:\/\/concertience.fr\/leblog\/cadeau-de-debut-dannee\/\" \/>\n<meta property=\"og:locale\" content=\"fr_FR\" \/>\n<meta property=\"og:type\" content=\"article\" \/>\n<meta property=\"og:title\" content=\"Cadeau de d\u00e9but d&#039;ann\u00e9e ! - Le blog de Fran\u00e7oise Keller\" \/>\n<meta property=\"og:description\" content=\"J&#039;ai la joie de vous faire d\u00e9couvrir la premi\u00e8re \u00e9mission de &quot;radiocnv&quot; o\u00f9 je suis interview\u00e9e par Diane Baran. Une aventure que nous avons la joie de vous partager. Merci \u00e0 Diane pour son enthousiasme, pour ce projet qui peut aider \u00e0 faire conna\u00eetre la CNV ! Je vous souhaite du plaisir \u00e0 nous \u00e9couter,... Lire plus &raquo;\" \/>\n<meta property=\"og:url\" content=\"https:\/\/concertience.fr\/leblog\/cadeau-de-debut-dannee\/\" \/>\n<meta property=\"og:site_name\" content=\"Le blog de Fran\u00e7oise Keller\" \/>\n<meta property=\"article:published_time\" content=\"2012-01-01T20:29:13+00:00\" \/>\n<meta name=\"author\" content=\"Pierrick\" \/>\n<meta name=\"twitter:card\" content=\"summary_large_image\" \/>\n<meta name=\"twitter:label1\" content=\"\u00c9crit par\" \/>\n\t<meta name=\"twitter:data1\" content=\"Pierrick\" \/>\n<script type=\"application\/ld+json\" class=\"yoast-schema-graph\">{\"@context\":\"https:\\\/\\\/schema.org\",\"@graph\":[{\"@type\":\"Article\",\"@id\":\"https:\\\/\\\/concertience.fr\\\/leblog\\\/cadeau-de-debut-dannee\\\/#article\",\"isPartOf\":{\"@id\":\"https:\\\/\\\/concertience.fr\\\/leblog\\\/cadeau-de-debut-dannee\\\/\"},\"author\":{\"name\":\"Pierrick\",\"@id\":\"https:\\\/\\\/concertience.fr\\\/leblog\\\/#\\\/schema\\\/person\\\/a01b04493c0cb1de0b2030c8b8d5676f\"},\"headline\":\"Cadeau de d\u00e9but d&rsquo;ann\u00e9e !\",\"datePublished\":\"2012-01-01T20:29:13+00:00\",\"mainEntityOfPage\":{\"@id\":\"https:\\\/\\\/concertience.fr\\\/leblog\\\/cadeau-de-debut-dannee\\\/\"},\"wordCount\":77,\"commentCount\":0,\"articleSection\":[\"Regards crois\u00e9s\"],\"inLanguage\":\"fr-FR\",\"potentialAction\":[{\"@type\":\"CommentAction\",\"name\":\"Comment\",\"target\":[\"https:\\\/\\\/concertience.fr\\\/leblog\\\/cadeau-de-debut-dannee\\\/#respond\"]}]},{\"@type\":\"WebPage\",\"@id\":\"https:\\\/\\\/concertience.fr\\\/leblog\\\/cadeau-de-debut-dannee\\\/\",\"url\":\"https:\\\/\\\/concertience.fr\\\/leblog\\\/cadeau-de-debut-dannee\\\/\",\"name\":\"Cadeau de d\u00e9but d'ann\u00e9e ! - Le blog de Fran\u00e7oise Keller\",\"isPartOf\":{\"@id\":\"https:\\\/\\\/concertience.fr\\\/leblog\\\/#website\"},\"datePublished\":\"2012-01-01T20:29:13+00:00\",\"author\":{\"@id\":\"https:\\\/\\\/concertience.fr\\\/leblog\\\/#\\\/schema\\\/person\\\/a01b04493c0cb1de0b2030c8b8d5676f\"},\"breadcrumb\":{\"@id\":\"https:\\\/\\\/concertience.fr\\\/leblog\\\/cadeau-de-debut-dannee\\\/#breadcrumb\"},\"inLanguage\":\"fr-FR\",\"potentialAction\":[{\"@type\":\"ReadAction\",\"target\":[\"https:\\\/\\\/concertience.fr\\\/leblog\\\/cadeau-de-debut-dannee\\\/\"]}]},{\"@type\":\"BreadcrumbList\",\"@id\":\"https:\\\/\\\/concertience.fr\\\/leblog\\\/cadeau-de-debut-dannee\\\/#breadcrumb\",\"itemListElement\":[{\"@type\":\"ListItem\",\"position\":1,\"name\":\"Accueil\",\"item\":\"https:\\\/\\\/concertience.fr\\\/leblog\\\/\"},{\"@type\":\"ListItem\",\"position\":2,\"name\":\"Regards crois\u00e9s\",\"item\":\"https:\\\/\\\/concertience.fr\\\/leblog\\\/regards-croises\\\/\"},{\"@type\":\"ListItem\",\"position\":3,\"name\":\"Cadeau de d\u00e9but d&rsquo;ann\u00e9e !\"}]},{\"@type\":\"WebSite\",\"@id\":\"https:\\\/\\\/concertience.fr\\\/leblog\\\/#website\",\"url\":\"https:\\\/\\\/concertience.fr\\\/leblog\\\/\",\"name\":\"Le blog de Fran\u00e7oise Keller\",\"description\":\"Le blog de Fran\u00e7oise Keller, Concertience\",\"potentialAction\":[{\"@type\":\"SearchAction\",\"target\":{\"@type\":\"EntryPoint\",\"urlTemplate\":\"https:\\\/\\\/concertience.fr\\\/leblog\\\/?s={search_term_string}\"},\"query-input\":{\"@type\":\"PropertyValueSpecification\",\"valueRequired\":true,\"valueName\":\"search_term_string\"}}],\"inLanguage\":\"fr-FR\"},{\"@type\":\"Person\",\"@id\":\"https:\\\/\\\/concertience.fr\\\/leblog\\\/#\\\/schema\\\/person\\\/a01b04493c0cb1de0b2030c8b8d5676f\",\"name\":\"Pierrick\"}]}<\/script>\n<!-- \/ Yoast SEO plugin. -->","yoast_head_json":{"title":"Cadeau de d\u00e9but d'ann\u00e9e ! - Le blog de Fran\u00e7oise Keller","robots":{"index":"index","follow":"follow","max-snippet":"max-snippet:-1","max-image-preview":"max-image-preview:large","max-video-preview":"max-video-preview:-1"},"canonical":"https:\/\/concertience.fr\/leblog\/cadeau-de-debut-dannee\/","og_locale":"fr_FR","og_type":"article","og_title":"Cadeau de d\u00e9but d'ann\u00e9e ! - Le blog de Fran\u00e7oise Keller","og_description":"J&#039;ai la joie de vous faire d\u00e9couvrir la premi\u00e8re \u00e9mission de &quot;radiocnv&quot; o\u00f9 je suis interview\u00e9e par Diane Baran. Une aventure que nous avons la joie de vous partager. Merci \u00e0 Diane pour son enthousiasme, pour ce projet qui peut aider \u00e0 faire conna\u00eetre la CNV ! Je vous souhaite du plaisir \u00e0 nous \u00e9couter,... Lire plus &raquo;","og_url":"https:\/\/concertience.fr\/leblog\/cadeau-de-debut-dannee\/","og_site_name":"Le blog de Fran\u00e7oise Keller","article_published_time":"2012-01-01T20:29:13+00:00","author":"Pierrick","twitter_card":"summary_large_image","twitter_misc":{"\u00c9crit par":"Pierrick"},"schema":{"@context":"https:\/\/schema.org","@graph":[{"@type":"Article","@id":"https:\/\/concertience.fr\/leblog\/cadeau-de-debut-dannee\/#article","isPartOf":{"@id":"https:\/\/concertience.fr\/leblog\/cadeau-de-debut-dannee\/"},"author":{"name":"Pierrick","@id":"https:\/\/concertience.fr\/leblog\/#\/schema\/person\/a01b04493c0cb1de0b2030c8b8d5676f"},"headline":"Cadeau de d\u00e9but d&rsquo;ann\u00e9e !","datePublished":"2012-01-01T20:29:13+00:00","mainEntityOfPage":{"@id":"https:\/\/concertience.fr\/leblog\/cadeau-de-debut-dannee\/"},"wordCount":77,"commentCount":0,"articleSection":["Regards crois\u00e9s"],"inLanguage":"fr-FR","potentialAction":[{"@type":"CommentAction","name":"Comment","target":["https:\/\/concertience.fr\/leblog\/cadeau-de-debut-dannee\/#respond"]}]},{"@type":"WebPage","@id":"https:\/\/concertience.fr\/leblog\/cadeau-de-debut-dannee\/","url":"https:\/\/concertience.fr\/leblog\/cadeau-de-debut-dannee\/","name":"Cadeau de d\u00e9but d'ann\u00e9e ! - Le blog de Fran\u00e7oise Keller","isPartOf":{"@id":"https:\/\/concertience.fr\/leblog\/#website"},"datePublished":"2012-01-01T20:29:13+00:00","author":{"@id":"https:\/\/concertience.fr\/leblog\/#\/schema\/person\/a01b04493c0cb1de0b2030c8b8d5676f"},"breadcrumb":{"@id":"https:\/\/concertience.fr\/leblog\/cadeau-de-debut-dannee\/#breadcrumb"},"inLanguage":"fr-FR","potentialAction":[{"@type":"ReadAction","target":["https:\/\/concertience.fr\/leblog\/cadeau-de-debut-dannee\/"]}]},{"@type":"BreadcrumbList","@id":"https:\/\/concertience.fr\/leblog\/cadeau-de-debut-dannee\/#breadcrumb","itemListElement":[{"@type":"ListItem","position":1,"name":"Accueil","item":"https:\/\/concertience.fr\/leblog\/"},{"@type":"ListItem","position":2,"name":"Regards crois\u00e9s","item":"https:\/\/concertience.fr\/leblog\/regards-croises\/"},{"@type":"ListItem","position":3,"name":"Cadeau de d\u00e9but d&rsquo;ann\u00e9e !"}]},{"@type":"WebSite","@id":"https:\/\/concertience.fr\/leblog\/#website","url":"https:\/\/concertience.fr\/leblog\/","name":"Le blog de Fran\u00e7oise Keller","description":"Le blog de Fran\u00e7oise Keller, Concertience","potentialAction":[{"@type":"SearchAction","target":{"@type":"EntryPoint","urlTemplate":"https:\/\/concertience.fr\/leblog\/?s={search_term_string}"},"query-input":{"@type":"PropertyValueSpecification","valueRequired":true,"valueName":"search_term_string"}}],"inLanguage":"fr-FR"},{"@type":"Person","@id":"https:\/\/concertience.fr\/leblog\/#\/schema\/person\/a01b04493c0cb1de0b2030c8b8d5676f","name":"Pierrick"}]}},"_links":{"self":[{"href":"https:\/\/concertience.fr\/leblog\/wp-json\/wp\/v2\/posts\/136","targetHints":{"allow":["GET"]}}],"collection":[{"href":"https:\/\/concertience.fr\/leblog\/wp-json\/wp\/v2\/posts"}],"about":[{"href":"https:\/\/concertience.fr\/leblog\/wp-json\/wp\/v2\/types\/post"}],"author":[{"embeddable":true,"href":"https:\/\/concertience.fr\/leblog\/wp-json\/wp\/v2\/users\/1"}],"replies":[{"embeddable":true,"href":"https:\/\/concertience.fr\/leblog\/wp-json\/wp\/v2\/comments?post=136"}],"version-history":[{"count":0,"href":"https:\/\/concertience.fr\/leblog\/wp-json\/wp\/v2\/posts\/136\/revisions"}],"wp:attachment":[{"href":"https:\/\/concertience.fr\/leblog\/wp-json\/wp\/v2\/media?parent=136"}],"wp:term":[{"taxonomy":"category","embeddable":true,"href":"https:\/\/concertience.fr\/leblog\/wp-json\/wp\/v2\/categories?post=136"},{"taxonomy":"post_tag","embeddable":true,"href":"https:\/\/concertience.fr\/leblog\/wp-json\/wp\/v2\/tags?post=136"}],"curies":[{"name":"wp","href":"https:\/\/api.w.org\/{rel}","templated":true}]}}