{"id":131,"date":"2012-03-09T09:23:01","date_gmt":"2012-03-09T08:23:01","guid":{"rendered":"https:\/\/concertience.fr\/leblog\/2012\/03\/09\/12-moyens-de-se-pourrir-durablement-la-vie-au-travail\/"},"modified":"2020-03-30T20:41:22","modified_gmt":"2020-03-30T18:41:22","slug":"12-moyens-de-se-pourrir-durablement-la-vie-au-travail","status":"publish","type":"post","link":"https:\/\/concertience.fr\/leblog\/12-moyens-de-se-pourrir-durablement-la-vie-au-travail\/","title":{"rendered":"12 moyens de se pourrir durablement la vie au travail !"},"content":{"rendered":"\n<div class=\"wp-block-image\"><figure class=\"aligncenter size-large\"><img data-opt-id=935750718  fetchpriority=\"high\" decoding=\"async\" width=\"299\" height=\"201\" src=\"https:\/\/mlkqhmyobbaq.i.optimole.com\/w:auto\/h:auto\/q:mauto\/ig:avif\/https:\/\/concertience.fr\/leblog\/wp-content\/uploads\/sites\/2\/2020\/03\/Point-Interrogation.png\" alt=\"\" class=\"wp-image-713\"\/><\/figure><\/div>\n\n\n<p>J&rsquo;ai le plaisir de reprendre ce mois une chronique mensuelle sur le site <a href=\"http:\/\/www.enviedentreprendre.com\" target=\"_self\" rel=\"noopener noreferrer\">Envie d&rsquo;Entreprendre<\/a>.<\/p>\n<p>Pendant 12 mois, je vous propose de revisiter, avec humour et bienveillance, des habitudes et des croyances qui rendent la vie au travail difficile. Mon envie de pointer cela pour nous encourager \u00e0 d\u00e9gager des marges de manoeuvre pour faire \u00e9voluer cela dans notre quotidien.<\/p>\n<p><a href=\"http:\/\/www.enviedentreprendre.com\/2012\/03\/croyance-1-r%C3%A9ussir.html\" target=\"_self\" rel=\"noopener noreferrer\">Premi\u00e8re comp\u00e9tence pour se pourrir la vie au travail : ne parlons que des irritants !<\/a><\/p>\n<p>Je propose cette chronique en esp\u00e9rant qu&rsquo;elle suscitera des commentaires et des d\u00e9bats !<\/p>\n<p>Donc n&rsquo;h\u00e9sitez pas \u00e0 laisser vos commentaires (et vos propositions de ce qui, d&rsquo;apr\u00e8s vous, rend la vie professionnelle difficile&#8230;).<\/p>","protected":false},"excerpt":{"rendered":"<p>J&rsquo;ai le plaisir de reprendre ce mois une chronique mensuelle sur le site Envie d&rsquo;Entreprendre. Pendant 12 mois, je vous propose de revisiter, avec humour et bienveillance, des habitudes et des croyances qui rendent la vie au travail difficile. Mon envie de pointer cela pour nous encourager \u00e0 d\u00e9gager des marges de manoeuvre pour faire<a class=\"excerpt-read-more\" href=\"https:\/\/concertience.fr\/leblog\/12-moyens-de-se-pourrir-durablement-la-vie-au-travail\/\" title=\"Read12 moyens de se pourrir durablement la vie au travail !\">&#8230; Lire plus &raquo;<\/a><\/p>\n","protected":false},"author":1,"featured_media":0,"comment_status":"open","ping_status":"open","sticky":false,"template":"","format":"standard","meta":{"footnotes":""},"categories":[48],"tags":[79,25,19,22],"class_list":["post-131","post","type-post","status-publish","format-standard","hentry","category-invitation-a","tag-conduite-du-changement","tag-leader","tag-leadership","tag-management"],"yoast_head":"<!-- This site is optimized with the Yoast SEO plugin v27.4 - https:\/\/yoast.com\/product\/yoast-seo-wordpress\/ -->\n<title>12 moyens de se pourrir durablement la vie au travail ! - Le blog de Fran\u00e7oise Keller<\/title>\n<meta name=\"robots\" content=\"index, follow, max-snippet:-1, max-image-preview:large, max-video-preview:-1\" \/>\n<link rel=\"canonical\" href=\"https:\/\/concertience.fr\/leblog\/12-moyens-de-se-pourrir-durablement-la-vie-au-travail\/\" \/>\n<meta property=\"og:locale\" content=\"fr_FR\" \/>\n<meta property=\"og:type\" content=\"article\" \/>\n<meta property=\"og:title\" content=\"12 moyens de se pourrir durablement la vie au travail ! - Le blog de Fran\u00e7oise Keller\" \/>\n<meta property=\"og:description\" content=\"J&rsquo;ai le plaisir de reprendre ce mois une chronique mensuelle sur le site Envie d&rsquo;Entreprendre. Pendant 12 mois, je vous propose de revisiter, avec humour et bienveillance, des habitudes et des croyances qui rendent la vie au travail difficile. Mon envie de pointer cela pour nous encourager \u00e0 d\u00e9gager des marges de manoeuvre pour faire... Lire plus &raquo;\" \/>\n<meta property=\"og:url\" content=\"https:\/\/concertience.fr\/leblog\/12-moyens-de-se-pourrir-durablement-la-vie-au-travail\/\" \/>\n<meta property=\"og:site_name\" content=\"Le blog de Fran\u00e7oise Keller\" \/>\n<meta property=\"article:published_time\" content=\"2012-03-09T08:23:01+00:00\" \/>\n<meta property=\"article:modified_time\" content=\"2020-03-30T18:41:22+00:00\" \/>\n<meta property=\"og:image\" content=\"https:\/\/mlkqhmyobbaq.i.optimole.com\/w:auto\/h:auto\/q:mauto\/ig:avif\/https:\/\/concertience.fr\/leblog\/wp-content\/uploads\/sites\/2\/2020\/03\/Point-Interrogation.png\" \/>\n<meta name=\"author\" content=\"Pierrick\" \/>\n<meta name=\"twitter:card\" content=\"summary_large_image\" \/>\n<meta name=\"twitter:label1\" content=\"\u00c9crit par\" \/>\n\t<meta name=\"twitter:data1\" content=\"Pierrick\" \/>\n\t<meta name=\"twitter:label2\" content=\"Dur\u00e9e de lecture estim\u00e9e\" \/>\n\t<meta name=\"twitter:data2\" content=\"1 minute\" \/>\n<script type=\"application\/ld+json\" class=\"yoast-schema-graph\">{\"@context\":\"https:\\\/\\\/schema.org\",\"@graph\":[{\"@type\":\"Article\",\"@id\":\"https:\\\/\\\/concertience.fr\\\/leblog\\\/12-moyens-de-se-pourrir-durablement-la-vie-au-travail\\\/#article\",\"isPartOf\":{\"@id\":\"https:\\\/\\\/concertience.fr\\\/leblog\\\/12-moyens-de-se-pourrir-durablement-la-vie-au-travail\\\/\"},\"author\":{\"name\":\"Pierrick\",\"@id\":\"https:\\\/\\\/concertience.fr\\\/leblog\\\/#\\\/schema\\\/person\\\/a01b04493c0cb1de0b2030c8b8d5676f\"},\"headline\":\"12 moyens de se pourrir durablement la vie au travail !\",\"datePublished\":\"2012-03-09T08:23:01+00:00\",\"dateModified\":\"2020-03-30T18:41:22+00:00\",\"mainEntityOfPage\":{\"@id\":\"https:\\\/\\\/concertience.fr\\\/leblog\\\/12-moyens-de-se-pourrir-durablement-la-vie-au-travail\\\/\"},\"wordCount\":125,\"commentCount\":0,\"image\":{\"@id\":\"https:\\\/\\\/concertience.fr\\\/leblog\\\/12-moyens-de-se-pourrir-durablement-la-vie-au-travail\\\/#primaryimage\"},\"thumbnailUrl\":\"https:\\/\\/concertience.fr\\/leblog\\/wp-content\\/uploads\\/sites\\/2\\/2020\\/03\\/Point-Interrogation.png\",\"keywords\":[\"Conduite du changement\",\"Leader\",\"Leadership\",\"Management\"],\"articleSection\":[\"Invitation \u00e0 ...\"],\"inLanguage\":\"fr-FR\",\"potentialAction\":[{\"@type\":\"CommentAction\",\"name\":\"Comment\",\"target\":[\"https:\\\/\\\/concertience.fr\\\/leblog\\\/12-moyens-de-se-pourrir-durablement-la-vie-au-travail\\\/#respond\"]}]},{\"@type\":\"WebPage\",\"@id\":\"https:\\\/\\\/concertience.fr\\\/leblog\\\/12-moyens-de-se-pourrir-durablement-la-vie-au-travail\\\/\",\"url\":\"https:\\\/\\\/concertience.fr\\\/leblog\\\/12-moyens-de-se-pourrir-durablement-la-vie-au-travail\\\/\",\"name\":\"12 moyens de se pourrir durablement la vie au travail ! - Le blog de Fran\u00e7oise Keller\",\"isPartOf\":{\"@id\":\"https:\\\/\\\/concertience.fr\\\/leblog\\\/#website\"},\"primaryImageOfPage\":{\"@id\":\"https:\\\/\\\/concertience.fr\\\/leblog\\\/12-moyens-de-se-pourrir-durablement-la-vie-au-travail\\\/#primaryimage\"},\"image\":{\"@id\":\"https:\\\/\\\/concertience.fr\\\/leblog\\\/12-moyens-de-se-pourrir-durablement-la-vie-au-travail\\\/#primaryimage\"},\"thumbnailUrl\":\"https:\\/\\/concertience.fr\\/leblog\\/wp-content\\/uploads\\/sites\\/2\\/2020\\/03\\/Point-Interrogation.png\",\"datePublished\":\"2012-03-09T08:23:01+00:00\",\"dateModified\":\"2020-03-30T18:41:22+00:00\",\"author\":{\"@id\":\"https:\\\/\\\/concertience.fr\\\/leblog\\\/#\\\/schema\\\/person\\\/a01b04493c0cb1de0b2030c8b8d5676f\"},\"breadcrumb\":{\"@id\":\"https:\\\/\\\/concertience.fr\\\/leblog\\\/12-moyens-de-se-pourrir-durablement-la-vie-au-travail\\\/#breadcrumb\"},\"inLanguage\":\"fr-FR\",\"potentialAction\":[{\"@type\":\"ReadAction\",\"target\":[\"https:\\\/\\\/concertience.fr\\\/leblog\\\/12-moyens-de-se-pourrir-durablement-la-vie-au-travail\\\/\"]}]},{\"@type\":\"ImageObject\",\"inLanguage\":\"fr-FR\",\"@id\":\"https:\\\/\\\/concertience.fr\\\/leblog\\\/12-moyens-de-se-pourrir-durablement-la-vie-au-travail\\\/#primaryimage\",\"url\":\"https:\\/\\/concertience.fr\\/leblog\\/wp-content\\/uploads\\/sites\\/2\\/2020\\/03\\/Point-Interrogation.png\",\"contentUrl\":\"https:\\/\\/concertience.fr\\/leblog\\/wp-content\\/uploads\\/sites\\/2\\/2020\\/03\\/Point-Interrogation.png\",\"width\":299,\"height\":201},{\"@type\":\"BreadcrumbList\",\"@id\":\"https:\\\/\\\/concertience.fr\\\/leblog\\\/12-moyens-de-se-pourrir-durablement-la-vie-au-travail\\\/#breadcrumb\",\"itemListElement\":[{\"@type\":\"ListItem\",\"position\":1,\"name\":\"Accueil\",\"item\":\"https:\\\/\\\/concertience.fr\\\/leblog\\\/\"},{\"@type\":\"ListItem\",\"position\":2,\"name\":\"Invitation \u00e0 ...\",\"item\":\"https:\\\/\\\/concertience.fr\\\/leblog\\\/invitation-a\\\/\"},{\"@type\":\"ListItem\",\"position\":3,\"name\":\"12 moyens de se pourrir durablement la vie au travail !\"}]},{\"@type\":\"WebSite\",\"@id\":\"https:\\\/\\\/concertience.fr\\\/leblog\\\/#website\",\"url\":\"https:\\\/\\\/concertience.fr\\\/leblog\\\/\",\"name\":\"Le blog de Fran\u00e7oise Keller\",\"description\":\"Le blog de Fran\u00e7oise Keller, Concertience\",\"potentialAction\":[{\"@type\":\"SearchAction\",\"target\":{\"@type\":\"EntryPoint\",\"urlTemplate\":\"https:\\\/\\\/concertience.fr\\\/leblog\\\/?s={search_term_string}\"},\"query-input\":{\"@type\":\"PropertyValueSpecification\",\"valueRequired\":true,\"valueName\":\"search_term_string\"}}],\"inLanguage\":\"fr-FR\"},{\"@type\":\"Person\",\"@id\":\"https:\\\/\\\/concertience.fr\\\/leblog\\\/#\\\/schema\\\/person\\\/a01b04493c0cb1de0b2030c8b8d5676f\",\"name\":\"Pierrick\"}]}<\/script>\n<!-- \/ Yoast SEO plugin. -->","yoast_head_json":{"title":"12 moyens de se pourrir durablement la vie au travail ! - Le blog de Fran\u00e7oise Keller","robots":{"index":"index","follow":"follow","max-snippet":"max-snippet:-1","max-image-preview":"max-image-preview:large","max-video-preview":"max-video-preview:-1"},"canonical":"https:\/\/concertience.fr\/leblog\/12-moyens-de-se-pourrir-durablement-la-vie-au-travail\/","og_locale":"fr_FR","og_type":"article","og_title":"12 moyens de se pourrir durablement la vie au travail ! - Le blog de Fran\u00e7oise Keller","og_description":"J&rsquo;ai le plaisir de reprendre ce mois une chronique mensuelle sur le site Envie d&rsquo;Entreprendre. Pendant 12 mois, je vous propose de revisiter, avec humour et bienveillance, des habitudes et des croyances qui rendent la vie au travail difficile. Mon envie de pointer cela pour nous encourager \u00e0 d\u00e9gager des marges de manoeuvre pour faire... Lire plus &raquo;","og_url":"https:\/\/concertience.fr\/leblog\/12-moyens-de-se-pourrir-durablement-la-vie-au-travail\/","og_site_name":"Le blog de Fran\u00e7oise Keller","article_published_time":"2012-03-09T08:23:01+00:00","article_modified_time":"2020-03-30T18:41:22+00:00","og_image":[{"url":"https:\/\/mlkqhmyobbaq.i.optimole.com\/w:auto\/h:auto\/q:mauto\/ig:avif\/https:\/\/concertience.fr\/leblog\/wp-content\/uploads\/sites\/2\/2020\/03\/Point-Interrogation.png","type":"","width":"","height":""}],"author":"Pierrick","twitter_card":"summary_large_image","twitter_misc":{"\u00c9crit par":"Pierrick","Dur\u00e9e de lecture estim\u00e9e":"1 minute"},"schema":{"@context":"https:\/\/schema.org","@graph":[{"@type":"Article","@id":"https:\/\/concertience.fr\/leblog\/12-moyens-de-se-pourrir-durablement-la-vie-au-travail\/#article","isPartOf":{"@id":"https:\/\/concertience.fr\/leblog\/12-moyens-de-se-pourrir-durablement-la-vie-au-travail\/"},"author":{"name":"Pierrick","@id":"https:\/\/concertience.fr\/leblog\/#\/schema\/person\/a01b04493c0cb1de0b2030c8b8d5676f"},"headline":"12 moyens de se pourrir durablement la vie au travail !","datePublished":"2012-03-09T08:23:01+00:00","dateModified":"2020-03-30T18:41:22+00:00","mainEntityOfPage":{"@id":"https:\/\/concertience.fr\/leblog\/12-moyens-de-se-pourrir-durablement-la-vie-au-travail\/"},"wordCount":125,"commentCount":0,"image":{"@id":"https:\/\/concertience.fr\/leblog\/12-moyens-de-se-pourrir-durablement-la-vie-au-travail\/#primaryimage"},"thumbnailUrl":"https:\/\/mlkqhmyobbaq.i.optimole.com\/w:auto\/h:auto\/q:mauto\/ig:avif\/https:\/\/concertience.fr\/leblog\/wp-content\/uploads\/sites\/2\/2020\/03\/Point-Interrogation.png","keywords":["Conduite du changement","Leader","Leadership","Management"],"articleSection":["Invitation \u00e0 ..."],"inLanguage":"fr-FR","potentialAction":[{"@type":"CommentAction","name":"Comment","target":["https:\/\/concertience.fr\/leblog\/12-moyens-de-se-pourrir-durablement-la-vie-au-travail\/#respond"]}]},{"@type":"WebPage","@id":"https:\/\/concertience.fr\/leblog\/12-moyens-de-se-pourrir-durablement-la-vie-au-travail\/","url":"https:\/\/concertience.fr\/leblog\/12-moyens-de-se-pourrir-durablement-la-vie-au-travail\/","name":"12 moyens de se pourrir durablement la vie au travail ! - Le blog de Fran\u00e7oise Keller","isPartOf":{"@id":"https:\/\/concertience.fr\/leblog\/#website"},"primaryImageOfPage":{"@id":"https:\/\/concertience.fr\/leblog\/12-moyens-de-se-pourrir-durablement-la-vie-au-travail\/#primaryimage"},"image":{"@id":"https:\/\/concertience.fr\/leblog\/12-moyens-de-se-pourrir-durablement-la-vie-au-travail\/#primaryimage"},"thumbnailUrl":"https:\/\/mlkqhmyobbaq.i.optimole.com\/w:auto\/h:auto\/q:mauto\/ig:avif\/https:\/\/concertience.fr\/leblog\/wp-content\/uploads\/sites\/2\/2020\/03\/Point-Interrogation.png","datePublished":"2012-03-09T08:23:01+00:00","dateModified":"2020-03-30T18:41:22+00:00","author":{"@id":"https:\/\/concertience.fr\/leblog\/#\/schema\/person\/a01b04493c0cb1de0b2030c8b8d5676f"},"breadcrumb":{"@id":"https:\/\/concertience.fr\/leblog\/12-moyens-de-se-pourrir-durablement-la-vie-au-travail\/#breadcrumb"},"inLanguage":"fr-FR","potentialAction":[{"@type":"ReadAction","target":["https:\/\/concertience.fr\/leblog\/12-moyens-de-se-pourrir-durablement-la-vie-au-travail\/"]}]},{"@type":"ImageObject","inLanguage":"fr-FR","@id":"https:\/\/concertience.fr\/leblog\/12-moyens-de-se-pourrir-durablement-la-vie-au-travail\/#primaryimage","url":"https:\/\/mlkqhmyobbaq.i.optimole.com\/w:auto\/h:auto\/q:mauto\/ig:avif\/https:\/\/concertience.fr\/leblog\/wp-content\/uploads\/sites\/2\/2020\/03\/Point-Interrogation.png","contentUrl":"https:\/\/mlkqhmyobbaq.i.optimole.com\/w:auto\/h:auto\/q:mauto\/ig:avif\/https:\/\/concertience.fr\/leblog\/wp-content\/uploads\/sites\/2\/2020\/03\/Point-Interrogation.png","width":299,"height":201},{"@type":"BreadcrumbList","@id":"https:\/\/concertience.fr\/leblog\/12-moyens-de-se-pourrir-durablement-la-vie-au-travail\/#breadcrumb","itemListElement":[{"@type":"ListItem","position":1,"name":"Accueil","item":"https:\/\/concertience.fr\/leblog\/"},{"@type":"ListItem","position":2,"name":"Invitation \u00e0 ...","item":"https:\/\/concertience.fr\/leblog\/invitation-a\/"},{"@type":"ListItem","position":3,"name":"12 moyens de se pourrir durablement la vie au travail !"}]},{"@type":"WebSite","@id":"https:\/\/concertience.fr\/leblog\/#website","url":"https:\/\/concertience.fr\/leblog\/","name":"Le blog de Fran\u00e7oise Keller","description":"Le blog de Fran\u00e7oise Keller, Concertience","potentialAction":[{"@type":"SearchAction","target":{"@type":"EntryPoint","urlTemplate":"https:\/\/concertience.fr\/leblog\/?s={search_term_string}"},"query-input":{"@type":"PropertyValueSpecification","valueRequired":true,"valueName":"search_term_string"}}],"inLanguage":"fr-FR"},{"@type":"Person","@id":"https:\/\/concertience.fr\/leblog\/#\/schema\/person\/a01b04493c0cb1de0b2030c8b8d5676f","name":"Pierrick"}]}},"_links":{"self":[{"href":"https:\/\/concertience.fr\/leblog\/wp-json\/wp\/v2\/posts\/131","targetHints":{"allow":["GET"]}}],"collection":[{"href":"https:\/\/concertience.fr\/leblog\/wp-json\/wp\/v2\/posts"}],"about":[{"href":"https:\/\/concertience.fr\/leblog\/wp-json\/wp\/v2\/types\/post"}],"author":[{"embeddable":true,"href":"https:\/\/concertience.fr\/leblog\/wp-json\/wp\/v2\/users\/1"}],"replies":[{"embeddable":true,"href":"https:\/\/concertience.fr\/leblog\/wp-json\/wp\/v2\/comments?post=131"}],"version-history":[{"count":2,"href":"https:\/\/concertience.fr\/leblog\/wp-json\/wp\/v2\/posts\/131\/revisions"}],"predecessor-version":[{"id":715,"href":"https:\/\/concertience.fr\/leblog\/wp-json\/wp\/v2\/posts\/131\/revisions\/715"}],"wp:attachment":[{"href":"https:\/\/concertience.fr\/leblog\/wp-json\/wp\/v2\/media?parent=131"}],"wp:term":[{"taxonomy":"category","embeddable":true,"href":"https:\/\/concertience.fr\/leblog\/wp-json\/wp\/v2\/categories?post=131"},{"taxonomy":"post_tag","embeddable":true,"href":"https:\/\/concertience.fr\/leblog\/wp-json\/wp\/v2\/tags?post=131"}],"curies":[{"name":"wp","href":"https:\/\/api.w.org\/{rel}","templated":true}]}}