{"id":125,"date":"2012-05-22T20:36:25","date_gmt":"2012-05-22T18:36:25","guid":{"rendered":"https:\/\/concertience.fr\/leblog\/2012\/05\/22\/lagriculture-et-le-changement\/"},"modified":"2020-03-30T20:02:22","modified_gmt":"2020-03-30T18:02:22","slug":"lagriculture-et-le-changement","status":"publish","type":"post","link":"https:\/\/concertience.fr\/leblog\/lagriculture-et-le-changement\/","title":{"rendered":"L&rsquo;agriculture et le changement"},"content":{"rendered":"\n<div class=\"wp-block-image\"><figure class=\"aligncenter size-large\"><img data-opt-id=962520350  fetchpriority=\"high\" decoding=\"async\" width=\"116\" height=\"164\" src=\"https:\/\/mlkqhmyobbaq.i.optimole.com\/w:auto\/h:auto\/q:mauto\/ig:avif\/https:\/\/concertience.fr\/leblog\/wp-content\/uploads\/sites\/2\/2020\/03\/Nature-Humaine.jpg\" alt=\"\" class=\"wp-image-629\"\/><\/figure><\/div>\n\n\n<p>J&rsquo;ai contribu\u00e9 avec beaucoup de joie \u00e0 la lettre n\u00b0 8 de <a href=\"http:\/\/www.nature-humaine.fr\" target=\"_self\" rel=\"noopener noreferrer\">Nature Humaine<\/a>\u00a0que vous pouvez <a href=\"http:\/\/nature-humaine.fr\/wp-content\/docs\/lettres\/LaLettreNH_n13_web.pdf\">t\u00e9l\u00e9charger sur leur site<\/a>.<\/p>\n<p>Lorsque j&rsquo;ai manag\u00e9 des \u00e9quipes, je me suis form\u00e9e \u00e0 \u00ab\u00a0la conduite du changement\u00a0\u00bb, j&rsquo;ai travaill\u00e9 sur les \u00ab\u00a0freins au changement\u00a0\u00bb. La Communication NonViolente me fait \u00e9voluer dans mon regard sur les changements et leurs pr\u00e9tendus freins. Nous avons \u00e0 trouver un \u00ab\u00a0changement\u00a0\u00bb, une \u00ab\u00a0r\u00e9volution\u00a0\u00bb, une \u00ab\u00a0\u00e9volution\u00a0\u00bb qui respecte les besoins de chacun. Nous avons \u00e0 nous relier \u00e0 ce qui nous motive \u00e0 changer plut\u00f4t qu&rsquo;\u00e0 nos peurs du futur ou notre culpabilit\u00e9 du pass\u00e9. Nous avons parfois \u00e0 prendre soin du chemin, de nos vies, de nos relations plut\u00f4t que du but.<\/p>\n<p>Merci \u00e0 Nature Humaine de m&rsquo;avoir invit\u00e9e sur cette question.<\/p>","protected":false},"excerpt":{"rendered":"<p>J&rsquo;ai contribu\u00e9 avec beaucoup de joie \u00e0 la lettre n\u00b0 8 de Nature Humaine\u00a0que vous pouvez t\u00e9l\u00e9charger sur leur site. Lorsque j&rsquo;ai manag\u00e9 des \u00e9quipes, je me suis form\u00e9e \u00e0 \u00ab\u00a0la conduite du changement\u00a0\u00bb, j&rsquo;ai travaill\u00e9 sur les \u00ab\u00a0freins au changement\u00a0\u00bb. La Communication NonViolente me fait \u00e9voluer dans mon regard sur les changements et leurs<a class=\"excerpt-read-more\" href=\"https:\/\/concertience.fr\/leblog\/lagriculture-et-le-changement\/\" title=\"ReadL&rsquo;agriculture et le changement\">&#8230; Lire plus &raquo;<\/a><\/p>\n","protected":false},"author":1,"featured_media":0,"comment_status":"open","ping_status":"open","sticky":false,"template":"","format":"standard","meta":{"footnotes":""},"categories":[9],"tags":[42,7,10,79,22],"class_list":["post-125","post","type-post","status-publish","format-standard","hentry","category-communication-nonviolente-cnv","tag-citoyennete","tag-cnv","tag-communication-nonviolente","tag-conduite-du-changement","tag-management"],"yoast_head":"<!-- This site is optimized with the Yoast SEO plugin v27.5 - https:\/\/yoast.com\/product\/yoast-seo-wordpress\/ -->\n<title>L&#039;agriculture et le changement - Le blog de Fran\u00e7oise Keller<\/title>\n<meta name=\"robots\" content=\"index, follow, max-snippet:-1, max-image-preview:large, max-video-preview:-1\" \/>\n<link rel=\"canonical\" href=\"https:\/\/concertience.fr\/leblog\/lagriculture-et-le-changement\/\" \/>\n<meta property=\"og:locale\" content=\"fr_FR\" \/>\n<meta property=\"og:type\" content=\"article\" \/>\n<meta property=\"og:title\" content=\"L&#039;agriculture et le changement - Le blog de Fran\u00e7oise Keller\" \/>\n<meta property=\"og:description\" content=\"J&rsquo;ai contribu\u00e9 avec beaucoup de joie \u00e0 la lettre n\u00b0 8 de Nature Humaine\u00a0que vous pouvez t\u00e9l\u00e9charger sur leur site. Lorsque j&rsquo;ai manag\u00e9 des \u00e9quipes, je me suis form\u00e9e \u00e0 \u00ab\u00a0la conduite du changement\u00a0\u00bb, j&rsquo;ai travaill\u00e9 sur les \u00ab\u00a0freins au changement\u00a0\u00bb. La Communication NonViolente me fait \u00e9voluer dans mon regard sur les changements et leurs... Lire plus &raquo;\" \/>\n<meta property=\"og:url\" content=\"https:\/\/concertience.fr\/leblog\/lagriculture-et-le-changement\/\" \/>\n<meta property=\"og:site_name\" content=\"Le blog de Fran\u00e7oise Keller\" \/>\n<meta property=\"article:published_time\" content=\"2012-05-22T18:36:25+00:00\" \/>\n<meta property=\"article:modified_time\" content=\"2020-03-30T18:02:22+00:00\" \/>\n<meta property=\"og:image\" content=\"https:\/\/mlkqhmyobbaq.i.optimole.com\/w:auto\/h:auto\/q:mauto\/ig:avif\/https:\/\/concertience.fr\/leblog\/wp-content\/uploads\/sites\/2\/2020\/03\/Nature-Humaine.jpg\" \/>\n<meta name=\"author\" content=\"Pierrick\" \/>\n<meta name=\"twitter:card\" content=\"summary_large_image\" \/>\n<meta name=\"twitter:label1\" content=\"\u00c9crit par\" \/>\n\t<meta name=\"twitter:data1\" content=\"Pierrick\" \/>\n\t<meta name=\"twitter:label2\" content=\"Dur\u00e9e de lecture estim\u00e9e\" \/>\n\t<meta name=\"twitter:data2\" content=\"1 minute\" \/>\n<script type=\"application\/ld+json\" class=\"yoast-schema-graph\">{\"@context\":\"https:\\\/\\\/schema.org\",\"@graph\":[{\"@type\":\"Article\",\"@id\":\"https:\\\/\\\/concertience.fr\\\/leblog\\\/lagriculture-et-le-changement\\\/#article\",\"isPartOf\":{\"@id\":\"https:\\\/\\\/concertience.fr\\\/leblog\\\/lagriculture-et-le-changement\\\/\"},\"author\":{\"name\":\"Pierrick\",\"@id\":\"https:\\\/\\\/concertience.fr\\\/leblog\\\/#\\\/schema\\\/person\\\/a01b04493c0cb1de0b2030c8b8d5676f\"},\"headline\":\"L&rsquo;agriculture et le changement\",\"datePublished\":\"2012-05-22T18:36:25+00:00\",\"dateModified\":\"2020-03-30T18:02:22+00:00\",\"mainEntityOfPage\":{\"@id\":\"https:\\\/\\\/concertience.fr\\\/leblog\\\/lagriculture-et-le-changement\\\/\"},\"wordCount\":133,\"commentCount\":0,\"image\":{\"@id\":\"https:\\\/\\\/concertience.fr\\\/leblog\\\/lagriculture-et-le-changement\\\/#primaryimage\"},\"thumbnailUrl\":\"https:\\/\\/concertience.fr\\/leblog\\/wp-content\\/uploads\\/sites\\/2\\/2020\\/03\\/Nature-Humaine.jpg\",\"keywords\":[\"Citoyennet\u00e9\",\"CNV\",\"Communication NonViolente\",\"Conduite du changement\",\"Management\"],\"articleSection\":[\"Communication NonViolente (CNV)\"],\"inLanguage\":\"fr-FR\",\"potentialAction\":[{\"@type\":\"CommentAction\",\"name\":\"Comment\",\"target\":[\"https:\\\/\\\/concertience.fr\\\/leblog\\\/lagriculture-et-le-changement\\\/#respond\"]}]},{\"@type\":\"WebPage\",\"@id\":\"https:\\\/\\\/concertience.fr\\\/leblog\\\/lagriculture-et-le-changement\\\/\",\"url\":\"https:\\\/\\\/concertience.fr\\\/leblog\\\/lagriculture-et-le-changement\\\/\",\"name\":\"L'agriculture et le changement - Le blog de Fran\u00e7oise Keller\",\"isPartOf\":{\"@id\":\"https:\\\/\\\/concertience.fr\\\/leblog\\\/#website\"},\"primaryImageOfPage\":{\"@id\":\"https:\\\/\\\/concertience.fr\\\/leblog\\\/lagriculture-et-le-changement\\\/#primaryimage\"},\"image\":{\"@id\":\"https:\\\/\\\/concertience.fr\\\/leblog\\\/lagriculture-et-le-changement\\\/#primaryimage\"},\"thumbnailUrl\":\"https:\\/\\/concertience.fr\\/leblog\\/wp-content\\/uploads\\/sites\\/2\\/2020\\/03\\/Nature-Humaine.jpg\",\"datePublished\":\"2012-05-22T18:36:25+00:00\",\"dateModified\":\"2020-03-30T18:02:22+00:00\",\"author\":{\"@id\":\"https:\\\/\\\/concertience.fr\\\/leblog\\\/#\\\/schema\\\/person\\\/a01b04493c0cb1de0b2030c8b8d5676f\"},\"breadcrumb\":{\"@id\":\"https:\\\/\\\/concertience.fr\\\/leblog\\\/lagriculture-et-le-changement\\\/#breadcrumb\"},\"inLanguage\":\"fr-FR\",\"potentialAction\":[{\"@type\":\"ReadAction\",\"target\":[\"https:\\\/\\\/concertience.fr\\\/leblog\\\/lagriculture-et-le-changement\\\/\"]}]},{\"@type\":\"ImageObject\",\"inLanguage\":\"fr-FR\",\"@id\":\"https:\\\/\\\/concertience.fr\\\/leblog\\\/lagriculture-et-le-changement\\\/#primaryimage\",\"url\":\"https:\\/\\/concertience.fr\\/leblog\\/wp-content\\/uploads\\/sites\\/2\\/2020\\/03\\/Nature-Humaine.jpg\",\"contentUrl\":\"https:\\/\\/concertience.fr\\/leblog\\/wp-content\\/uploads\\/sites\\/2\\/2020\\/03\\/Nature-Humaine.jpg\",\"width\":116,\"height\":164},{\"@type\":\"BreadcrumbList\",\"@id\":\"https:\\\/\\\/concertience.fr\\\/leblog\\\/lagriculture-et-le-changement\\\/#breadcrumb\",\"itemListElement\":[{\"@type\":\"ListItem\",\"position\":1,\"name\":\"Accueil\",\"item\":\"https:\\\/\\\/concertience.fr\\\/leblog\\\/\"},{\"@type\":\"ListItem\",\"position\":2,\"name\":\"Communication NonViolente (CNV)\",\"item\":\"https:\\\/\\\/concertience.fr\\\/leblog\\\/communication-nonviolente-cnv\\\/\"},{\"@type\":\"ListItem\",\"position\":3,\"name\":\"L&rsquo;agriculture et le changement\"}]},{\"@type\":\"WebSite\",\"@id\":\"https:\\\/\\\/concertience.fr\\\/leblog\\\/#website\",\"url\":\"https:\\\/\\\/concertience.fr\\\/leblog\\\/\",\"name\":\"Le blog de Fran\u00e7oise Keller\",\"description\":\"Le blog de Fran\u00e7oise Keller, Concertience\",\"potentialAction\":[{\"@type\":\"SearchAction\",\"target\":{\"@type\":\"EntryPoint\",\"urlTemplate\":\"https:\\\/\\\/concertience.fr\\\/leblog\\\/?s={search_term_string}\"},\"query-input\":{\"@type\":\"PropertyValueSpecification\",\"valueRequired\":true,\"valueName\":\"search_term_string\"}}],\"inLanguage\":\"fr-FR\"},{\"@type\":\"Person\",\"@id\":\"https:\\\/\\\/concertience.fr\\\/leblog\\\/#\\\/schema\\\/person\\\/a01b04493c0cb1de0b2030c8b8d5676f\",\"name\":\"Pierrick\"}]}<\/script>\n<!-- \/ Yoast SEO plugin. -->","yoast_head_json":{"title":"L'agriculture et le changement - Le blog de Fran\u00e7oise Keller","robots":{"index":"index","follow":"follow","max-snippet":"max-snippet:-1","max-image-preview":"max-image-preview:large","max-video-preview":"max-video-preview:-1"},"canonical":"https:\/\/concertience.fr\/leblog\/lagriculture-et-le-changement\/","og_locale":"fr_FR","og_type":"article","og_title":"L'agriculture et le changement - Le blog de Fran\u00e7oise Keller","og_description":"J&rsquo;ai contribu\u00e9 avec beaucoup de joie \u00e0 la lettre n\u00b0 8 de Nature Humaine\u00a0que vous pouvez t\u00e9l\u00e9charger sur leur site. Lorsque j&rsquo;ai manag\u00e9 des \u00e9quipes, je me suis form\u00e9e \u00e0 \u00ab\u00a0la conduite du changement\u00a0\u00bb, j&rsquo;ai travaill\u00e9 sur les \u00ab\u00a0freins au changement\u00a0\u00bb. La Communication NonViolente me fait \u00e9voluer dans mon regard sur les changements et leurs... Lire plus &raquo;","og_url":"https:\/\/concertience.fr\/leblog\/lagriculture-et-le-changement\/","og_site_name":"Le blog de Fran\u00e7oise Keller","article_published_time":"2012-05-22T18:36:25+00:00","article_modified_time":"2020-03-30T18:02:22+00:00","og_image":[{"url":"https:\/\/mlkqhmyobbaq.i.optimole.com\/w:auto\/h:auto\/q:mauto\/ig:avif\/https:\/\/concertience.fr\/leblog\/wp-content\/uploads\/sites\/2\/2020\/03\/Nature-Humaine.jpg","type":"","width":"","height":""}],"author":"Pierrick","twitter_card":"summary_large_image","twitter_misc":{"\u00c9crit par":"Pierrick","Dur\u00e9e de lecture estim\u00e9e":"1 minute"},"schema":{"@context":"https:\/\/schema.org","@graph":[{"@type":"Article","@id":"https:\/\/concertience.fr\/leblog\/lagriculture-et-le-changement\/#article","isPartOf":{"@id":"https:\/\/concertience.fr\/leblog\/lagriculture-et-le-changement\/"},"author":{"name":"Pierrick","@id":"https:\/\/concertience.fr\/leblog\/#\/schema\/person\/a01b04493c0cb1de0b2030c8b8d5676f"},"headline":"L&rsquo;agriculture et le changement","datePublished":"2012-05-22T18:36:25+00:00","dateModified":"2020-03-30T18:02:22+00:00","mainEntityOfPage":{"@id":"https:\/\/concertience.fr\/leblog\/lagriculture-et-le-changement\/"},"wordCount":133,"commentCount":0,"image":{"@id":"https:\/\/concertience.fr\/leblog\/lagriculture-et-le-changement\/#primaryimage"},"thumbnailUrl":"https:\/\/mlkqhmyobbaq.i.optimole.com\/w:auto\/h:auto\/q:mauto\/ig:avif\/https:\/\/concertience.fr\/leblog\/wp-content\/uploads\/sites\/2\/2020\/03\/Nature-Humaine.jpg","keywords":["Citoyennet\u00e9","CNV","Communication NonViolente","Conduite du changement","Management"],"articleSection":["Communication NonViolente (CNV)"],"inLanguage":"fr-FR","potentialAction":[{"@type":"CommentAction","name":"Comment","target":["https:\/\/concertience.fr\/leblog\/lagriculture-et-le-changement\/#respond"]}]},{"@type":"WebPage","@id":"https:\/\/concertience.fr\/leblog\/lagriculture-et-le-changement\/","url":"https:\/\/concertience.fr\/leblog\/lagriculture-et-le-changement\/","name":"L'agriculture et le changement - Le blog de Fran\u00e7oise Keller","isPartOf":{"@id":"https:\/\/concertience.fr\/leblog\/#website"},"primaryImageOfPage":{"@id":"https:\/\/concertience.fr\/leblog\/lagriculture-et-le-changement\/#primaryimage"},"image":{"@id":"https:\/\/concertience.fr\/leblog\/lagriculture-et-le-changement\/#primaryimage"},"thumbnailUrl":"https:\/\/mlkqhmyobbaq.i.optimole.com\/w:auto\/h:auto\/q:mauto\/ig:avif\/https:\/\/concertience.fr\/leblog\/wp-content\/uploads\/sites\/2\/2020\/03\/Nature-Humaine.jpg","datePublished":"2012-05-22T18:36:25+00:00","dateModified":"2020-03-30T18:02:22+00:00","author":{"@id":"https:\/\/concertience.fr\/leblog\/#\/schema\/person\/a01b04493c0cb1de0b2030c8b8d5676f"},"breadcrumb":{"@id":"https:\/\/concertience.fr\/leblog\/lagriculture-et-le-changement\/#breadcrumb"},"inLanguage":"fr-FR","potentialAction":[{"@type":"ReadAction","target":["https:\/\/concertience.fr\/leblog\/lagriculture-et-le-changement\/"]}]},{"@type":"ImageObject","inLanguage":"fr-FR","@id":"https:\/\/concertience.fr\/leblog\/lagriculture-et-le-changement\/#primaryimage","url":"https:\/\/mlkqhmyobbaq.i.optimole.com\/w:auto\/h:auto\/q:mauto\/ig:avif\/https:\/\/concertience.fr\/leblog\/wp-content\/uploads\/sites\/2\/2020\/03\/Nature-Humaine.jpg","contentUrl":"https:\/\/mlkqhmyobbaq.i.optimole.com\/w:auto\/h:auto\/q:mauto\/ig:avif\/https:\/\/concertience.fr\/leblog\/wp-content\/uploads\/sites\/2\/2020\/03\/Nature-Humaine.jpg","width":116,"height":164},{"@type":"BreadcrumbList","@id":"https:\/\/concertience.fr\/leblog\/lagriculture-et-le-changement\/#breadcrumb","itemListElement":[{"@type":"ListItem","position":1,"name":"Accueil","item":"https:\/\/concertience.fr\/leblog\/"},{"@type":"ListItem","position":2,"name":"Communication NonViolente (CNV)","item":"https:\/\/concertience.fr\/leblog\/communication-nonviolente-cnv\/"},{"@type":"ListItem","position":3,"name":"L&rsquo;agriculture et le changement"}]},{"@type":"WebSite","@id":"https:\/\/concertience.fr\/leblog\/#website","url":"https:\/\/concertience.fr\/leblog\/","name":"Le blog de Fran\u00e7oise Keller","description":"Le blog de Fran\u00e7oise Keller, Concertience","potentialAction":[{"@type":"SearchAction","target":{"@type":"EntryPoint","urlTemplate":"https:\/\/concertience.fr\/leblog\/?s={search_term_string}"},"query-input":{"@type":"PropertyValueSpecification","valueRequired":true,"valueName":"search_term_string"}}],"inLanguage":"fr-FR"},{"@type":"Person","@id":"https:\/\/concertience.fr\/leblog\/#\/schema\/person\/a01b04493c0cb1de0b2030c8b8d5676f","name":"Pierrick"}]}},"_links":{"self":[{"href":"https:\/\/concertience.fr\/leblog\/wp-json\/wp\/v2\/posts\/125","targetHints":{"allow":["GET"]}}],"collection":[{"href":"https:\/\/concertience.fr\/leblog\/wp-json\/wp\/v2\/posts"}],"about":[{"href":"https:\/\/concertience.fr\/leblog\/wp-json\/wp\/v2\/types\/post"}],"author":[{"embeddable":true,"href":"https:\/\/concertience.fr\/leblog\/wp-json\/wp\/v2\/users\/1"}],"replies":[{"embeddable":true,"href":"https:\/\/concertience.fr\/leblog\/wp-json\/wp\/v2\/comments?post=125"}],"version-history":[{"count":2,"href":"https:\/\/concertience.fr\/leblog\/wp-json\/wp\/v2\/posts\/125\/revisions"}],"predecessor-version":[{"id":701,"href":"https:\/\/concertience.fr\/leblog\/wp-json\/wp\/v2\/posts\/125\/revisions\/701"}],"wp:attachment":[{"href":"https:\/\/concertience.fr\/leblog\/wp-json\/wp\/v2\/media?parent=125"}],"wp:term":[{"taxonomy":"category","embeddable":true,"href":"https:\/\/concertience.fr\/leblog\/wp-json\/wp\/v2\/categories?post=125"},{"taxonomy":"post_tag","embeddable":true,"href":"https:\/\/concertience.fr\/leblog\/wp-json\/wp\/v2\/tags?post=125"}],"curies":[{"name":"wp","href":"https:\/\/api.w.org\/{rel}","templated":true}]}}