{"id":1228,"date":"2023-06-19T11:14:30","date_gmt":"2023-06-19T09:14:30","guid":{"rendered":"https:\/\/concertience.fr\/leblog\/?p=1228"},"modified":"2023-06-19T11:28:10","modified_gmt":"2023-06-19T09:28:10","slug":"la-communication-nonviolente-ce-nest-pas-osbd","status":"publish","type":"post","link":"https:\/\/concertience.fr\/leblog\/la-communication-nonviolente-ce-nest-pas-osbd\/","title":{"rendered":"La Communication NonViolente ce n&rsquo;est pas OSBD ! La musique ce n&rsquo;est pas le clavier du piano !"},"content":{"rendered":"<div class=\"wp-block-image\">\n<figure class=\"aligncenter size-large is-resized\"><img data-opt-id=489171512  fetchpriority=\"high\" decoding=\"async\" src=\"https:\/\/mlkqhmyobbaq.i.optimole.com\/w:1024\/h:681\/q:mauto\/ig:avif\/https:\/\/concertience.fr\/leblog\/wp-content\/uploads\/sites\/2\/2023\/06\/piano-1154865_1280.jpg\" alt=\"\" class=\"wp-image-1229\" width=\"370\" height=\"244\"\/><\/figure>\n<\/div>\n\n\n<p>Non, la Communication NonViolente (CNV) ce n\u2019est pas OSBD. Non, la CNV ce n\u2019est pas exprimer son observation, ses sentiments et besoins et faire des demandes. Non, la musique ce n&rsquo;est pas le clavier du piano. Il s\u2019agit de convertir nos relations, de d\u00e9velopper des relations respectueuses de chaque humain et de reconna\u00eetre humblement quand nous ne prenons pas suffisamment soin d\u2019un humain, soi ou l\u2019autre ou un autre. La CNV ce n\u2019est pas pratiquer une empathie automatique, comme sait le faire l\u2019intelligence artificielle, mais accepter de prendre le temps d\u2019\u00e9couter les corps, les c\u0153urs et les \u00e2mes. La CNV ce n\u2019est pas un outil de plus de d\u00e9veloppement personnel c\u2019est une conversion qui change la vie, qui nous interpelle, qui nous bouscule et nous d\u00e9place et ce n\u2019est pas que confortable. C&rsquo;est un engagement personnel \u00e0 changer nos relations et \u00e0 changer le monde. Parler trop vite de CNV c\u2019est comme parler trop vite de la musique, sans en percevoir les rythmes, les silences, les harmonies, le chant des \u00e2mes.<\/p>\n\n\n<div class=\"wp-block-image\">\n<figure class=\"aligncenter size-large is-resized\"><img data-opt-id=1782603288  fetchpriority=\"high\" decoding=\"async\" src=\"https:\/\/mlkqhmyobbaq.i.optimole.com\/w:1024\/h:826\/q:mauto\/ig:avif\/https:\/\/concertience.fr\/leblog\/wp-content\/uploads\/sites\/2\/2023\/06\/piano-2564908_1280.jpg\" alt=\"\" class=\"wp-image-1231\" width=\"370\" height=\"297\" srcset=\"https:\/\/mlkqhmyobbaq.i.optimole.com\/w:1024\/h:826\/q:mauto\/ig:avif\/https:\/\/concertience.fr\/leblog\/wp-content\/uploads\/sites\/2\/2023\/06\/piano-2564908_1280.jpg 1024w, https:\/\/mlkqhmyobbaq.i.optimole.com\/w:300\/h:242\/q:mauto\/ig:avif\/https:\/\/concertience.fr\/leblog\/wp-content\/uploads\/sites\/2\/2023\/06\/piano-2564908_1280.jpg 300w, https:\/\/mlkqhmyobbaq.i.optimole.com\/w:768\/h:619\/q:mauto\/ig:avif\/https:\/\/concertience.fr\/leblog\/wp-content\/uploads\/sites\/2\/2023\/06\/piano-2564908_1280.jpg 768w, https:\/\/mlkqhmyobbaq.i.optimole.com\/w:1280\/h:1032\/q:mauto\/ig:avif\/https:\/\/concertience.fr\/leblog\/wp-content\/uploads\/sites\/2\/2023\/06\/piano-2564908_1280.jpg 1280w\" sizes=\"(max-width: 370px) 100vw, 370px\" \/><\/figure>\n<\/div>\n\n\n<p>Oui il s\u2019agit d\u2019observer. Pas seulement parler des faits qui renforcent mes croyances et prouvent que j\u2019ai raison de vivre ce que je vis. C\u2019est aussi laisser \u00e0 chacun la responsabilit\u00e9 de ce qu\u2019il voit et entend, pense et interpr\u00e8te, pour permettre \u00e0 chacun d\u2019exister et pour d\u00e9masquer les malentendus. C&rsquo;est cultiver la curiosit\u00e9 de regarder le monde autrement. C\u2019est aussi \u00e9largir mon regard et ma perception du monde, accepter de regarder les faits qui bousculent mes croyances et mes habitudes, accepter d\u2019entendre ce qu\u2019autrui observe, C\u2019est aussi prendre le temps de regarder, d\u2019\u00e9couter jusqu\u2019au bout ce qu\u2019essaye de dire les vivants.<\/p>\n\n\n<div class=\"wp-block-image\">\n<figure class=\"aligncenter size-large is-resized\"><img data-opt-id=332249330  data-opt-src=\"https:\/\/mlkqhmyobbaq.i.optimole.com\/w:1024\/h:678\/q:mauto\/ig:avif\/https:\/\/concertience.fr\/leblog\/wp-content\/uploads\/sites\/2\/2023\/06\/people-316500_1280.jpg\"  decoding=\"async\" src=\"data:image/svg+xml,%3Csvg%20viewBox%3D%220%200%201024%20678%22%20width%3D%221024%22%20height%3D%22678%22%20xmlns%3D%22http%3A%2F%2Fwww.w3.org%2F2000%2Fsvg%22%3E%3Crect%20width%3D%221024%22%20height%3D%22678%22%20fill%3D%22transparent%22%2F%3E%3C%2Fsvg%3E\" alt=\"\" class=\"wp-image-1230\" width=\"370\" height=\"250\"\/><\/figure>\n<\/div>\n\n\n<p>Oui il s\u2019agit de ressentir. Pas seulement de penser aux ressentis. Il s\u2019agit de mettre au c\u0153ur de nos relations la tendresse pour nos corps et pour nos \u00e9motions. Rire de tous nos rires et pleurer de toutes nos larmes, m\u00eame au travail, m\u00eame en famille. Il s\u2019agit d\u2019accepter l\u2019inconfort d\u2019ouvrir la porte de nos c\u0153urs, d\u2019oser la force de la vuln\u00e9rabilit\u00e9, de ne plus craindre si les larmes, ni la peur, ni la joie. Il s\u2019agit d\u2019\u00eatre pr\u00e9sent \u00e0 ce qui est en soi et en l\u2019autre, \u00e0 cet instant, sans rien vouloir changer que d\u2019\u00eatre l\u00e0.\u00a0\u00a0Et que de malentendus sur ce sujet car il s\u2019agit d\u2019accueillir les \u00e9motions et leurs expressions en laissant \u00e0 chacun la responsabilit\u00e9 de ce qu\u2019il vit. Accueillir ce qui est sans chercher ni \u00e0 justifier, ni \u00e0 faire porter \u00e0 quiconque la causalit\u00e9 de ce qui se vit.<\/p>\n\n\n<div class=\"wp-block-image\">\n<figure class=\"aligncenter size-large is-resized\"><img data-opt-id=837857569  data-opt-src=\"https:\/\/mlkqhmyobbaq.i.optimole.com\/w:1024\/h:682\/q:mauto\/ig:avif\/https:\/\/concertience.fr\/leblog\/wp-content\/uploads\/sites\/2\/2023\/06\/happy-boy-1535860_1280.jpg\"  decoding=\"async\" src=\"data:image/svg+xml,%3Csvg%20viewBox%3D%220%200%201024%20682%22%20width%3D%221024%22%20height%3D%22682%22%20xmlns%3D%22http%3A%2F%2Fwww.w3.org%2F2000%2Fsvg%22%3E%3Crect%20width%3D%221024%22%20height%3D%22682%22%20fill%3D%22transparent%22%2F%3E%3C%2Fsvg%3E\" alt=\"\" class=\"wp-image-1232\" width=\"370\" height=\"273\"\/><\/figure>\n<\/div>\n\n\n<p>Oui il s\u2019agit d\u2019\u00e9couter et d\u2019exprimer les besoins mais pas seulement les n\u00f4tres mais aussi ceux de l\u2019autre. Et l\u00e0 que de malentendus\u00a0! Il s\u2019agit d\u2019\u00e9couter la Vie qui cherche \u00e0 se d\u00e9ployer en chacun, cette source qui nous est commune et qui s\u2019appelle la Vie. Il ne s\u2019agit ni de projets sur quiconque, ni d\u2019attentes sur quiconque, ni de rien de concret en cet instant. Il s\u2019agit d\u2019\u00e9couter ce que chacun cherche \u00e0 Vivre en cet instant. Il s\u2019agit de prendre le temps d\u2019\u00e9couter la Vie qui cherche \u00e0 se dire, sans chercher \u00e0 r\u00e9soudre quoi que ce soit, m\u00eame quand nous croyons qu\u2019il est l\u2019heure de faire quelque chose et qu\u2019il est temps de passer \u00e0 autre chose. Il s\u2019agit d\u2019oser \u00e9couter une aspiration profonde, un \u00e9lan qui peut-\u00eatre va nous demander de changer de trajectoire, radicalement. Il s\u2019agit d\u2019\u00e9couter \u00e0 partir d\u2019un espace de non savoir, d\u2019un espace de respect infini pour le sacr\u00e9 de chaque \u00eatre humain. Il s\u2019agit de se laisser surprendre par la cr\u00e9ativit\u00e9 immense qui \u00e9merge quand nous prenons le temps d\u2019\u00e9couter ce qui se jouait vraiment dans cet instant unique. Il s\u2019agit de faire confiance en la Vie \u00e0 nouveau et maintenant.<\/p>\n\n\n<div class=\"wp-block-image\">\n<figure class=\"aligncenter size-large is-resized\"><img data-opt-id=1703827847  data-opt-src=\"https:\/\/mlkqhmyobbaq.i.optimole.com\/w:1024\/h:682\/q:mauto\/ig:avif\/https:\/\/concertience.fr\/leblog\/wp-content\/uploads\/sites\/2\/2023\/06\/asian-woman-7228773_1280.jpg\"  decoding=\"async\" src=\"data:image/svg+xml,%3Csvg%20viewBox%3D%220%200%201024%20682%22%20width%3D%221024%22%20height%3D%22682%22%20xmlns%3D%22http%3A%2F%2Fwww.w3.org%2F2000%2Fsvg%22%3E%3Crect%20width%3D%221024%22%20height%3D%22682%22%20fill%3D%22transparent%22%2F%3E%3C%2Fsvg%3E\" alt=\"\" class=\"wp-image-1233\" width=\"370\" height=\"274\"\/><\/figure>\n<\/div>\n\n\n<p>Oui il s\u2019agit de demander mais aussi d\u2019accueillir avec ouverture de c\u0153ur la r\u00e9ponse de l&rsquo;autre, mais aussi d\u2019accompagner et d\u2019accueillir la demande d\u2019autrui. Il ne s\u2019agit pas d\u2019avoir fait tout ce chemin pour convaincre autrui de notre demande initiale. Il s\u2019agit de cheminer pour explorer comment nous pourrions, \u00e0 partir de maintenant, mieux nous entendre, mieux nous accueillir et co-cr\u00e9er un monde qui permette \u00e0 chaque \u00eatre humain d\u2019\u00eatre davantage vivant. Il ne s\u2019agit d\u2019avoir aucun projet sur l\u2019autre, aucune emprise sur quiconque mais d\u2019explorer comment nous pourrions nous embellir la vie l\u2019un l\u2019autre, dans le respect infini de nos aspirations profondes et de nos ressources. Il s\u2019agit de permettre \u00e0 chaque humain d\u2019\u00eatre davantage vivant, de mieux cohabiter sur cette plan\u00e8te que nous avons en commun, \u00e0 partir de maintenant, petits pas par petits pas.<\/p>\n\n\n<div class=\"wp-block-image\">\n<figure class=\"aligncenter size-large is-resized\"><img data-opt-id=2039977171  data-opt-src=\"https:\/\/mlkqhmyobbaq.i.optimole.com\/w:1024\/h:862\/q:mauto\/ig:avif\/https:\/\/concertience.fr\/leblog\/wp-content\/uploads\/sites\/2\/2023\/06\/musicians-7073586_1280.jpg\"  decoding=\"async\" src=\"data:image/svg+xml,%3Csvg%20viewBox%3D%220%200%201024%20862%22%20width%3D%221024%22%20height%3D%22862%22%20xmlns%3D%22http%3A%2F%2Fwww.w3.org%2F2000%2Fsvg%22%3E%3Crect%20width%3D%221024%22%20height%3D%22862%22%20fill%3D%22transparent%22%2F%3E%3C%2Fsvg%3E\" alt=\"\" class=\"wp-image-1234\" width=\"370\" height=\"287\"\/><\/figure>\n<\/div>\n\n\n<p>Et il ne s\u2019agit pas d\u2019expliquer \u00e0 autrui comment faire mais de vivre soi-m\u00eame ce chemin de transformation et de conversion. Il s\u2019agit de choisir la Vie, dans tous mes lieux d\u2019engagement, en famille, au travail, dans mon quartier et dans la cit\u00e9, dans le monde. L\u2019heureuse nouvelle c\u2019est que nous avons toute notre vie pour apprendre \u00e0 vivre cela et que cela s\u2019apprend, en essayant \u00e0 nouveau, en c\u00e9l\u00e9brant les victoires, en tombant aussi, en se relevant et en essayant \u00e0 nouveau.<\/p>\n\n\n\n<p>La Communication NonViolente c&rsquo;est un chemin vers soi et vers l&rsquo;autre, vers les autres et vers tous les autres. C&rsquo;est un chemin qui change le monde un pas \u00e0 la fois. C&rsquo;est faire un petit pas vers le chant que nous voulons entendre dans le monde.<\/p>\n\n\n\n<p>Fran\u00e7oise Keller, 19 juin 2023<\/p>\n","protected":false},"excerpt":{"rendered":"<p>Non, la Communication NonViolente (CNV) ce n\u2019est pas OSBD. Non, la CNV ce n\u2019est pas exprimer son observation, ses sentiments et besoins et faire des demandes. Non, la musique ce n&rsquo;est pas le clavier du piano. Il s\u2019agit de convertir nos relations, de d\u00e9velopper des relations respectueuses de chaque humain et de reconna\u00eetre humblement quand<a class=\"excerpt-read-more\" href=\"https:\/\/concertience.fr\/leblog\/la-communication-nonviolente-ce-nest-pas-osbd\/\" title=\"ReadLa Communication NonViolente ce n&rsquo;est pas OSBD ! La musique ce n&rsquo;est pas le clavier du piano !\">&#8230; Lire plus &raquo;<\/a><\/p>\n","protected":false},"author":2,"featured_media":1234,"comment_status":"open","ping_status":"closed","sticky":false,"template":"","format":"standard","meta":{"footnotes":""},"categories":[84,9],"tags":[7,10,76,25,19,22],"class_list":["post-1228","post","type-post","status-publish","format-standard","has-post-thumbnail","hentry","category-articles-emissions-f-keller","category-communication-nonviolente-cnv","tag-cnv","tag-communication-nonviolente","tag-empathie","tag-leader","tag-leadership","tag-management"],"yoast_head":"<!-- This site is optimized with the Yoast SEO plugin v27.5 - https:\/\/yoast.com\/product\/yoast-seo-wordpress\/ -->\n<title>La Communication NonViolente ce n&#039;est pas OSBD ! La musique ce n&#039;est pas le clavier du piano ! - Le blog de Fran\u00e7oise Keller<\/title>\n<meta name=\"robots\" content=\"index, follow, max-snippet:-1, max-image-preview:large, max-video-preview:-1\" \/>\n<link rel=\"canonical\" href=\"https:\/\/concertience.fr\/leblog\/la-communication-nonviolente-ce-nest-pas-osbd\/\" \/>\n<meta property=\"og:locale\" content=\"fr_FR\" \/>\n<meta property=\"og:type\" content=\"article\" \/>\n<meta property=\"og:title\" content=\"La Communication NonViolente ce n&#039;est pas OSBD ! La musique ce n&#039;est pas le clavier du piano ! - Le blog de Fran\u00e7oise Keller\" \/>\n<meta property=\"og:description\" content=\"Non, la Communication NonViolente (CNV) ce n\u2019est pas OSBD. Non, la CNV ce n\u2019est pas exprimer son observation, ses sentiments et besoins et faire des demandes. Non, la musique ce n&rsquo;est pas le clavier du piano. Il s\u2019agit de convertir nos relations, de d\u00e9velopper des relations respectueuses de chaque humain et de reconna\u00eetre humblement quand... Lire plus &raquo;\" \/>\n<meta property=\"og:url\" content=\"https:\/\/concertience.fr\/leblog\/la-communication-nonviolente-ce-nest-pas-osbd\/\" \/>\n<meta property=\"og:site_name\" content=\"Le blog de Fran\u00e7oise Keller\" \/>\n<meta property=\"article:published_time\" content=\"2023-06-19T09:14:30+00:00\" \/>\n<meta property=\"article:modified_time\" content=\"2023-06-19T09:28:10+00:00\" \/>\n<meta property=\"og:image\" content=\"https:\/\/mlkqhmyobbaq.i.optimole.com\/w:auto\/h:auto\/q:mauto\/ig:avif\/https:\/\/concertience.fr\/leblog\/wp-content\/uploads\/sites\/2\/2023\/06\/musicians-7073586_1280.jpg\" \/>\n\t<meta property=\"og:image:width\" content=\"1280\" \/>\n\t<meta property=\"og:image:height\" content=\"1078\" \/>\n\t<meta property=\"og:image:type\" content=\"image\/jpeg\" \/>\n<meta name=\"author\" content=\"francoisesiteweb\" \/>\n<meta name=\"twitter:card\" content=\"summary_large_image\" \/>\n<meta name=\"twitter:label1\" content=\"\u00c9crit par\" \/>\n\t<meta name=\"twitter:data1\" content=\"francoisesiteweb\" \/>\n\t<meta name=\"twitter:label2\" content=\"Dur\u00e9e de lecture estim\u00e9e\" \/>\n\t<meta name=\"twitter:data2\" content=\"6 minutes\" \/>\n<script type=\"application\/ld+json\" class=\"yoast-schema-graph\">{\"@context\":\"https:\\\/\\\/schema.org\",\"@graph\":[{\"@type\":\"Article\",\"@id\":\"https:\\\/\\\/concertience.fr\\\/leblog\\\/la-communication-nonviolente-ce-nest-pas-osbd\\\/#article\",\"isPartOf\":{\"@id\":\"https:\\\/\\\/concertience.fr\\\/leblog\\\/la-communication-nonviolente-ce-nest-pas-osbd\\\/\"},\"author\":{\"name\":\"francoisesiteweb\",\"@id\":\"https:\\\/\\\/concertience.fr\\\/leblog\\\/#\\\/schema\\\/person\\\/a8a3ffb4a05b55c3e77e954cd93c49d8\"},\"headline\":\"La Communication NonViolente ce n&rsquo;est pas OSBD ! La musique ce n&rsquo;est pas le clavier du piano !\",\"datePublished\":\"2023-06-19T09:14:30+00:00\",\"dateModified\":\"2023-06-19T09:28:10+00:00\",\"mainEntityOfPage\":{\"@id\":\"https:\\\/\\\/concertience.fr\\\/leblog\\\/la-communication-nonviolente-ce-nest-pas-osbd\\\/\"},\"wordCount\":1003,\"commentCount\":2,\"image\":{\"@id\":\"https:\\\/\\\/concertience.fr\\\/leblog\\\/la-communication-nonviolente-ce-nest-pas-osbd\\\/#primaryimage\"},\"thumbnailUrl\":\"https:\\/\\/concertience.fr\\/leblog\\/wp-content\\/uploads\\/sites\\/2\\/2023\\/06\\/musicians-7073586_1280.jpg\",\"keywords\":[\"CNV\",\"Communication NonViolente\",\"Empathie\",\"Leader\",\"Leadership\",\"Management\"],\"articleSection\":[\"Articles, \u00e9missions F Keller\",\"Communication NonViolente (CNV)\"],\"inLanguage\":\"fr-FR\",\"potentialAction\":[{\"@type\":\"CommentAction\",\"name\":\"Comment\",\"target\":[\"https:\\\/\\\/concertience.fr\\\/leblog\\\/la-communication-nonviolente-ce-nest-pas-osbd\\\/#respond\"]}]},{\"@type\":\"WebPage\",\"@id\":\"https:\\\/\\\/concertience.fr\\\/leblog\\\/la-communication-nonviolente-ce-nest-pas-osbd\\\/\",\"url\":\"https:\\\/\\\/concertience.fr\\\/leblog\\\/la-communication-nonviolente-ce-nest-pas-osbd\\\/\",\"name\":\"La Communication NonViolente ce n'est pas OSBD ! La musique ce n'est pas le clavier du piano ! - Le blog de Fran\u00e7oise Keller\",\"isPartOf\":{\"@id\":\"https:\\\/\\\/concertience.fr\\\/leblog\\\/#website\"},\"primaryImageOfPage\":{\"@id\":\"https:\\\/\\\/concertience.fr\\\/leblog\\\/la-communication-nonviolente-ce-nest-pas-osbd\\\/#primaryimage\"},\"image\":{\"@id\":\"https:\\\/\\\/concertience.fr\\\/leblog\\\/la-communication-nonviolente-ce-nest-pas-osbd\\\/#primaryimage\"},\"thumbnailUrl\":\"https:\\/\\/concertience.fr\\/leblog\\/wp-content\\/uploads\\/sites\\/2\\/2023\\/06\\/musicians-7073586_1280.jpg\",\"datePublished\":\"2023-06-19T09:14:30+00:00\",\"dateModified\":\"2023-06-19T09:28:10+00:00\",\"author\":{\"@id\":\"https:\\\/\\\/concertience.fr\\\/leblog\\\/#\\\/schema\\\/person\\\/a8a3ffb4a05b55c3e77e954cd93c49d8\"},\"breadcrumb\":{\"@id\":\"https:\\\/\\\/concertience.fr\\\/leblog\\\/la-communication-nonviolente-ce-nest-pas-osbd\\\/#breadcrumb\"},\"inLanguage\":\"fr-FR\",\"potentialAction\":[{\"@type\":\"ReadAction\",\"target\":[\"https:\\\/\\\/concertience.fr\\\/leblog\\\/la-communication-nonviolente-ce-nest-pas-osbd\\\/\"]}]},{\"@type\":\"ImageObject\",\"inLanguage\":\"fr-FR\",\"@id\":\"https:\\\/\\\/concertience.fr\\\/leblog\\\/la-communication-nonviolente-ce-nest-pas-osbd\\\/#primaryimage\",\"url\":\"https:\\/\\/concertience.fr\\/leblog\\/wp-content\\/uploads\\/sites\\/2\\/2023\\/06\\/musicians-7073586_1280.jpg\",\"contentUrl\":\"https:\\/\\/concertience.fr\\/leblog\\/wp-content\\/uploads\\/sites\\/2\\/2023\\/06\\/musicians-7073586_1280.jpg\",\"width\":1280,\"height\":1078},{\"@type\":\"BreadcrumbList\",\"@id\":\"https:\\\/\\\/concertience.fr\\\/leblog\\\/la-communication-nonviolente-ce-nest-pas-osbd\\\/#breadcrumb\",\"itemListElement\":[{\"@type\":\"ListItem\",\"position\":1,\"name\":\"Accueil\",\"item\":\"https:\\\/\\\/concertience.fr\\\/leblog\\\/\"},{\"@type\":\"ListItem\",\"position\":2,\"name\":\"Communication NonViolente (CNV)\",\"item\":\"https:\\\/\\\/concertience.fr\\\/leblog\\\/communication-nonviolente-cnv\\\/\"},{\"@type\":\"ListItem\",\"position\":3,\"name\":\"La Communication NonViolente ce n&rsquo;est pas OSBD ! La musique ce n&rsquo;est pas le clavier du piano !\"}]},{\"@type\":\"WebSite\",\"@id\":\"https:\\\/\\\/concertience.fr\\\/leblog\\\/#website\",\"url\":\"https:\\\/\\\/concertience.fr\\\/leblog\\\/\",\"name\":\"Le blog de Fran\u00e7oise Keller\",\"description\":\"Le blog de Fran\u00e7oise Keller, Concertience\",\"potentialAction\":[{\"@type\":\"SearchAction\",\"target\":{\"@type\":\"EntryPoint\",\"urlTemplate\":\"https:\\\/\\\/concertience.fr\\\/leblog\\\/?s={search_term_string}\"},\"query-input\":{\"@type\":\"PropertyValueSpecification\",\"valueRequired\":true,\"valueName\":\"search_term_string\"}}],\"inLanguage\":\"fr-FR\"},{\"@type\":\"Person\",\"@id\":\"https:\\\/\\\/concertience.fr\\\/leblog\\\/#\\\/schema\\\/person\\\/a8a3ffb4a05b55c3e77e954cd93c49d8\",\"name\":\"francoisesiteweb\"}]}<\/script>\n<!-- \/ Yoast SEO plugin. -->","yoast_head_json":{"title":"La Communication NonViolente ce n'est pas OSBD ! La musique ce n'est pas le clavier du piano ! - Le blog de Fran\u00e7oise Keller","robots":{"index":"index","follow":"follow","max-snippet":"max-snippet:-1","max-image-preview":"max-image-preview:large","max-video-preview":"max-video-preview:-1"},"canonical":"https:\/\/concertience.fr\/leblog\/la-communication-nonviolente-ce-nest-pas-osbd\/","og_locale":"fr_FR","og_type":"article","og_title":"La Communication NonViolente ce n'est pas OSBD ! La musique ce n'est pas le clavier du piano ! - Le blog de Fran\u00e7oise Keller","og_description":"Non, la Communication NonViolente (CNV) ce n\u2019est pas OSBD. Non, la CNV ce n\u2019est pas exprimer son observation, ses sentiments et besoins et faire des demandes. Non, la musique ce n&rsquo;est pas le clavier du piano. Il s\u2019agit de convertir nos relations, de d\u00e9velopper des relations respectueuses de chaque humain et de reconna\u00eetre humblement quand... Lire plus &raquo;","og_url":"https:\/\/concertience.fr\/leblog\/la-communication-nonviolente-ce-nest-pas-osbd\/","og_site_name":"Le blog de Fran\u00e7oise Keller","article_published_time":"2023-06-19T09:14:30+00:00","article_modified_time":"2023-06-19T09:28:10+00:00","og_image":[{"width":1280,"height":1078,"url":"https:\/\/mlkqhmyobbaq.i.optimole.com\/w:auto\/h:auto\/q:mauto\/ig:avif\/https:\/\/concertience.fr\/leblog\/wp-content\/uploads\/sites\/2\/2023\/06\/musicians-7073586_1280.jpg","type":"image\/jpeg"}],"author":"francoisesiteweb","twitter_card":"summary_large_image","twitter_misc":{"\u00c9crit par":"francoisesiteweb","Dur\u00e9e de lecture estim\u00e9e":"6 minutes"},"schema":{"@context":"https:\/\/schema.org","@graph":[{"@type":"Article","@id":"https:\/\/concertience.fr\/leblog\/la-communication-nonviolente-ce-nest-pas-osbd\/#article","isPartOf":{"@id":"https:\/\/concertience.fr\/leblog\/la-communication-nonviolente-ce-nest-pas-osbd\/"},"author":{"name":"francoisesiteweb","@id":"https:\/\/concertience.fr\/leblog\/#\/schema\/person\/a8a3ffb4a05b55c3e77e954cd93c49d8"},"headline":"La Communication NonViolente ce n&rsquo;est pas OSBD ! La musique ce n&rsquo;est pas le clavier du piano !","datePublished":"2023-06-19T09:14:30+00:00","dateModified":"2023-06-19T09:28:10+00:00","mainEntityOfPage":{"@id":"https:\/\/concertience.fr\/leblog\/la-communication-nonviolente-ce-nest-pas-osbd\/"},"wordCount":1003,"commentCount":2,"image":{"@id":"https:\/\/concertience.fr\/leblog\/la-communication-nonviolente-ce-nest-pas-osbd\/#primaryimage"},"thumbnailUrl":"https:\/\/mlkqhmyobbaq.i.optimole.com\/w:auto\/h:auto\/q:mauto\/ig:avif\/https:\/\/concertience.fr\/leblog\/wp-content\/uploads\/sites\/2\/2023\/06\/musicians-7073586_1280.jpg","keywords":["CNV","Communication NonViolente","Empathie","Leader","Leadership","Management"],"articleSection":["Articles, \u00e9missions F Keller","Communication NonViolente (CNV)"],"inLanguage":"fr-FR","potentialAction":[{"@type":"CommentAction","name":"Comment","target":["https:\/\/concertience.fr\/leblog\/la-communication-nonviolente-ce-nest-pas-osbd\/#respond"]}]},{"@type":"WebPage","@id":"https:\/\/concertience.fr\/leblog\/la-communication-nonviolente-ce-nest-pas-osbd\/","url":"https:\/\/concertience.fr\/leblog\/la-communication-nonviolente-ce-nest-pas-osbd\/","name":"La Communication NonViolente ce n'est pas OSBD ! La musique ce n'est pas le clavier du piano ! - Le blog de Fran\u00e7oise Keller","isPartOf":{"@id":"https:\/\/concertience.fr\/leblog\/#website"},"primaryImageOfPage":{"@id":"https:\/\/concertience.fr\/leblog\/la-communication-nonviolente-ce-nest-pas-osbd\/#primaryimage"},"image":{"@id":"https:\/\/concertience.fr\/leblog\/la-communication-nonviolente-ce-nest-pas-osbd\/#primaryimage"},"thumbnailUrl":"https:\/\/mlkqhmyobbaq.i.optimole.com\/w:auto\/h:auto\/q:mauto\/ig:avif\/https:\/\/concertience.fr\/leblog\/wp-content\/uploads\/sites\/2\/2023\/06\/musicians-7073586_1280.jpg","datePublished":"2023-06-19T09:14:30+00:00","dateModified":"2023-06-19T09:28:10+00:00","author":{"@id":"https:\/\/concertience.fr\/leblog\/#\/schema\/person\/a8a3ffb4a05b55c3e77e954cd93c49d8"},"breadcrumb":{"@id":"https:\/\/concertience.fr\/leblog\/la-communication-nonviolente-ce-nest-pas-osbd\/#breadcrumb"},"inLanguage":"fr-FR","potentialAction":[{"@type":"ReadAction","target":["https:\/\/concertience.fr\/leblog\/la-communication-nonviolente-ce-nest-pas-osbd\/"]}]},{"@type":"ImageObject","inLanguage":"fr-FR","@id":"https:\/\/concertience.fr\/leblog\/la-communication-nonviolente-ce-nest-pas-osbd\/#primaryimage","url":"https:\/\/mlkqhmyobbaq.i.optimole.com\/w:auto\/h:auto\/q:mauto\/ig:avif\/https:\/\/concertience.fr\/leblog\/wp-content\/uploads\/sites\/2\/2023\/06\/musicians-7073586_1280.jpg","contentUrl":"https:\/\/mlkqhmyobbaq.i.optimole.com\/w:auto\/h:auto\/q:mauto\/ig:avif\/https:\/\/concertience.fr\/leblog\/wp-content\/uploads\/sites\/2\/2023\/06\/musicians-7073586_1280.jpg","width":1280,"height":1078},{"@type":"BreadcrumbList","@id":"https:\/\/concertience.fr\/leblog\/la-communication-nonviolente-ce-nest-pas-osbd\/#breadcrumb","itemListElement":[{"@type":"ListItem","position":1,"name":"Accueil","item":"https:\/\/concertience.fr\/leblog\/"},{"@type":"ListItem","position":2,"name":"Communication NonViolente (CNV)","item":"https:\/\/concertience.fr\/leblog\/communication-nonviolente-cnv\/"},{"@type":"ListItem","position":3,"name":"La Communication NonViolente ce n&rsquo;est pas OSBD ! La musique ce n&rsquo;est pas le clavier du piano !"}]},{"@type":"WebSite","@id":"https:\/\/concertience.fr\/leblog\/#website","url":"https:\/\/concertience.fr\/leblog\/","name":"Le blog de Fran\u00e7oise Keller","description":"Le blog de Fran\u00e7oise Keller, Concertience","potentialAction":[{"@type":"SearchAction","target":{"@type":"EntryPoint","urlTemplate":"https:\/\/concertience.fr\/leblog\/?s={search_term_string}"},"query-input":{"@type":"PropertyValueSpecification","valueRequired":true,"valueName":"search_term_string"}}],"inLanguage":"fr-FR"},{"@type":"Person","@id":"https:\/\/concertience.fr\/leblog\/#\/schema\/person\/a8a3ffb4a05b55c3e77e954cd93c49d8","name":"francoisesiteweb"}]}},"_links":{"self":[{"href":"https:\/\/concertience.fr\/leblog\/wp-json\/wp\/v2\/posts\/1228","targetHints":{"allow":["GET"]}}],"collection":[{"href":"https:\/\/concertience.fr\/leblog\/wp-json\/wp\/v2\/posts"}],"about":[{"href":"https:\/\/concertience.fr\/leblog\/wp-json\/wp\/v2\/types\/post"}],"author":[{"embeddable":true,"href":"https:\/\/concertience.fr\/leblog\/wp-json\/wp\/v2\/users\/2"}],"replies":[{"embeddable":true,"href":"https:\/\/concertience.fr\/leblog\/wp-json\/wp\/v2\/comments?post=1228"}],"version-history":[{"count":4,"href":"https:\/\/concertience.fr\/leblog\/wp-json\/wp\/v2\/posts\/1228\/revisions"}],"predecessor-version":[{"id":1240,"href":"https:\/\/concertience.fr\/leblog\/wp-json\/wp\/v2\/posts\/1228\/revisions\/1240"}],"wp:featuredmedia":[{"embeddable":true,"href":"https:\/\/concertience.fr\/leblog\/wp-json\/wp\/v2\/media\/1234"}],"wp:attachment":[{"href":"https:\/\/concertience.fr\/leblog\/wp-json\/wp\/v2\/media?parent=1228"}],"wp:term":[{"taxonomy":"category","embeddable":true,"href":"https:\/\/concertience.fr\/leblog\/wp-json\/wp\/v2\/categories?post=1228"},{"taxonomy":"post_tag","embeddable":true,"href":"https:\/\/concertience.fr\/leblog\/wp-json\/wp\/v2\/tags?post=1228"}],"curies":[{"name":"wp","href":"https:\/\/api.w.org\/{rel}","templated":true}]}}