{"id":1218,"date":"2023-05-26T12:35:59","date_gmt":"2023-05-26T10:35:59","guid":{"rendered":"https:\/\/concertience.fr\/leblog\/?p=1218"},"modified":"2024-03-28T16:45:57","modified_gmt":"2024-03-28T15:45:57","slug":"les-indicateurs-qualite-concertience-2022","status":"publish","type":"post","link":"https:\/\/concertience.fr\/leblog\/les-indicateurs-qualite-concertience-2022\/","title":{"rendered":"Les indicateurs qualit\u00e9 Concertience 2022"},"content":{"rendered":"\n<h2 class=\"wp-block-heading\">Les \u00e9valuations \u00e0 chaud<\/h2>\n\n\n\n<figure class=\"wp-block-image size-large is-resized\"><img data-opt-id=2147004030  fetchpriority=\"high\" decoding=\"async\" src=\"https:\/\/mlkqhmyobbaq.i.optimole.com\/w:1024\/h:682\/q:mauto\/ig:avif\/https:\/\/concertience.fr\/leblog\/wp-content\/uploads\/sites\/2\/2023\/05\/paint-ge98351d6b_1280.jpeg\" alt=\"\" class=\"wp-image-1224\" style=\"width:395px;height:263px\" width=\"395\" height=\"263\" srcset=\"https:\/\/mlkqhmyobbaq.i.optimole.com\/w:1024\/h:682\/q:mauto\/ig:avif\/https:\/\/concertience.fr\/leblog\/wp-content\/uploads\/sites\/2\/2023\/05\/paint-ge98351d6b_1280.jpeg 1024w, https:\/\/mlkqhmyobbaq.i.optimole.com\/w:300\/h:200\/q:mauto\/ig:avif\/https:\/\/concertience.fr\/leblog\/wp-content\/uploads\/sites\/2\/2023\/05\/paint-ge98351d6b_1280.jpeg 300w, https:\/\/mlkqhmyobbaq.i.optimole.com\/w:768\/h:512\/q:mauto\/ig:avif\/https:\/\/concertience.fr\/leblog\/wp-content\/uploads\/sites\/2\/2023\/05\/paint-ge98351d6b_1280.jpeg 768w, https:\/\/mlkqhmyobbaq.i.optimole.com\/w:1280\/h:853\/q:mauto\/ig:avif\/https:\/\/concertience.fr\/leblog\/wp-content\/uploads\/sites\/2\/2023\/05\/paint-ge98351d6b_1280.jpeg 1280w\" sizes=\"(max-width: 395px) 100vw, 395px\" \/><figcaption class=\"wp-element-caption\">Image par Alexandr Ivanov de Pixabay<\/figcaption><\/figure>\n\n\n\n<p>2022 fut une ann\u00e9e intense dans la coop\u00e9ration entre formateurs, avec nos clients et avec les personnes, stagiaires et personnes accompagn\u00e9es qui nous ont fait confiance. En particulier c&rsquo;est une grande joie de mesurer les relations de qualit\u00e9 qui existent depuis plusieurs ann\u00e9es avec certains clients, formateurs et partenaires.<\/p>\n\n\n\n<p>Pour l&rsquo;ann\u00e9e 2022, 390 stagiaires ont r\u00e9pondu \u00e0 notre questionnaire d\u2019\u00e9valuation de formation \u00e0 chaud, en fin de formation. Tous les indicateurs sont meilleurs qu&rsquo;en 2021, tant par le taux de r\u00e9ponses aux questionnaires que sur les taux de satisfactions.<\/p>\n\n\n\n<p>Ont contribu\u00e9 \u00e0 ces r\u00e9sultats :<\/p>\n\n\n\n<ul class=\"wp-block-list\">\n<li>Concertience et ses formateurs, les processus que nous mettons en oeuvre dans nos formations et accompagnement,<\/li>\n\n\n\n<li>l&rsquo;engagement de nos clients dans l&rsquo;organisation des formations qu&rsquo;ils organisent en intra-entreprise,<\/li>\n\n\n\n<li>les stagiaires et leur engagement, leur soif d&rsquo;apprendre et l&rsquo;entraide entre pairs.<\/li>\n<\/ul>\n\n\n\n<p>Voici les r\u00e9sultats :<\/p>\n\n\n\n<ul class=\"wp-block-list\">\n<li>Concernant l\u2019observation en fin de formation de&nbsp;<strong>l\u2019ad\u00e9quation de la formation aux attentes du stagiaire<\/strong>&nbsp;: 97 % sont satisfaits et tr\u00e8s satisfaits ; 3% sont mitig\u00e9s et 0% sont insatisfaits (1 personne sur un format court en intra-entreprise)<\/li>\n\n\n\n<li>Concernant l\u2019observation des&nbsp;<strong>m\u00e9thodes p\u00e9dagogiques et de la dur\u00e9e&nbsp;<\/strong>: 96 % sont satisfaits et tr\u00e8s satisfaits ; 4% sont mitig\u00e9s et 0% sont insatisfaits (1 personne sur un format court en intra-entreprise)<\/li>\n\n\n\n<li>Concernant l\u2019observation des&nbsp;<strong>apprentissages du stagiaire pendant la formation<\/strong>&nbsp;: 97% sont satisfaits et tr\u00e8s satisfaits ; 3% sont mitig\u00e9s et 0% sont insatisfaits (1 personne sur un format court en intra-entreprise).<\/li>\n<\/ul>\n\n\n\n<p>Sur la question de l\u2019employabilit\u00e9 142 stagiaires ont r\u00e9pondu dont 92% expriment que cette formation favorise leur employabilit\u00e9 et 8% expriment que cette formation ne favorise pas leur employabilit\u00e9.<\/p>\n\n\n\n<p>Nous continuerons \u00e0 mettre toute notre \u00e9nergie et nos comp\u00e9tences pour accompagner chacune et chacun dans ce chemin de transformation int\u00e9rieure, interpersonnelle, syst\u00e9mique et durable bien au del\u00e0 du temps de formation !<\/p>\n\n\n\n<p>Vos retours nous sont pr\u00e9cieux et nous remercions chacune et chacun pour votre authenticit\u00e9, vos c\u00e9l\u00e9brations et vos suggestions d\u2019am\u00e9lioration !<\/p>\n\n\n\n<p>Fran\u00e7oise Keller et les formatrices et formateurs de Concertience<\/p>\n\n\n\n<figure class=\"wp-block-image\"><img data-opt-id=1323996620  fetchpriority=\"high\" decoding=\"async\" width=\"317\" height=\"169\" src=\"https:\/\/mlkqhmyobbaq.i.optimole.com\/w:auto\/h:auto\/q:mauto\/ig:avif\/https:\/\/concertience.fr\/leblog\/wp-content\/uploads\/sites\/2\/2022\/07\/LogoQualiopi-150dpi-AvecMarianne.png\" alt=\"\" class=\"wp-image-1169\" srcset=\"https:\/\/mlkqhmyobbaq.i.optimole.com\/w:317\/h:169\/q:mauto\/ig:avif\/https:\/\/concertience.fr\/leblog\/wp-content\/uploads\/sites\/2\/2022\/07\/LogoQualiopi-150dpi-AvecMarianne.png 317w, https:\/\/mlkqhmyobbaq.i.optimole.com\/w:300\/h:160\/q:mauto\/ig:avif\/https:\/\/concertience.fr\/leblog\/wp-content\/uploads\/sites\/2\/2022\/07\/LogoQualiopi-150dpi-AvecMarianne.png 300w\" sizes=\"(max-width: 317px) 100vw, 317px\" \/><\/figure>\n\n\n\n<p>La certification qualit\u00e9 a \u00e9t\u00e9 d\u00e9livr\u00e9e au titre de la cat\u00e9gorie d\u2019actions suivantes : actions de formation.<\/p>\n\n\n\n<h2 class=\"wp-block-heading\">La CNV suspendue<\/h2>\n\n\n\n<p>Nous avons mis en place depuis plusieurs ann\u00e9es le syst\u00e8me de CNV suspendue, sur le mod\u00e8le des caf\u00e9s suspendus, pour faciliter l&rsquo;acc\u00e8s de nos formations \u00e0 toutes et tous. Nous aimons voir l&rsquo;argent comme une \u00e9nergie qui circule pour prendre soin des besoins de chacune et de chacun. Nous aimons \u00eatre cr\u00e9atifs ensemble pour \u00eatre le plus inclusif possible.<\/p>\n\n\n\n<figure class=\"wp-block-embed is-type-video is-provider-youtube wp-block-embed-youtube wp-embed-aspect-4-3 wp-has-aspect-ratio\"><div class=\"wp-block-embed__wrapper\">\n<iframe title=\"CNV Suspendue Concertience\" width=\"1200\" height=\"900\" src=\"https:\/\/www.youtube.com\/embed\/qvpWLR5S06E?feature=oembed\" frameborder=\"0\" allow=\"accelerometer; autoplay; clipboard-write; encrypted-media; gyroscope; picture-in-picture; web-share\" allowfullscreen><\/iframe>\n<\/div><\/figure>\n\n\n\n<p>Le montant de CNV suspendue re\u00e7u en 2022 est de 112,50 euros. Il a permis d&rsquo;offrir des r\u00e9ductions \u00e0 3 stagiaires.<\/p>\n\n\n\n<p>\u00c9TIQUETTES:&nbsp;<a href=\"https:\/\/concertience.fr\/leblog\/tag\/authenticite\/\">authenticit\u00e9<\/a>,&nbsp;<a href=\"https:\/\/concertience.fr\/leblog\/tag\/cnv\/\">CNV<\/a>,&nbsp;<a href=\"https:\/\/concertience.fr\/leblog\/tag\/communication-nonviolente\/\">Communication NonViolente<\/a>,&nbsp;<a href=\"https:\/\/concertience.fr\/leblog\/tag\/empathie-conversation\/\">empathie; conversation<\/a>,&nbsp;<a href=\"https:\/\/concertience.fr\/leblog\/tag\/emporwement\/\">emporwement<\/a>,&nbsp;<a href=\"https:\/\/concertience.fr\/leblog\/tag\/feedback\/\">feedback<\/a>,&nbsp;<a href=\"https:\/\/concertience.fr\/leblog\/tag\/leadership\/\">Leadership<\/a>,&nbsp;<a href=\"https:\/\/concertience.fr\/leblog\/tag\/qualiopi\/\">Qualiopi<\/a>,&nbsp;<a href=\"https:\/\/concertience.fr\/leblog\/tag\/qualite\/\">Qualit\u00e9<\/a><\/p>\n","protected":false},"excerpt":{"rendered":"<p>Les \u00e9valuations \u00e0 chaud 2022 fut une ann\u00e9e intense dans la coop\u00e9ration entre formateurs, avec nos clients et avec les personnes, stagiaires et personnes accompagn\u00e9es qui nous ont fait confiance. En particulier c&rsquo;est une grande joie de mesurer les relations de qualit\u00e9 qui existent depuis plusieurs ann\u00e9es avec certains clients, formateurs et partenaires. Pour l&rsquo;ann\u00e9e<a class=\"excerpt-read-more\" href=\"https:\/\/concertience.fr\/leblog\/les-indicateurs-qualite-concertience-2022\/\" title=\"ReadLes indicateurs qualit\u00e9 Concertience 2022\">&#8230; Lire plus &raquo;<\/a><\/p>\n","protected":false},"author":2,"featured_media":1224,"comment_status":"open","ping_status":"closed","sticky":false,"template":"","format":"standard","meta":{"footnotes":""},"categories":[3,119],"tags":[38,88,89],"class_list":["post-1218","post","type-post","status-publish","format-standard","has-post-thumbnail","hentry","category-actualites","category-qualite","tag-performance","tag-qualiopi","tag-qualite"],"yoast_head":"<!-- This site is optimized with the Yoast SEO plugin v27.5 - https:\/\/yoast.com\/product\/yoast-seo-wordpress\/ -->\n<title>Les indicateurs qualit\u00e9 Concertience 2022 - Le blog de Fran\u00e7oise Keller<\/title>\n<meta name=\"robots\" content=\"index, follow, max-snippet:-1, max-image-preview:large, max-video-preview:-1\" \/>\n<link rel=\"canonical\" href=\"https:\/\/concertience.fr\/leblog\/les-indicateurs-qualite-concertience-2022\/\" \/>\n<meta property=\"og:locale\" content=\"fr_FR\" \/>\n<meta property=\"og:type\" content=\"article\" \/>\n<meta property=\"og:title\" content=\"Les indicateurs qualit\u00e9 Concertience 2022 - Le blog de Fran\u00e7oise Keller\" \/>\n<meta property=\"og:description\" content=\"Les \u00e9valuations \u00e0 chaud 2022 fut une ann\u00e9e intense dans la coop\u00e9ration entre formateurs, avec nos clients et avec les personnes, stagiaires et personnes accompagn\u00e9es qui nous ont fait confiance. En particulier c&rsquo;est une grande joie de mesurer les relations de qualit\u00e9 qui existent depuis plusieurs ann\u00e9es avec certains clients, formateurs et partenaires. Pour l&rsquo;ann\u00e9e... Lire plus &raquo;\" \/>\n<meta property=\"og:url\" content=\"https:\/\/concertience.fr\/leblog\/les-indicateurs-qualite-concertience-2022\/\" \/>\n<meta property=\"og:site_name\" content=\"Le blog de Fran\u00e7oise Keller\" \/>\n<meta property=\"article:published_time\" content=\"2023-05-26T10:35:59+00:00\" \/>\n<meta property=\"article:modified_time\" content=\"2024-03-28T15:45:57+00:00\" \/>\n<meta property=\"og:image\" content=\"https:\/\/mlkqhmyobbaq.i.optimole.com\/w:auto\/h:auto\/q:mauto\/ig:avif\/https:\/\/concertience.fr\/leblog\/wp-content\/uploads\/sites\/2\/2023\/05\/paint-ge98351d6b_1280.jpeg\" \/>\n\t<meta property=\"og:image:width\" content=\"1280\" \/>\n\t<meta property=\"og:image:height\" content=\"853\" \/>\n\t<meta property=\"og:image:type\" content=\"image\/jpeg\" \/>\n<meta name=\"author\" content=\"francoisesiteweb\" \/>\n<meta name=\"twitter:card\" content=\"summary_large_image\" \/>\n<meta name=\"twitter:label1\" content=\"\u00c9crit par\" \/>\n\t<meta name=\"twitter:data1\" content=\"francoisesiteweb\" \/>\n\t<meta name=\"twitter:label2\" content=\"Dur\u00e9e de lecture estim\u00e9e\" \/>\n\t<meta name=\"twitter:data2\" content=\"3 minutes\" \/>\n<script type=\"application\/ld+json\" class=\"yoast-schema-graph\">{\"@context\":\"https:\\\/\\\/schema.org\",\"@graph\":[{\"@type\":\"Article\",\"@id\":\"https:\\\/\\\/concertience.fr\\\/leblog\\\/les-indicateurs-qualite-concertience-2022\\\/#article\",\"isPartOf\":{\"@id\":\"https:\\\/\\\/concertience.fr\\\/leblog\\\/les-indicateurs-qualite-concertience-2022\\\/\"},\"author\":{\"name\":\"francoisesiteweb\",\"@id\":\"https:\\\/\\\/concertience.fr\\\/leblog\\\/#\\\/schema\\\/person\\\/a8a3ffb4a05b55c3e77e954cd93c49d8\"},\"headline\":\"Les indicateurs qualit\u00e9 Concertience 2022\",\"datePublished\":\"2023-05-26T10:35:59+00:00\",\"dateModified\":\"2024-03-28T15:45:57+00:00\",\"mainEntityOfPage\":{\"@id\":\"https:\\\/\\\/concertience.fr\\\/leblog\\\/les-indicateurs-qualite-concertience-2022\\\/\"},\"wordCount\":498,\"commentCount\":0,\"image\":{\"@id\":\"https:\\\/\\\/concertience.fr\\\/leblog\\\/les-indicateurs-qualite-concertience-2022\\\/#primaryimage\"},\"thumbnailUrl\":\"https:\\/\\/concertience.fr\\/leblog\\/wp-content\\/uploads\\/sites\\/2\\/2023\\/05\\/paint-ge98351d6b_1280.jpeg\",\"keywords\":[\"Performance\",\"Qualiopi\",\"Qualit\u00e9\"],\"articleSection\":[\"Actualit\u00e9s\",\"Qualit\u00e9\"],\"inLanguage\":\"fr-FR\",\"potentialAction\":[{\"@type\":\"CommentAction\",\"name\":\"Comment\",\"target\":[\"https:\\\/\\\/concertience.fr\\\/leblog\\\/les-indicateurs-qualite-concertience-2022\\\/#respond\"]}]},{\"@type\":\"WebPage\",\"@id\":\"https:\\\/\\\/concertience.fr\\\/leblog\\\/les-indicateurs-qualite-concertience-2022\\\/\",\"url\":\"https:\\\/\\\/concertience.fr\\\/leblog\\\/les-indicateurs-qualite-concertience-2022\\\/\",\"name\":\"Les indicateurs qualit\u00e9 Concertience 2022 - Le blog de Fran\u00e7oise Keller\",\"isPartOf\":{\"@id\":\"https:\\\/\\\/concertience.fr\\\/leblog\\\/#website\"},\"primaryImageOfPage\":{\"@id\":\"https:\\\/\\\/concertience.fr\\\/leblog\\\/les-indicateurs-qualite-concertience-2022\\\/#primaryimage\"},\"image\":{\"@id\":\"https:\\\/\\\/concertience.fr\\\/leblog\\\/les-indicateurs-qualite-concertience-2022\\\/#primaryimage\"},\"thumbnailUrl\":\"https:\\/\\/concertience.fr\\/leblog\\/wp-content\\/uploads\\/sites\\/2\\/2023\\/05\\/paint-ge98351d6b_1280.jpeg\",\"datePublished\":\"2023-05-26T10:35:59+00:00\",\"dateModified\":\"2024-03-28T15:45:57+00:00\",\"author\":{\"@id\":\"https:\\\/\\\/concertience.fr\\\/leblog\\\/#\\\/schema\\\/person\\\/a8a3ffb4a05b55c3e77e954cd93c49d8\"},\"breadcrumb\":{\"@id\":\"https:\\\/\\\/concertience.fr\\\/leblog\\\/les-indicateurs-qualite-concertience-2022\\\/#breadcrumb\"},\"inLanguage\":\"fr-FR\",\"potentialAction\":[{\"@type\":\"ReadAction\",\"target\":[\"https:\\\/\\\/concertience.fr\\\/leblog\\\/les-indicateurs-qualite-concertience-2022\\\/\"]}]},{\"@type\":\"ImageObject\",\"inLanguage\":\"fr-FR\",\"@id\":\"https:\\\/\\\/concertience.fr\\\/leblog\\\/les-indicateurs-qualite-concertience-2022\\\/#primaryimage\",\"url\":\"https:\\/\\/concertience.fr\\/leblog\\/wp-content\\/uploads\\/sites\\/2\\/2023\\/05\\/paint-ge98351d6b_1280.jpeg\",\"contentUrl\":\"https:\\/\\/concertience.fr\\/leblog\\/wp-content\\/uploads\\/sites\\/2\\/2023\\/05\\/paint-ge98351d6b_1280.jpeg\",\"width\":1280,\"height\":853},{\"@type\":\"BreadcrumbList\",\"@id\":\"https:\\\/\\\/concertience.fr\\\/leblog\\\/les-indicateurs-qualite-concertience-2022\\\/#breadcrumb\",\"itemListElement\":[{\"@type\":\"ListItem\",\"position\":1,\"name\":\"Accueil\",\"item\":\"https:\\\/\\\/concertience.fr\\\/leblog\\\/\"},{\"@type\":\"ListItem\",\"position\":2,\"name\":\"Actualit\u00e9s\",\"item\":\"https:\\\/\\\/concertience.fr\\\/leblog\\\/actualites\\\/\"},{\"@type\":\"ListItem\",\"position\":3,\"name\":\"Les indicateurs qualit\u00e9 Concertience 2022\"}]},{\"@type\":\"WebSite\",\"@id\":\"https:\\\/\\\/concertience.fr\\\/leblog\\\/#website\",\"url\":\"https:\\\/\\\/concertience.fr\\\/leblog\\\/\",\"name\":\"Le blog de Fran\u00e7oise Keller\",\"description\":\"Le blog de Fran\u00e7oise Keller, Concertience\",\"potentialAction\":[{\"@type\":\"SearchAction\",\"target\":{\"@type\":\"EntryPoint\",\"urlTemplate\":\"https:\\\/\\\/concertience.fr\\\/leblog\\\/?s={search_term_string}\"},\"query-input\":{\"@type\":\"PropertyValueSpecification\",\"valueRequired\":true,\"valueName\":\"search_term_string\"}}],\"inLanguage\":\"fr-FR\"},{\"@type\":\"Person\",\"@id\":\"https:\\\/\\\/concertience.fr\\\/leblog\\\/#\\\/schema\\\/person\\\/a8a3ffb4a05b55c3e77e954cd93c49d8\",\"name\":\"francoisesiteweb\"}]}<\/script>\n<!-- \/ Yoast SEO plugin. -->","yoast_head_json":{"title":"Les indicateurs qualit\u00e9 Concertience 2022 - Le blog de Fran\u00e7oise Keller","robots":{"index":"index","follow":"follow","max-snippet":"max-snippet:-1","max-image-preview":"max-image-preview:large","max-video-preview":"max-video-preview:-1"},"canonical":"https:\/\/concertience.fr\/leblog\/les-indicateurs-qualite-concertience-2022\/","og_locale":"fr_FR","og_type":"article","og_title":"Les indicateurs qualit\u00e9 Concertience 2022 - Le blog de Fran\u00e7oise Keller","og_description":"Les \u00e9valuations \u00e0 chaud 2022 fut une ann\u00e9e intense dans la coop\u00e9ration entre formateurs, avec nos clients et avec les personnes, stagiaires et personnes accompagn\u00e9es qui nous ont fait confiance. En particulier c&rsquo;est une grande joie de mesurer les relations de qualit\u00e9 qui existent depuis plusieurs ann\u00e9es avec certains clients, formateurs et partenaires. Pour l&rsquo;ann\u00e9e... Lire plus &raquo;","og_url":"https:\/\/concertience.fr\/leblog\/les-indicateurs-qualite-concertience-2022\/","og_site_name":"Le blog de Fran\u00e7oise Keller","article_published_time":"2023-05-26T10:35:59+00:00","article_modified_time":"2024-03-28T15:45:57+00:00","og_image":[{"width":1280,"height":853,"url":"https:\/\/mlkqhmyobbaq.i.optimole.com\/w:auto\/h:auto\/q:mauto\/ig:avif\/https:\/\/concertience.fr\/leblog\/wp-content\/uploads\/sites\/2\/2023\/05\/paint-ge98351d6b_1280.jpeg","type":"image\/jpeg"}],"author":"francoisesiteweb","twitter_card":"summary_large_image","twitter_misc":{"\u00c9crit par":"francoisesiteweb","Dur\u00e9e de lecture estim\u00e9e":"3 minutes"},"schema":{"@context":"https:\/\/schema.org","@graph":[{"@type":"Article","@id":"https:\/\/concertience.fr\/leblog\/les-indicateurs-qualite-concertience-2022\/#article","isPartOf":{"@id":"https:\/\/concertience.fr\/leblog\/les-indicateurs-qualite-concertience-2022\/"},"author":{"name":"francoisesiteweb","@id":"https:\/\/concertience.fr\/leblog\/#\/schema\/person\/a8a3ffb4a05b55c3e77e954cd93c49d8"},"headline":"Les indicateurs qualit\u00e9 Concertience 2022","datePublished":"2023-05-26T10:35:59+00:00","dateModified":"2024-03-28T15:45:57+00:00","mainEntityOfPage":{"@id":"https:\/\/concertience.fr\/leblog\/les-indicateurs-qualite-concertience-2022\/"},"wordCount":498,"commentCount":0,"image":{"@id":"https:\/\/concertience.fr\/leblog\/les-indicateurs-qualite-concertience-2022\/#primaryimage"},"thumbnailUrl":"https:\/\/mlkqhmyobbaq.i.optimole.com\/w:auto\/h:auto\/q:mauto\/ig:avif\/https:\/\/concertience.fr\/leblog\/wp-content\/uploads\/sites\/2\/2023\/05\/paint-ge98351d6b_1280.jpeg","keywords":["Performance","Qualiopi","Qualit\u00e9"],"articleSection":["Actualit\u00e9s","Qualit\u00e9"],"inLanguage":"fr-FR","potentialAction":[{"@type":"CommentAction","name":"Comment","target":["https:\/\/concertience.fr\/leblog\/les-indicateurs-qualite-concertience-2022\/#respond"]}]},{"@type":"WebPage","@id":"https:\/\/concertience.fr\/leblog\/les-indicateurs-qualite-concertience-2022\/","url":"https:\/\/concertience.fr\/leblog\/les-indicateurs-qualite-concertience-2022\/","name":"Les indicateurs qualit\u00e9 Concertience 2022 - Le blog de Fran\u00e7oise Keller","isPartOf":{"@id":"https:\/\/concertience.fr\/leblog\/#website"},"primaryImageOfPage":{"@id":"https:\/\/concertience.fr\/leblog\/les-indicateurs-qualite-concertience-2022\/#primaryimage"},"image":{"@id":"https:\/\/concertience.fr\/leblog\/les-indicateurs-qualite-concertience-2022\/#primaryimage"},"thumbnailUrl":"https:\/\/mlkqhmyobbaq.i.optimole.com\/w:auto\/h:auto\/q:mauto\/ig:avif\/https:\/\/concertience.fr\/leblog\/wp-content\/uploads\/sites\/2\/2023\/05\/paint-ge98351d6b_1280.jpeg","datePublished":"2023-05-26T10:35:59+00:00","dateModified":"2024-03-28T15:45:57+00:00","author":{"@id":"https:\/\/concertience.fr\/leblog\/#\/schema\/person\/a8a3ffb4a05b55c3e77e954cd93c49d8"},"breadcrumb":{"@id":"https:\/\/concertience.fr\/leblog\/les-indicateurs-qualite-concertience-2022\/#breadcrumb"},"inLanguage":"fr-FR","potentialAction":[{"@type":"ReadAction","target":["https:\/\/concertience.fr\/leblog\/les-indicateurs-qualite-concertience-2022\/"]}]},{"@type":"ImageObject","inLanguage":"fr-FR","@id":"https:\/\/concertience.fr\/leblog\/les-indicateurs-qualite-concertience-2022\/#primaryimage","url":"https:\/\/mlkqhmyobbaq.i.optimole.com\/w:auto\/h:auto\/q:mauto\/ig:avif\/https:\/\/concertience.fr\/leblog\/wp-content\/uploads\/sites\/2\/2023\/05\/paint-ge98351d6b_1280.jpeg","contentUrl":"https:\/\/mlkqhmyobbaq.i.optimole.com\/w:auto\/h:auto\/q:mauto\/ig:avif\/https:\/\/concertience.fr\/leblog\/wp-content\/uploads\/sites\/2\/2023\/05\/paint-ge98351d6b_1280.jpeg","width":1280,"height":853},{"@type":"BreadcrumbList","@id":"https:\/\/concertience.fr\/leblog\/les-indicateurs-qualite-concertience-2022\/#breadcrumb","itemListElement":[{"@type":"ListItem","position":1,"name":"Accueil","item":"https:\/\/concertience.fr\/leblog\/"},{"@type":"ListItem","position":2,"name":"Actualit\u00e9s","item":"https:\/\/concertience.fr\/leblog\/actualites\/"},{"@type":"ListItem","position":3,"name":"Les indicateurs qualit\u00e9 Concertience 2022"}]},{"@type":"WebSite","@id":"https:\/\/concertience.fr\/leblog\/#website","url":"https:\/\/concertience.fr\/leblog\/","name":"Le blog de Fran\u00e7oise Keller","description":"Le blog de Fran\u00e7oise Keller, Concertience","potentialAction":[{"@type":"SearchAction","target":{"@type":"EntryPoint","urlTemplate":"https:\/\/concertience.fr\/leblog\/?s={search_term_string}"},"query-input":{"@type":"PropertyValueSpecification","valueRequired":true,"valueName":"search_term_string"}}],"inLanguage":"fr-FR"},{"@type":"Person","@id":"https:\/\/concertience.fr\/leblog\/#\/schema\/person\/a8a3ffb4a05b55c3e77e954cd93c49d8","name":"francoisesiteweb"}]}},"_links":{"self":[{"href":"https:\/\/concertience.fr\/leblog\/wp-json\/wp\/v2\/posts\/1218","targetHints":{"allow":["GET"]}}],"collection":[{"href":"https:\/\/concertience.fr\/leblog\/wp-json\/wp\/v2\/posts"}],"about":[{"href":"https:\/\/concertience.fr\/leblog\/wp-json\/wp\/v2\/types\/post"}],"author":[{"embeddable":true,"href":"https:\/\/concertience.fr\/leblog\/wp-json\/wp\/v2\/users\/2"}],"replies":[{"embeddable":true,"href":"https:\/\/concertience.fr\/leblog\/wp-json\/wp\/v2\/comments?post=1218"}],"version-history":[{"count":5,"href":"https:\/\/concertience.fr\/leblog\/wp-json\/wp\/v2\/posts\/1218\/revisions"}],"predecessor-version":[{"id":1278,"href":"https:\/\/concertience.fr\/leblog\/wp-json\/wp\/v2\/posts\/1218\/revisions\/1278"}],"wp:featuredmedia":[{"embeddable":true,"href":"https:\/\/concertience.fr\/leblog\/wp-json\/wp\/v2\/media\/1224"}],"wp:attachment":[{"href":"https:\/\/concertience.fr\/leblog\/wp-json\/wp\/v2\/media?parent=1218"}],"wp:term":[{"taxonomy":"category","embeddable":true,"href":"https:\/\/concertience.fr\/leblog\/wp-json\/wp\/v2\/categories?post=1218"},{"taxonomy":"post_tag","embeddable":true,"href":"https:\/\/concertience.fr\/leblog\/wp-json\/wp\/v2\/tags?post=1218"}],"curies":[{"name":"wp","href":"https:\/\/api.w.org\/{rel}","templated":true}]}}