{"id":1177,"date":"2022-08-22T11:32:16","date_gmt":"2022-08-22T09:32:16","guid":{"rendered":"https:\/\/concertience.fr\/leblog\/?p=1177"},"modified":"2023-07-12T19:28:11","modified_gmt":"2023-07-12T17:28:11","slug":"la-puissance-de-la-gratitude-dans-nos-engagements-24-25-novembre-2022","status":"publish","type":"post","link":"https:\/\/concertience.fr\/leblog\/la-puissance-de-la-gratitude-dans-nos-engagements-24-25-novembre-2022\/","title":{"rendered":"La puissance de la gratitude dans nos engagements"},"content":{"rendered":"\n<p>Cela fait plusieurs ann\u00e9es que je tiens \u00e0 proposer les modules \u00ab\u00a0Essentiels\u00a0\u00bb de la Communication NonViolente, en lien avec nos engagements professionnels et citoyens et les enjeux de \u00ab\u00a0changement social\u00a0\u00bb. C&rsquo;est le cas en particulier du module que je propose sur la gratitude.<\/p>\n\n\n\n<figure class=\"wp-block-image size-full\"><img data-opt-id=403461100  fetchpriority=\"high\" decoding=\"async\" width=\"940\" height=\"788\" src=\"https:\/\/mlkqhmyobbaq.i.optimole.com\/w:auto\/h:auto\/q:mauto\/ig:avif\/https:\/\/concertience.fr\/leblog\/wp-content\/uploads\/sites\/2\/2022\/08\/Gratitude-Publications-2.jpg\" alt=\"\" class=\"wp-image-1178\" srcset=\"https:\/\/mlkqhmyobbaq.i.optimole.com\/w:940\/h:788\/q:mauto\/ig:avif\/https:\/\/concertience.fr\/leblog\/wp-content\/uploads\/sites\/2\/2022\/08\/Gratitude-Publications-2.jpg 940w, https:\/\/mlkqhmyobbaq.i.optimole.com\/w:300\/h:251\/q:mauto\/ig:avif\/https:\/\/concertience.fr\/leblog\/wp-content\/uploads\/sites\/2\/2022\/08\/Gratitude-Publications-2.jpg 300w, https:\/\/mlkqhmyobbaq.i.optimole.com\/w:768\/h:644\/q:mauto\/ig:avif\/https:\/\/concertience.fr\/leblog\/wp-content\/uploads\/sites\/2\/2022\/08\/Gratitude-Publications-2.jpg 768w\" sizes=\"(max-width: 940px) 100vw, 940px\" \/><\/figure>\n\n\n\n<h2 class=\"wp-block-heading\">Au commencement, la gratitude et la c\u00e9l\u00e9bration<\/h2>\n\n\n\n<p>Je suis touch\u00e9e d&rsquo;observer que, dans toutes les traditions spirituelles et sous des formes vari\u00e9es, le premier mouvement, le commencement c&rsquo;est la gratitude, la c\u00e9l\u00e9bration, dire \u00ab\u00a0merci\u00a0\u00bb. Pour moi, qui ait l&rsquo;art de voir tout ce qui ne va pas, c&rsquo;est une habitude qui a besoin d&rsquo;\u00eatre cultiv\u00e9e et travaill\u00e9e, comme la pratique de l&rsquo;archet pour le violoniste.<\/p>\n\n\n\n<p>Je propose donc dans ce stage diff\u00e9rentes mani\u00e8res de cultiver la gratitude dans son quotidien et dans ses engagements professionnels et citoyens.<\/p>\n\n\n\n<h2 class=\"wp-block-heading\">Il y a des \u00ab\u00a0merci\u00a0\u00bb qui nourrissent et d&rsquo;autres pas&#8230;<\/h2>\n\n\n\n<p>Nous avons tous l&rsquo;exp\u00e9rience d&rsquo;avoir v\u00e9cu des \u00ab\u00a0merci\u00a0\u00bb qui ont \u00e9t\u00e9 significatifs et inspirants pour nous et d&rsquo;avoir aussi eu du mal \u00e0 appr\u00e9cier certains remerciements. S&rsquo;il est si difficile d&rsquo;accueillir un remerciement (\u00ab\u00a0de rien\u00a0\u00bb, \u00ab\u00a0il ne fallait pas\u00a0\u00bb, \u00ab\u00a0c&rsquo;est bien normal c&rsquo;est mon m\u00e9tier\u00a0\u00bb) c&rsquo;est que nous avons besoin de cultiver notre capacit\u00e9 \u00e0 recevoir un \u00ab\u00a0merci\u00a0\u00bb et \u00e0 vivre des \u00ab\u00a0merci\u00a0\u00bb qui sont nourrissants pour celui qui les exprime, pour celui qui les re\u00e7oit et pour nos relations.<\/p>\n\n\n\n<p>La Communication NonViolente apporte des clefs essentielles pour vivre des gratitudes authentiques, constructives et nourrissantes. Nous exp\u00e9rimenterons cela de fa\u00e7on concr\u00e8te et puissante.<\/p>\n\n\n\n<h2 class=\"wp-block-heading\">Agir \u00e0 partir de l&rsquo;\u00e9nergie de la gratitude<\/h2>\n\n\n\n<p>Cela fait plusieurs ann\u00e9es que j&rsquo;exp\u00e9rimente combien la gratitude est un levier puissant pour l&rsquo;action, le pouvoir d&rsquo;agir et l&#8217;empowerment et je vous proposerai plusieurs pratiques pour vivre cela, en individuel et dans les collectifs. Plus je pratique la Communication NonViolente et plus je commence \u00e0 comprendre pourquoi pour Marshall B Rosenberg, c\u00e9l\u00e9brations et deuils font partie du m\u00eame mouvement. L&rsquo;ampleur des changements et des enjeux actuels (transition \u00e9cologique, justice sociale, r\u00e9conciliations et paix durable etc.) nous demande de l&rsquo;\u00e9nergie et des ressources int\u00e9rieures. Je vous proposerai des pratiques qui vous aideront \u00e0 cultiver votre \u00e9nergie et votre \u00e9lan et \u00e0 encourager celles des personnes qui sont avec vous.<\/p>\n\n\n\n<h2 class=\"wp-block-heading\">Donner envie aux autres de nous rejoindre<\/h2>\n\n\n\n<p>Je suis r\u00e9guli\u00e8rement saisie de voir combien il est difficile d&rsquo;\u00eatre motiv\u00e9 sur un sujet, un enjeu ET en m\u00eame temps de donner envie aux autres de nous rejoindre sur ce sujet, cet enjeu. Or cet aspect me semble essentiel pour les ann\u00e9es \u00e0 venir et dans la pratique de la Communication NonViolente. La gratitude est une des pratiques qui permet cela. Comment, avec int\u00e9grit\u00e9, exprimer ce qui est pr\u00e9cieux pour nous, formuler des besoins \u00ab\u00a0en plein\u00a0\u00bb et augmenter nos chances que d&rsquo;autres nous rejoignent ?<\/p>\n\n\n\n<p class=\"has-text-align-right\">Fran\u00e7oise Keller<\/p>\n\n\n\n<div class=\"wp-block-buttons is-layout-flex wp-block-buttons-is-layout-flex\">\n<div class=\"wp-block-button\"><a class=\"wp-block-button__link wp-element-button\">Contact et inscription<\/a><\/div>\n<\/div>\n\n\n\n<h2 class=\"wp-block-heading\">Quelques ressources pour mieux conna\u00eetre ma vision de ce stage<\/h2>\n\n\n\n<iframe allowfullscreen=\"\" width=\"100%\" height=\"140px\" src=\"https:\/\/www.rcf.fr\/\/vie-spirituelle\/inspiration-rcf-lyon\/embed?episodeId=201701\"><\/iframe>\n\n\n\n<hr class=\"wp-block-separator has-alpha-channel-opacity\"\/>\n\n\n\n\n\n<p><a href=\"https:\/\/boutique.rcf.fr\/cd-a-la-demande\/19671-comment-faire-le-bon-choix-2-2-scruter-le-critere-de-la-joie.html\" target=\"_blank\" rel=\"noreferrer noopener\">CD : discerner en scrutant la joie<\/a><\/p>\n","protected":false},"excerpt":{"rendered":"<p>Cela fait plusieurs ann\u00e9es que je tiens \u00e0 proposer les modules \u00ab\u00a0Essentiels\u00a0\u00bb de la Communication NonViolente, en lien avec nos engagements professionnels et citoyens et les enjeux de \u00ab\u00a0changement social\u00a0\u00bb. C&rsquo;est le cas en particulier du module que je propose sur la gratitude. Au commencement, la gratitude et la c\u00e9l\u00e9bration Je suis touch\u00e9e d&rsquo;observer que,<a class=\"excerpt-read-more\" href=\"https:\/\/concertience.fr\/leblog\/la-puissance-de-la-gratitude-dans-nos-engagements-24-25-novembre-2022\/\" title=\"ReadLa puissance de la gratitude dans nos engagements\">&#8230; Lire plus &raquo;<\/a><\/p>\n","protected":false},"author":2,"featured_media":0,"comment_status":"open","ping_status":"closed","sticky":false,"template":"","format":"standard","meta":{"footnotes":""},"categories":[3,4],"tags":[7,50,10,97,104],"class_list":["post-1177","post","type-post","status-publish","format-standard","hentry","category-actualites","category-notre-offre-de-formation","tag-cnv","tag-cnv-au-travail","tag-communication-nonviolente","tag-emporwement","tag-gratitude"],"yoast_head":"<!-- This site is optimized with the Yoast SEO plugin v27.5 - https:\/\/yoast.com\/product\/yoast-seo-wordpress\/ -->\n<title>La puissance de la gratitude dans nos engagements - Le blog de Fran\u00e7oise Keller<\/title>\n<meta name=\"robots\" content=\"index, follow, max-snippet:-1, max-image-preview:large, max-video-preview:-1\" \/>\n<link rel=\"canonical\" href=\"https:\/\/concertience.fr\/leblog\/la-puissance-de-la-gratitude-dans-nos-engagements-24-25-novembre-2022\/\" \/>\n<meta property=\"og:locale\" content=\"fr_FR\" \/>\n<meta property=\"og:type\" content=\"article\" \/>\n<meta property=\"og:title\" content=\"La puissance de la gratitude dans nos engagements - Le blog de Fran\u00e7oise Keller\" \/>\n<meta property=\"og:description\" content=\"Cela fait plusieurs ann\u00e9es que je tiens \u00e0 proposer les modules \u00ab\u00a0Essentiels\u00a0\u00bb de la Communication NonViolente, en lien avec nos engagements professionnels et citoyens et les enjeux de \u00ab\u00a0changement social\u00a0\u00bb. C&rsquo;est le cas en particulier du module que je propose sur la gratitude. Au commencement, la gratitude et la c\u00e9l\u00e9bration Je suis touch\u00e9e d&rsquo;observer que,... Lire plus &raquo;\" \/>\n<meta property=\"og:url\" content=\"https:\/\/concertience.fr\/leblog\/la-puissance-de-la-gratitude-dans-nos-engagements-24-25-novembre-2022\/\" \/>\n<meta property=\"og:site_name\" content=\"Le blog de Fran\u00e7oise Keller\" \/>\n<meta property=\"article:published_time\" content=\"2022-08-22T09:32:16+00:00\" \/>\n<meta property=\"article:modified_time\" content=\"2023-07-12T17:28:11+00:00\" \/>\n<meta property=\"og:image\" content=\"https:\/\/mlkqhmyobbaq.i.optimole.com\/w:auto\/h:auto\/q:mauto\/ig:avif\/https:\/\/concertience.fr\/leblog\/wp-content\/uploads\/sites\/2\/2022\/08\/Gratitude-Publications-2.jpg\" \/>\n<meta name=\"author\" content=\"francoisesiteweb\" \/>\n<meta name=\"twitter:card\" content=\"summary_large_image\" \/>\n<meta name=\"twitter:label1\" content=\"\u00c9crit par\" \/>\n\t<meta name=\"twitter:data1\" content=\"francoisesiteweb\" \/>\n\t<meta name=\"twitter:label2\" content=\"Dur\u00e9e de lecture estim\u00e9e\" \/>\n\t<meta name=\"twitter:data2\" content=\"3 minutes\" \/>\n<script type=\"application\/ld+json\" class=\"yoast-schema-graph\">{\"@context\":\"https:\\\/\\\/schema.org\",\"@graph\":[{\"@type\":\"Article\",\"@id\":\"https:\\\/\\\/concertience.fr\\\/leblog\\\/la-puissance-de-la-gratitude-dans-nos-engagements-24-25-novembre-2022\\\/#article\",\"isPartOf\":{\"@id\":\"https:\\\/\\\/concertience.fr\\\/leblog\\\/la-puissance-de-la-gratitude-dans-nos-engagements-24-25-novembre-2022\\\/\"},\"author\":{\"name\":\"francoisesiteweb\",\"@id\":\"https:\\\/\\\/concertience.fr\\\/leblog\\\/#\\\/schema\\\/person\\\/a8a3ffb4a05b55c3e77e954cd93c49d8\"},\"headline\":\"La puissance de la gratitude dans nos engagements\",\"datePublished\":\"2022-08-22T09:32:16+00:00\",\"dateModified\":\"2023-07-12T17:28:11+00:00\",\"mainEntityOfPage\":{\"@id\":\"https:\\\/\\\/concertience.fr\\\/leblog\\\/la-puissance-de-la-gratitude-dans-nos-engagements-24-25-novembre-2022\\\/\"},\"wordCount\":531,\"commentCount\":0,\"image\":{\"@id\":\"https:\\\/\\\/concertience.fr\\\/leblog\\\/la-puissance-de-la-gratitude-dans-nos-engagements-24-25-novembre-2022\\\/#primaryimage\"},\"thumbnailUrl\":\"https:\\/\\/concertience.fr\\/leblog\\/wp-content\\/uploads\\/sites\\/2\\/2022\\/08\\/Gratitude-Publications-2.jpg\",\"keywords\":[\"CNV\",\"CNV au travail\",\"Communication NonViolente\",\"Emporwement\",\"Gratitude\"],\"articleSection\":[\"Actualit\u00e9s\",\"Notre offre de formation\"],\"inLanguage\":\"fr-FR\",\"potentialAction\":[{\"@type\":\"CommentAction\",\"name\":\"Comment\",\"target\":[\"https:\\\/\\\/concertience.fr\\\/leblog\\\/la-puissance-de-la-gratitude-dans-nos-engagements-24-25-novembre-2022\\\/#respond\"]}]},{\"@type\":\"WebPage\",\"@id\":\"https:\\\/\\\/concertience.fr\\\/leblog\\\/la-puissance-de-la-gratitude-dans-nos-engagements-24-25-novembre-2022\\\/\",\"url\":\"https:\\\/\\\/concertience.fr\\\/leblog\\\/la-puissance-de-la-gratitude-dans-nos-engagements-24-25-novembre-2022\\\/\",\"name\":\"La puissance de la gratitude dans nos engagements - Le blog de Fran\u00e7oise Keller\",\"isPartOf\":{\"@id\":\"https:\\\/\\\/concertience.fr\\\/leblog\\\/#website\"},\"primaryImageOfPage\":{\"@id\":\"https:\\\/\\\/concertience.fr\\\/leblog\\\/la-puissance-de-la-gratitude-dans-nos-engagements-24-25-novembre-2022\\\/#primaryimage\"},\"image\":{\"@id\":\"https:\\\/\\\/concertience.fr\\\/leblog\\\/la-puissance-de-la-gratitude-dans-nos-engagements-24-25-novembre-2022\\\/#primaryimage\"},\"thumbnailUrl\":\"https:\\/\\/concertience.fr\\/leblog\\/wp-content\\/uploads\\/sites\\/2\\/2022\\/08\\/Gratitude-Publications-2.jpg\",\"datePublished\":\"2022-08-22T09:32:16+00:00\",\"dateModified\":\"2023-07-12T17:28:11+00:00\",\"author\":{\"@id\":\"https:\\\/\\\/concertience.fr\\\/leblog\\\/#\\\/schema\\\/person\\\/a8a3ffb4a05b55c3e77e954cd93c49d8\"},\"breadcrumb\":{\"@id\":\"https:\\\/\\\/concertience.fr\\\/leblog\\\/la-puissance-de-la-gratitude-dans-nos-engagements-24-25-novembre-2022\\\/#breadcrumb\"},\"inLanguage\":\"fr-FR\",\"potentialAction\":[{\"@type\":\"ReadAction\",\"target\":[\"https:\\\/\\\/concertience.fr\\\/leblog\\\/la-puissance-de-la-gratitude-dans-nos-engagements-24-25-novembre-2022\\\/\"]}]},{\"@type\":\"ImageObject\",\"inLanguage\":\"fr-FR\",\"@id\":\"https:\\\/\\\/concertience.fr\\\/leblog\\\/la-puissance-de-la-gratitude-dans-nos-engagements-24-25-novembre-2022\\\/#primaryimage\",\"url\":\"https:\\/\\/concertience.fr\\/leblog\\/wp-content\\/uploads\\/sites\\/2\\/2022\\/08\\/Gratitude-Publications-2.jpg\",\"contentUrl\":\"https:\\/\\/concertience.fr\\/leblog\\/wp-content\\/uploads\\/sites\\/2\\/2022\\/08\\/Gratitude-Publications-2.jpg\",\"width\":940,\"height\":788},{\"@type\":\"BreadcrumbList\",\"@id\":\"https:\\\/\\\/concertience.fr\\\/leblog\\\/la-puissance-de-la-gratitude-dans-nos-engagements-24-25-novembre-2022\\\/#breadcrumb\",\"itemListElement\":[{\"@type\":\"ListItem\",\"position\":1,\"name\":\"Accueil\",\"item\":\"https:\\\/\\\/concertience.fr\\\/leblog\\\/\"},{\"@type\":\"ListItem\",\"position\":2,\"name\":\"Actualit\u00e9s\",\"item\":\"https:\\\/\\\/concertience.fr\\\/leblog\\\/actualites\\\/\"},{\"@type\":\"ListItem\",\"position\":3,\"name\":\"La puissance de la gratitude dans nos engagements\"}]},{\"@type\":\"WebSite\",\"@id\":\"https:\\\/\\\/concertience.fr\\\/leblog\\\/#website\",\"url\":\"https:\\\/\\\/concertience.fr\\\/leblog\\\/\",\"name\":\"Le blog de Fran\u00e7oise Keller\",\"description\":\"Le blog de Fran\u00e7oise Keller, Concertience\",\"potentialAction\":[{\"@type\":\"SearchAction\",\"target\":{\"@type\":\"EntryPoint\",\"urlTemplate\":\"https:\\\/\\\/concertience.fr\\\/leblog\\\/?s={search_term_string}\"},\"query-input\":{\"@type\":\"PropertyValueSpecification\",\"valueRequired\":true,\"valueName\":\"search_term_string\"}}],\"inLanguage\":\"fr-FR\"},{\"@type\":\"Person\",\"@id\":\"https:\\\/\\\/concertience.fr\\\/leblog\\\/#\\\/schema\\\/person\\\/a8a3ffb4a05b55c3e77e954cd93c49d8\",\"name\":\"francoisesiteweb\"}]}<\/script>\n<!-- \/ Yoast SEO plugin. -->","yoast_head_json":{"title":"La puissance de la gratitude dans nos engagements - Le blog de Fran\u00e7oise Keller","robots":{"index":"index","follow":"follow","max-snippet":"max-snippet:-1","max-image-preview":"max-image-preview:large","max-video-preview":"max-video-preview:-1"},"canonical":"https:\/\/concertience.fr\/leblog\/la-puissance-de-la-gratitude-dans-nos-engagements-24-25-novembre-2022\/","og_locale":"fr_FR","og_type":"article","og_title":"La puissance de la gratitude dans nos engagements - Le blog de Fran\u00e7oise Keller","og_description":"Cela fait plusieurs ann\u00e9es que je tiens \u00e0 proposer les modules \u00ab\u00a0Essentiels\u00a0\u00bb de la Communication NonViolente, en lien avec nos engagements professionnels et citoyens et les enjeux de \u00ab\u00a0changement social\u00a0\u00bb. C&rsquo;est le cas en particulier du module que je propose sur la gratitude. Au commencement, la gratitude et la c\u00e9l\u00e9bration Je suis touch\u00e9e d&rsquo;observer que,... Lire plus &raquo;","og_url":"https:\/\/concertience.fr\/leblog\/la-puissance-de-la-gratitude-dans-nos-engagements-24-25-novembre-2022\/","og_site_name":"Le blog de Fran\u00e7oise Keller","article_published_time":"2022-08-22T09:32:16+00:00","article_modified_time":"2023-07-12T17:28:11+00:00","og_image":[{"url":"https:\/\/mlkqhmyobbaq.i.optimole.com\/w:auto\/h:auto\/q:mauto\/ig:avif\/https:\/\/concertience.fr\/leblog\/wp-content\/uploads\/sites\/2\/2022\/08\/Gratitude-Publications-2.jpg","type":"","width":"","height":""}],"author":"francoisesiteweb","twitter_card":"summary_large_image","twitter_misc":{"\u00c9crit par":"francoisesiteweb","Dur\u00e9e de lecture estim\u00e9e":"3 minutes"},"schema":{"@context":"https:\/\/schema.org","@graph":[{"@type":"Article","@id":"https:\/\/concertience.fr\/leblog\/la-puissance-de-la-gratitude-dans-nos-engagements-24-25-novembre-2022\/#article","isPartOf":{"@id":"https:\/\/concertience.fr\/leblog\/la-puissance-de-la-gratitude-dans-nos-engagements-24-25-novembre-2022\/"},"author":{"name":"francoisesiteweb","@id":"https:\/\/concertience.fr\/leblog\/#\/schema\/person\/a8a3ffb4a05b55c3e77e954cd93c49d8"},"headline":"La puissance de la gratitude dans nos engagements","datePublished":"2022-08-22T09:32:16+00:00","dateModified":"2023-07-12T17:28:11+00:00","mainEntityOfPage":{"@id":"https:\/\/concertience.fr\/leblog\/la-puissance-de-la-gratitude-dans-nos-engagements-24-25-novembre-2022\/"},"wordCount":531,"commentCount":0,"image":{"@id":"https:\/\/concertience.fr\/leblog\/la-puissance-de-la-gratitude-dans-nos-engagements-24-25-novembre-2022\/#primaryimage"},"thumbnailUrl":"https:\/\/mlkqhmyobbaq.i.optimole.com\/w:auto\/h:auto\/q:mauto\/ig:avif\/https:\/\/concertience.fr\/leblog\/wp-content\/uploads\/sites\/2\/2022\/08\/Gratitude-Publications-2.jpg","keywords":["CNV","CNV au travail","Communication NonViolente","Emporwement","Gratitude"],"articleSection":["Actualit\u00e9s","Notre offre de formation"],"inLanguage":"fr-FR","potentialAction":[{"@type":"CommentAction","name":"Comment","target":["https:\/\/concertience.fr\/leblog\/la-puissance-de-la-gratitude-dans-nos-engagements-24-25-novembre-2022\/#respond"]}]},{"@type":"WebPage","@id":"https:\/\/concertience.fr\/leblog\/la-puissance-de-la-gratitude-dans-nos-engagements-24-25-novembre-2022\/","url":"https:\/\/concertience.fr\/leblog\/la-puissance-de-la-gratitude-dans-nos-engagements-24-25-novembre-2022\/","name":"La puissance de la gratitude dans nos engagements - Le blog de Fran\u00e7oise Keller","isPartOf":{"@id":"https:\/\/concertience.fr\/leblog\/#website"},"primaryImageOfPage":{"@id":"https:\/\/concertience.fr\/leblog\/la-puissance-de-la-gratitude-dans-nos-engagements-24-25-novembre-2022\/#primaryimage"},"image":{"@id":"https:\/\/concertience.fr\/leblog\/la-puissance-de-la-gratitude-dans-nos-engagements-24-25-novembre-2022\/#primaryimage"},"thumbnailUrl":"https:\/\/mlkqhmyobbaq.i.optimole.com\/w:auto\/h:auto\/q:mauto\/ig:avif\/https:\/\/concertience.fr\/leblog\/wp-content\/uploads\/sites\/2\/2022\/08\/Gratitude-Publications-2.jpg","datePublished":"2022-08-22T09:32:16+00:00","dateModified":"2023-07-12T17:28:11+00:00","author":{"@id":"https:\/\/concertience.fr\/leblog\/#\/schema\/person\/a8a3ffb4a05b55c3e77e954cd93c49d8"},"breadcrumb":{"@id":"https:\/\/concertience.fr\/leblog\/la-puissance-de-la-gratitude-dans-nos-engagements-24-25-novembre-2022\/#breadcrumb"},"inLanguage":"fr-FR","potentialAction":[{"@type":"ReadAction","target":["https:\/\/concertience.fr\/leblog\/la-puissance-de-la-gratitude-dans-nos-engagements-24-25-novembre-2022\/"]}]},{"@type":"ImageObject","inLanguage":"fr-FR","@id":"https:\/\/concertience.fr\/leblog\/la-puissance-de-la-gratitude-dans-nos-engagements-24-25-novembre-2022\/#primaryimage","url":"https:\/\/mlkqhmyobbaq.i.optimole.com\/w:auto\/h:auto\/q:mauto\/ig:avif\/https:\/\/concertience.fr\/leblog\/wp-content\/uploads\/sites\/2\/2022\/08\/Gratitude-Publications-2.jpg","contentUrl":"https:\/\/mlkqhmyobbaq.i.optimole.com\/w:auto\/h:auto\/q:mauto\/ig:avif\/https:\/\/concertience.fr\/leblog\/wp-content\/uploads\/sites\/2\/2022\/08\/Gratitude-Publications-2.jpg","width":940,"height":788},{"@type":"BreadcrumbList","@id":"https:\/\/concertience.fr\/leblog\/la-puissance-de-la-gratitude-dans-nos-engagements-24-25-novembre-2022\/#breadcrumb","itemListElement":[{"@type":"ListItem","position":1,"name":"Accueil","item":"https:\/\/concertience.fr\/leblog\/"},{"@type":"ListItem","position":2,"name":"Actualit\u00e9s","item":"https:\/\/concertience.fr\/leblog\/actualites\/"},{"@type":"ListItem","position":3,"name":"La puissance de la gratitude dans nos engagements"}]},{"@type":"WebSite","@id":"https:\/\/concertience.fr\/leblog\/#website","url":"https:\/\/concertience.fr\/leblog\/","name":"Le blog de Fran\u00e7oise Keller","description":"Le blog de Fran\u00e7oise Keller, Concertience","potentialAction":[{"@type":"SearchAction","target":{"@type":"EntryPoint","urlTemplate":"https:\/\/concertience.fr\/leblog\/?s={search_term_string}"},"query-input":{"@type":"PropertyValueSpecification","valueRequired":true,"valueName":"search_term_string"}}],"inLanguage":"fr-FR"},{"@type":"Person","@id":"https:\/\/concertience.fr\/leblog\/#\/schema\/person\/a8a3ffb4a05b55c3e77e954cd93c49d8","name":"francoisesiteweb"}]}},"_links":{"self":[{"href":"https:\/\/concertience.fr\/leblog\/wp-json\/wp\/v2\/posts\/1177","targetHints":{"allow":["GET"]}}],"collection":[{"href":"https:\/\/concertience.fr\/leblog\/wp-json\/wp\/v2\/posts"}],"about":[{"href":"https:\/\/concertience.fr\/leblog\/wp-json\/wp\/v2\/types\/post"}],"author":[{"embeddable":true,"href":"https:\/\/concertience.fr\/leblog\/wp-json\/wp\/v2\/users\/2"}],"replies":[{"embeddable":true,"href":"https:\/\/concertience.fr\/leblog\/wp-json\/wp\/v2\/comments?post=1177"}],"version-history":[{"count":8,"href":"https:\/\/concertience.fr\/leblog\/wp-json\/wp\/v2\/posts\/1177\/revisions"}],"predecessor-version":[{"id":1264,"href":"https:\/\/concertience.fr\/leblog\/wp-json\/wp\/v2\/posts\/1177\/revisions\/1264"}],"wp:attachment":[{"href":"https:\/\/concertience.fr\/leblog\/wp-json\/wp\/v2\/media?parent=1177"}],"wp:term":[{"taxonomy":"category","embeddable":true,"href":"https:\/\/concertience.fr\/leblog\/wp-json\/wp\/v2\/categories?post=1177"},{"taxonomy":"post_tag","embeddable":true,"href":"https:\/\/concertience.fr\/leblog\/wp-json\/wp\/v2\/tags?post=1177"}],"curies":[{"name":"wp","href":"https:\/\/api.w.org\/{rel}","templated":true}]}}