{"id":1144,"date":"2022-02-11T11:40:00","date_gmt":"2022-02-11T10:40:00","guid":{"rendered":"https:\/\/concertience.fr\/leblog\/?p=1144"},"modified":"2024-03-28T16:49:55","modified_gmt":"2024-03-28T15:49:55","slug":"les-indicateurs-qualite-de-concertience-2021","status":"publish","type":"post","link":"https:\/\/concertience.fr\/leblog\/les-indicateurs-qualite-de-concertience-2021\/","title":{"rendered":"Les indicateurs qualit\u00e9 de Concertience 2021"},"content":{"rendered":"<div class=\"wp-block-image\">\n<figure class=\"aligncenter size-medium\"><img data-opt-id=613059204  fetchpriority=\"high\" decoding=\"async\" width=\"300\" height=\"300\" src=\"https:\/\/mlkqhmyobbaq.i.optimole.com\/w:300\/h:300\/q:mauto\/ig:avif\/https:\/\/concertience.fr\/leblog\/wp-content\/uploads\/sites\/2\/2022\/06\/Qualite-Concertience.jpg\" alt=\"\" class=\"wp-image-1145\" srcset=\"https:\/\/mlkqhmyobbaq.i.optimole.com\/w:300\/h:300\/q:mauto\/ig:avif\/https:\/\/concertience.fr\/leblog\/wp-content\/uploads\/sites\/2\/2022\/06\/Qualite-Concertience.jpg 300w, https:\/\/mlkqhmyobbaq.i.optimole.com\/w:1024\/h:1024\/q:mauto\/ig:avif\/https:\/\/concertience.fr\/leblog\/wp-content\/uploads\/sites\/2\/2022\/06\/Qualite-Concertience.jpg 1024w, https:\/\/mlkqhmyobbaq.i.optimole.com\/w:150\/h:150\/q:mauto\/ig:avif\/https:\/\/concertience.fr\/leblog\/wp-content\/uploads\/sites\/2\/2022\/06\/Qualite-Concertience.jpg 150w, https:\/\/mlkqhmyobbaq.i.optimole.com\/w:768\/h:768\/q:mauto\/ig:avif\/https:\/\/concertience.fr\/leblog\/wp-content\/uploads\/sites\/2\/2022\/06\/Qualite-Concertience.jpg 768w, https:\/\/mlkqhmyobbaq.i.optimole.com\/w:1080\/h:1080\/q:mauto\/ig:avif\/https:\/\/concertience.fr\/leblog\/wp-content\/uploads\/sites\/2\/2022\/06\/Qualite-Concertience.jpg 1536w, https:\/\/mlkqhmyobbaq.i.optimole.com\/w:1080\/h:1080\/q:mauto\/ig:avif\/https:\/\/concertience.fr\/leblog\/wp-content\/uploads\/sites\/2\/2022\/06\/Qualite-Concertience.jpg 2048w, https:\/\/mlkqhmyobbaq.i.optimole.com\/w:125\/h:125\/q:mauto\/ig:avif\/dpr:2\/https:\/\/concertience.fr\/leblog\/wp-content\/uploads\/sites\/2\/2022\/06\/Qualite-Concertience.jpg 125w\" sizes=\"(max-width: 300px) 100vw, 300px\" \/><\/figure>\n<\/div>\n\n\n<p>C&rsquo;est avec joie et reconnaissance que nous mesurons l&rsquo;engagement des formatrices de Concertience, des stagiaires et des clients, qui font que les formations que nous avons anim\u00e9es en 2021 ont grandement satisfait les stagiaires et les formatrices, malgr\u00e9 un contexte compliqu\u00e9. C&rsquo;est une immense c\u00e9l\u00e9bration qui nous donne de l&rsquo;\u00e9nergie et de la confiance pour continuer \u00e0 offrir ce que nous aimons offrir !<\/p>\n\n\n\n<p>373 stagiaires ont r\u00e9pondu \u00e0 notre questionnaire d&rsquo;\u00e9valuation de formation \u00e0 chaud, en fin de formation :<\/p>\n\n\n\n<ul class=\"wp-block-list\"><li>Concernant l&rsquo;observation en fin de formation de <strong>l&rsquo;ad\u00e9quation de la formation aux attentes du stagiaire<\/strong> : 95 % sont satisfaits et tr\u00e8s satisfaits ; 5% sont mitig\u00e9s et 0% sont insatisfaits<\/li><li>Concernant l&rsquo;observation des <strong>m\u00e9thodes p\u00e9dagogiques et de la dur\u00e9e <\/strong>: 92 % sont satisfaits et tr\u00e8s satisfaits ; 5% sont mitig\u00e9s et 0% sont insatisfaits<\/li><li>Concernant l&rsquo;observation des <strong>apprentissages du stagiaire pendant la formation<\/strong> : 92% sont satisfaits et tr\u00e8s satisfaits ; 8% sont mitig\u00e9s et 0% sont insatisfaits<\/li><\/ul>\n\n\n\n<p>Sur la question de l&#8217;employabilit\u00e9 128 stagiaires ont r\u00e9pondu dont 91% expriment que cette formation favorise leur employabilit\u00e9 et 9% expriment que cette formation ne favorise pas leur employabilit\u00e9.<\/p>\n\n\n\n<p>Nous continuerons \u00e0 mettre toute notre \u00e9nergie et nos comp\u00e9tences pour accompagner chacune et chacun dans ce chemin de transformation int\u00e9rieure, interpersonnelle, syst\u00e9mique et durable bien au del\u00e0 du temps de formation !<\/p>\n\n\n\n<p>Vos retours nous sont pr\u00e9cieux et nous remercions chacune et chacun pour votre authenticit\u00e9, vos c\u00e9l\u00e9brations et vos suggestions d&rsquo;am\u00e9lioration !<\/p>\n\n\n\n<p>Fran\u00e7oise Keller et les formatrices de Concertience<\/p>\n\n\n<div class=\"wp-block-image\">\n<figure class=\"aligncenter size-full\"><img data-opt-id=1323996620  fetchpriority=\"high\" decoding=\"async\" width=\"317\" height=\"169\" src=\"https:\/\/mlkqhmyobbaq.i.optimole.com\/w:auto\/h:auto\/q:mauto\/ig:avif\/https:\/\/concertience.fr\/leblog\/wp-content\/uploads\/sites\/2\/2022\/07\/LogoQualiopi-150dpi-AvecMarianne.png\" alt=\"\" class=\"wp-image-1169\" srcset=\"https:\/\/mlkqhmyobbaq.i.optimole.com\/w:317\/h:169\/q:mauto\/ig:avif\/https:\/\/concertience.fr\/leblog\/wp-content\/uploads\/sites\/2\/2022\/07\/LogoQualiopi-150dpi-AvecMarianne.png 317w, https:\/\/mlkqhmyobbaq.i.optimole.com\/w:300\/h:160\/q:mauto\/ig:avif\/https:\/\/concertience.fr\/leblog\/wp-content\/uploads\/sites\/2\/2022\/07\/LogoQualiopi-150dpi-AvecMarianne.png 300w\" sizes=\"(max-width: 317px) 100vw, 317px\" \/><\/figure>\n<\/div>\n\n\n<p class=\"has-text-align-center\">La certification qualit\u00e9 a \u00e9t\u00e9 d\u00e9livr\u00e9e<br>au titre de la cat\u00e9gorie<br>d\u2019actions suivantes :<br>actions de formation.<\/p>\n","protected":false},"excerpt":{"rendered":"<p>C&rsquo;est avec joie et reconnaissance que nous mesurons l&rsquo;engagement des formatrices de Concertience, des stagiaires et des clients, qui font que les formations que nous avons anim\u00e9es en 2021 ont grandement satisfait les stagiaires et les formatrices, malgr\u00e9 un contexte compliqu\u00e9. C&rsquo;est une immense c\u00e9l\u00e9bration qui nous donne de l&rsquo;\u00e9nergie et de la confiance pour<a class=\"excerpt-read-more\" href=\"https:\/\/concertience.fr\/leblog\/les-indicateurs-qualite-de-concertience-2021\/\" title=\"ReadLes indicateurs qualit\u00e9 de Concertience 2021\">&#8230; Lire plus &raquo;<\/a><\/p>\n","protected":false},"author":2,"featured_media":1145,"comment_status":"open","ping_status":"closed","sticky":false,"template":"","format":"standard","meta":{"footnotes":""},"categories":[3,119],"tags":[38,88,89],"class_list":["post-1144","post","type-post","status-publish","format-standard","has-post-thumbnail","hentry","category-actualites","category-qualite","tag-performance","tag-qualiopi","tag-qualite"],"yoast_head":"<!-- This site is optimized with the Yoast SEO plugin v27.5 - https:\/\/yoast.com\/product\/yoast-seo-wordpress\/ -->\n<title>Les indicateurs qualit\u00e9 de Concertience 2021 - Le blog de Fran\u00e7oise Keller<\/title>\n<meta name=\"robots\" content=\"index, follow, max-snippet:-1, max-image-preview:large, max-video-preview:-1\" \/>\n<link rel=\"canonical\" href=\"https:\/\/concertience.fr\/leblog\/les-indicateurs-qualite-de-concertience-2021\/\" \/>\n<meta property=\"og:locale\" content=\"fr_FR\" \/>\n<meta property=\"og:type\" content=\"article\" \/>\n<meta property=\"og:title\" content=\"Les indicateurs qualit\u00e9 de Concertience 2021 - Le blog de Fran\u00e7oise Keller\" \/>\n<meta property=\"og:description\" content=\"C&rsquo;est avec joie et reconnaissance que nous mesurons l&rsquo;engagement des formatrices de Concertience, des stagiaires et des clients, qui font que les formations que nous avons anim\u00e9es en 2021 ont grandement satisfait les stagiaires et les formatrices, malgr\u00e9 un contexte compliqu\u00e9. C&rsquo;est une immense c\u00e9l\u00e9bration qui nous donne de l&rsquo;\u00e9nergie et de la confiance pour... Lire plus &raquo;\" \/>\n<meta property=\"og:url\" content=\"https:\/\/concertience.fr\/leblog\/les-indicateurs-qualite-de-concertience-2021\/\" \/>\n<meta property=\"og:site_name\" content=\"Le blog de Fran\u00e7oise Keller\" \/>\n<meta property=\"article:published_time\" content=\"2022-02-11T10:40:00+00:00\" \/>\n<meta property=\"article:modified_time\" content=\"2024-03-28T15:49:55+00:00\" \/>\n<meta property=\"og:image\" content=\"https:\/\/mlkqhmyobbaq.i.optimole.com\/w:auto\/h:auto\/q:mauto\/ig:avif\/https:\/\/concertience.fr\/leblog\/wp-content\/uploads\/sites\/2\/2022\/06\/Qualite-Concertience.jpg\" \/>\n\t<meta property=\"og:image:width\" content=\"2048\" \/>\n\t<meta property=\"og:image:height\" content=\"2048\" \/>\n\t<meta property=\"og:image:type\" content=\"image\/jpeg\" \/>\n<meta name=\"author\" content=\"francoisesiteweb\" \/>\n<meta name=\"twitter:card\" content=\"summary_large_image\" \/>\n<meta name=\"twitter:label1\" content=\"\u00c9crit par\" \/>\n\t<meta name=\"twitter:data1\" content=\"francoisesiteweb\" \/>\n\t<meta name=\"twitter:label2\" content=\"Dur\u00e9e de lecture estim\u00e9e\" \/>\n\t<meta name=\"twitter:data2\" content=\"2 minutes\" \/>\n<script type=\"application\/ld+json\" class=\"yoast-schema-graph\">{\"@context\":\"https:\\\/\\\/schema.org\",\"@graph\":[{\"@type\":\"Article\",\"@id\":\"https:\\\/\\\/concertience.fr\\\/leblog\\\/les-indicateurs-qualite-de-concertience-2021\\\/#article\",\"isPartOf\":{\"@id\":\"https:\\\/\\\/concertience.fr\\\/leblog\\\/les-indicateurs-qualite-de-concertience-2021\\\/\"},\"author\":{\"name\":\"francoisesiteweb\",\"@id\":\"https:\\\/\\\/concertience.fr\\\/leblog\\\/#\\\/schema\\\/person\\\/a8a3ffb4a05b55c3e77e954cd93c49d8\"},\"headline\":\"Les indicateurs qualit\u00e9 de Concertience 2021\",\"datePublished\":\"2022-02-11T10:40:00+00:00\",\"dateModified\":\"2024-03-28T15:49:55+00:00\",\"mainEntityOfPage\":{\"@id\":\"https:\\\/\\\/concertience.fr\\\/leblog\\\/les-indicateurs-qualite-de-concertience-2021\\\/\"},\"wordCount\":278,\"commentCount\":0,\"image\":{\"@id\":\"https:\\\/\\\/concertience.fr\\\/leblog\\\/les-indicateurs-qualite-de-concertience-2021\\\/#primaryimage\"},\"thumbnailUrl\":\"https:\\/\\/concertience.fr\\/leblog\\/wp-content\\/uploads\\/sites\\/2\\/2022\\/06\\/Qualite-Concertience.jpg\",\"keywords\":[\"Performance\",\"Qualiopi\",\"Qualit\u00e9\"],\"articleSection\":[\"Actualit\u00e9s\",\"Qualit\u00e9\"],\"inLanguage\":\"fr-FR\",\"potentialAction\":[{\"@type\":\"CommentAction\",\"name\":\"Comment\",\"target\":[\"https:\\\/\\\/concertience.fr\\\/leblog\\\/les-indicateurs-qualite-de-concertience-2021\\\/#respond\"]}]},{\"@type\":\"WebPage\",\"@id\":\"https:\\\/\\\/concertience.fr\\\/leblog\\\/les-indicateurs-qualite-de-concertience-2021\\\/\",\"url\":\"https:\\\/\\\/concertience.fr\\\/leblog\\\/les-indicateurs-qualite-de-concertience-2021\\\/\",\"name\":\"Les indicateurs qualit\u00e9 de Concertience 2021 - Le blog de Fran\u00e7oise Keller\",\"isPartOf\":{\"@id\":\"https:\\\/\\\/concertience.fr\\\/leblog\\\/#website\"},\"primaryImageOfPage\":{\"@id\":\"https:\\\/\\\/concertience.fr\\\/leblog\\\/les-indicateurs-qualite-de-concertience-2021\\\/#primaryimage\"},\"image\":{\"@id\":\"https:\\\/\\\/concertience.fr\\\/leblog\\\/les-indicateurs-qualite-de-concertience-2021\\\/#primaryimage\"},\"thumbnailUrl\":\"https:\\/\\/concertience.fr\\/leblog\\/wp-content\\/uploads\\/sites\\/2\\/2022\\/06\\/Qualite-Concertience.jpg\",\"datePublished\":\"2022-02-11T10:40:00+00:00\",\"dateModified\":\"2024-03-28T15:49:55+00:00\",\"author\":{\"@id\":\"https:\\\/\\\/concertience.fr\\\/leblog\\\/#\\\/schema\\\/person\\\/a8a3ffb4a05b55c3e77e954cd93c49d8\"},\"breadcrumb\":{\"@id\":\"https:\\\/\\\/concertience.fr\\\/leblog\\\/les-indicateurs-qualite-de-concertience-2021\\\/#breadcrumb\"},\"inLanguage\":\"fr-FR\",\"potentialAction\":[{\"@type\":\"ReadAction\",\"target\":[\"https:\\\/\\\/concertience.fr\\\/leblog\\\/les-indicateurs-qualite-de-concertience-2021\\\/\"]}]},{\"@type\":\"ImageObject\",\"inLanguage\":\"fr-FR\",\"@id\":\"https:\\\/\\\/concertience.fr\\\/leblog\\\/les-indicateurs-qualite-de-concertience-2021\\\/#primaryimage\",\"url\":\"https:\\/\\/concertience.fr\\/leblog\\/wp-content\\/uploads\\/sites\\/2\\/2022\\/06\\/Qualite-Concertience.jpg\",\"contentUrl\":\"https:\\/\\/concertience.fr\\/leblog\\/wp-content\\/uploads\\/sites\\/2\\/2022\\/06\\/Qualite-Concertience.jpg\",\"width\":2048,\"height\":2048},{\"@type\":\"BreadcrumbList\",\"@id\":\"https:\\\/\\\/concertience.fr\\\/leblog\\\/les-indicateurs-qualite-de-concertience-2021\\\/#breadcrumb\",\"itemListElement\":[{\"@type\":\"ListItem\",\"position\":1,\"name\":\"Accueil\",\"item\":\"https:\\\/\\\/concertience.fr\\\/leblog\\\/\"},{\"@type\":\"ListItem\",\"position\":2,\"name\":\"Actualit\u00e9s\",\"item\":\"https:\\\/\\\/concertience.fr\\\/leblog\\\/actualites\\\/\"},{\"@type\":\"ListItem\",\"position\":3,\"name\":\"Les indicateurs qualit\u00e9 de Concertience 2021\"}]},{\"@type\":\"WebSite\",\"@id\":\"https:\\\/\\\/concertience.fr\\\/leblog\\\/#website\",\"url\":\"https:\\\/\\\/concertience.fr\\\/leblog\\\/\",\"name\":\"Le blog de Fran\u00e7oise Keller\",\"description\":\"Le blog de Fran\u00e7oise Keller, Concertience\",\"potentialAction\":[{\"@type\":\"SearchAction\",\"target\":{\"@type\":\"EntryPoint\",\"urlTemplate\":\"https:\\\/\\\/concertience.fr\\\/leblog\\\/?s={search_term_string}\"},\"query-input\":{\"@type\":\"PropertyValueSpecification\",\"valueRequired\":true,\"valueName\":\"search_term_string\"}}],\"inLanguage\":\"fr-FR\"},{\"@type\":\"Person\",\"@id\":\"https:\\\/\\\/concertience.fr\\\/leblog\\\/#\\\/schema\\\/person\\\/a8a3ffb4a05b55c3e77e954cd93c49d8\",\"name\":\"francoisesiteweb\"}]}<\/script>\n<!-- \/ Yoast SEO plugin. -->","yoast_head_json":{"title":"Les indicateurs qualit\u00e9 de Concertience 2021 - Le blog de Fran\u00e7oise Keller","robots":{"index":"index","follow":"follow","max-snippet":"max-snippet:-1","max-image-preview":"max-image-preview:large","max-video-preview":"max-video-preview:-1"},"canonical":"https:\/\/concertience.fr\/leblog\/les-indicateurs-qualite-de-concertience-2021\/","og_locale":"fr_FR","og_type":"article","og_title":"Les indicateurs qualit\u00e9 de Concertience 2021 - Le blog de Fran\u00e7oise Keller","og_description":"C&rsquo;est avec joie et reconnaissance que nous mesurons l&rsquo;engagement des formatrices de Concertience, des stagiaires et des clients, qui font que les formations que nous avons anim\u00e9es en 2021 ont grandement satisfait les stagiaires et les formatrices, malgr\u00e9 un contexte compliqu\u00e9. C&rsquo;est une immense c\u00e9l\u00e9bration qui nous donne de l&rsquo;\u00e9nergie et de la confiance pour... Lire plus &raquo;","og_url":"https:\/\/concertience.fr\/leblog\/les-indicateurs-qualite-de-concertience-2021\/","og_site_name":"Le blog de Fran\u00e7oise Keller","article_published_time":"2022-02-11T10:40:00+00:00","article_modified_time":"2024-03-28T15:49:55+00:00","og_image":[{"width":2048,"height":2048,"url":"https:\/\/mlkqhmyobbaq.i.optimole.com\/w:auto\/h:auto\/q:mauto\/ig:avif\/https:\/\/concertience.fr\/leblog\/wp-content\/uploads\/sites\/2\/2022\/06\/Qualite-Concertience.jpg","type":"image\/jpeg"}],"author":"francoisesiteweb","twitter_card":"summary_large_image","twitter_misc":{"\u00c9crit par":"francoisesiteweb","Dur\u00e9e de lecture estim\u00e9e":"2 minutes"},"schema":{"@context":"https:\/\/schema.org","@graph":[{"@type":"Article","@id":"https:\/\/concertience.fr\/leblog\/les-indicateurs-qualite-de-concertience-2021\/#article","isPartOf":{"@id":"https:\/\/concertience.fr\/leblog\/les-indicateurs-qualite-de-concertience-2021\/"},"author":{"name":"francoisesiteweb","@id":"https:\/\/concertience.fr\/leblog\/#\/schema\/person\/a8a3ffb4a05b55c3e77e954cd93c49d8"},"headline":"Les indicateurs qualit\u00e9 de Concertience 2021","datePublished":"2022-02-11T10:40:00+00:00","dateModified":"2024-03-28T15:49:55+00:00","mainEntityOfPage":{"@id":"https:\/\/concertience.fr\/leblog\/les-indicateurs-qualite-de-concertience-2021\/"},"wordCount":278,"commentCount":0,"image":{"@id":"https:\/\/concertience.fr\/leblog\/les-indicateurs-qualite-de-concertience-2021\/#primaryimage"},"thumbnailUrl":"https:\/\/mlkqhmyobbaq.i.optimole.com\/w:auto\/h:auto\/q:mauto\/ig:avif\/https:\/\/concertience.fr\/leblog\/wp-content\/uploads\/sites\/2\/2022\/06\/Qualite-Concertience.jpg","keywords":["Performance","Qualiopi","Qualit\u00e9"],"articleSection":["Actualit\u00e9s","Qualit\u00e9"],"inLanguage":"fr-FR","potentialAction":[{"@type":"CommentAction","name":"Comment","target":["https:\/\/concertience.fr\/leblog\/les-indicateurs-qualite-de-concertience-2021\/#respond"]}]},{"@type":"WebPage","@id":"https:\/\/concertience.fr\/leblog\/les-indicateurs-qualite-de-concertience-2021\/","url":"https:\/\/concertience.fr\/leblog\/les-indicateurs-qualite-de-concertience-2021\/","name":"Les indicateurs qualit\u00e9 de Concertience 2021 - Le blog de Fran\u00e7oise Keller","isPartOf":{"@id":"https:\/\/concertience.fr\/leblog\/#website"},"primaryImageOfPage":{"@id":"https:\/\/concertience.fr\/leblog\/les-indicateurs-qualite-de-concertience-2021\/#primaryimage"},"image":{"@id":"https:\/\/concertience.fr\/leblog\/les-indicateurs-qualite-de-concertience-2021\/#primaryimage"},"thumbnailUrl":"https:\/\/mlkqhmyobbaq.i.optimole.com\/w:auto\/h:auto\/q:mauto\/ig:avif\/https:\/\/concertience.fr\/leblog\/wp-content\/uploads\/sites\/2\/2022\/06\/Qualite-Concertience.jpg","datePublished":"2022-02-11T10:40:00+00:00","dateModified":"2024-03-28T15:49:55+00:00","author":{"@id":"https:\/\/concertience.fr\/leblog\/#\/schema\/person\/a8a3ffb4a05b55c3e77e954cd93c49d8"},"breadcrumb":{"@id":"https:\/\/concertience.fr\/leblog\/les-indicateurs-qualite-de-concertience-2021\/#breadcrumb"},"inLanguage":"fr-FR","potentialAction":[{"@type":"ReadAction","target":["https:\/\/concertience.fr\/leblog\/les-indicateurs-qualite-de-concertience-2021\/"]}]},{"@type":"ImageObject","inLanguage":"fr-FR","@id":"https:\/\/concertience.fr\/leblog\/les-indicateurs-qualite-de-concertience-2021\/#primaryimage","url":"https:\/\/mlkqhmyobbaq.i.optimole.com\/w:auto\/h:auto\/q:mauto\/ig:avif\/https:\/\/concertience.fr\/leblog\/wp-content\/uploads\/sites\/2\/2022\/06\/Qualite-Concertience.jpg","contentUrl":"https:\/\/mlkqhmyobbaq.i.optimole.com\/w:auto\/h:auto\/q:mauto\/ig:avif\/https:\/\/concertience.fr\/leblog\/wp-content\/uploads\/sites\/2\/2022\/06\/Qualite-Concertience.jpg","width":2048,"height":2048},{"@type":"BreadcrumbList","@id":"https:\/\/concertience.fr\/leblog\/les-indicateurs-qualite-de-concertience-2021\/#breadcrumb","itemListElement":[{"@type":"ListItem","position":1,"name":"Accueil","item":"https:\/\/concertience.fr\/leblog\/"},{"@type":"ListItem","position":2,"name":"Actualit\u00e9s","item":"https:\/\/concertience.fr\/leblog\/actualites\/"},{"@type":"ListItem","position":3,"name":"Les indicateurs qualit\u00e9 de Concertience 2021"}]},{"@type":"WebSite","@id":"https:\/\/concertience.fr\/leblog\/#website","url":"https:\/\/concertience.fr\/leblog\/","name":"Le blog de Fran\u00e7oise Keller","description":"Le blog de Fran\u00e7oise Keller, Concertience","potentialAction":[{"@type":"SearchAction","target":{"@type":"EntryPoint","urlTemplate":"https:\/\/concertience.fr\/leblog\/?s={search_term_string}"},"query-input":{"@type":"PropertyValueSpecification","valueRequired":true,"valueName":"search_term_string"}}],"inLanguage":"fr-FR"},{"@type":"Person","@id":"https:\/\/concertience.fr\/leblog\/#\/schema\/person\/a8a3ffb4a05b55c3e77e954cd93c49d8","name":"francoisesiteweb"}]}},"_links":{"self":[{"href":"https:\/\/concertience.fr\/leblog\/wp-json\/wp\/v2\/posts\/1144","targetHints":{"allow":["GET"]}}],"collection":[{"href":"https:\/\/concertience.fr\/leblog\/wp-json\/wp\/v2\/posts"}],"about":[{"href":"https:\/\/concertience.fr\/leblog\/wp-json\/wp\/v2\/types\/post"}],"author":[{"embeddable":true,"href":"https:\/\/concertience.fr\/leblog\/wp-json\/wp\/v2\/users\/2"}],"replies":[{"embeddable":true,"href":"https:\/\/concertience.fr\/leblog\/wp-json\/wp\/v2\/comments?post=1144"}],"version-history":[{"count":5,"href":"https:\/\/concertience.fr\/leblog\/wp-json\/wp\/v2\/posts\/1144\/revisions"}],"predecessor-version":[{"id":1175,"href":"https:\/\/concertience.fr\/leblog\/wp-json\/wp\/v2\/posts\/1144\/revisions\/1175"}],"wp:featuredmedia":[{"embeddable":true,"href":"https:\/\/concertience.fr\/leblog\/wp-json\/wp\/v2\/media\/1145"}],"wp:attachment":[{"href":"https:\/\/concertience.fr\/leblog\/wp-json\/wp\/v2\/media?parent=1144"}],"wp:term":[{"taxonomy":"category","embeddable":true,"href":"https:\/\/concertience.fr\/leblog\/wp-json\/wp\/v2\/categories?post=1144"},{"taxonomy":"post_tag","embeddable":true,"href":"https:\/\/concertience.fr\/leblog\/wp-json\/wp\/v2\/tags?post=1144"}],"curies":[{"name":"wp","href":"https:\/\/api.w.org\/{rel}","templated":true}]}}