{"id":11,"date":"2019-09-16T15:45:28","date_gmt":"2019-09-16T13:45:28","guid":{"rendered":"https:\/\/concertience.fr\/leblog\/2019\/09\/16\/prochaine-conference-active-cnv-a-besancon-mercredi-25-septembre-2019\/"},"modified":"2020-03-27T17:55:53","modified_gmt":"2020-03-27T16:55:53","slug":"prochaine-conference-active-cnv-a-besancon-mercredi-25-septembre-2019","status":"publish","type":"post","link":"https:\/\/concertience.fr\/leblog\/prochaine-conference-active-cnv-a-besancon-mercredi-25-septembre-2019\/","title":{"rendered":"Prochaine conf\u00e9rence active CNV \u00e0 Besan\u00e7on mercredi 25 septembre 2019"},"content":{"rendered":"\n<div class=\"wp-block-image\"><figure class=\"aligncenter size-medium\"><img data-opt-id=2089485113  fetchpriority=\"high\" decoding=\"async\" width=\"212\" height=\"300\" src=\"https:\/\/mlkqhmyobbaq.i.optimole.com\/w:212\/h:300\/q:mauto\/ig:avif\/https:\/\/concertience.fr\/leblog\/wp-content\/uploads\/sites\/2\/2020\/03\/Besancon-CNV-F-Keller-2019.png\" alt=\"\" class=\"wp-image-476\" srcset=\"https:\/\/mlkqhmyobbaq.i.optimole.com\/w:212\/h:300\/q:mauto\/ig:avif\/https:\/\/concertience.fr\/leblog\/wp-content\/uploads\/sites\/2\/2020\/03\/Besancon-CNV-F-Keller-2019.png 212w, https:\/\/mlkqhmyobbaq.i.optimole.com\/w:576\/h:815\/q:mauto\/ig:avif\/https:\/\/concertience.fr\/leblog\/wp-content\/uploads\/sites\/2\/2020\/03\/Besancon-CNV-F-Keller-2019.png 576w\" sizes=\"(max-width: 212px) 100vw, 212px\" \/><\/figure><\/div>\n\n\n<p>Erika et Fran\u00e7oise, nous sommes tr\u00e8s heureuses d&rsquo;animer notre prochaine conf\u00e9rence active CNV \u00e0 Besan\u00e7on.<\/p>\n<p>Avec humour et tendresse, nous aborderons la question de nos relations dans notre quotidien : en famille, au travail, dans nos engagements citoyens avec ce th\u00e8me \u00ab\u00a0Et si on s&rsquo;\u00e9coutait pour de vrai ?\u00a0\u00bb.<\/p>\n<p>Si vous habitez dans la r\u00e9gion vous \u00eates bienvenus ! Pensez \u00e0 vous inscrire sur le <a title=\"Site d'inscription\" href=\"https:\/\/www.billetweb.fr\/conference-theatralisee-et-si-on-s-ecoutait-pour-de-vrai\">site d&rsquo;inscription<\/a><\/p>\n<p>\u00a0<\/p>\n<p>\u00a0<\/p>\n<p>\u00a0<\/p>\n<p>\u00a0<\/p>\n<p>\u00a0<\/p>\n<p>\u00a0<\/p>\n<p>\u00a0<\/p>\n<p>\u00a0<\/p>\n<p>\u00a0<\/p>\n<p>Les retours de notre derni\u00e8re conf\u00e9rence active CNV \u00a0:<\/p>\n<p>\u00ab\u00a0J\u2019ai \u00e9t\u00e9 vraiment tr\u00e8s touch\u00e9e et \u00e9mue de notre rencontre et de votre pr\u00e9sence, comme une gr\u00e2ce dans ce s\u00e9minaire.\u00a0\u00bb<\/p>\n<p>\u00ab\u00a0La notation globale de la session par les participants est exceptionnelle, \u00e0 9\/10.\u00a0Parmi les quelques s\u00e9quences marquantes cit\u00e9es, il y a la conf\u00e9rence CNV que vous avez faite avec Erika. Bravo et encore merci !\u00a0\u00bb<\/p>","protected":false},"excerpt":{"rendered":"<p>Erika et Fran\u00e7oise, nous sommes tr\u00e8s heureuses d&rsquo;animer notre prochaine conf\u00e9rence active CNV \u00e0 Besan\u00e7on. Avec humour et tendresse, nous aborderons la question de nos relations dans notre quotidien : en famille, au travail, dans nos engagements citoyens avec ce th\u00e8me \u00ab\u00a0Et si on s&rsquo;\u00e9coutait pour de vrai ?\u00a0\u00bb. Si vous habitez dans la r\u00e9gion<a class=\"excerpt-read-more\" href=\"https:\/\/concertience.fr\/leblog\/prochaine-conference-active-cnv-a-besancon-mercredi-25-septembre-2019\/\" title=\"ReadProchaine conf\u00e9rence active CNV \u00e0 Besan\u00e7on mercredi 25 septembre 2019\">&#8230; Lire plus &raquo;<\/a><\/p>\n","protected":false},"author":2,"featured_media":0,"comment_status":"open","ping_status":"closed","sticky":false,"template":"","format":"standard","meta":{"footnotes":""},"categories":[3,12],"tags":[7,73,8,11],"class_list":["post-11","post","type-post","status-publish","format-standard","hentry","category-actualites","category-notre-offre-de-conferences","tag-cnv","tag-conference-active-cnv","tag-non-violence","tag-paix"],"yoast_head":"<!-- This site is optimized with the Yoast SEO plugin v27.5 - https:\/\/yoast.com\/product\/yoast-seo-wordpress\/ -->\n<title>Prochaine conf\u00e9rence active CNV \u00e0 Besan\u00e7on mercredi 25 septembre 2019 - Le blog de Fran\u00e7oise Keller<\/title>\n<meta name=\"robots\" content=\"index, follow, max-snippet:-1, max-image-preview:large, max-video-preview:-1\" \/>\n<link rel=\"canonical\" href=\"https:\/\/concertience.fr\/leblog\/prochaine-conference-active-cnv-a-besancon-mercredi-25-septembre-2019\/\" \/>\n<meta property=\"og:locale\" content=\"fr_FR\" \/>\n<meta property=\"og:type\" content=\"article\" \/>\n<meta property=\"og:title\" content=\"Prochaine conf\u00e9rence active CNV \u00e0 Besan\u00e7on mercredi 25 septembre 2019 - Le blog de Fran\u00e7oise Keller\" \/>\n<meta property=\"og:description\" content=\"Erika et Fran\u00e7oise, nous sommes tr\u00e8s heureuses d&rsquo;animer notre prochaine conf\u00e9rence active CNV \u00e0 Besan\u00e7on. Avec humour et tendresse, nous aborderons la question de nos relations dans notre quotidien : en famille, au travail, dans nos engagements citoyens avec ce th\u00e8me \u00ab\u00a0Et si on s&rsquo;\u00e9coutait pour de vrai ?\u00a0\u00bb. Si vous habitez dans la r\u00e9gion... Lire plus &raquo;\" \/>\n<meta property=\"og:url\" content=\"https:\/\/concertience.fr\/leblog\/prochaine-conference-active-cnv-a-besancon-mercredi-25-septembre-2019\/\" \/>\n<meta property=\"og:site_name\" content=\"Le blog de Fran\u00e7oise Keller\" \/>\n<meta property=\"article:published_time\" content=\"2019-09-16T13:45:28+00:00\" \/>\n<meta property=\"article:modified_time\" content=\"2020-03-27T16:55:53+00:00\" \/>\n<meta property=\"og:image\" content=\"https:\/\/mlkqhmyobbaq.i.optimole.com\/w:212\/h:300\/q:mauto\/ig:avif\/https:\/\/concertience.fr\/leblog\/wp-content\/uploads\/sites\/2\/2020\/03\/Besancon-CNV-F-Keller-2019.png\" \/>\n<meta name=\"author\" content=\"francoisesiteweb\" \/>\n<meta name=\"twitter:card\" content=\"summary_large_image\" \/>\n<meta name=\"twitter:label1\" content=\"\u00c9crit par\" \/>\n\t<meta name=\"twitter:data1\" content=\"francoisesiteweb\" \/>\n\t<meta name=\"twitter:label2\" content=\"Dur\u00e9e de lecture estim\u00e9e\" \/>\n\t<meta name=\"twitter:data2\" content=\"1 minute\" \/>\n<script type=\"application\/ld+json\" class=\"yoast-schema-graph\">{\"@context\":\"https:\\\/\\\/schema.org\",\"@graph\":[{\"@type\":\"Article\",\"@id\":\"https:\\\/\\\/concertience.fr\\\/leblog\\\/prochaine-conference-active-cnv-a-besancon-mercredi-25-septembre-2019\\\/#article\",\"isPartOf\":{\"@id\":\"https:\\\/\\\/concertience.fr\\\/leblog\\\/prochaine-conference-active-cnv-a-besancon-mercredi-25-septembre-2019\\\/\"},\"author\":{\"name\":\"francoisesiteweb\",\"@id\":\"https:\\\/\\\/concertience.fr\\\/leblog\\\/#\\\/schema\\\/person\\\/a8a3ffb4a05b55c3e77e954cd93c49d8\"},\"headline\":\"Prochaine conf\u00e9rence active CNV \u00e0 Besan\u00e7on mercredi 25 septembre 2019\",\"datePublished\":\"2019-09-16T13:45:28+00:00\",\"dateModified\":\"2020-03-27T16:55:53+00:00\",\"mainEntityOfPage\":{\"@id\":\"https:\\\/\\\/concertience.fr\\\/leblog\\\/prochaine-conference-active-cnv-a-besancon-mercredi-25-septembre-2019\\\/\"},\"wordCount\":152,\"commentCount\":0,\"image\":{\"@id\":\"https:\\\/\\\/concertience.fr\\\/leblog\\\/prochaine-conference-active-cnv-a-besancon-mercredi-25-septembre-2019\\\/#primaryimage\"},\"thumbnailUrl\":\"https:\\/\\/concertience.fr\\/leblog\\/wp-content\\/uploads\\/sites\\/2\\/2020\\/03\\/Besancon-CNV-F-Keller-2019-212x300.png\",\"keywords\":[\"CNV\",\"Conf\u00e9rence active CNV\",\"Non-violence\",\"Paix\"],\"articleSection\":[\"Actualit\u00e9s\",\"Notre offre de conf\u00e9rences\"],\"inLanguage\":\"fr-FR\",\"potentialAction\":[{\"@type\":\"CommentAction\",\"name\":\"Comment\",\"target\":[\"https:\\\/\\\/concertience.fr\\\/leblog\\\/prochaine-conference-active-cnv-a-besancon-mercredi-25-septembre-2019\\\/#respond\"]}]},{\"@type\":\"WebPage\",\"@id\":\"https:\\\/\\\/concertience.fr\\\/leblog\\\/prochaine-conference-active-cnv-a-besancon-mercredi-25-septembre-2019\\\/\",\"url\":\"https:\\\/\\\/concertience.fr\\\/leblog\\\/prochaine-conference-active-cnv-a-besancon-mercredi-25-septembre-2019\\\/\",\"name\":\"Prochaine conf\u00e9rence active CNV \u00e0 Besan\u00e7on mercredi 25 septembre 2019 - Le blog de Fran\u00e7oise Keller\",\"isPartOf\":{\"@id\":\"https:\\\/\\\/concertience.fr\\\/leblog\\\/#website\"},\"primaryImageOfPage\":{\"@id\":\"https:\\\/\\\/concertience.fr\\\/leblog\\\/prochaine-conference-active-cnv-a-besancon-mercredi-25-septembre-2019\\\/#primaryimage\"},\"image\":{\"@id\":\"https:\\\/\\\/concertience.fr\\\/leblog\\\/prochaine-conference-active-cnv-a-besancon-mercredi-25-septembre-2019\\\/#primaryimage\"},\"thumbnailUrl\":\"https:\\/\\/concertience.fr\\/leblog\\/wp-content\\/uploads\\/sites\\/2\\/2020\\/03\\/Besancon-CNV-F-Keller-2019-212x300.png\",\"datePublished\":\"2019-09-16T13:45:28+00:00\",\"dateModified\":\"2020-03-27T16:55:53+00:00\",\"author\":{\"@id\":\"https:\\\/\\\/concertience.fr\\\/leblog\\\/#\\\/schema\\\/person\\\/a8a3ffb4a05b55c3e77e954cd93c49d8\"},\"breadcrumb\":{\"@id\":\"https:\\\/\\\/concertience.fr\\\/leblog\\\/prochaine-conference-active-cnv-a-besancon-mercredi-25-septembre-2019\\\/#breadcrumb\"},\"inLanguage\":\"fr-FR\",\"potentialAction\":[{\"@type\":\"ReadAction\",\"target\":[\"https:\\\/\\\/concertience.fr\\\/leblog\\\/prochaine-conference-active-cnv-a-besancon-mercredi-25-septembre-2019\\\/\"]}]},{\"@type\":\"ImageObject\",\"inLanguage\":\"fr-FR\",\"@id\":\"https:\\\/\\\/concertience.fr\\\/leblog\\\/prochaine-conference-active-cnv-a-besancon-mercredi-25-septembre-2019\\\/#primaryimage\",\"url\":\"https:\\/\\/concertience.fr\\/leblog\\/wp-content\\/uploads\\/sites\\/2\\/2020\\/03\\/Besancon-CNV-F-Keller-2019.png\",\"contentUrl\":\"https:\\/\\/concertience.fr\\/leblog\\/wp-content\\/uploads\\/sites\\/2\\/2020\\/03\\/Besancon-CNV-F-Keller-2019.png\",\"width\":576,\"height\":815},{\"@type\":\"BreadcrumbList\",\"@id\":\"https:\\\/\\\/concertience.fr\\\/leblog\\\/prochaine-conference-active-cnv-a-besancon-mercredi-25-septembre-2019\\\/#breadcrumb\",\"itemListElement\":[{\"@type\":\"ListItem\",\"position\":1,\"name\":\"Accueil\",\"item\":\"https:\\\/\\\/concertience.fr\\\/leblog\\\/\"},{\"@type\":\"ListItem\",\"position\":2,\"name\":\"Actualit\u00e9s\",\"item\":\"https:\\\/\\\/concertience.fr\\\/leblog\\\/actualites\\\/\"},{\"@type\":\"ListItem\",\"position\":3,\"name\":\"Prochaine conf\u00e9rence active CNV \u00e0 Besan\u00e7on mercredi 25 septembre 2019\"}]},{\"@type\":\"WebSite\",\"@id\":\"https:\\\/\\\/concertience.fr\\\/leblog\\\/#website\",\"url\":\"https:\\\/\\\/concertience.fr\\\/leblog\\\/\",\"name\":\"Le blog de Fran\u00e7oise Keller\",\"description\":\"Le blog de Fran\u00e7oise Keller, Concertience\",\"potentialAction\":[{\"@type\":\"SearchAction\",\"target\":{\"@type\":\"EntryPoint\",\"urlTemplate\":\"https:\\\/\\\/concertience.fr\\\/leblog\\\/?s={search_term_string}\"},\"query-input\":{\"@type\":\"PropertyValueSpecification\",\"valueRequired\":true,\"valueName\":\"search_term_string\"}}],\"inLanguage\":\"fr-FR\"},{\"@type\":\"Person\",\"@id\":\"https:\\\/\\\/concertience.fr\\\/leblog\\\/#\\\/schema\\\/person\\\/a8a3ffb4a05b55c3e77e954cd93c49d8\",\"name\":\"francoisesiteweb\"}]}<\/script>\n<!-- \/ Yoast SEO plugin. -->","yoast_head_json":{"title":"Prochaine conf\u00e9rence active CNV \u00e0 Besan\u00e7on mercredi 25 septembre 2019 - Le blog de Fran\u00e7oise Keller","robots":{"index":"index","follow":"follow","max-snippet":"max-snippet:-1","max-image-preview":"max-image-preview:large","max-video-preview":"max-video-preview:-1"},"canonical":"https:\/\/concertience.fr\/leblog\/prochaine-conference-active-cnv-a-besancon-mercredi-25-septembre-2019\/","og_locale":"fr_FR","og_type":"article","og_title":"Prochaine conf\u00e9rence active CNV \u00e0 Besan\u00e7on mercredi 25 septembre 2019 - Le blog de Fran\u00e7oise Keller","og_description":"Erika et Fran\u00e7oise, nous sommes tr\u00e8s heureuses d&rsquo;animer notre prochaine conf\u00e9rence active CNV \u00e0 Besan\u00e7on. Avec humour et tendresse, nous aborderons la question de nos relations dans notre quotidien : en famille, au travail, dans nos engagements citoyens avec ce th\u00e8me \u00ab\u00a0Et si on s&rsquo;\u00e9coutait pour de vrai ?\u00a0\u00bb. Si vous habitez dans la r\u00e9gion... Lire plus &raquo;","og_url":"https:\/\/concertience.fr\/leblog\/prochaine-conference-active-cnv-a-besancon-mercredi-25-septembre-2019\/","og_site_name":"Le blog de Fran\u00e7oise Keller","article_published_time":"2019-09-16T13:45:28+00:00","article_modified_time":"2020-03-27T16:55:53+00:00","og_image":[{"url":"https:\/\/mlkqhmyobbaq.i.optimole.com\/w:212\/h:300\/q:mauto\/ig:avif\/https:\/\/concertience.fr\/leblog\/wp-content\/uploads\/sites\/2\/2020\/03\/Besancon-CNV-F-Keller-2019.png","type":"","width":"","height":""}],"author":"francoisesiteweb","twitter_card":"summary_large_image","twitter_misc":{"\u00c9crit par":"francoisesiteweb","Dur\u00e9e de lecture estim\u00e9e":"1 minute"},"schema":{"@context":"https:\/\/schema.org","@graph":[{"@type":"Article","@id":"https:\/\/concertience.fr\/leblog\/prochaine-conference-active-cnv-a-besancon-mercredi-25-septembre-2019\/#article","isPartOf":{"@id":"https:\/\/concertience.fr\/leblog\/prochaine-conference-active-cnv-a-besancon-mercredi-25-septembre-2019\/"},"author":{"name":"francoisesiteweb","@id":"https:\/\/concertience.fr\/leblog\/#\/schema\/person\/a8a3ffb4a05b55c3e77e954cd93c49d8"},"headline":"Prochaine conf\u00e9rence active CNV \u00e0 Besan\u00e7on mercredi 25 septembre 2019","datePublished":"2019-09-16T13:45:28+00:00","dateModified":"2020-03-27T16:55:53+00:00","mainEntityOfPage":{"@id":"https:\/\/concertience.fr\/leblog\/prochaine-conference-active-cnv-a-besancon-mercredi-25-septembre-2019\/"},"wordCount":152,"commentCount":0,"image":{"@id":"https:\/\/concertience.fr\/leblog\/prochaine-conference-active-cnv-a-besancon-mercredi-25-septembre-2019\/#primaryimage"},"thumbnailUrl":"https:\/\/mlkqhmyobbaq.i.optimole.com\/w:212\/h:300\/q:mauto\/ig:avif\/https:\/\/concertience.fr\/leblog\/wp-content\/uploads\/sites\/2\/2020\/03\/Besancon-CNV-F-Keller-2019.png","keywords":["CNV","Conf\u00e9rence active CNV","Non-violence","Paix"],"articleSection":["Actualit\u00e9s","Notre offre de conf\u00e9rences"],"inLanguage":"fr-FR","potentialAction":[{"@type":"CommentAction","name":"Comment","target":["https:\/\/concertience.fr\/leblog\/prochaine-conference-active-cnv-a-besancon-mercredi-25-septembre-2019\/#respond"]}]},{"@type":"WebPage","@id":"https:\/\/concertience.fr\/leblog\/prochaine-conference-active-cnv-a-besancon-mercredi-25-septembre-2019\/","url":"https:\/\/concertience.fr\/leblog\/prochaine-conference-active-cnv-a-besancon-mercredi-25-septembre-2019\/","name":"Prochaine conf\u00e9rence active CNV \u00e0 Besan\u00e7on mercredi 25 septembre 2019 - Le blog de Fran\u00e7oise Keller","isPartOf":{"@id":"https:\/\/concertience.fr\/leblog\/#website"},"primaryImageOfPage":{"@id":"https:\/\/concertience.fr\/leblog\/prochaine-conference-active-cnv-a-besancon-mercredi-25-septembre-2019\/#primaryimage"},"image":{"@id":"https:\/\/concertience.fr\/leblog\/prochaine-conference-active-cnv-a-besancon-mercredi-25-septembre-2019\/#primaryimage"},"thumbnailUrl":"https:\/\/mlkqhmyobbaq.i.optimole.com\/w:212\/h:300\/q:mauto\/ig:avif\/https:\/\/concertience.fr\/leblog\/wp-content\/uploads\/sites\/2\/2020\/03\/Besancon-CNV-F-Keller-2019.png","datePublished":"2019-09-16T13:45:28+00:00","dateModified":"2020-03-27T16:55:53+00:00","author":{"@id":"https:\/\/concertience.fr\/leblog\/#\/schema\/person\/a8a3ffb4a05b55c3e77e954cd93c49d8"},"breadcrumb":{"@id":"https:\/\/concertience.fr\/leblog\/prochaine-conference-active-cnv-a-besancon-mercredi-25-septembre-2019\/#breadcrumb"},"inLanguage":"fr-FR","potentialAction":[{"@type":"ReadAction","target":["https:\/\/concertience.fr\/leblog\/prochaine-conference-active-cnv-a-besancon-mercredi-25-septembre-2019\/"]}]},{"@type":"ImageObject","inLanguage":"fr-FR","@id":"https:\/\/concertience.fr\/leblog\/prochaine-conference-active-cnv-a-besancon-mercredi-25-septembre-2019\/#primaryimage","url":"https:\/\/mlkqhmyobbaq.i.optimole.com\/w:auto\/h:auto\/q:mauto\/ig:avif\/https:\/\/concertience.fr\/leblog\/wp-content\/uploads\/sites\/2\/2020\/03\/Besancon-CNV-F-Keller-2019.png","contentUrl":"https:\/\/mlkqhmyobbaq.i.optimole.com\/w:auto\/h:auto\/q:mauto\/ig:avif\/https:\/\/concertience.fr\/leblog\/wp-content\/uploads\/sites\/2\/2020\/03\/Besancon-CNV-F-Keller-2019.png","width":576,"height":815},{"@type":"BreadcrumbList","@id":"https:\/\/concertience.fr\/leblog\/prochaine-conference-active-cnv-a-besancon-mercredi-25-septembre-2019\/#breadcrumb","itemListElement":[{"@type":"ListItem","position":1,"name":"Accueil","item":"https:\/\/concertience.fr\/leblog\/"},{"@type":"ListItem","position":2,"name":"Actualit\u00e9s","item":"https:\/\/concertience.fr\/leblog\/actualites\/"},{"@type":"ListItem","position":3,"name":"Prochaine conf\u00e9rence active CNV \u00e0 Besan\u00e7on mercredi 25 septembre 2019"}]},{"@type":"WebSite","@id":"https:\/\/concertience.fr\/leblog\/#website","url":"https:\/\/concertience.fr\/leblog\/","name":"Le blog de Fran\u00e7oise Keller","description":"Le blog de Fran\u00e7oise Keller, Concertience","potentialAction":[{"@type":"SearchAction","target":{"@type":"EntryPoint","urlTemplate":"https:\/\/concertience.fr\/leblog\/?s={search_term_string}"},"query-input":{"@type":"PropertyValueSpecification","valueRequired":true,"valueName":"search_term_string"}}],"inLanguage":"fr-FR"},{"@type":"Person","@id":"https:\/\/concertience.fr\/leblog\/#\/schema\/person\/a8a3ffb4a05b55c3e77e954cd93c49d8","name":"francoisesiteweb"}]}},"_links":{"self":[{"href":"https:\/\/concertience.fr\/leblog\/wp-json\/wp\/v2\/posts\/11","targetHints":{"allow":["GET"]}}],"collection":[{"href":"https:\/\/concertience.fr\/leblog\/wp-json\/wp\/v2\/posts"}],"about":[{"href":"https:\/\/concertience.fr\/leblog\/wp-json\/wp\/v2\/types\/post"}],"author":[{"embeddable":true,"href":"https:\/\/concertience.fr\/leblog\/wp-json\/wp\/v2\/users\/2"}],"replies":[{"embeddable":true,"href":"https:\/\/concertience.fr\/leblog\/wp-json\/wp\/v2\/comments?post=11"}],"version-history":[{"count":2,"href":"https:\/\/concertience.fr\/leblog\/wp-json\/wp\/v2\/posts\/11\/revisions"}],"predecessor-version":[{"id":477,"href":"https:\/\/concertience.fr\/leblog\/wp-json\/wp\/v2\/posts\/11\/revisions\/477"}],"wp:attachment":[{"href":"https:\/\/concertience.fr\/leblog\/wp-json\/wp\/v2\/media?parent=11"}],"wp:term":[{"taxonomy":"category","embeddable":true,"href":"https:\/\/concertience.fr\/leblog\/wp-json\/wp\/v2\/categories?post=11"},{"taxonomy":"post_tag","embeddable":true,"href":"https:\/\/concertience.fr\/leblog\/wp-json\/wp\/v2\/tags?post=11"}],"curies":[{"name":"wp","href":"https:\/\/api.w.org\/{rel}","templated":true}]}}