{"id":105,"date":"2013-07-05T13:27:29","date_gmt":"2013-07-05T11:27:29","guid":{"rendered":"https:\/\/concertience.fr\/leblog\/2013\/07\/05\/pas-a-pas-chercher-la-coherence\/"},"modified":"2020-03-28T20:04:45","modified_gmt":"2020-03-28T19:04:45","slug":"pas-a-pas-chercher-la-coherence","status":"publish","type":"post","link":"https:\/\/concertience.fr\/leblog\/pas-a-pas-chercher-la-coherence\/","title":{"rendered":"Pas \u00e0 pas, chercher la coh\u00e9rence"},"content":{"rendered":"\n<div class=\"wp-block-image\"><figure class=\"aligncenter size-medium\"><img data-opt-id=1095182073  fetchpriority=\"high\" decoding=\"async\" width=\"300\" height=\"225\" src=\"https:\/\/mlkqhmyobbaq.i.optimole.com\/w:300\/h:225\/q:mauto\/ig:avif\/https:\/\/concertience.fr\/leblog\/wp-content\/uploads\/sites\/2\/2020\/03\/Viso.jpg\" alt=\"\" class=\"wp-image-658\" srcset=\"https:\/\/mlkqhmyobbaq.i.optimole.com\/w:300\/h:225\/q:mauto\/ig:avif\/https:\/\/concertience.fr\/leblog\/wp-content\/uploads\/sites\/2\/2020\/03\/Viso.jpg 300w, https:\/\/mlkqhmyobbaq.i.optimole.com\/w:768\/h:576\/q:mauto\/ig:avif\/https:\/\/concertience.fr\/leblog\/wp-content\/uploads\/sites\/2\/2020\/03\/Viso.jpg 768w, https:\/\/mlkqhmyobbaq.i.optimole.com\/w:800\/h:600\/q:mauto\/ig:avif\/https:\/\/concertience.fr\/leblog\/wp-content\/uploads\/sites\/2\/2020\/03\/Viso.jpg 800w\" sizes=\"(max-width: 300px) 100vw, 300px\" \/><\/figure><\/div>\n\n\n<p>Autant je me m\u00e9fie de la notion d'\u00a0\u00bbexemplarit\u00e9\u00a0\u00bb qui fait parfois peser sur les dirigeants, managers, parents et enseignants, des exigences trop lourdes \u00e0 porter, autant j&rsquo;aime chercher des moyens concrets pour nourrir mon besoins de coh\u00e9rence : mieux vivre ce que je dis et dire ce que je vis&#8230;<\/p>\n<p>Quelques \u00e9l\u00e9ments concrets pour Concertience :<\/p>\n<ul>\n<li>Travailler \u00e0 la Cit\u00e9 de l&rsquo;Environnement, dans un b\u00e2timent \u00e0 \u00e9nergie positive, con\u00e7u pour prendre soin de l&rsquo;environnement et aussi de la sant\u00e9 des personnes qui y travaillent, gr\u00e2ce \u00e0 la coop\u00e9ration avec M\u00e9dieco<\/li>\n<li>Circuler avec une voiture \u00e9lectrique, une Zo\u00e9<\/li>\n<li>Acheter chaque fois que possible des fournitures \u00e9cologiques et\/ou fabriqu\u00e9es par des entreprises d&rsquo;insertion : papier recycl\u00e9, mobilier&#8230;<\/li>\n<li>Trier les d\u00e9chets (papier,cartouches d&rsquo;encre, compost) et encourager les stagiaires \u00e0 faire de m\u00eame<\/li>\n<li>Travailler le plus possible en local et, chaque fois que possible, passer le relais \u00e0 des partenaires locaux pour limiter les d\u00e9placements<\/li>\n<li>Partager avec les autres entreprises de la Cit\u00e9 de l&rsquo;Environnement des moyens chaque fois que possible (imprimantes, traiteur)<\/li>\n<\/ul>\n<p>Bien s\u00fbr, c&rsquo;est loin d&rsquo;\u00eatre parfait et je pose trop d&rsquo;actes encore o\u00f9 mes besoins de coh\u00e9rence, de prendre soin des personnes et de la plan\u00e8te ne sont pas suffisamment nourris&#8230; Mais je suis joyeuse de faire ces pas l\u00e0 !!!<\/p>\n<p>Bel \u00e9t\u00e9 \u00e0 vous !!!<\/p>","protected":false},"excerpt":{"rendered":"<p>Autant je me m\u00e9fie de la notion d&rsquo;\u00a0\u00bbexemplarit\u00e9\u00a0\u00bb qui fait parfois peser sur les dirigeants, managers, parents et enseignants, des exigences trop lourdes \u00e0 porter, autant j&rsquo;aime chercher des moyens concrets pour nourrir mon besoins de coh\u00e9rence : mieux vivre ce que je dis et dire ce que je vis&#8230; Quelques \u00e9l\u00e9ments concrets pour Concertience<a class=\"excerpt-read-more\" href=\"https:\/\/concertience.fr\/leblog\/pas-a-pas-chercher-la-coherence\/\" title=\"ReadPas \u00e0 pas, chercher la coh\u00e9rence\">&#8230; Lire plus &raquo;<\/a><\/p>\n","protected":false},"author":1,"featured_media":0,"comment_status":"open","ping_status":"open","sticky":false,"template":"","format":"standard","meta":{"footnotes":""},"categories":[5],"tags":[],"class_list":["post-105","post","type-post","status-publish","format-standard","hentry","category-regards-croises"],"yoast_head":"<!-- This site is optimized with the Yoast SEO plugin v27.4 - https:\/\/yoast.com\/product\/yoast-seo-wordpress\/ -->\n<title>Pas \u00e0 pas, chercher la coh\u00e9rence - Le blog de Fran\u00e7oise Keller<\/title>\n<meta name=\"robots\" content=\"index, follow, max-snippet:-1, max-image-preview:large, max-video-preview:-1\" \/>\n<link rel=\"canonical\" href=\"https:\/\/concertience.fr\/leblog\/pas-a-pas-chercher-la-coherence\/\" \/>\n<meta property=\"og:locale\" content=\"fr_FR\" \/>\n<meta property=\"og:type\" content=\"article\" \/>\n<meta property=\"og:title\" content=\"Pas \u00e0 pas, chercher la coh\u00e9rence - Le blog de Fran\u00e7oise Keller\" \/>\n<meta property=\"og:description\" content=\"Autant je me m\u00e9fie de la notion d&#039;\u00a0\u00bbexemplarit\u00e9\u00a0\u00bb qui fait parfois peser sur les dirigeants, managers, parents et enseignants, des exigences trop lourdes \u00e0 porter, autant j&rsquo;aime chercher des moyens concrets pour nourrir mon besoins de coh\u00e9rence : mieux vivre ce que je dis et dire ce que je vis&#8230; Quelques \u00e9l\u00e9ments concrets pour Concertience... Lire plus &raquo;\" \/>\n<meta property=\"og:url\" content=\"https:\/\/concertience.fr\/leblog\/pas-a-pas-chercher-la-coherence\/\" \/>\n<meta property=\"og:site_name\" content=\"Le blog de Fran\u00e7oise Keller\" \/>\n<meta property=\"article:published_time\" content=\"2013-07-05T11:27:29+00:00\" \/>\n<meta property=\"article:modified_time\" content=\"2020-03-28T19:04:45+00:00\" \/>\n<meta property=\"og:image\" content=\"https:\/\/mlkqhmyobbaq.i.optimole.com\/w:300\/h:225\/q:mauto\/ig:avif\/https:\/\/concertience.fr\/leblog\/wp-content\/uploads\/sites\/2\/2020\/03\/Viso.jpg\" \/>\n<meta name=\"author\" content=\"Pierrick\" \/>\n<meta name=\"twitter:card\" content=\"summary_large_image\" \/>\n<meta name=\"twitter:label1\" content=\"\u00c9crit par\" \/>\n\t<meta name=\"twitter:data1\" content=\"Pierrick\" \/>\n\t<meta name=\"twitter:label2\" content=\"Dur\u00e9e de lecture estim\u00e9e\" \/>\n\t<meta name=\"twitter:data2\" content=\"1 minute\" \/>\n<script type=\"application\/ld+json\" class=\"yoast-schema-graph\">{\"@context\":\"https:\\\/\\\/schema.org\",\"@graph\":[{\"@type\":\"Article\",\"@id\":\"https:\\\/\\\/concertience.fr\\\/leblog\\\/pas-a-pas-chercher-la-coherence\\\/#article\",\"isPartOf\":{\"@id\":\"https:\\\/\\\/concertience.fr\\\/leblog\\\/pas-a-pas-chercher-la-coherence\\\/\"},\"author\":{\"name\":\"Pierrick\",\"@id\":\"https:\\\/\\\/concertience.fr\\\/leblog\\\/#\\\/schema\\\/person\\\/a01b04493c0cb1de0b2030c8b8d5676f\"},\"headline\":\"Pas \u00e0 pas, chercher la coh\u00e9rence\",\"datePublished\":\"2013-07-05T11:27:29+00:00\",\"dateModified\":\"2020-03-28T19:04:45+00:00\",\"mainEntityOfPage\":{\"@id\":\"https:\\\/\\\/concertience.fr\\\/leblog\\\/pas-a-pas-chercher-la-coherence\\\/\"},\"wordCount\":236,\"commentCount\":0,\"image\":{\"@id\":\"https:\\\/\\\/concertience.fr\\\/leblog\\\/pas-a-pas-chercher-la-coherence\\\/#primaryimage\"},\"thumbnailUrl\":\"https:\\/\\/concertience.fr\\/leblog\\/wp-content\\/uploads\\/sites\\/2\\/2020\\/03\\/Viso-300x225.jpg\",\"articleSection\":[\"Regards crois\u00e9s\"],\"inLanguage\":\"fr-FR\",\"potentialAction\":[{\"@type\":\"CommentAction\",\"name\":\"Comment\",\"target\":[\"https:\\\/\\\/concertience.fr\\\/leblog\\\/pas-a-pas-chercher-la-coherence\\\/#respond\"]}]},{\"@type\":\"WebPage\",\"@id\":\"https:\\\/\\\/concertience.fr\\\/leblog\\\/pas-a-pas-chercher-la-coherence\\\/\",\"url\":\"https:\\\/\\\/concertience.fr\\\/leblog\\\/pas-a-pas-chercher-la-coherence\\\/\",\"name\":\"Pas \u00e0 pas, chercher la coh\u00e9rence - Le blog de Fran\u00e7oise Keller\",\"isPartOf\":{\"@id\":\"https:\\\/\\\/concertience.fr\\\/leblog\\\/#website\"},\"primaryImageOfPage\":{\"@id\":\"https:\\\/\\\/concertience.fr\\\/leblog\\\/pas-a-pas-chercher-la-coherence\\\/#primaryimage\"},\"image\":{\"@id\":\"https:\\\/\\\/concertience.fr\\\/leblog\\\/pas-a-pas-chercher-la-coherence\\\/#primaryimage\"},\"thumbnailUrl\":\"https:\\/\\/concertience.fr\\/leblog\\/wp-content\\/uploads\\/sites\\/2\\/2020\\/03\\/Viso-300x225.jpg\",\"datePublished\":\"2013-07-05T11:27:29+00:00\",\"dateModified\":\"2020-03-28T19:04:45+00:00\",\"author\":{\"@id\":\"https:\\\/\\\/concertience.fr\\\/leblog\\\/#\\\/schema\\\/person\\\/a01b04493c0cb1de0b2030c8b8d5676f\"},\"breadcrumb\":{\"@id\":\"https:\\\/\\\/concertience.fr\\\/leblog\\\/pas-a-pas-chercher-la-coherence\\\/#breadcrumb\"},\"inLanguage\":\"fr-FR\",\"potentialAction\":[{\"@type\":\"ReadAction\",\"target\":[\"https:\\\/\\\/concertience.fr\\\/leblog\\\/pas-a-pas-chercher-la-coherence\\\/\"]}]},{\"@type\":\"ImageObject\",\"inLanguage\":\"fr-FR\",\"@id\":\"https:\\\/\\\/concertience.fr\\\/leblog\\\/pas-a-pas-chercher-la-coherence\\\/#primaryimage\",\"url\":\"https:\\/\\/concertience.fr\\/leblog\\/wp-content\\/uploads\\/sites\\/2\\/2020\\/03\\/Viso.jpg\",\"contentUrl\":\"https:\\/\\/concertience.fr\\/leblog\\/wp-content\\/uploads\\/sites\\/2\\/2020\\/03\\/Viso.jpg\",\"width\":800,\"height\":600},{\"@type\":\"BreadcrumbList\",\"@id\":\"https:\\\/\\\/concertience.fr\\\/leblog\\\/pas-a-pas-chercher-la-coherence\\\/#breadcrumb\",\"itemListElement\":[{\"@type\":\"ListItem\",\"position\":1,\"name\":\"Accueil\",\"item\":\"https:\\\/\\\/concertience.fr\\\/leblog\\\/\"},{\"@type\":\"ListItem\",\"position\":2,\"name\":\"Regards crois\u00e9s\",\"item\":\"https:\\\/\\\/concertience.fr\\\/leblog\\\/regards-croises\\\/\"},{\"@type\":\"ListItem\",\"position\":3,\"name\":\"Pas \u00e0 pas, chercher la coh\u00e9rence\"}]},{\"@type\":\"WebSite\",\"@id\":\"https:\\\/\\\/concertience.fr\\\/leblog\\\/#website\",\"url\":\"https:\\\/\\\/concertience.fr\\\/leblog\\\/\",\"name\":\"Le blog de Fran\u00e7oise Keller\",\"description\":\"Le blog de Fran\u00e7oise Keller, Concertience\",\"potentialAction\":[{\"@type\":\"SearchAction\",\"target\":{\"@type\":\"EntryPoint\",\"urlTemplate\":\"https:\\\/\\\/concertience.fr\\\/leblog\\\/?s={search_term_string}\"},\"query-input\":{\"@type\":\"PropertyValueSpecification\",\"valueRequired\":true,\"valueName\":\"search_term_string\"}}],\"inLanguage\":\"fr-FR\"},{\"@type\":\"Person\",\"@id\":\"https:\\\/\\\/concertience.fr\\\/leblog\\\/#\\\/schema\\\/person\\\/a01b04493c0cb1de0b2030c8b8d5676f\",\"name\":\"Pierrick\"}]}<\/script>\n<!-- \/ Yoast SEO plugin. -->","yoast_head_json":{"title":"Pas \u00e0 pas, chercher la coh\u00e9rence - Le blog de Fran\u00e7oise Keller","robots":{"index":"index","follow":"follow","max-snippet":"max-snippet:-1","max-image-preview":"max-image-preview:large","max-video-preview":"max-video-preview:-1"},"canonical":"https:\/\/concertience.fr\/leblog\/pas-a-pas-chercher-la-coherence\/","og_locale":"fr_FR","og_type":"article","og_title":"Pas \u00e0 pas, chercher la coh\u00e9rence - Le blog de Fran\u00e7oise Keller","og_description":"Autant je me m\u00e9fie de la notion d'\u00a0\u00bbexemplarit\u00e9\u00a0\u00bb qui fait parfois peser sur les dirigeants, managers, parents et enseignants, des exigences trop lourdes \u00e0 porter, autant j&rsquo;aime chercher des moyens concrets pour nourrir mon besoins de coh\u00e9rence : mieux vivre ce que je dis et dire ce que je vis&#8230; Quelques \u00e9l\u00e9ments concrets pour Concertience... Lire plus &raquo;","og_url":"https:\/\/concertience.fr\/leblog\/pas-a-pas-chercher-la-coherence\/","og_site_name":"Le blog de Fran\u00e7oise Keller","article_published_time":"2013-07-05T11:27:29+00:00","article_modified_time":"2020-03-28T19:04:45+00:00","og_image":[{"url":"https:\/\/mlkqhmyobbaq.i.optimole.com\/w:300\/h:225\/q:mauto\/ig:avif\/https:\/\/concertience.fr\/leblog\/wp-content\/uploads\/sites\/2\/2020\/03\/Viso.jpg","type":"","width":"","height":""}],"author":"Pierrick","twitter_card":"summary_large_image","twitter_misc":{"\u00c9crit par":"Pierrick","Dur\u00e9e de lecture estim\u00e9e":"1 minute"},"schema":{"@context":"https:\/\/schema.org","@graph":[{"@type":"Article","@id":"https:\/\/concertience.fr\/leblog\/pas-a-pas-chercher-la-coherence\/#article","isPartOf":{"@id":"https:\/\/concertience.fr\/leblog\/pas-a-pas-chercher-la-coherence\/"},"author":{"name":"Pierrick","@id":"https:\/\/concertience.fr\/leblog\/#\/schema\/person\/a01b04493c0cb1de0b2030c8b8d5676f"},"headline":"Pas \u00e0 pas, chercher la coh\u00e9rence","datePublished":"2013-07-05T11:27:29+00:00","dateModified":"2020-03-28T19:04:45+00:00","mainEntityOfPage":{"@id":"https:\/\/concertience.fr\/leblog\/pas-a-pas-chercher-la-coherence\/"},"wordCount":236,"commentCount":0,"image":{"@id":"https:\/\/concertience.fr\/leblog\/pas-a-pas-chercher-la-coherence\/#primaryimage"},"thumbnailUrl":"https:\/\/mlkqhmyobbaq.i.optimole.com\/w:300\/h:225\/q:mauto\/ig:avif\/https:\/\/concertience.fr\/leblog\/wp-content\/uploads\/sites\/2\/2020\/03\/Viso.jpg","articleSection":["Regards crois\u00e9s"],"inLanguage":"fr-FR","potentialAction":[{"@type":"CommentAction","name":"Comment","target":["https:\/\/concertience.fr\/leblog\/pas-a-pas-chercher-la-coherence\/#respond"]}]},{"@type":"WebPage","@id":"https:\/\/concertience.fr\/leblog\/pas-a-pas-chercher-la-coherence\/","url":"https:\/\/concertience.fr\/leblog\/pas-a-pas-chercher-la-coherence\/","name":"Pas \u00e0 pas, chercher la coh\u00e9rence - Le blog de Fran\u00e7oise Keller","isPartOf":{"@id":"https:\/\/concertience.fr\/leblog\/#website"},"primaryImageOfPage":{"@id":"https:\/\/concertience.fr\/leblog\/pas-a-pas-chercher-la-coherence\/#primaryimage"},"image":{"@id":"https:\/\/concertience.fr\/leblog\/pas-a-pas-chercher-la-coherence\/#primaryimage"},"thumbnailUrl":"https:\/\/mlkqhmyobbaq.i.optimole.com\/w:300\/h:225\/q:mauto\/ig:avif\/https:\/\/concertience.fr\/leblog\/wp-content\/uploads\/sites\/2\/2020\/03\/Viso.jpg","datePublished":"2013-07-05T11:27:29+00:00","dateModified":"2020-03-28T19:04:45+00:00","author":{"@id":"https:\/\/concertience.fr\/leblog\/#\/schema\/person\/a01b04493c0cb1de0b2030c8b8d5676f"},"breadcrumb":{"@id":"https:\/\/concertience.fr\/leblog\/pas-a-pas-chercher-la-coherence\/#breadcrumb"},"inLanguage":"fr-FR","potentialAction":[{"@type":"ReadAction","target":["https:\/\/concertience.fr\/leblog\/pas-a-pas-chercher-la-coherence\/"]}]},{"@type":"ImageObject","inLanguage":"fr-FR","@id":"https:\/\/concertience.fr\/leblog\/pas-a-pas-chercher-la-coherence\/#primaryimage","url":"https:\/\/mlkqhmyobbaq.i.optimole.com\/w:auto\/h:auto\/q:mauto\/ig:avif\/https:\/\/concertience.fr\/leblog\/wp-content\/uploads\/sites\/2\/2020\/03\/Viso.jpg","contentUrl":"https:\/\/mlkqhmyobbaq.i.optimole.com\/w:auto\/h:auto\/q:mauto\/ig:avif\/https:\/\/concertience.fr\/leblog\/wp-content\/uploads\/sites\/2\/2020\/03\/Viso.jpg","width":800,"height":600},{"@type":"BreadcrumbList","@id":"https:\/\/concertience.fr\/leblog\/pas-a-pas-chercher-la-coherence\/#breadcrumb","itemListElement":[{"@type":"ListItem","position":1,"name":"Accueil","item":"https:\/\/concertience.fr\/leblog\/"},{"@type":"ListItem","position":2,"name":"Regards crois\u00e9s","item":"https:\/\/concertience.fr\/leblog\/regards-croises\/"},{"@type":"ListItem","position":3,"name":"Pas \u00e0 pas, chercher la coh\u00e9rence"}]},{"@type":"WebSite","@id":"https:\/\/concertience.fr\/leblog\/#website","url":"https:\/\/concertience.fr\/leblog\/","name":"Le blog de Fran\u00e7oise Keller","description":"Le blog de Fran\u00e7oise Keller, Concertience","potentialAction":[{"@type":"SearchAction","target":{"@type":"EntryPoint","urlTemplate":"https:\/\/concertience.fr\/leblog\/?s={search_term_string}"},"query-input":{"@type":"PropertyValueSpecification","valueRequired":true,"valueName":"search_term_string"}}],"inLanguage":"fr-FR"},{"@type":"Person","@id":"https:\/\/concertience.fr\/leblog\/#\/schema\/person\/a01b04493c0cb1de0b2030c8b8d5676f","name":"Pierrick"}]}},"_links":{"self":[{"href":"https:\/\/concertience.fr\/leblog\/wp-json\/wp\/v2\/posts\/105","targetHints":{"allow":["GET"]}}],"collection":[{"href":"https:\/\/concertience.fr\/leblog\/wp-json\/wp\/v2\/posts"}],"about":[{"href":"https:\/\/concertience.fr\/leblog\/wp-json\/wp\/v2\/types\/post"}],"author":[{"embeddable":true,"href":"https:\/\/concertience.fr\/leblog\/wp-json\/wp\/v2\/users\/1"}],"replies":[{"embeddable":true,"href":"https:\/\/concertience.fr\/leblog\/wp-json\/wp\/v2\/comments?post=105"}],"version-history":[{"count":1,"href":"https:\/\/concertience.fr\/leblog\/wp-json\/wp\/v2\/posts\/105\/revisions"}],"predecessor-version":[{"id":659,"href":"https:\/\/concertience.fr\/leblog\/wp-json\/wp\/v2\/posts\/105\/revisions\/659"}],"wp:attachment":[{"href":"https:\/\/concertience.fr\/leblog\/wp-json\/wp\/v2\/media?parent=105"}],"wp:term":[{"taxonomy":"category","embeddable":true,"href":"https:\/\/concertience.fr\/leblog\/wp-json\/wp\/v2\/categories?post=105"},{"taxonomy":"post_tag","embeddable":true,"href":"https:\/\/concertience.fr\/leblog\/wp-json\/wp\/v2\/tags?post=105"}],"curies":[{"name":"wp","href":"https:\/\/api.w.org\/{rel}","templated":true}]}}