{"id":101,"date":"2013-09-23T22:20:26","date_gmt":"2013-09-23T20:20:26","guid":{"rendered":"https:\/\/concertience.fr\/leblog\/2013\/09\/23\/la-cnv-au-travail-sur-france-2-telematin\/"},"modified":"2020-03-30T11:46:17","modified_gmt":"2020-03-30T09:46:17","slug":"la-cnv-au-travail-sur-france-2-telematin","status":"publish","type":"post","link":"https:\/\/concertience.fr\/leblog\/la-cnv-au-travail-sur-france-2-telematin\/","title":{"rendered":"La CNV au travail sur France 2 T\u00e9l\u00e9matin"},"content":{"rendered":"<p>Merci \u00e0 l&rsquo;\u00e9quipe de T\u00e9l\u00e9matin et \u00e0 Laurence Ostolaza pour ce moment de coop\u00e9ration, de cr\u00e9ativit\u00e9 qui nous a permis de pr\u00e9senter la Communication NonViolente le 18 septembre, de mani\u00e8re simple, imag\u00e9e et ludique.<\/p>\n<ul>\n<li>Une pr\u00e9sentation de la CNV en 3 minutes par Fran\u00e7oise Keller, auteur de \u00ab\u00a0Pratiquer la CNV au travail\u00a0\u00bb chez InterEditions<\/li>\n<li>Une reformulation par Laurence Ostolaza, qui permet de voir que la CNV est accessible \u00e0 tous, dans son quotidien, et qu&rsquo;en m\u00eame temps la pratique de la CNV demande de l&rsquo;entrainement pour pouvoir \u00eatre au service d&rsquo;une coop\u00e9ration durable&#8230;<\/li>\n<\/ul>\n","protected":false},"excerpt":{"rendered":"<p>Merci \u00e0 l&rsquo;\u00e9quipe de T\u00e9l\u00e9matin et \u00e0 Laurence Ostolaza pour ce moment de coop\u00e9ration, de cr\u00e9ativit\u00e9 qui nous a permis de pr\u00e9senter la Communication NonViolente le 18 septembre, de mani\u00e8re simple, imag\u00e9e et ludique. Une pr\u00e9sentation de la CNV en 3 minutes par Fran\u00e7oise Keller, auteur de \u00ab\u00a0Pratiquer la CNV au travail\u00a0\u00bb chez InterEditions Une<a class=\"excerpt-read-more\" href=\"https:\/\/concertience.fr\/leblog\/la-cnv-au-travail-sur-france-2-telematin\/\" title=\"ReadLa CNV au travail sur France 2 T\u00e9l\u00e9matin\">&#8230; Lire plus &raquo;<\/a><\/p>\n","protected":false},"author":1,"featured_media":0,"comment_status":"open","ping_status":"open","sticky":false,"template":"","format":"standard","meta":{"footnotes":""},"categories":[9],"tags":[10],"class_list":["post-101","post","type-post","status-publish","format-standard","hentry","category-communication-nonviolente-cnv","tag-communication-nonviolente"],"yoast_head":"<!-- This site is optimized with the Yoast SEO plugin v27.5 - https:\/\/yoast.com\/product\/yoast-seo-wordpress\/ -->\n<title>La CNV au travail sur France 2 T\u00e9l\u00e9matin - Le blog de Fran\u00e7oise Keller<\/title>\n<meta name=\"robots\" content=\"index, follow, max-snippet:-1, max-image-preview:large, max-video-preview:-1\" \/>\n<link rel=\"canonical\" href=\"https:\/\/concertience.fr\/leblog\/la-cnv-au-travail-sur-france-2-telematin\/\" \/>\n<meta property=\"og:locale\" content=\"fr_FR\" \/>\n<meta property=\"og:type\" content=\"article\" \/>\n<meta property=\"og:title\" content=\"La CNV au travail sur France 2 T\u00e9l\u00e9matin - Le blog de Fran\u00e7oise Keller\" \/>\n<meta property=\"og:description\" content=\"Merci \u00e0 l&rsquo;\u00e9quipe de T\u00e9l\u00e9matin et \u00e0 Laurence Ostolaza pour ce moment de coop\u00e9ration, de cr\u00e9ativit\u00e9 qui nous a permis de pr\u00e9senter la Communication NonViolente le 18 septembre, de mani\u00e8re simple, imag\u00e9e et ludique. Une pr\u00e9sentation de la CNV en 3 minutes par Fran\u00e7oise Keller, auteur de \u00ab\u00a0Pratiquer la CNV au travail\u00a0\u00bb chez InterEditions Une... Lire plus &raquo;\" \/>\n<meta property=\"og:url\" content=\"https:\/\/concertience.fr\/leblog\/la-cnv-au-travail-sur-france-2-telematin\/\" \/>\n<meta property=\"og:site_name\" content=\"Le blog de Fran\u00e7oise Keller\" \/>\n<meta property=\"article:published_time\" content=\"2013-09-23T20:20:26+00:00\" \/>\n<meta property=\"article:modified_time\" content=\"2020-03-30T09:46:17+00:00\" \/>\n<meta name=\"author\" content=\"Pierrick\" \/>\n<meta name=\"twitter:card\" content=\"summary_large_image\" \/>\n<meta name=\"twitter:label1\" content=\"\u00c9crit par\" \/>\n\t<meta name=\"twitter:data1\" content=\"Pierrick\" \/>\n\t<meta name=\"twitter:label2\" content=\"Dur\u00e9e de lecture estim\u00e9e\" \/>\n\t<meta name=\"twitter:data2\" content=\"1 minute\" \/>\n<script type=\"application\/ld+json\" class=\"yoast-schema-graph\">{\"@context\":\"https:\\\/\\\/schema.org\",\"@graph\":[{\"@type\":\"Article\",\"@id\":\"https:\\\/\\\/concertience.fr\\\/leblog\\\/la-cnv-au-travail-sur-france-2-telematin\\\/#article\",\"isPartOf\":{\"@id\":\"https:\\\/\\\/concertience.fr\\\/leblog\\\/la-cnv-au-travail-sur-france-2-telematin\\\/\"},\"author\":{\"name\":\"Pierrick\",\"@id\":\"https:\\\/\\\/concertience.fr\\\/leblog\\\/#\\\/schema\\\/person\\\/a01b04493c0cb1de0b2030c8b8d5676f\"},\"headline\":\"La CNV au travail sur France 2 T\u00e9l\u00e9matin\",\"datePublished\":\"2013-09-23T20:20:26+00:00\",\"dateModified\":\"2020-03-30T09:46:17+00:00\",\"mainEntityOfPage\":{\"@id\":\"https:\\\/\\\/concertience.fr\\\/leblog\\\/la-cnv-au-travail-sur-france-2-telematin\\\/\"},\"wordCount\":112,\"commentCount\":0,\"keywords\":[\"Communication NonViolente\"],\"articleSection\":[\"Communication NonViolente (CNV)\"],\"inLanguage\":\"fr-FR\",\"potentialAction\":[{\"@type\":\"CommentAction\",\"name\":\"Comment\",\"target\":[\"https:\\\/\\\/concertience.fr\\\/leblog\\\/la-cnv-au-travail-sur-france-2-telematin\\\/#respond\"]}]},{\"@type\":\"WebPage\",\"@id\":\"https:\\\/\\\/concertience.fr\\\/leblog\\\/la-cnv-au-travail-sur-france-2-telematin\\\/\",\"url\":\"https:\\\/\\\/concertience.fr\\\/leblog\\\/la-cnv-au-travail-sur-france-2-telematin\\\/\",\"name\":\"La CNV au travail sur France 2 T\u00e9l\u00e9matin - Le blog de Fran\u00e7oise Keller\",\"isPartOf\":{\"@id\":\"https:\\\/\\\/concertience.fr\\\/leblog\\\/#website\"},\"datePublished\":\"2013-09-23T20:20:26+00:00\",\"dateModified\":\"2020-03-30T09:46:17+00:00\",\"author\":{\"@id\":\"https:\\\/\\\/concertience.fr\\\/leblog\\\/#\\\/schema\\\/person\\\/a01b04493c0cb1de0b2030c8b8d5676f\"},\"breadcrumb\":{\"@id\":\"https:\\\/\\\/concertience.fr\\\/leblog\\\/la-cnv-au-travail-sur-france-2-telematin\\\/#breadcrumb\"},\"inLanguage\":\"fr-FR\",\"potentialAction\":[{\"@type\":\"ReadAction\",\"target\":[\"https:\\\/\\\/concertience.fr\\\/leblog\\\/la-cnv-au-travail-sur-france-2-telematin\\\/\"]}]},{\"@type\":\"BreadcrumbList\",\"@id\":\"https:\\\/\\\/concertience.fr\\\/leblog\\\/la-cnv-au-travail-sur-france-2-telematin\\\/#breadcrumb\",\"itemListElement\":[{\"@type\":\"ListItem\",\"position\":1,\"name\":\"Accueil\",\"item\":\"https:\\\/\\\/concertience.fr\\\/leblog\\\/\"},{\"@type\":\"ListItem\",\"position\":2,\"name\":\"Communication NonViolente (CNV)\",\"item\":\"https:\\\/\\\/concertience.fr\\\/leblog\\\/communication-nonviolente-cnv\\\/\"},{\"@type\":\"ListItem\",\"position\":3,\"name\":\"La CNV au travail sur France 2 T\u00e9l\u00e9matin\"}]},{\"@type\":\"WebSite\",\"@id\":\"https:\\\/\\\/concertience.fr\\\/leblog\\\/#website\",\"url\":\"https:\\\/\\\/concertience.fr\\\/leblog\\\/\",\"name\":\"Le blog de Fran\u00e7oise Keller\",\"description\":\"Le blog de Fran\u00e7oise Keller, Concertience\",\"potentialAction\":[{\"@type\":\"SearchAction\",\"target\":{\"@type\":\"EntryPoint\",\"urlTemplate\":\"https:\\\/\\\/concertience.fr\\\/leblog\\\/?s={search_term_string}\"},\"query-input\":{\"@type\":\"PropertyValueSpecification\",\"valueRequired\":true,\"valueName\":\"search_term_string\"}}],\"inLanguage\":\"fr-FR\"},{\"@type\":\"Person\",\"@id\":\"https:\\\/\\\/concertience.fr\\\/leblog\\\/#\\\/schema\\\/person\\\/a01b04493c0cb1de0b2030c8b8d5676f\",\"name\":\"Pierrick\"}]}<\/script>\n<!-- \/ Yoast SEO plugin. -->","yoast_head_json":{"title":"La CNV au travail sur France 2 T\u00e9l\u00e9matin - Le blog de Fran\u00e7oise Keller","robots":{"index":"index","follow":"follow","max-snippet":"max-snippet:-1","max-image-preview":"max-image-preview:large","max-video-preview":"max-video-preview:-1"},"canonical":"https:\/\/concertience.fr\/leblog\/la-cnv-au-travail-sur-france-2-telematin\/","og_locale":"fr_FR","og_type":"article","og_title":"La CNV au travail sur France 2 T\u00e9l\u00e9matin - Le blog de Fran\u00e7oise Keller","og_description":"Merci \u00e0 l&rsquo;\u00e9quipe de T\u00e9l\u00e9matin et \u00e0 Laurence Ostolaza pour ce moment de coop\u00e9ration, de cr\u00e9ativit\u00e9 qui nous a permis de pr\u00e9senter la Communication NonViolente le 18 septembre, de mani\u00e8re simple, imag\u00e9e et ludique. Une pr\u00e9sentation de la CNV en 3 minutes par Fran\u00e7oise Keller, auteur de \u00ab\u00a0Pratiquer la CNV au travail\u00a0\u00bb chez InterEditions Une... Lire plus &raquo;","og_url":"https:\/\/concertience.fr\/leblog\/la-cnv-au-travail-sur-france-2-telematin\/","og_site_name":"Le blog de Fran\u00e7oise Keller","article_published_time":"2013-09-23T20:20:26+00:00","article_modified_time":"2020-03-30T09:46:17+00:00","author":"Pierrick","twitter_card":"summary_large_image","twitter_misc":{"\u00c9crit par":"Pierrick","Dur\u00e9e de lecture estim\u00e9e":"1 minute"},"schema":{"@context":"https:\/\/schema.org","@graph":[{"@type":"Article","@id":"https:\/\/concertience.fr\/leblog\/la-cnv-au-travail-sur-france-2-telematin\/#article","isPartOf":{"@id":"https:\/\/concertience.fr\/leblog\/la-cnv-au-travail-sur-france-2-telematin\/"},"author":{"name":"Pierrick","@id":"https:\/\/concertience.fr\/leblog\/#\/schema\/person\/a01b04493c0cb1de0b2030c8b8d5676f"},"headline":"La CNV au travail sur France 2 T\u00e9l\u00e9matin","datePublished":"2013-09-23T20:20:26+00:00","dateModified":"2020-03-30T09:46:17+00:00","mainEntityOfPage":{"@id":"https:\/\/concertience.fr\/leblog\/la-cnv-au-travail-sur-france-2-telematin\/"},"wordCount":112,"commentCount":0,"keywords":["Communication NonViolente"],"articleSection":["Communication NonViolente (CNV)"],"inLanguage":"fr-FR","potentialAction":[{"@type":"CommentAction","name":"Comment","target":["https:\/\/concertience.fr\/leblog\/la-cnv-au-travail-sur-france-2-telematin\/#respond"]}]},{"@type":"WebPage","@id":"https:\/\/concertience.fr\/leblog\/la-cnv-au-travail-sur-france-2-telematin\/","url":"https:\/\/concertience.fr\/leblog\/la-cnv-au-travail-sur-france-2-telematin\/","name":"La CNV au travail sur France 2 T\u00e9l\u00e9matin - Le blog de Fran\u00e7oise Keller","isPartOf":{"@id":"https:\/\/concertience.fr\/leblog\/#website"},"datePublished":"2013-09-23T20:20:26+00:00","dateModified":"2020-03-30T09:46:17+00:00","author":{"@id":"https:\/\/concertience.fr\/leblog\/#\/schema\/person\/a01b04493c0cb1de0b2030c8b8d5676f"},"breadcrumb":{"@id":"https:\/\/concertience.fr\/leblog\/la-cnv-au-travail-sur-france-2-telematin\/#breadcrumb"},"inLanguage":"fr-FR","potentialAction":[{"@type":"ReadAction","target":["https:\/\/concertience.fr\/leblog\/la-cnv-au-travail-sur-france-2-telematin\/"]}]},{"@type":"BreadcrumbList","@id":"https:\/\/concertience.fr\/leblog\/la-cnv-au-travail-sur-france-2-telematin\/#breadcrumb","itemListElement":[{"@type":"ListItem","position":1,"name":"Accueil","item":"https:\/\/concertience.fr\/leblog\/"},{"@type":"ListItem","position":2,"name":"Communication NonViolente (CNV)","item":"https:\/\/concertience.fr\/leblog\/communication-nonviolente-cnv\/"},{"@type":"ListItem","position":3,"name":"La CNV au travail sur France 2 T\u00e9l\u00e9matin"}]},{"@type":"WebSite","@id":"https:\/\/concertience.fr\/leblog\/#website","url":"https:\/\/concertience.fr\/leblog\/","name":"Le blog de Fran\u00e7oise Keller","description":"Le blog de Fran\u00e7oise Keller, Concertience","potentialAction":[{"@type":"SearchAction","target":{"@type":"EntryPoint","urlTemplate":"https:\/\/concertience.fr\/leblog\/?s={search_term_string}"},"query-input":{"@type":"PropertyValueSpecification","valueRequired":true,"valueName":"search_term_string"}}],"inLanguage":"fr-FR"},{"@type":"Person","@id":"https:\/\/concertience.fr\/leblog\/#\/schema\/person\/a01b04493c0cb1de0b2030c8b8d5676f","name":"Pierrick"}]}},"_links":{"self":[{"href":"https:\/\/concertience.fr\/leblog\/wp-json\/wp\/v2\/posts\/101","targetHints":{"allow":["GET"]}}],"collection":[{"href":"https:\/\/concertience.fr\/leblog\/wp-json\/wp\/v2\/posts"}],"about":[{"href":"https:\/\/concertience.fr\/leblog\/wp-json\/wp\/v2\/types\/post"}],"author":[{"embeddable":true,"href":"https:\/\/concertience.fr\/leblog\/wp-json\/wp\/v2\/users\/1"}],"replies":[{"embeddable":true,"href":"https:\/\/concertience.fr\/leblog\/wp-json\/wp\/v2\/comments?post=101"}],"version-history":[{"count":1,"href":"https:\/\/concertience.fr\/leblog\/wp-json\/wp\/v2\/posts\/101\/revisions"}],"predecessor-version":[{"id":662,"href":"https:\/\/concertience.fr\/leblog\/wp-json\/wp\/v2\/posts\/101\/revisions\/662"}],"wp:attachment":[{"href":"https:\/\/concertience.fr\/leblog\/wp-json\/wp\/v2\/media?parent=101"}],"wp:term":[{"taxonomy":"category","embeddable":true,"href":"https:\/\/concertience.fr\/leblog\/wp-json\/wp\/v2\/categories?post=101"},{"taxonomy":"post_tag","embeddable":true,"href":"https:\/\/concertience.fr\/leblog\/wp-json\/wp\/v2\/tags?post=101"}],"curies":[{"name":"wp","href":"https:\/\/api.w.org\/{rel}","templated":true}]}}